{"id":8875,"date":"2026-08-31T13:31:16","date_gmt":"2026-08-31T11:31:16","guid":{"rendered":"https:\/\/dijasporars.com\/?p=8875"},"modified":"2026-08-31T13:31:54","modified_gmt":"2026-08-31T11:31:54","slug":"kocicev-zbor-decenijama-cuva-uspomenu-na-lik-i-djelo-petra-kocica","status":"publish","type":"post","link":"https:\/\/dijasporars.com\/en\/kocicev-zbor-decenijama-cuva-uspomenu-na-lik-i-djelo-petra-kocica\/","title":{"rendered":"Ko\u010di\u0107\u2019s Gathering Preserving Memory of Petar Ko\u010di\u0107\u2019s Character and Work for Decades"},"content":{"rendered":"<p>The central part of the 61st Ko\u010di\u0107\u2019s Gathering was held at the venue in Stri\u010di\u0107i. In the Church of the Assumption of the Blessed Virgin Mary in Stri\u010di\u0107i, a memorial service was held for Petar Ko\u010di\u0107 and his father Gerasim, in addition to a memorial service for homeland heroes at the monument to the fallen soldiers. Ko\u010di\u0107\u2019s Gathering was officially opened in Banja Luka on 27 August, and during the four-day event, numerous literary, cultural, artistic and traditional events were organized at several locations in Banja Luka, Stri\u010di\u0107i, Gomionica, Jeli\u0107ka and Belgrade.<\/p>\n<p>The Minister of Education and Culture of the Republic of Srpska, Borivoje Golubovi\u0107, said in Stri\u010di\u0107i that Ko\u010di\u0107\u2019s Gathering was an event that had been preserving the memory of Petar Ko\u010di\u0107\u2019s character and work for decades and reminded us of the values he had stood for \u2013 freedom, justice, human dignity and the power of the written word. \u2013 The homeland is a field where sowing and reaping are constant. We reap what our ancestors sowed, and we sow so that our descendants have something to reap. These words of Ko\u010di\u0107 were spoken more than a century ago, and today, in his native Zmijanje, they strongly resonate in all of us \u2013 said Golubovi\u0107 at the central event dedicated to the memory of Petar Ko\u010di\u0107. He noted it was a permanent obligation of all generations to preserve what their ancestors had left behind, but also to create values to be left to future generations.<\/p>\n<p>Golubovi\u0107 recalled that Ko\u010di\u0107 had planted deeply Zmijanje and Manja\u010da in Serbian literature through his work. \u2013 At the same time, Ko\u010di\u0107\u2019s work is not only part of our literary heritage. It is part of our cultural and spiritual identity \u2013 Golubovi\u0107 stated.<\/p>\n<p>This year\u2019s laureate of the Ko\u010di\u0107 Award is Predrag Bjelo\u0161evi\u0107 from Banja Luka, while the Zmijanj\u010de award went to Ivona Arsi\u0107 from \u0160trpci near Rudo, a fifth-grade student at the Bo\u0161ko Buha Elementary School.<\/p>\n<p>The President of the National Assembly of the Republic of Srpska, Nenad Stevandi\u0107, said that the current generation of Serbs lived in the freedom that the great Petar Ko\u010di\u0107 had written about and that, having learned from history, they would never bow down. The Minister of Justice of the Republic of Srpska, Goran Selaka, said it was important to nurture and support such events, because they were not only cultural events, but also a way of preserving historical and cultural heritage. \u2013 It is especially important that people gather here not only from the Republic of Srpska, but also from our homeland Serbia, as well as from all parts of the world where Serbs live. We thus come together, preserve unity and recall the values that our great writers and cultural creators have left through their work \u2013 said Selak.<\/p>\n<p>Source and photo: RTRS<\/p>","protected":false},"excerpt":{"rendered":"<p>The central part of the 61st Ko\u010di\u0107\u2019s Gathering was held at the venue in Stri\u010di\u0107i. In the Church of the Assumption of the Blessed Virgin Mary in Stri\u010di\u0107i, a memorial service was held for Petar Ko\u010di\u0107 and his father Gerasim, in addition to a memorial service for homeland heroes at the monument to the fallen soldiers. Ko\u010di\u0107\u2019s Gathering was officially opened in Banja Luka on 27 August, and during the four-day event, numerous literary,<\/p>","protected":false},"author":1,"featured_media":8877,"comment_status":"closed","ping_status":"closed","sticky":false,"template":"","format":"standard","meta":{"footnotes":""},"categories":[52,77],"tags":[],"class_list":["post-8875","post","type-post","status-publish","format-standard","has-post-thumbnail","hentry","category-vijesti","category-vijesti-republika-srpska"],"yoast_head":"<!-- This site is optimized with the Yoast SEO plugin v28.3 - https:\/\/yoast.com\/product\/yoast-seo-wordpress\/ -->\n<title>\u201e\u041a\u043e\u0447\u0438\u045b\u0435\u0432 \u0437\u0431\u043e\u0440\u201c \u0434\u0435\u0446\u0435\u043d\u0438\u0458\u0430\u043c\u0430 \u0447\u0443\u0432\u0430 \u0443\u0441\u043f\u043e\u043c\u0435\u043d\u0443 \u043d\u0430 \u043b\u0438\u043a \u0438 \u0434\u0458\u0435\u043b\u043e \u041f\u0435\u0442\u0440\u0430 \u041a\u043e\u0447\u0438\u045b\u0430 - \u0420\u0435\u043f\u0443\u0431\u043b\u0438\u043a\u0430 \u0421\u0440\u043f\u0441\u043a\u0430 \u0438 \u0434\u0438\u0458\u0430\u0441\u043f\u043e\u0440\u0430<\/title>\n<meta name=\"description\" content=\"Stranica za dijasporu RS, ovdje mo\u017eete prona\u0107i sve informacije, pomo\u0107 i savjete na jednom mjestu.\" \/>\n<meta name=\"robots\" content=\"index, follow, max-snippet:-1, max-image-preview:large, max-video-preview:-1\" \/>\n<link rel=\"canonical\" href=\"https:\/\/dijasporars.com\/en\/kocicev-zbor-decenijama-cuva-uspomenu-na-lik-i-djelo-petra-kocica\/\" \/>\n<meta property=\"og:locale\" content=\"en_US\" \/>\n<meta property=\"og:type\" content=\"article\" \/>\n<meta property=\"og:title\" content=\"\u201e\u041a\u043e\u0447\u0438\u045b\u0435\u0432 \u0437\u0431\u043e\u0440\u201c \u0434\u0435\u0446\u0435\u043d\u0438\u0458\u0430\u043c\u0430 \u0447\u0443\u0432\u0430 \u0443\u0441\u043f\u043e\u043c\u0435\u043d\u0443 \u043d\u0430 \u043b\u0438\u043a \u0438 \u0434\u0458\u0435\u043b\u043e \u041f\u0435\u0442\u0440\u0430 \u041a\u043e\u0447\u0438\u045b\u0430 - \u0420\u0435\u043f\u0443\u0431\u043b\u0438\u043a\u0430 \u0421\u0440\u043f\u0441\u043a\u0430 \u0438 \u0434\u0438\u0458\u0430\u0441\u043f\u043e\u0440\u0430\" \/>\n<meta property=\"og:description\" content=\"Stranica za dijasporu RS, ovdje mo\u017eete prona\u0107i sve informacije, pomo\u0107 i savjete na jednom mjestu.\" \/>\n<meta property=\"og:url\" content=\"https:\/\/dijasporars.com\/en\/kocicev-zbor-decenijama-cuva-uspomenu-na-lik-i-djelo-petra-kocica\/\" \/>\n<meta property=\"og:site_name\" content=\"\u0420\u0435\u043f\u0443\u0431\u043b\u0438\u043a\u0430 \u0421\u0440\u043f\u0441\u043a\u0430 \u0438 \u0434\u0438\u0458\u0430\u0441\u043f\u043e\u0440\u0430\" \/>\n<meta property=\"article:published_time\" content=\"2026-08-31T11:31:16+00:00\" \/>\n<meta property=\"article:modified_time\" content=\"2026-08-31T11:31:54+00:00\" \/>\n<meta property=\"og:image\" content=\"https:\/\/dijasporars.com\/wp-content\/uploads\/2026\/08\/\u0424\u043e\u0442\u043e-\u0420\u0422\u0420\u0421-2.jpg\" \/>\n\t<meta property=\"og:image:width\" content=\"658\" \/>\n\t<meta property=\"og:image:height\" content=\"493\" \/>\n\t<meta property=\"og:image:type\" content=\"image\/jpeg\" \/>\n<meta name=\"author\" content=\"dijasporars\" \/>\n<meta name=\"twitter:card\" content=\"summary_large_image\" \/>\n<meta name=\"twitter:label1\" content=\"Written by\" \/>\n\t<meta name=\"twitter:data1\" content=\"dijasporars\" \/>\n<script type=\"application\/ld+json\" class=\"yoast-schema-graph\">{\"@context\":\"https:\\\/\\\/schema.org\",\"@graph\":[{\"@type\":\"Article\",\"@id\":\"https:\\\/\\\/dijasporars.com\\\/kocicev-zbor-decenijama-cuva-uspomenu-na-lik-i-djelo-petra-kocica\\\/#article\",\"isPartOf\":{\"@id\":\"https:\\\/\\\/dijasporars.com\\\/kocicev-zbor-decenijama-cuva-uspomenu-na-lik-i-djelo-petra-kocica\\\/\"},\"author\":{\"name\":\"dijasporars\",\"@id\":\"https:\\\/\\\/dijasporars.com\\\/#\\\/schema\\\/person\\\/1dec0e3a93fda1a15e8ec16f596c615f\"},\"headline\":\"\u201e\u041a\u043e\u0447\u0438\u045b\u0435\u0432 \u0437\u0431\u043e\u0440\u201c \u0434\u0435\u0446\u0435\u043d\u0438\u0458\u0430\u043c\u0430 \u0447\u0443\u0432\u0430 \u0443\u0441\u043f\u043e\u043c\u0435\u043d\u0443 \u043d\u0430 \u043b\u0438\u043a \u0438 \u0434\u0458\u0435\u043b\u043e \u041f\u0435\u0442\u0440\u0430 \u041a\u043e\u0447\u0438\u045b\u0430\",\"datePublished\":\"2026-08-31T11:31:16+00:00\",\"dateModified\":\"2026-08-31T11:31:54+00:00\",\"mainEntityOfPage\":{\"@id\":\"https:\\\/\\\/dijasporars.com\\\/kocicev-zbor-decenijama-cuva-uspomenu-na-lik-i-djelo-petra-kocica\\\/\"},\"wordCount\":397,\"image\":{\"@id\":\"https:\\\/\\\/dijasporars.com\\\/kocicev-zbor-decenijama-cuva-uspomenu-na-lik-i-djelo-petra-kocica\\\/#primaryimage\"},\"thumbnailUrl\":\"https:\\\/\\\/dijasporars.com\\\/wp-content\\\/uploads\\\/2026\\\/08\\\/\u0424\u043e\u0442\u043e-\u0420\u0422\u0420\u0421-2.jpg\",\"articleSection\":[\"\u0412\u0438\u0458\u0435\u0441\u0442\u0438\",\"\u0412\u0438\u0458\u0435\u0441\u0442\u0438 \u0438\u0437 \u0420\u0435\u043f\u0443\u0431\u043b\u0438\u043a\u0435 \u0421\u0440\u043f\u0441\u043a\u0435\"],\"inLanguage\":\"en-US\"},{\"@type\":\"WebPage\",\"@id\":\"https:\\\/\\\/dijasporars.com\\\/kocicev-zbor-decenijama-cuva-uspomenu-na-lik-i-djelo-petra-kocica\\\/\",\"url\":\"https:\\\/\\\/dijasporars.com\\\/kocicev-zbor-decenijama-cuva-uspomenu-na-lik-i-djelo-petra-kocica\\\/\",\"name\":\"\u201e\u041a\u043e\u0447\u0438\u045b\u0435\u0432 \u0437\u0431\u043e\u0440\u201c \u0434\u0435\u0446\u0435\u043d\u0438\u0458\u0430\u043c\u0430 \u0447\u0443\u0432\u0430 \u0443\u0441\u043f\u043e\u043c\u0435\u043d\u0443 \u043d\u0430 \u043b\u0438\u043a \u0438 \u0434\u0458\u0435\u043b\u043e \u041f\u0435\u0442\u0440\u0430 \u041a\u043e\u0447\u0438\u045b\u0430 - \u0420\u0435\u043f\u0443\u0431\u043b\u0438\u043a\u0430 \u0421\u0440\u043f\u0441\u043a\u0430 \u0438 \u0434\u0438\u0458\u0430\u0441\u043f\u043e\u0440\u0430\",\"isPartOf\":{\"@id\":\"https:\\\/\\\/dijasporars.com\\\/#website\"},\"primaryImageOfPage\":{\"@id\":\"https:\\\/\\\/dijasporars.com\\\/kocicev-zbor-decenijama-cuva-uspomenu-na-lik-i-djelo-petra-kocica\\\/#primaryimage\"},\"image\":{\"@id\":\"https:\\\/\\\/dijasporars.com\\\/kocicev-zbor-decenijama-cuva-uspomenu-na-lik-i-djelo-petra-kocica\\\/#primaryimage\"},\"thumbnailUrl\":\"https:\\\/\\\/dijasporars.com\\\/wp-content\\\/uploads\\\/2026\\\/08\\\/\u0424\u043e\u0442\u043e-\u0420\u0422\u0420\u0421-2.jpg\",\"datePublished\":\"2026-08-31T11:31:16+00:00\",\"dateModified\":\"2026-08-31T11:31:54+00:00\",\"author\":{\"@id\":\"https:\\\/\\\/dijasporars.com\\\/#\\\/schema\\\/person\\\/1dec0e3a93fda1a15e8ec16f596c615f\"},\"description\":\"Stranica za dijasporu RS, ovdje mo\u017eete prona\u0107i sve informacije, pomo\u0107 i savjete na jednom mjestu.\",\"breadcrumb\":{\"@id\":\"https:\\\/\\\/dijasporars.com\\\/kocicev-zbor-decenijama-cuva-uspomenu-na-lik-i-djelo-petra-kocica\\\/#breadcrumb\"},\"inLanguage\":\"en-US\",\"potentialAction\":[{\"@type\":\"ReadAction\",\"target\":[\"https:\\\/\\\/dijasporars.com\\\/kocicev-zbor-decenijama-cuva-uspomenu-na-lik-i-djelo-petra-kocica\\\/\"]}]},{\"@type\":\"ImageObject\",\"inLanguage\":\"en-US\",\"@id\":\"https:\\\/\\\/dijasporars.com\\\/kocicev-zbor-decenijama-cuva-uspomenu-na-lik-i-djelo-petra-kocica\\\/#primaryimage\",\"url\":\"https:\\\/\\\/dijasporars.com\\\/wp-content\\\/uploads\\\/2026\\\/08\\\/\u0424\u043e\u0442\u043e-\u0420\u0422\u0420\u0421-2.jpg\",\"contentUrl\":\"https:\\\/\\\/dijasporars.com\\\/wp-content\\\/uploads\\\/2026\\\/08\\\/\u0424\u043e\u0442\u043e-\u0420\u0422\u0420\u0421-2.jpg\",\"width\":658,\"height\":493},{\"@type\":\"BreadcrumbList\",\"@id\":\"https:\\\/\\\/dijasporars.com\\\/kocicev-zbor-decenijama-cuva-uspomenu-na-lik-i-djelo-petra-kocica\\\/#breadcrumb\",\"itemListElement\":[{\"@type\":\"ListItem\",\"position\":1,\"name\":\"\u041f\u043e\u0447\u0435\u0442\u043d\u0430\",\"item\":\"https:\\\/\\\/dijasporars.com\\\/\"},{\"@type\":\"ListItem\",\"position\":2,\"name\":\"\u201e\u041a\u043e\u0447\u0438\u045b\u0435\u0432 \u0437\u0431\u043e\u0440\u201c \u0434\u0435\u0446\u0435\u043d\u0438\u0458\u0430\u043c\u0430 \u0447\u0443\u0432\u0430 \u0443\u0441\u043f\u043e\u043c\u0435\u043d\u0443 \u043d\u0430 \u043b\u0438\u043a \u0438 \u0434\u0458\u0435\u043b\u043e \u041f\u0435\u0442\u0440\u0430 \u041a\u043e\u0447\u0438\u045b\u0430\"}]},{\"@type\":\"WebSite\",\"@id\":\"https:\\\/\\\/dijasporars.com\\\/#website\",\"url\":\"https:\\\/\\\/dijasporars.com\\\/\",\"name\":\"\u0420\u0435\u043f\u0443\u0431\u043b\u0438\u043a\u0430 \u0421\u0440\u043f\u0441\u043a\u0430 \u0438 \u0434\u0438\u0458\u0430\u0441\u043f\u043e\u0440\u0430\",\"description\":\"\",\"potentialAction\":[{\"@type\":\"SearchAction\",\"target\":{\"@type\":\"EntryPoint\",\"urlTemplate\":\"https:\\\/\\\/dijasporars.com\\\/?s={search_term_string}\"},\"query-input\":{\"@type\":\"PropertyValueSpecification\",\"valueRequired\":true,\"valueName\":\"search_term_string\"}}],\"inLanguage\":\"en-US\"},{\"@type\":\"Person\",\"@id\":\"https:\\\/\\\/dijasporars.com\\\/#\\\/schema\\\/person\\\/1dec0e3a93fda1a15e8ec16f596c615f\",\"name\":\"dijasporars\",\"image\":{\"@type\":\"ImageObject\",\"inLanguage\":\"en-US\",\"@id\":\"https:\\\/\\\/secure.gravatar.com\\\/avatar\\\/759212a69df0744fb2be03efd361239831e31095061dacc7496bdf8524e0daf7?s=96&d=mm&r=g\",\"url\":\"https:\\\/\\\/secure.gravatar.com\\\/avatar\\\/759212a69df0744fb2be03efd361239831e31095061dacc7496bdf8524e0daf7?s=96&d=mm&r=g\",\"contentUrl\":\"https:\\\/\\\/secure.gravatar.com\\\/avatar\\\/759212a69df0744fb2be03efd361239831e31095061dacc7496bdf8524e0daf7?s=96&d=mm&r=g\",\"caption\":\"dijasporars\"},\"url\":\"https:\\\/\\\/dijasporars.com\\\/en\\\/author\\\/dijasporars\\\/\"}]}<\/script>\n<!-- \/ Yoast SEO plugin. -->","yoast_head_json":{"title":"\u201e\u041a\u043e\u0447\u0438\u045b\u0435\u0432 \u0437\u0431\u043e\u0440\u201c \u0434\u0435\u0446\u0435\u043d\u0438\u0458\u0430\u043c\u0430 \u0447\u0443\u0432\u0430 \u0443\u0441\u043f\u043e\u043c\u0435\u043d\u0443 \u043d\u0430 \u043b\u0438\u043a \u0438 \u0434\u0458\u0435\u043b\u043e \u041f\u0435\u0442\u0440\u0430 \u041a\u043e\u0447\u0438\u045b\u0430 - \u0420\u0435\u043f\u0443\u0431\u043b\u0438\u043a\u0430 \u0421\u0440\u043f\u0441\u043a\u0430 \u0438 \u0434\u0438\u0458\u0430\u0441\u043f\u043e\u0440\u0430","description":"Stranica za dijasporu RS, ovdje mo\u017eete prona\u0107i sve informacije, pomo\u0107 i savjete na jednom mjestu.","robots":{"index":"index","follow":"follow","max-snippet":"max-snippet:-1","max-image-preview":"max-image-preview:large","max-video-preview":"max-video-preview:-1"},"canonical":"https:\/\/dijasporars.com\/en\/kocicev-zbor-decenijama-cuva-uspomenu-na-lik-i-djelo-petra-kocica\/","og_locale":"en_US","og_type":"article","og_title":"\u201e\u041a\u043e\u0447\u0438\u045b\u0435\u0432 \u0437\u0431\u043e\u0440\u201c \u0434\u0435\u0446\u0435\u043d\u0438\u0458\u0430\u043c\u0430 \u0447\u0443\u0432\u0430 \u0443\u0441\u043f\u043e\u043c\u0435\u043d\u0443 \u043d\u0430 \u043b\u0438\u043a \u0438 \u0434\u0458\u0435\u043b\u043e \u041f\u0435\u0442\u0440\u0430 \u041a\u043e\u0447\u0438\u045b\u0430 - \u0420\u0435\u043f\u0443\u0431\u043b\u0438\u043a\u0430 \u0421\u0440\u043f\u0441\u043a\u0430 \u0438 \u0434\u0438\u0458\u0430\u0441\u043f\u043e\u0440\u0430","og_description":"Stranica za dijasporu RS, ovdje mo\u017eete prona\u0107i sve informacije, pomo\u0107 i savjete na jednom mjestu.","og_url":"https:\/\/dijasporars.com\/en\/kocicev-zbor-decenijama-cuva-uspomenu-na-lik-i-djelo-petra-kocica\/","og_site_name":"\u0420\u0435\u043f\u0443\u0431\u043b\u0438\u043a\u0430 \u0421\u0440\u043f\u0441\u043a\u0430 \u0438 \u0434\u0438\u0458\u0430\u0441\u043f\u043e\u0440\u0430","article_published_time":"2026-08-31T11:31:16+00:00","article_modified_time":"2026-08-31T11:31:54+00:00","og_image":[{"width":658,"height":493,"url":"https:\/\/dijasporars.com\/wp-content\/uploads\/2026\/08\/\u0424\u043e\u0442\u043e-\u0420\u0422\u0420\u0421-2.jpg","type":"image\/jpeg"}],"author":"dijasporars","twitter_card":"summary_large_image","twitter_misc":{"Written by":"dijasporars"},"schema":{"@context":"https:\/\/schema.org","@graph":[{"@type":"Article","@id":"https:\/\/dijasporars.com\/kocicev-zbor-decenijama-cuva-uspomenu-na-lik-i-djelo-petra-kocica\/#article","isPartOf":{"@id":"https:\/\/dijasporars.com\/kocicev-zbor-decenijama-cuva-uspomenu-na-lik-i-djelo-petra-kocica\/"},"author":{"name":"dijasporars","@id":"https:\/\/dijasporars.com\/#\/schema\/person\/1dec0e3a93fda1a15e8ec16f596c615f"},"headline":"\u201e\u041a\u043e\u0447\u0438\u045b\u0435\u0432 \u0437\u0431\u043e\u0440\u201c \u0434\u0435\u0446\u0435\u043d\u0438\u0458\u0430\u043c\u0430 \u0447\u0443\u0432\u0430 \u0443\u0441\u043f\u043e\u043c\u0435\u043d\u0443 \u043d\u0430 \u043b\u0438\u043a \u0438 \u0434\u0458\u0435\u043b\u043e \u041f\u0435\u0442\u0440\u0430 \u041a\u043e\u0447\u0438\u045b\u0430","datePublished":"2026-08-31T11:31:16+00:00","dateModified":"2026-08-31T11:31:54+00:00","mainEntityOfPage":{"@id":"https:\/\/dijasporars.com\/kocicev-zbor-decenijama-cuva-uspomenu-na-lik-i-djelo-petra-kocica\/"},"wordCount":397,"image":{"@id":"https:\/\/dijasporars.com\/kocicev-zbor-decenijama-cuva-uspomenu-na-lik-i-djelo-petra-kocica\/#primaryimage"},"thumbnailUrl":"https:\/\/dijasporars.com\/wp-content\/uploads\/2026\/08\/\u0424\u043e\u0442\u043e-\u0420\u0422\u0420\u0421-2.jpg","articleSection":["\u0412\u0438\u0458\u0435\u0441\u0442\u0438","\u0412\u0438\u0458\u0435\u0441\u0442\u0438 \u0438\u0437 \u0420\u0435\u043f\u0443\u0431\u043b\u0438\u043a\u0435 \u0421\u0440\u043f\u0441\u043a\u0435"],"inLanguage":"en-US"},{"@type":"WebPage","@id":"https:\/\/dijasporars.com\/kocicev-zbor-decenijama-cuva-uspomenu-na-lik-i-djelo-petra-kocica\/","url":"https:\/\/dijasporars.com\/kocicev-zbor-decenijama-cuva-uspomenu-na-lik-i-djelo-petra-kocica\/","name":"\u201e\u041a\u043e\u0447\u0438\u045b\u0435\u0432 \u0437\u0431\u043e\u0440\u201c \u0434\u0435\u0446\u0435\u043d\u0438\u0458\u0430\u043c\u0430 \u0447\u0443\u0432\u0430 \u0443\u0441\u043f\u043e\u043c\u0435\u043d\u0443 \u043d\u0430 \u043b\u0438\u043a \u0438 \u0434\u0458\u0435\u043b\u043e \u041f\u0435\u0442\u0440\u0430 \u041a\u043e\u0447\u0438\u045b\u0430 - \u0420\u0435\u043f\u0443\u0431\u043b\u0438\u043a\u0430 \u0421\u0440\u043f\u0441\u043a\u0430 \u0438 \u0434\u0438\u0458\u0430\u0441\u043f\u043e\u0440\u0430","isPartOf":{"@id":"https:\/\/dijasporars.com\/#website"},"primaryImageOfPage":{"@id":"https:\/\/dijasporars.com\/kocicev-zbor-decenijama-cuva-uspomenu-na-lik-i-djelo-petra-kocica\/#primaryimage"},"image":{"@id":"https:\/\/dijasporars.com\/kocicev-zbor-decenijama-cuva-uspomenu-na-lik-i-djelo-petra-kocica\/#primaryimage"},"thumbnailUrl":"https:\/\/dijasporars.com\/wp-content\/uploads\/2026\/08\/\u0424\u043e\u0442\u043e-\u0420\u0422\u0420\u0421-2.jpg","datePublished":"2026-08-31T11:31:16+00:00","dateModified":"2026-08-31T11:31:54+00:00","author":{"@id":"https:\/\/dijasporars.com\/#\/schema\/person\/1dec0e3a93fda1a15e8ec16f596c615f"},"description":"Stranica za dijasporu RS, ovdje mo\u017eete prona\u0107i sve informacije, pomo\u0107 i savjete na jednom mjestu.","breadcrumb":{"@id":"https:\/\/dijasporars.com\/kocicev-zbor-decenijama-cuva-uspomenu-na-lik-i-djelo-petra-kocica\/#breadcrumb"},"inLanguage":"en-US","potentialAction":[{"@type":"ReadAction","target":["https:\/\/dijasporars.com\/kocicev-zbor-decenijama-cuva-uspomenu-na-lik-i-djelo-petra-kocica\/"]}]},{"@type":"ImageObject","inLanguage":"en-US","@id":"https:\/\/dijasporars.com\/kocicev-zbor-decenijama-cuva-uspomenu-na-lik-i-djelo-petra-kocica\/#primaryimage","url":"https:\/\/dijasporars.com\/wp-content\/uploads\/2026\/08\/\u0424\u043e\u0442\u043e-\u0420\u0422\u0420\u0421-2.jpg","contentUrl":"https:\/\/dijasporars.com\/wp-content\/uploads\/2026\/08\/\u0424\u043e\u0442\u043e-\u0420\u0422\u0420\u0421-2.jpg","width":658,"height":493},{"@type":"BreadcrumbList","@id":"https:\/\/dijasporars.com\/kocicev-zbor-decenijama-cuva-uspomenu-na-lik-i-djelo-petra-kocica\/#breadcrumb","itemListElement":[{"@type":"ListItem","position":1,"name":"\u041f\u043e\u0447\u0435\u0442\u043d\u0430","item":"https:\/\/dijasporars.com\/"},{"@type":"ListItem","position":2,"name":"\u201e\u041a\u043e\u0447\u0438\u045b\u0435\u0432 \u0437\u0431\u043e\u0440\u201c \u0434\u0435\u0446\u0435\u043d\u0438\u0458\u0430\u043c\u0430 \u0447\u0443\u0432\u0430 \u0443\u0441\u043f\u043e\u043c\u0435\u043d\u0443 \u043d\u0430 \u043b\u0438\u043a \u0438 \u0434\u0458\u0435\u043b\u043e \u041f\u0435\u0442\u0440\u0430 \u041a\u043e\u0447\u0438\u045b\u0430"}]},{"@type":"WebSite","@id":"https:\/\/dijasporars.com\/#website","url":"https:\/\/dijasporars.com\/","name":"\u0420\u0435\u043f\u0443\u0431\u043b\u0438\u043a\u0430 \u0421\u0440\u043f\u0441\u043a\u0430 \u0438 \u0434\u0438\u0458\u0430\u0441\u043f\u043e\u0440\u0430","description":"","potentialAction":[{"@type":"SearchAction","target":{"@type":"EntryPoint","urlTemplate":"https:\/\/dijasporars.com\/?s={search_term_string}"},"query-input":{"@type":"PropertyValueSpecification","valueRequired":true,"valueName":"search_term_string"}}],"inLanguage":"en-US"},{"@type":"Person","@id":"https:\/\/dijasporars.com\/#\/schema\/person\/1dec0e3a93fda1a15e8ec16f596c615f","name":"dijasporars","image":{"@type":"ImageObject","inLanguage":"en-US","@id":"https:\/\/secure.gravatar.com\/avatar\/759212a69df0744fb2be03efd361239831e31095061dacc7496bdf8524e0daf7?s=96&d=mm&r=g","url":"https:\/\/secure.gravatar.com\/avatar\/759212a69df0744fb2be03efd361239831e31095061dacc7496bdf8524e0daf7?s=96&d=mm&r=g","contentUrl":"https:\/\/secure.gravatar.com\/avatar\/759212a69df0744fb2be03efd361239831e31095061dacc7496bdf8524e0daf7?s=96&d=mm&r=g","caption":"dijasporars"},"url":"https:\/\/dijasporars.com\/en\/author\/dijasporars\/"}]}},"_links":{"self":[{"href":"https:\/\/dijasporars.com\/en\/wp-json\/wp\/v2\/posts\/8875","targetHints":{"allow":["GET"]}}],"collection":[{"href":"https:\/\/dijasporars.com\/en\/wp-json\/wp\/v2\/posts"}],"about":[{"href":"https:\/\/dijasporars.com\/en\/wp-json\/wp\/v2\/types\/post"}],"author":[{"embeddable":true,"href":"https:\/\/dijasporars.com\/en\/wp-json\/wp\/v2\/users\/1"}],"replies":[{"embeddable":true,"href":"https:\/\/dijasporars.com\/en\/wp-json\/wp\/v2\/comments?post=8875"}],"version-history":[{"count":1,"href":"https:\/\/dijasporars.com\/en\/wp-json\/wp\/v2\/posts\/8875\/revisions"}],"predecessor-version":[{"id":8878,"href":"https:\/\/dijasporars.com\/en\/wp-json\/wp\/v2\/posts\/8875\/revisions\/8878"}],"wp:featuredmedia":[{"embeddable":true,"href":"https:\/\/dijasporars.com\/en\/wp-json\/wp\/v2\/media\/8877"}],"wp:attachment":[{"href":"https:\/\/dijasporars.com\/en\/wp-json\/wp\/v2\/media?parent=8875"}],"wp:term":[{"taxonomy":"category","embeddable":true,"href":"https:\/\/dijasporars.com\/en\/wp-json\/wp\/v2\/categories?post=8875"},{"taxonomy":"post_tag","embeddable":true,"href":"https:\/\/dijasporars.com\/en\/wp-json\/wp\/v2\/tags?post=8875"}],"curies":[{"name":"wp","href":"https:\/\/api.w.org\/{rel}","templated":true}]}}