{"id":8824,"date":"2026-08-17T11:26:16","date_gmt":"2026-08-17T09:26:16","guid":{"rendered":"https:\/\/dijasporars.com\/?p=8824"},"modified":"2026-08-18T13:37:03","modified_gmt":"2026-08-18T11:37:03","slug":"u-uzicu-otvoren-18-medjunarodni-djecji-festival-folklora-licidersko-srce","status":"publish","type":"post","link":"https:\/\/dijasporars.com\/en\/u-uzicu-otvoren-18-medjunarodni-djecji-festival-folklora-licidersko-srce\/","title":{"rendered":"U\u017eice Opens 18th Licider Heart International Children\u2019s Folklore Festival"},"content":{"rendered":"<p>The 18th International Children\u2019s Folklore Festival Licider Heart has been officially opened in U\u017eice, where around 1,200 children from 14 countries will participate until 19 August including participants from the Republic of Srpska.<\/p>\n<p>The festival is being held under the slogan Coming of Age of the Heart, in U\u017eice, Zlatibor and Vi\u0161egrad. The first day\u2019s program began at 10:00 with a ceremonial reception of ensemble representatives at the City Hall. At 19:30, a ceremonial parade of participants was held, and at 20:30, the festival was officially opened at Trg Partizana with a concert featuring performances by cultural and artistic societies.<\/p>\n<p>At the reception, the Deputy Mayor of U\u017eice, Radojko Radosavljevi\u0107, welcomed the young folklorists and said that the festival had been connecting young people from Serbia and the world for 18 years. \u2018May the Licider Heart once again be a place where new friendships are created and the most beautiful message sent \u2013 that differences do not separate us, but connect us,\u2019 said Radosavljevi\u0107. The President of the Organizing Committee, Ivana Cvetkovi\u0107, stated at the reception that the hosts were looking forward to getting to know the cultures of other peoples and presenting their cultural heritage.<\/p>\n<p>The Republic of Srpska is represented by the cultural and artistic societies Soko HED from Vi\u0161egrad, Most from Bratunac and Alat from Trebinje. Artistic director of the Soko HED CAS Danijela \u0160u\u0107ur thanked the organizers for making Vi\u0161egrad one of the festival locations, noting that the diversity of groups, costumes and dances made the program attractive to the audience.<\/p>\n<p>The organizer is the Era Citizens\u2019 Association from U\u017eice, and the co-organizers are U\u017eice City Administration, Republic of Srpska Representation in Serbia and \u010cajetina Municipal Administration. The program in Vi\u0161egrad will be held on 17 August: reception for ensemble representatives at 17:30, parade at 18:30 and festival concert at the stadium near Andri\u0107grad at 19:00.<\/p>\n<p>Source and photo: Republic of Srpska Representative Office in Serbia<\/p>","protected":false},"excerpt":{"rendered":"<p>The 18th International Children\u2019s Folklore Festival Licider Heart has been officially opened in U\u017eice, where around 1,200 children from 14 countries will participate until 19 August including participants from the Republic of Srpska.\nThe festival is being held under the slogan Coming of Age of the Heart, in U\u017eice, Zlatibor and Vi\u0161egrad. The first day\u2019s program began at 10:00 with a ceremonial<\/p>","protected":false},"author":1,"featured_media":8825,"comment_status":"closed","ping_status":"closed","sticky":false,"template":"","format":"standard","meta":{"footnotes":""},"categories":[52,76,77],"tags":[],"class_list":["post-8824","post","type-post","status-publish","format-standard","has-post-thumbnail","hentry","category-vijesti","category-vijesti-dijaspora","category-vijesti-republika-srpska"],"yoast_head":"<!-- This site is optimized with the Yoast SEO plugin v28.3 - https:\/\/yoast.com\/product\/yoast-seo-wordpress\/ -->\n<title>\u0423 \u0423\u0436\u0438\u0446\u0443 \u043e\u0442\u0432\u043e\u0440\u0435\u043d 18. \u041c\u0435\u0452\u0443\u043d\u0430\u0440\u043e\u0434\u043d\u0438 \u0434\u0458\u0435\u0447\u0458\u0438 \u0444\u0435\u0441\u0442\u0438\u0432\u0430\u043b \u0444\u043e\u043b\u043a\u043b\u043e\u0440\u0430 \u201e\u041b\u0438\u0446\u0438\u0434\u0435\u0440\u0441\u043a\u043e \u0441\u0440\u0446\u0435\u201c - \u0420\u0435\u043f\u0443\u0431\u043b\u0438\u043a\u0430 \u0421\u0440\u043f\u0441\u043a\u0430 \u0438 \u0434\u0438\u0458\u0430\u0441\u043f\u043e\u0440\u0430<\/title>\n<meta name=\"description\" content=\"Stranica za dijasporu RS, ovdje mo\u017eete prona\u0107i sve informacije, pomo\u0107 i savjete na jednom mjestu.\" \/>\n<meta name=\"robots\" content=\"index, follow, max-snippet:-1, max-image-preview:large, max-video-preview:-1\" \/>\n<link rel=\"canonical\" href=\"https:\/\/dijasporars.com\/en\/u-uzicu-otvoren-18-medjunarodni-djecji-festival-folklora-licidersko-srce\/\" \/>\n<meta property=\"og:locale\" content=\"en_US\" \/>\n<meta property=\"og:type\" content=\"article\" \/>\n<meta property=\"og:title\" content=\"\u0423 \u0423\u0436\u0438\u0446\u0443 \u043e\u0442\u0432\u043e\u0440\u0435\u043d 18. \u041c\u0435\u0452\u0443\u043d\u0430\u0440\u043e\u0434\u043d\u0438 \u0434\u0458\u0435\u0447\u0458\u0438 \u0444\u0435\u0441\u0442\u0438\u0432\u0430\u043b \u0444\u043e\u043b\u043a\u043b\u043e\u0440\u0430 \u201e\u041b\u0438\u0446\u0438\u0434\u0435\u0440\u0441\u043a\u043e \u0441\u0440\u0446\u0435\u201c - \u0420\u0435\u043f\u0443\u0431\u043b\u0438\u043a\u0430 \u0421\u0440\u043f\u0441\u043a\u0430 \u0438 \u0434\u0438\u0458\u0430\u0441\u043f\u043e\u0440\u0430\" \/>\n<meta property=\"og:description\" content=\"Stranica za dijasporu RS, ovdje mo\u017eete prona\u0107i sve informacije, pomo\u0107 i savjete na jednom mjestu.\" \/>\n<meta property=\"og:url\" content=\"https:\/\/dijasporars.com\/en\/u-uzicu-otvoren-18-medjunarodni-djecji-festival-folklora-licidersko-srce\/\" \/>\n<meta property=\"og:site_name\" content=\"\u0420\u0435\u043f\u0443\u0431\u043b\u0438\u043a\u0430 \u0421\u0440\u043f\u0441\u043a\u0430 \u0438 \u0434\u0438\u0458\u0430\u0441\u043f\u043e\u0440\u0430\" \/>\n<meta property=\"article:published_time\" content=\"2026-08-17T09:26:16+00:00\" \/>\n<meta property=\"article:modified_time\" content=\"2026-08-18T11:37:03+00:00\" \/>\n<meta property=\"og:image\" content=\"https:\/\/dijasporars.com\/wp-content\/uploads\/2026\/08\/\u0424\u043e\u0442\u043e-\u041f\u0440\u0435\u0434\u0441\u0442\u0430\u0432\u043d\u0438\u0448\u0442\u0432\u043e-\u0420\u0435\u043f\u0443\u0431\u043b\u0438\u043a\u0435-\u0421\u0440\u043f\u0441\u043a\u0435-\u0443-\u0421\u0440\u0431\u0438\u0458\u0438.jpg\" \/>\n\t<meta property=\"og:image:width\" content=\"1440\" \/>\n\t<meta property=\"og:image:height\" content=\"1918\" \/>\n\t<meta property=\"og:image:type\" content=\"image\/jpeg\" \/>\n<meta name=\"author\" content=\"dijasporars\" \/>\n<meta name=\"twitter:card\" content=\"summary_large_image\" \/>\n<meta name=\"twitter:label1\" content=\"Written by\" \/>\n\t<meta name=\"twitter:data1\" content=\"dijasporars\" \/>\n<script type=\"application\/ld+json\" class=\"yoast-schema-graph\">{\"@context\":\"https:\\\/\\\/schema.org\",\"@graph\":[{\"@type\":\"Article\",\"@id\":\"https:\\\/\\\/dijasporars.com\\\/u-uzicu-otvoren-18-medjunarodni-djecji-festival-folklora-licidersko-srce\\\/#article\",\"isPartOf\":{\"@id\":\"https:\\\/\\\/dijasporars.com\\\/u-uzicu-otvoren-18-medjunarodni-djecji-festival-folklora-licidersko-srce\\\/\"},\"author\":{\"name\":\"dijasporars\",\"@id\":\"https:\\\/\\\/dijasporars.com\\\/#\\\/schema\\\/person\\\/1dec0e3a93fda1a15e8ec16f596c615f\"},\"headline\":\"\u0423 \u0423\u0436\u0438\u0446\u0443 \u043e\u0442\u0432\u043e\u0440\u0435\u043d 18. \u041c\u0435\u0452\u0443\u043d\u0430\u0440\u043e\u0434\u043d\u0438 \u0434\u0458\u0435\u0447\u0458\u0438 \u0444\u0435\u0441\u0442\u0438\u0432\u0430\u043b \u0444\u043e\u043b\u043a\u043b\u043e\u0440\u0430 \u201e\u041b\u0438\u0446\u0438\u0434\u0435\u0440\u0441\u043a\u043e \u0441\u0440\u0446\u0435\u201c\",\"datePublished\":\"2026-08-17T09:26:16+00:00\",\"dateModified\":\"2026-08-18T11:37:03+00:00\",\"mainEntityOfPage\":{\"@id\":\"https:\\\/\\\/dijasporars.com\\\/u-uzicu-otvoren-18-medjunarodni-djecji-festival-folklora-licidersko-srce\\\/\"},\"wordCount\":257,\"image\":{\"@id\":\"https:\\\/\\\/dijasporars.com\\\/u-uzicu-otvoren-18-medjunarodni-djecji-festival-folklora-licidersko-srce\\\/#primaryimage\"},\"thumbnailUrl\":\"https:\\\/\\\/dijasporars.com\\\/wp-content\\\/uploads\\\/2026\\\/08\\\/\u0424\u043e\u0442\u043e-\u041f\u0440\u0435\u0434\u0441\u0442\u0430\u0432\u043d\u0438\u0448\u0442\u0432\u043e-\u0420\u0435\u043f\u0443\u0431\u043b\u0438\u043a\u0435-\u0421\u0440\u043f\u0441\u043a\u0435-\u0443-\u0421\u0440\u0431\u0438\u0458\u0438.jpg\",\"articleSection\":[\"\u0412\u0438\u0458\u0435\u0441\u0442\u0438\",\"\u0412\u0438\u0458\u0435\u0441\u0442\u0438 \u0438\u0437 \u0434\u0438\u0458\u0430\u0441\u043f\u043e\u0440\u0435\",\"\u0412\u0438\u0458\u0435\u0441\u0442\u0438 \u0438\u0437 \u0420\u0435\u043f\u0443\u0431\u043b\u0438\u043a\u0435 \u0421\u0440\u043f\u0441\u043a\u0435\"],\"inLanguage\":\"en-US\"},{\"@type\":\"WebPage\",\"@id\":\"https:\\\/\\\/dijasporars.com\\\/u-uzicu-otvoren-18-medjunarodni-djecji-festival-folklora-licidersko-srce\\\/\",\"url\":\"https:\\\/\\\/dijasporars.com\\\/u-uzicu-otvoren-18-medjunarodni-djecji-festival-folklora-licidersko-srce\\\/\",\"name\":\"\u0423 \u0423\u0436\u0438\u0446\u0443 \u043e\u0442\u0432\u043e\u0440\u0435\u043d 18. \u041c\u0435\u0452\u0443\u043d\u0430\u0440\u043e\u0434\u043d\u0438 \u0434\u0458\u0435\u0447\u0458\u0438 \u0444\u0435\u0441\u0442\u0438\u0432\u0430\u043b \u0444\u043e\u043b\u043a\u043b\u043e\u0440\u0430 \u201e\u041b\u0438\u0446\u0438\u0434\u0435\u0440\u0441\u043a\u043e \u0441\u0440\u0446\u0435\u201c - \u0420\u0435\u043f\u0443\u0431\u043b\u0438\u043a\u0430 \u0421\u0440\u043f\u0441\u043a\u0430 \u0438 \u0434\u0438\u0458\u0430\u0441\u043f\u043e\u0440\u0430\",\"isPartOf\":{\"@id\":\"https:\\\/\\\/dijasporars.com\\\/#website\"},\"primaryImageOfPage\":{\"@id\":\"https:\\\/\\\/dijasporars.com\\\/u-uzicu-otvoren-18-medjunarodni-djecji-festival-folklora-licidersko-srce\\\/#primaryimage\"},\"image\":{\"@id\":\"https:\\\/\\\/dijasporars.com\\\/u-uzicu-otvoren-18-medjunarodni-djecji-festival-folklora-licidersko-srce\\\/#primaryimage\"},\"thumbnailUrl\":\"https:\\\/\\\/dijasporars.com\\\/wp-content\\\/uploads\\\/2026\\\/08\\\/\u0424\u043e\u0442\u043e-\u041f\u0440\u0435\u0434\u0441\u0442\u0430\u0432\u043d\u0438\u0448\u0442\u0432\u043e-\u0420\u0435\u043f\u0443\u0431\u043b\u0438\u043a\u0435-\u0421\u0440\u043f\u0441\u043a\u0435-\u0443-\u0421\u0440\u0431\u0438\u0458\u0438.jpg\",\"datePublished\":\"2026-08-17T09:26:16+00:00\",\"dateModified\":\"2026-08-18T11:37:03+00:00\",\"author\":{\"@id\":\"https:\\\/\\\/dijasporars.com\\\/#\\\/schema\\\/person\\\/1dec0e3a93fda1a15e8ec16f596c615f\"},\"description\":\"Stranica za dijasporu RS, ovdje mo\u017eete prona\u0107i sve informacije, pomo\u0107 i savjete na jednom mjestu.\",\"breadcrumb\":{\"@id\":\"https:\\\/\\\/dijasporars.com\\\/u-uzicu-otvoren-18-medjunarodni-djecji-festival-folklora-licidersko-srce\\\/#breadcrumb\"},\"inLanguage\":\"en-US\",\"potentialAction\":[{\"@type\":\"ReadAction\",\"target\":[\"https:\\\/\\\/dijasporars.com\\\/u-uzicu-otvoren-18-medjunarodni-djecji-festival-folklora-licidersko-srce\\\/\"]}]},{\"@type\":\"ImageObject\",\"inLanguage\":\"en-US\",\"@id\":\"https:\\\/\\\/dijasporars.com\\\/u-uzicu-otvoren-18-medjunarodni-djecji-festival-folklora-licidersko-srce\\\/#primaryimage\",\"url\":\"https:\\\/\\\/dijasporars.com\\\/wp-content\\\/uploads\\\/2026\\\/08\\\/\u0424\u043e\u0442\u043e-\u041f\u0440\u0435\u0434\u0441\u0442\u0430\u0432\u043d\u0438\u0448\u0442\u0432\u043e-\u0420\u0435\u043f\u0443\u0431\u043b\u0438\u043a\u0435-\u0421\u0440\u043f\u0441\u043a\u0435-\u0443-\u0421\u0440\u0431\u0438\u0458\u0438.jpg\",\"contentUrl\":\"https:\\\/\\\/dijasporars.com\\\/wp-content\\\/uploads\\\/2026\\\/08\\\/\u0424\u043e\u0442\u043e-\u041f\u0440\u0435\u0434\u0441\u0442\u0430\u0432\u043d\u0438\u0448\u0442\u0432\u043e-\u0420\u0435\u043f\u0443\u0431\u043b\u0438\u043a\u0435-\u0421\u0440\u043f\u0441\u043a\u0435-\u0443-\u0421\u0440\u0431\u0438\u0458\u0438.jpg\",\"width\":1440,\"height\":1918},{\"@type\":\"BreadcrumbList\",\"@id\":\"https:\\\/\\\/dijasporars.com\\\/u-uzicu-otvoren-18-medjunarodni-djecji-festival-folklora-licidersko-srce\\\/#breadcrumb\",\"itemListElement\":[{\"@type\":\"ListItem\",\"position\":1,\"name\":\"\u041f\u043e\u0447\u0435\u0442\u043d\u0430\",\"item\":\"https:\\\/\\\/dijasporars.com\\\/\"},{\"@type\":\"ListItem\",\"position\":2,\"name\":\"\u0423 \u0423\u0436\u0438\u0446\u0443 \u043e\u0442\u0432\u043e\u0440\u0435\u043d 18. \u041c\u0435\u0452\u0443\u043d\u0430\u0440\u043e\u0434\u043d\u0438 \u0434\u0458\u0435\u0447\u0458\u0438 \u0444\u0435\u0441\u0442\u0438\u0432\u0430\u043b \u0444\u043e\u043b\u043a\u043b\u043e\u0440\u0430 \u201e\u041b\u0438\u0446\u0438\u0434\u0435\u0440\u0441\u043a\u043e \u0441\u0440\u0446\u0435\u201c\"}]},{\"@type\":\"WebSite\",\"@id\":\"https:\\\/\\\/dijasporars.com\\\/#website\",\"url\":\"https:\\\/\\\/dijasporars.com\\\/\",\"name\":\"\u0420\u0435\u043f\u0443\u0431\u043b\u0438\u043a\u0430 \u0421\u0440\u043f\u0441\u043a\u0430 \u0438 \u0434\u0438\u0458\u0430\u0441\u043f\u043e\u0440\u0430\",\"description\":\"\",\"potentialAction\":[{\"@type\":\"SearchAction\",\"target\":{\"@type\":\"EntryPoint\",\"urlTemplate\":\"https:\\\/\\\/dijasporars.com\\\/?s={search_term_string}\"},\"query-input\":{\"@type\":\"PropertyValueSpecification\",\"valueRequired\":true,\"valueName\":\"search_term_string\"}}],\"inLanguage\":\"en-US\"},{\"@type\":\"Person\",\"@id\":\"https:\\\/\\\/dijasporars.com\\\/#\\\/schema\\\/person\\\/1dec0e3a93fda1a15e8ec16f596c615f\",\"name\":\"dijasporars\",\"image\":{\"@type\":\"ImageObject\",\"inLanguage\":\"en-US\",\"@id\":\"https:\\\/\\\/secure.gravatar.com\\\/avatar\\\/759212a69df0744fb2be03efd361239831e31095061dacc7496bdf8524e0daf7?s=96&d=mm&r=g\",\"url\":\"https:\\\/\\\/secure.gravatar.com\\\/avatar\\\/759212a69df0744fb2be03efd361239831e31095061dacc7496bdf8524e0daf7?s=96&d=mm&r=g\",\"contentUrl\":\"https:\\\/\\\/secure.gravatar.com\\\/avatar\\\/759212a69df0744fb2be03efd361239831e31095061dacc7496bdf8524e0daf7?s=96&d=mm&r=g\",\"caption\":\"dijasporars\"},\"url\":\"https:\\\/\\\/dijasporars.com\\\/en\\\/author\\\/dijasporars\\\/\"}]}<\/script>\n<!-- \/ Yoast SEO plugin. -->","yoast_head_json":{"title":"\u0423 \u0423\u0436\u0438\u0446\u0443 \u043e\u0442\u0432\u043e\u0440\u0435\u043d 18. \u041c\u0435\u0452\u0443\u043d\u0430\u0440\u043e\u0434\u043d\u0438 \u0434\u0458\u0435\u0447\u0458\u0438 \u0444\u0435\u0441\u0442\u0438\u0432\u0430\u043b \u0444\u043e\u043b\u043a\u043b\u043e\u0440\u0430 \u201e\u041b\u0438\u0446\u0438\u0434\u0435\u0440\u0441\u043a\u043e \u0441\u0440\u0446\u0435\u201c - \u0420\u0435\u043f\u0443\u0431\u043b\u0438\u043a\u0430 \u0421\u0440\u043f\u0441\u043a\u0430 \u0438 \u0434\u0438\u0458\u0430\u0441\u043f\u043e\u0440\u0430","description":"Stranica za dijasporu RS, ovdje mo\u017eete prona\u0107i sve informacije, pomo\u0107 i savjete na jednom mjestu.","robots":{"index":"index","follow":"follow","max-snippet":"max-snippet:-1","max-image-preview":"max-image-preview:large","max-video-preview":"max-video-preview:-1"},"canonical":"https:\/\/dijasporars.com\/en\/u-uzicu-otvoren-18-medjunarodni-djecji-festival-folklora-licidersko-srce\/","og_locale":"en_US","og_type":"article","og_title":"\u0423 \u0423\u0436\u0438\u0446\u0443 \u043e\u0442\u0432\u043e\u0440\u0435\u043d 18. \u041c\u0435\u0452\u0443\u043d\u0430\u0440\u043e\u0434\u043d\u0438 \u0434\u0458\u0435\u0447\u0458\u0438 \u0444\u0435\u0441\u0442\u0438\u0432\u0430\u043b \u0444\u043e\u043b\u043a\u043b\u043e\u0440\u0430 \u201e\u041b\u0438\u0446\u0438\u0434\u0435\u0440\u0441\u043a\u043e \u0441\u0440\u0446\u0435\u201c - \u0420\u0435\u043f\u0443\u0431\u043b\u0438\u043a\u0430 \u0421\u0440\u043f\u0441\u043a\u0430 \u0438 \u0434\u0438\u0458\u0430\u0441\u043f\u043e\u0440\u0430","og_description":"Stranica za dijasporu RS, ovdje mo\u017eete prona\u0107i sve informacije, pomo\u0107 i savjete na jednom mjestu.","og_url":"https:\/\/dijasporars.com\/en\/u-uzicu-otvoren-18-medjunarodni-djecji-festival-folklora-licidersko-srce\/","og_site_name":"\u0420\u0435\u043f\u0443\u0431\u043b\u0438\u043a\u0430 \u0421\u0440\u043f\u0441\u043a\u0430 \u0438 \u0434\u0438\u0458\u0430\u0441\u043f\u043e\u0440\u0430","article_published_time":"2026-08-17T09:26:16+00:00","article_modified_time":"2026-08-18T11:37:03+00:00","og_image":[{"width":1440,"height":1918,"url":"https:\/\/dijasporars.com\/wp-content\/uploads\/2026\/08\/\u0424\u043e\u0442\u043e-\u041f\u0440\u0435\u0434\u0441\u0442\u0430\u0432\u043d\u0438\u0448\u0442\u0432\u043e-\u0420\u0435\u043f\u0443\u0431\u043b\u0438\u043a\u0435-\u0421\u0440\u043f\u0441\u043a\u0435-\u0443-\u0421\u0440\u0431\u0438\u0458\u0438.jpg","type":"image\/jpeg"}],"author":"dijasporars","twitter_card":"summary_large_image","twitter_misc":{"Written by":"dijasporars"},"schema":{"@context":"https:\/\/schema.org","@graph":[{"@type":"Article","@id":"https:\/\/dijasporars.com\/u-uzicu-otvoren-18-medjunarodni-djecji-festival-folklora-licidersko-srce\/#article","isPartOf":{"@id":"https:\/\/dijasporars.com\/u-uzicu-otvoren-18-medjunarodni-djecji-festival-folklora-licidersko-srce\/"},"author":{"name":"dijasporars","@id":"https:\/\/dijasporars.com\/#\/schema\/person\/1dec0e3a93fda1a15e8ec16f596c615f"},"headline":"\u0423 \u0423\u0436\u0438\u0446\u0443 \u043e\u0442\u0432\u043e\u0440\u0435\u043d 18. \u041c\u0435\u0452\u0443\u043d\u0430\u0440\u043e\u0434\u043d\u0438 \u0434\u0458\u0435\u0447\u0458\u0438 \u0444\u0435\u0441\u0442\u0438\u0432\u0430\u043b \u0444\u043e\u043b\u043a\u043b\u043e\u0440\u0430 \u201e\u041b\u0438\u0446\u0438\u0434\u0435\u0440\u0441\u043a\u043e \u0441\u0440\u0446\u0435\u201c","datePublished":"2026-08-17T09:26:16+00:00","dateModified":"2026-08-18T11:37:03+00:00","mainEntityOfPage":{"@id":"https:\/\/dijasporars.com\/u-uzicu-otvoren-18-medjunarodni-djecji-festival-folklora-licidersko-srce\/"},"wordCount":257,"image":{"@id":"https:\/\/dijasporars.com\/u-uzicu-otvoren-18-medjunarodni-djecji-festival-folklora-licidersko-srce\/#primaryimage"},"thumbnailUrl":"https:\/\/dijasporars.com\/wp-content\/uploads\/2026\/08\/\u0424\u043e\u0442\u043e-\u041f\u0440\u0435\u0434\u0441\u0442\u0430\u0432\u043d\u0438\u0448\u0442\u0432\u043e-\u0420\u0435\u043f\u0443\u0431\u043b\u0438\u043a\u0435-\u0421\u0440\u043f\u0441\u043a\u0435-\u0443-\u0421\u0440\u0431\u0438\u0458\u0438.jpg","articleSection":["\u0412\u0438\u0458\u0435\u0441\u0442\u0438","\u0412\u0438\u0458\u0435\u0441\u0442\u0438 \u0438\u0437 \u0434\u0438\u0458\u0430\u0441\u043f\u043e\u0440\u0435","\u0412\u0438\u0458\u0435\u0441\u0442\u0438 \u0438\u0437 \u0420\u0435\u043f\u0443\u0431\u043b\u0438\u043a\u0435 \u0421\u0440\u043f\u0441\u043a\u0435"],"inLanguage":"en-US"},{"@type":"WebPage","@id":"https:\/\/dijasporars.com\/u-uzicu-otvoren-18-medjunarodni-djecji-festival-folklora-licidersko-srce\/","url":"https:\/\/dijasporars.com\/u-uzicu-otvoren-18-medjunarodni-djecji-festival-folklora-licidersko-srce\/","name":"\u0423 \u0423\u0436\u0438\u0446\u0443 \u043e\u0442\u0432\u043e\u0440\u0435\u043d 18. \u041c\u0435\u0452\u0443\u043d\u0430\u0440\u043e\u0434\u043d\u0438 \u0434\u0458\u0435\u0447\u0458\u0438 \u0444\u0435\u0441\u0442\u0438\u0432\u0430\u043b \u0444\u043e\u043b\u043a\u043b\u043e\u0440\u0430 \u201e\u041b\u0438\u0446\u0438\u0434\u0435\u0440\u0441\u043a\u043e \u0441\u0440\u0446\u0435\u201c - \u0420\u0435\u043f\u0443\u0431\u043b\u0438\u043a\u0430 \u0421\u0440\u043f\u0441\u043a\u0430 \u0438 \u0434\u0438\u0458\u0430\u0441\u043f\u043e\u0440\u0430","isPartOf":{"@id":"https:\/\/dijasporars.com\/#website"},"primaryImageOfPage":{"@id":"https:\/\/dijasporars.com\/u-uzicu-otvoren-18-medjunarodni-djecji-festival-folklora-licidersko-srce\/#primaryimage"},"image":{"@id":"https:\/\/dijasporars.com\/u-uzicu-otvoren-18-medjunarodni-djecji-festival-folklora-licidersko-srce\/#primaryimage"},"thumbnailUrl":"https:\/\/dijasporars.com\/wp-content\/uploads\/2026\/08\/\u0424\u043e\u0442\u043e-\u041f\u0440\u0435\u0434\u0441\u0442\u0430\u0432\u043d\u0438\u0448\u0442\u0432\u043e-\u0420\u0435\u043f\u0443\u0431\u043b\u0438\u043a\u0435-\u0421\u0440\u043f\u0441\u043a\u0435-\u0443-\u0421\u0440\u0431\u0438\u0458\u0438.jpg","datePublished":"2026-08-17T09:26:16+00:00","dateModified":"2026-08-18T11:37:03+00:00","author":{"@id":"https:\/\/dijasporars.com\/#\/schema\/person\/1dec0e3a93fda1a15e8ec16f596c615f"},"description":"Stranica za dijasporu RS, ovdje mo\u017eete prona\u0107i sve informacije, pomo\u0107 i savjete na jednom mjestu.","breadcrumb":{"@id":"https:\/\/dijasporars.com\/u-uzicu-otvoren-18-medjunarodni-djecji-festival-folklora-licidersko-srce\/#breadcrumb"},"inLanguage":"en-US","potentialAction":[{"@type":"ReadAction","target":["https:\/\/dijasporars.com\/u-uzicu-otvoren-18-medjunarodni-djecji-festival-folklora-licidersko-srce\/"]}]},{"@type":"ImageObject","inLanguage":"en-US","@id":"https:\/\/dijasporars.com\/u-uzicu-otvoren-18-medjunarodni-djecji-festival-folklora-licidersko-srce\/#primaryimage","url":"https:\/\/dijasporars.com\/wp-content\/uploads\/2026\/08\/\u0424\u043e\u0442\u043e-\u041f\u0440\u0435\u0434\u0441\u0442\u0430\u0432\u043d\u0438\u0448\u0442\u0432\u043e-\u0420\u0435\u043f\u0443\u0431\u043b\u0438\u043a\u0435-\u0421\u0440\u043f\u0441\u043a\u0435-\u0443-\u0421\u0440\u0431\u0438\u0458\u0438.jpg","contentUrl":"https:\/\/dijasporars.com\/wp-content\/uploads\/2026\/08\/\u0424\u043e\u0442\u043e-\u041f\u0440\u0435\u0434\u0441\u0442\u0430\u0432\u043d\u0438\u0448\u0442\u0432\u043e-\u0420\u0435\u043f\u0443\u0431\u043b\u0438\u043a\u0435-\u0421\u0440\u043f\u0441\u043a\u0435-\u0443-\u0421\u0440\u0431\u0438\u0458\u0438.jpg","width":1440,"height":1918},{"@type":"BreadcrumbList","@id":"https:\/\/dijasporars.com\/u-uzicu-otvoren-18-medjunarodni-djecji-festival-folklora-licidersko-srce\/#breadcrumb","itemListElement":[{"@type":"ListItem","position":1,"name":"\u041f\u043e\u0447\u0435\u0442\u043d\u0430","item":"https:\/\/dijasporars.com\/"},{"@type":"ListItem","position":2,"name":"\u0423 \u0423\u0436\u0438\u0446\u0443 \u043e\u0442\u0432\u043e\u0440\u0435\u043d 18. \u041c\u0435\u0452\u0443\u043d\u0430\u0440\u043e\u0434\u043d\u0438 \u0434\u0458\u0435\u0447\u0458\u0438 \u0444\u0435\u0441\u0442\u0438\u0432\u0430\u043b \u0444\u043e\u043b\u043a\u043b\u043e\u0440\u0430 \u201e\u041b\u0438\u0446\u0438\u0434\u0435\u0440\u0441\u043a\u043e \u0441\u0440\u0446\u0435\u201c"}]},{"@type":"WebSite","@id":"https:\/\/dijasporars.com\/#website","url":"https:\/\/dijasporars.com\/","name":"\u0420\u0435\u043f\u0443\u0431\u043b\u0438\u043a\u0430 \u0421\u0440\u043f\u0441\u043a\u0430 \u0438 \u0434\u0438\u0458\u0430\u0441\u043f\u043e\u0440\u0430","description":"","potentialAction":[{"@type":"SearchAction","target":{"@type":"EntryPoint","urlTemplate":"https:\/\/dijasporars.com\/?s={search_term_string}"},"query-input":{"@type":"PropertyValueSpecification","valueRequired":true,"valueName":"search_term_string"}}],"inLanguage":"en-US"},{"@type":"Person","@id":"https:\/\/dijasporars.com\/#\/schema\/person\/1dec0e3a93fda1a15e8ec16f596c615f","name":"dijasporars","image":{"@type":"ImageObject","inLanguage":"en-US","@id":"https:\/\/secure.gravatar.com\/avatar\/759212a69df0744fb2be03efd361239831e31095061dacc7496bdf8524e0daf7?s=96&d=mm&r=g","url":"https:\/\/secure.gravatar.com\/avatar\/759212a69df0744fb2be03efd361239831e31095061dacc7496bdf8524e0daf7?s=96&d=mm&r=g","contentUrl":"https:\/\/secure.gravatar.com\/avatar\/759212a69df0744fb2be03efd361239831e31095061dacc7496bdf8524e0daf7?s=96&d=mm&r=g","caption":"dijasporars"},"url":"https:\/\/dijasporars.com\/en\/author\/dijasporars\/"}]}},"_links":{"self":[{"href":"https:\/\/dijasporars.com\/en\/wp-json\/wp\/v2\/posts\/8824","targetHints":{"allow":["GET"]}}],"collection":[{"href":"https:\/\/dijasporars.com\/en\/wp-json\/wp\/v2\/posts"}],"about":[{"href":"https:\/\/dijasporars.com\/en\/wp-json\/wp\/v2\/types\/post"}],"author":[{"embeddable":true,"href":"https:\/\/dijasporars.com\/en\/wp-json\/wp\/v2\/users\/1"}],"replies":[{"embeddable":true,"href":"https:\/\/dijasporars.com\/en\/wp-json\/wp\/v2\/comments?post=8824"}],"version-history":[{"count":1,"href":"https:\/\/dijasporars.com\/en\/wp-json\/wp\/v2\/posts\/8824\/revisions"}],"predecessor-version":[{"id":8826,"href":"https:\/\/dijasporars.com\/en\/wp-json\/wp\/v2\/posts\/8824\/revisions\/8826"}],"wp:featuredmedia":[{"embeddable":true,"href":"https:\/\/dijasporars.com\/en\/wp-json\/wp\/v2\/media\/8825"}],"wp:attachment":[{"href":"https:\/\/dijasporars.com\/en\/wp-json\/wp\/v2\/media?parent=8824"}],"wp:term":[{"taxonomy":"category","embeddable":true,"href":"https:\/\/dijasporars.com\/en\/wp-json\/wp\/v2\/categories?post=8824"},{"taxonomy":"post_tag","embeddable":true,"href":"https:\/\/dijasporars.com\/en\/wp-json\/wp\/v2\/tags?post=8824"}],"curies":[{"name":"wp","href":"https:\/\/api.w.org\/{rel}","templated":true}]}}