{"id":8820,"date":"2026-08-14T14:34:55","date_gmt":"2026-08-14T12:34:55","guid":{"rendered":"https:\/\/dijasporars.com\/?p=8820"},"modified":"2026-08-17T08:13:22","modified_gmt":"2026-08-17T06:13:22","slug":"u-banjaluci-odrzan-sastanak-sa-predstavnicima-poslovne-mreze-concord-o-jacanju-ekonomske-saradnje-republike-srpske-i-francuske","status":"publish","type":"post","link":"https:\/\/dijasporars.com\/en\/u-banjaluci-odrzan-sastanak-sa-predstavnicima-poslovne-mreze-concord-o-jacanju-ekonomske-saradnje-republike-srpske-i-francuske\/","title":{"rendered":"Meeting with CONCORD Networking Group Representatives Held in Banja Luka on Strengthening Economic Cooperation between the Republic of Srpska and France"},"content":{"rendered":"<p>A meeting was held in Banja Luka with the Minister of European Integration and International Cooperation of the Republic of Srpska, Zlatan Kloki\u0107, on the occasion of the visit of representatives of the CONCORD networking group, aimed at connecting the French and Serbian business spaces.<\/p>\n<p>The meeting was attended by CONCORD co-founder J\u00e9r\u00e9mie Henri, Ana \u0110urovi\u0107, Vice President of the F\u00e9d\u00e9ration des Jeunes Serbes d\u2019Europe, and Bojana Kondi\u0107 Pani\u0107, Head of the Representative Office of the Republic of Srpska in France.<\/p>\n<p>The meeting discussed economic potential of the Republic of Srpska, opportunities for improving economic cooperation with France, attracting French investments and establishing new business partnerships.<\/p>\n<p>Minister Zlatan Kloki\u0107 said that the institutions of the Republic of Srpska were open and ready to cooperate with French partners, and that there was a clear interest in strengthening economic ties and creating conditions for new investments and joint projects.<\/p>\n<p>\u2018The Republic of Srpska is open to cooperation and wants to further strengthen ties with the French business community. We are ready to discuss specific projects, investments and all initiatives that can contribute to the development of our economic relations,\u2019 stated Minister Kloki\u0107.<\/p>\n<p>During the meeting, a proposal was also presented to organize a CONCORD economic conference, planned for early 2027, to present the Republic of Srpska to French investors and business community.<\/p>\n<p>This meeting represents an important step towards strengthening economic ties between the Republic of Srpska and France, as well as opening new opportunities for cooperation, investments and business networking.<\/p>\n<p>&nbsp;<\/p>\n<p>Source and photo: Republic of Srpska Representative Office in France<\/p>\n<p>&nbsp;<\/p>","protected":false},"excerpt":{"rendered":"<p>A meeting was held in Banja Luka with the Minister of European Integration and International Cooperation of the Republic of Srpska, Zlatan Kloki\u0107, on the occasion of the visit of representatives of the CONCORD networking group, aimed at connecting the French and Serbian business spaces. The meeting was attended by CONCORD co-founder J\u00e9r\u00e9mie Henri, Ana \u0110urovi\u0107, Vice President of the F\u00e9d\u00e9ration des Jeunes Serbes d\u2019Europe, and Bojana Kondi\u0107 Pani\u0107, Head<\/p>","protected":false},"author":1,"featured_media":8821,"comment_status":"closed","ping_status":"closed","sticky":false,"template":"","format":"standard","meta":{"footnotes":""},"categories":[52,77],"tags":[],"class_list":["post-8820","post","type-post","status-publish","format-standard","has-post-thumbnail","hentry","category-vijesti","category-vijesti-republika-srpska"],"yoast_head":"<!-- This site is optimized with the Yoast SEO plugin v28.3 - https:\/\/yoast.com\/product\/yoast-seo-wordpress\/ -->\n<title>\u0423 \u0411\u0430\u045a\u0430\u043b\u0443\u0446\u0438 \u043e\u0434\u0440\u0436\u0430\u043d \u0441\u0430\u0441\u0442\u0430\u043d\u0430\u043a \u0441\u0430 \u043f\u0440\u0435\u0434\u0441\u0442\u0430\u0432\u043d\u0438\u0446\u0438\u043c\u0430 \u043f\u043e\u0441\u043b\u043e\u0432\u043d\u0435 \u043c\u0440\u0435\u0436\u0435 CONCORD \u043e \u0458\u0430\u0447\u0430\u045a\u0443 \u0435\u043a\u043e\u043d\u043e\u043c\u0441\u043a\u0435 \u0441\u0430\u0440\u0430\u0434\u045a\u0435 \u0420\u0435\u043f\u0443\u0431\u043b\u0438\u043a\u0435 \u0421\u0440\u043f\u0441\u043a\u0435 \u0438 \u0424\u0440\u0430\u043d\u0446\u0443\u0441\u043a\u0435 - \u0420\u0435\u043f\u0443\u0431\u043b\u0438\u043a\u0430 \u0421\u0440\u043f\u0441\u043a\u0430 \u0438 \u0434\u0438\u0458\u0430\u0441\u043f\u043e\u0440\u0430<\/title>\n<meta name=\"description\" content=\"Stranica za dijasporu RS, ovdje mo\u017eete prona\u0107i sve informacije, pomo\u0107 i savjete na jednom mjestu.\" \/>\n<meta name=\"robots\" content=\"index, follow, max-snippet:-1, max-image-preview:large, max-video-preview:-1\" \/>\n<link rel=\"canonical\" href=\"https:\/\/dijasporars.com\/en\/u-banjaluci-odrzan-sastanak-sa-predstavnicima-poslovne-mreze-concord-o-jacanju-ekonomske-saradnje-republike-srpske-i-francuske\/\" \/>\n<meta property=\"og:locale\" content=\"en_US\" \/>\n<meta property=\"og:type\" content=\"article\" \/>\n<meta property=\"og:title\" content=\"\u0423 \u0411\u0430\u045a\u0430\u043b\u0443\u0446\u0438 \u043e\u0434\u0440\u0436\u0430\u043d \u0441\u0430\u0441\u0442\u0430\u043d\u0430\u043a \u0441\u0430 \u043f\u0440\u0435\u0434\u0441\u0442\u0430\u0432\u043d\u0438\u0446\u0438\u043c\u0430 \u043f\u043e\u0441\u043b\u043e\u0432\u043d\u0435 \u043c\u0440\u0435\u0436\u0435 CONCORD \u043e \u0458\u0430\u0447\u0430\u045a\u0443 \u0435\u043a\u043e\u043d\u043e\u043c\u0441\u043a\u0435 \u0441\u0430\u0440\u0430\u0434\u045a\u0435 \u0420\u0435\u043f\u0443\u0431\u043b\u0438\u043a\u0435 \u0421\u0440\u043f\u0441\u043a\u0435 \u0438 \u0424\u0440\u0430\u043d\u0446\u0443\u0441\u043a\u0435 - \u0420\u0435\u043f\u0443\u0431\u043b\u0438\u043a\u0430 \u0421\u0440\u043f\u0441\u043a\u0430 \u0438 \u0434\u0438\u0458\u0430\u0441\u043f\u043e\u0440\u0430\" \/>\n<meta property=\"og:description\" content=\"Stranica za dijasporu RS, ovdje mo\u017eete prona\u0107i sve informacije, pomo\u0107 i savjete na jednom mjestu.\" \/>\n<meta property=\"og:url\" content=\"https:\/\/dijasporars.com\/en\/u-banjaluci-odrzan-sastanak-sa-predstavnicima-poslovne-mreze-concord-o-jacanju-ekonomske-saradnje-republike-srpske-i-francuske\/\" \/>\n<meta property=\"og:site_name\" content=\"\u0420\u0435\u043f\u0443\u0431\u043b\u0438\u043a\u0430 \u0421\u0440\u043f\u0441\u043a\u0430 \u0438 \u0434\u0438\u0458\u0430\u0441\u043f\u043e\u0440\u0430\" \/>\n<meta property=\"article:published_time\" content=\"2026-08-14T12:34:55+00:00\" \/>\n<meta property=\"article:modified_time\" content=\"2026-08-17T06:13:22+00:00\" \/>\n<meta property=\"og:image\" content=\"https:\/\/dijasporars.com\/wp-content\/uploads\/2026\/08\/486f1297f96506787d177be3b444d61bceceb38f-1600x1066-1.jpg\" \/>\n\t<meta property=\"og:image:width\" content=\"1600\" \/>\n\t<meta property=\"og:image:height\" content=\"1066\" \/>\n\t<meta property=\"og:image:type\" content=\"image\/jpeg\" \/>\n<meta name=\"author\" content=\"dijasporars\" \/>\n<meta name=\"twitter:card\" content=\"summary_large_image\" \/>\n<meta name=\"twitter:label1\" content=\"Written by\" \/>\n\t<meta name=\"twitter:data1\" content=\"dijasporars\" \/>\n<script type=\"application\/ld+json\" class=\"yoast-schema-graph\">{\"@context\":\"https:\\\/\\\/schema.org\",\"@graph\":[{\"@type\":\"Article\",\"@id\":\"https:\\\/\\\/dijasporars.com\\\/u-banjaluci-odrzan-sastanak-sa-predstavnicima-poslovne-mreze-concord-o-jacanju-ekonomske-saradnje-republike-srpske-i-francuske\\\/#article\",\"isPartOf\":{\"@id\":\"https:\\\/\\\/dijasporars.com\\\/u-banjaluci-odrzan-sastanak-sa-predstavnicima-poslovne-mreze-concord-o-jacanju-ekonomske-saradnje-republike-srpske-i-francuske\\\/\"},\"author\":{\"name\":\"dijasporars\",\"@id\":\"https:\\\/\\\/dijasporars.com\\\/#\\\/schema\\\/person\\\/1dec0e3a93fda1a15e8ec16f596c615f\"},\"headline\":\"\u0423 \u0411\u0430\u045a\u0430\u043b\u0443\u0446\u0438 \u043e\u0434\u0440\u0436\u0430\u043d \u0441\u0430\u0441\u0442\u0430\u043d\u0430\u043a \u0441\u0430 \u043f\u0440\u0435\u0434\u0441\u0442\u0430\u0432\u043d\u0438\u0446\u0438\u043c\u0430 \u043f\u043e\u0441\u043b\u043e\u0432\u043d\u0435 \u043c\u0440\u0435\u0436\u0435 CONCORD \u043e \u0458\u0430\u0447\u0430\u045a\u0443 \u0435\u043a\u043e\u043d\u043e\u043c\u0441\u043a\u0435 \u0441\u0430\u0440\u0430\u0434\u045a\u0435 \u0420\u0435\u043f\u0443\u0431\u043b\u0438\u043a\u0435 \u0421\u0440\u043f\u0441\u043a\u0435 \u0438 \u0424\u0440\u0430\u043d\u0446\u0443\u0441\u043a\u0435\",\"datePublished\":\"2026-08-14T12:34:55+00:00\",\"dateModified\":\"2026-08-17T06:13:22+00:00\",\"mainEntityOfPage\":{\"@id\":\"https:\\\/\\\/dijasporars.com\\\/u-banjaluci-odrzan-sastanak-sa-predstavnicima-poslovne-mreze-concord-o-jacanju-ekonomske-saradnje-republike-srpske-i-francuske\\\/\"},\"wordCount\":239,\"image\":{\"@id\":\"https:\\\/\\\/dijasporars.com\\\/u-banjaluci-odrzan-sastanak-sa-predstavnicima-poslovne-mreze-concord-o-jacanju-ekonomske-saradnje-republike-srpske-i-francuske\\\/#primaryimage\"},\"thumbnailUrl\":\"https:\\\/\\\/dijasporars.com\\\/wp-content\\\/uploads\\\/2026\\\/08\\\/486f1297f96506787d177be3b444d61bceceb38f-1600x1066-1.jpg\",\"articleSection\":[\"\u0412\u0438\u0458\u0435\u0441\u0442\u0438\",\"\u0412\u0438\u0458\u0435\u0441\u0442\u0438 \u0438\u0437 \u0420\u0435\u043f\u0443\u0431\u043b\u0438\u043a\u0435 \u0421\u0440\u043f\u0441\u043a\u0435\"],\"inLanguage\":\"en-US\"},{\"@type\":\"WebPage\",\"@id\":\"https:\\\/\\\/dijasporars.com\\\/u-banjaluci-odrzan-sastanak-sa-predstavnicima-poslovne-mreze-concord-o-jacanju-ekonomske-saradnje-republike-srpske-i-francuske\\\/\",\"url\":\"https:\\\/\\\/dijasporars.com\\\/u-banjaluci-odrzan-sastanak-sa-predstavnicima-poslovne-mreze-concord-o-jacanju-ekonomske-saradnje-republike-srpske-i-francuske\\\/\",\"name\":\"\u0423 \u0411\u0430\u045a\u0430\u043b\u0443\u0446\u0438 \u043e\u0434\u0440\u0436\u0430\u043d \u0441\u0430\u0441\u0442\u0430\u043d\u0430\u043a \u0441\u0430 \u043f\u0440\u0435\u0434\u0441\u0442\u0430\u0432\u043d\u0438\u0446\u0438\u043c\u0430 \u043f\u043e\u0441\u043b\u043e\u0432\u043d\u0435 \u043c\u0440\u0435\u0436\u0435 CONCORD \u043e \u0458\u0430\u0447\u0430\u045a\u0443 \u0435\u043a\u043e\u043d\u043e\u043c\u0441\u043a\u0435 \u0441\u0430\u0440\u0430\u0434\u045a\u0435 \u0420\u0435\u043f\u0443\u0431\u043b\u0438\u043a\u0435 \u0421\u0440\u043f\u0441\u043a\u0435 \u0438 \u0424\u0440\u0430\u043d\u0446\u0443\u0441\u043a\u0435 - \u0420\u0435\u043f\u0443\u0431\u043b\u0438\u043a\u0430 \u0421\u0440\u043f\u0441\u043a\u0430 \u0438 \u0434\u0438\u0458\u0430\u0441\u043f\u043e\u0440\u0430\",\"isPartOf\":{\"@id\":\"https:\\\/\\\/dijasporars.com\\\/#website\"},\"primaryImageOfPage\":{\"@id\":\"https:\\\/\\\/dijasporars.com\\\/u-banjaluci-odrzan-sastanak-sa-predstavnicima-poslovne-mreze-concord-o-jacanju-ekonomske-saradnje-republike-srpske-i-francuske\\\/#primaryimage\"},\"image\":{\"@id\":\"https:\\\/\\\/dijasporars.com\\\/u-banjaluci-odrzan-sastanak-sa-predstavnicima-poslovne-mreze-concord-o-jacanju-ekonomske-saradnje-republike-srpske-i-francuske\\\/#primaryimage\"},\"thumbnailUrl\":\"https:\\\/\\\/dijasporars.com\\\/wp-content\\\/uploads\\\/2026\\\/08\\\/486f1297f96506787d177be3b444d61bceceb38f-1600x1066-1.jpg\",\"datePublished\":\"2026-08-14T12:34:55+00:00\",\"dateModified\":\"2026-08-17T06:13:22+00:00\",\"author\":{\"@id\":\"https:\\\/\\\/dijasporars.com\\\/#\\\/schema\\\/person\\\/1dec0e3a93fda1a15e8ec16f596c615f\"},\"description\":\"Stranica za dijasporu RS, ovdje mo\u017eete prona\u0107i sve informacije, pomo\u0107 i savjete na jednom mjestu.\",\"breadcrumb\":{\"@id\":\"https:\\\/\\\/dijasporars.com\\\/u-banjaluci-odrzan-sastanak-sa-predstavnicima-poslovne-mreze-concord-o-jacanju-ekonomske-saradnje-republike-srpske-i-francuske\\\/#breadcrumb\"},\"inLanguage\":\"en-US\",\"potentialAction\":[{\"@type\":\"ReadAction\",\"target\":[\"https:\\\/\\\/dijasporars.com\\\/u-banjaluci-odrzan-sastanak-sa-predstavnicima-poslovne-mreze-concord-o-jacanju-ekonomske-saradnje-republike-srpske-i-francuske\\\/\"]}]},{\"@type\":\"ImageObject\",\"inLanguage\":\"en-US\",\"@id\":\"https:\\\/\\\/dijasporars.com\\\/u-banjaluci-odrzan-sastanak-sa-predstavnicima-poslovne-mreze-concord-o-jacanju-ekonomske-saradnje-republike-srpske-i-francuske\\\/#primaryimage\",\"url\":\"https:\\\/\\\/dijasporars.com\\\/wp-content\\\/uploads\\\/2026\\\/08\\\/486f1297f96506787d177be3b444d61bceceb38f-1600x1066-1.jpg\",\"contentUrl\":\"https:\\\/\\\/dijasporars.com\\\/wp-content\\\/uploads\\\/2026\\\/08\\\/486f1297f96506787d177be3b444d61bceceb38f-1600x1066-1.jpg\",\"width\":1600,\"height\":1066},{\"@type\":\"BreadcrumbList\",\"@id\":\"https:\\\/\\\/dijasporars.com\\\/u-banjaluci-odrzan-sastanak-sa-predstavnicima-poslovne-mreze-concord-o-jacanju-ekonomske-saradnje-republike-srpske-i-francuske\\\/#breadcrumb\",\"itemListElement\":[{\"@type\":\"ListItem\",\"position\":1,\"name\":\"\u041f\u043e\u0447\u0435\u0442\u043d\u0430\",\"item\":\"https:\\\/\\\/dijasporars.com\\\/\"},{\"@type\":\"ListItem\",\"position\":2,\"name\":\"\u0423 \u0411\u0430\u045a\u0430\u043b\u0443\u0446\u0438 \u043e\u0434\u0440\u0436\u0430\u043d \u0441\u0430\u0441\u0442\u0430\u043d\u0430\u043a \u0441\u0430 \u043f\u0440\u0435\u0434\u0441\u0442\u0430\u0432\u043d\u0438\u0446\u0438\u043c\u0430 \u043f\u043e\u0441\u043b\u043e\u0432\u043d\u0435 \u043c\u0440\u0435\u0436\u0435 CONCORD \u043e \u0458\u0430\u0447\u0430\u045a\u0443 \u0435\u043a\u043e\u043d\u043e\u043c\u0441\u043a\u0435 \u0441\u0430\u0440\u0430\u0434\u045a\u0435 \u0420\u0435\u043f\u0443\u0431\u043b\u0438\u043a\u0435 \u0421\u0440\u043f\u0441\u043a\u0435 \u0438 \u0424\u0440\u0430\u043d\u0446\u0443\u0441\u043a\u0435\"}]},{\"@type\":\"WebSite\",\"@id\":\"https:\\\/\\\/dijasporars.com\\\/#website\",\"url\":\"https:\\\/\\\/dijasporars.com\\\/\",\"name\":\"\u0420\u0435\u043f\u0443\u0431\u043b\u0438\u043a\u0430 \u0421\u0440\u043f\u0441\u043a\u0430 \u0438 \u0434\u0438\u0458\u0430\u0441\u043f\u043e\u0440\u0430\",\"description\":\"\",\"potentialAction\":[{\"@type\":\"SearchAction\",\"target\":{\"@type\":\"EntryPoint\",\"urlTemplate\":\"https:\\\/\\\/dijasporars.com\\\/?s={search_term_string}\"},\"query-input\":{\"@type\":\"PropertyValueSpecification\",\"valueRequired\":true,\"valueName\":\"search_term_string\"}}],\"inLanguage\":\"en-US\"},{\"@type\":\"Person\",\"@id\":\"https:\\\/\\\/dijasporars.com\\\/#\\\/schema\\\/person\\\/1dec0e3a93fda1a15e8ec16f596c615f\",\"name\":\"dijasporars\",\"image\":{\"@type\":\"ImageObject\",\"inLanguage\":\"en-US\",\"@id\":\"https:\\\/\\\/secure.gravatar.com\\\/avatar\\\/759212a69df0744fb2be03efd361239831e31095061dacc7496bdf8524e0daf7?s=96&d=mm&r=g\",\"url\":\"https:\\\/\\\/secure.gravatar.com\\\/avatar\\\/759212a69df0744fb2be03efd361239831e31095061dacc7496bdf8524e0daf7?s=96&d=mm&r=g\",\"contentUrl\":\"https:\\\/\\\/secure.gravatar.com\\\/avatar\\\/759212a69df0744fb2be03efd361239831e31095061dacc7496bdf8524e0daf7?s=96&d=mm&r=g\",\"caption\":\"dijasporars\"},\"url\":\"https:\\\/\\\/dijasporars.com\\\/en\\\/author\\\/dijasporars\\\/\"}]}<\/script>\n<!-- \/ Yoast SEO plugin. -->","yoast_head_json":{"title":"\u0423 \u0411\u0430\u045a\u0430\u043b\u0443\u0446\u0438 \u043e\u0434\u0440\u0436\u0430\u043d \u0441\u0430\u0441\u0442\u0430\u043d\u0430\u043a \u0441\u0430 \u043f\u0440\u0435\u0434\u0441\u0442\u0430\u0432\u043d\u0438\u0446\u0438\u043c\u0430 \u043f\u043e\u0441\u043b\u043e\u0432\u043d\u0435 \u043c\u0440\u0435\u0436\u0435 CONCORD \u043e \u0458\u0430\u0447\u0430\u045a\u0443 \u0435\u043a\u043e\u043d\u043e\u043c\u0441\u043a\u0435 \u0441\u0430\u0440\u0430\u0434\u045a\u0435 \u0420\u0435\u043f\u0443\u0431\u043b\u0438\u043a\u0435 \u0421\u0440\u043f\u0441\u043a\u0435 \u0438 \u0424\u0440\u0430\u043d\u0446\u0443\u0441\u043a\u0435 - \u0420\u0435\u043f\u0443\u0431\u043b\u0438\u043a\u0430 \u0421\u0440\u043f\u0441\u043a\u0430 \u0438 \u0434\u0438\u0458\u0430\u0441\u043f\u043e\u0440\u0430","description":"Stranica za dijasporu RS, ovdje mo\u017eete prona\u0107i sve informacije, pomo\u0107 i savjete na jednom mjestu.","robots":{"index":"index","follow":"follow","max-snippet":"max-snippet:-1","max-image-preview":"max-image-preview:large","max-video-preview":"max-video-preview:-1"},"canonical":"https:\/\/dijasporars.com\/en\/u-banjaluci-odrzan-sastanak-sa-predstavnicima-poslovne-mreze-concord-o-jacanju-ekonomske-saradnje-republike-srpske-i-francuske\/","og_locale":"en_US","og_type":"article","og_title":"\u0423 \u0411\u0430\u045a\u0430\u043b\u0443\u0446\u0438 \u043e\u0434\u0440\u0436\u0430\u043d \u0441\u0430\u0441\u0442\u0430\u043d\u0430\u043a \u0441\u0430 \u043f\u0440\u0435\u0434\u0441\u0442\u0430\u0432\u043d\u0438\u0446\u0438\u043c\u0430 \u043f\u043e\u0441\u043b\u043e\u0432\u043d\u0435 \u043c\u0440\u0435\u0436\u0435 CONCORD \u043e \u0458\u0430\u0447\u0430\u045a\u0443 \u0435\u043a\u043e\u043d\u043e\u043c\u0441\u043a\u0435 \u0441\u0430\u0440\u0430\u0434\u045a\u0435 \u0420\u0435\u043f\u0443\u0431\u043b\u0438\u043a\u0435 \u0421\u0440\u043f\u0441\u043a\u0435 \u0438 \u0424\u0440\u0430\u043d\u0446\u0443\u0441\u043a\u0435 - \u0420\u0435\u043f\u0443\u0431\u043b\u0438\u043a\u0430 \u0421\u0440\u043f\u0441\u043a\u0430 \u0438 \u0434\u0438\u0458\u0430\u0441\u043f\u043e\u0440\u0430","og_description":"Stranica za dijasporu RS, ovdje mo\u017eete prona\u0107i sve informacije, pomo\u0107 i savjete na jednom mjestu.","og_url":"https:\/\/dijasporars.com\/en\/u-banjaluci-odrzan-sastanak-sa-predstavnicima-poslovne-mreze-concord-o-jacanju-ekonomske-saradnje-republike-srpske-i-francuske\/","og_site_name":"\u0420\u0435\u043f\u0443\u0431\u043b\u0438\u043a\u0430 \u0421\u0440\u043f\u0441\u043a\u0430 \u0438 \u0434\u0438\u0458\u0430\u0441\u043f\u043e\u0440\u0430","article_published_time":"2026-08-14T12:34:55+00:00","article_modified_time":"2026-08-17T06:13:22+00:00","og_image":[{"width":1600,"height":1066,"url":"https:\/\/dijasporars.com\/wp-content\/uploads\/2026\/08\/486f1297f96506787d177be3b444d61bceceb38f-1600x1066-1.jpg","type":"image\/jpeg"}],"author":"dijasporars","twitter_card":"summary_large_image","twitter_misc":{"Written by":"dijasporars"},"schema":{"@context":"https:\/\/schema.org","@graph":[{"@type":"Article","@id":"https:\/\/dijasporars.com\/u-banjaluci-odrzan-sastanak-sa-predstavnicima-poslovne-mreze-concord-o-jacanju-ekonomske-saradnje-republike-srpske-i-francuske\/#article","isPartOf":{"@id":"https:\/\/dijasporars.com\/u-banjaluci-odrzan-sastanak-sa-predstavnicima-poslovne-mreze-concord-o-jacanju-ekonomske-saradnje-republike-srpske-i-francuske\/"},"author":{"name":"dijasporars","@id":"https:\/\/dijasporars.com\/#\/schema\/person\/1dec0e3a93fda1a15e8ec16f596c615f"},"headline":"\u0423 \u0411\u0430\u045a\u0430\u043b\u0443\u0446\u0438 \u043e\u0434\u0440\u0436\u0430\u043d \u0441\u0430\u0441\u0442\u0430\u043d\u0430\u043a \u0441\u0430 \u043f\u0440\u0435\u0434\u0441\u0442\u0430\u0432\u043d\u0438\u0446\u0438\u043c\u0430 \u043f\u043e\u0441\u043b\u043e\u0432\u043d\u0435 \u043c\u0440\u0435\u0436\u0435 CONCORD \u043e \u0458\u0430\u0447\u0430\u045a\u0443 \u0435\u043a\u043e\u043d\u043e\u043c\u0441\u043a\u0435 \u0441\u0430\u0440\u0430\u0434\u045a\u0435 \u0420\u0435\u043f\u0443\u0431\u043b\u0438\u043a\u0435 \u0421\u0440\u043f\u0441\u043a\u0435 \u0438 \u0424\u0440\u0430\u043d\u0446\u0443\u0441\u043a\u0435","datePublished":"2026-08-14T12:34:55+00:00","dateModified":"2026-08-17T06:13:22+00:00","mainEntityOfPage":{"@id":"https:\/\/dijasporars.com\/u-banjaluci-odrzan-sastanak-sa-predstavnicima-poslovne-mreze-concord-o-jacanju-ekonomske-saradnje-republike-srpske-i-francuske\/"},"wordCount":239,"image":{"@id":"https:\/\/dijasporars.com\/u-banjaluci-odrzan-sastanak-sa-predstavnicima-poslovne-mreze-concord-o-jacanju-ekonomske-saradnje-republike-srpske-i-francuske\/#primaryimage"},"thumbnailUrl":"https:\/\/dijasporars.com\/wp-content\/uploads\/2026\/08\/486f1297f96506787d177be3b444d61bceceb38f-1600x1066-1.jpg","articleSection":["\u0412\u0438\u0458\u0435\u0441\u0442\u0438","\u0412\u0438\u0458\u0435\u0441\u0442\u0438 \u0438\u0437 \u0420\u0435\u043f\u0443\u0431\u043b\u0438\u043a\u0435 \u0421\u0440\u043f\u0441\u043a\u0435"],"inLanguage":"en-US"},{"@type":"WebPage","@id":"https:\/\/dijasporars.com\/u-banjaluci-odrzan-sastanak-sa-predstavnicima-poslovne-mreze-concord-o-jacanju-ekonomske-saradnje-republike-srpske-i-francuske\/","url":"https:\/\/dijasporars.com\/u-banjaluci-odrzan-sastanak-sa-predstavnicima-poslovne-mreze-concord-o-jacanju-ekonomske-saradnje-republike-srpske-i-francuske\/","name":"\u0423 \u0411\u0430\u045a\u0430\u043b\u0443\u0446\u0438 \u043e\u0434\u0440\u0436\u0430\u043d \u0441\u0430\u0441\u0442\u0430\u043d\u0430\u043a \u0441\u0430 \u043f\u0440\u0435\u0434\u0441\u0442\u0430\u0432\u043d\u0438\u0446\u0438\u043c\u0430 \u043f\u043e\u0441\u043b\u043e\u0432\u043d\u0435 \u043c\u0440\u0435\u0436\u0435 CONCORD \u043e \u0458\u0430\u0447\u0430\u045a\u0443 \u0435\u043a\u043e\u043d\u043e\u043c\u0441\u043a\u0435 \u0441\u0430\u0440\u0430\u0434\u045a\u0435 \u0420\u0435\u043f\u0443\u0431\u043b\u0438\u043a\u0435 \u0421\u0440\u043f\u0441\u043a\u0435 \u0438 \u0424\u0440\u0430\u043d\u0446\u0443\u0441\u043a\u0435 - \u0420\u0435\u043f\u0443\u0431\u043b\u0438\u043a\u0430 \u0421\u0440\u043f\u0441\u043a\u0430 \u0438 \u0434\u0438\u0458\u0430\u0441\u043f\u043e\u0440\u0430","isPartOf":{"@id":"https:\/\/dijasporars.com\/#website"},"primaryImageOfPage":{"@id":"https:\/\/dijasporars.com\/u-banjaluci-odrzan-sastanak-sa-predstavnicima-poslovne-mreze-concord-o-jacanju-ekonomske-saradnje-republike-srpske-i-francuske\/#primaryimage"},"image":{"@id":"https:\/\/dijasporars.com\/u-banjaluci-odrzan-sastanak-sa-predstavnicima-poslovne-mreze-concord-o-jacanju-ekonomske-saradnje-republike-srpske-i-francuske\/#primaryimage"},"thumbnailUrl":"https:\/\/dijasporars.com\/wp-content\/uploads\/2026\/08\/486f1297f96506787d177be3b444d61bceceb38f-1600x1066-1.jpg","datePublished":"2026-08-14T12:34:55+00:00","dateModified":"2026-08-17T06:13:22+00:00","author":{"@id":"https:\/\/dijasporars.com\/#\/schema\/person\/1dec0e3a93fda1a15e8ec16f596c615f"},"description":"Stranica za dijasporu RS, ovdje mo\u017eete prona\u0107i sve informacije, pomo\u0107 i savjete na jednom mjestu.","breadcrumb":{"@id":"https:\/\/dijasporars.com\/u-banjaluci-odrzan-sastanak-sa-predstavnicima-poslovne-mreze-concord-o-jacanju-ekonomske-saradnje-republike-srpske-i-francuske\/#breadcrumb"},"inLanguage":"en-US","potentialAction":[{"@type":"ReadAction","target":["https:\/\/dijasporars.com\/u-banjaluci-odrzan-sastanak-sa-predstavnicima-poslovne-mreze-concord-o-jacanju-ekonomske-saradnje-republike-srpske-i-francuske\/"]}]},{"@type":"ImageObject","inLanguage":"en-US","@id":"https:\/\/dijasporars.com\/u-banjaluci-odrzan-sastanak-sa-predstavnicima-poslovne-mreze-concord-o-jacanju-ekonomske-saradnje-republike-srpske-i-francuske\/#primaryimage","url":"https:\/\/dijasporars.com\/wp-content\/uploads\/2026\/08\/486f1297f96506787d177be3b444d61bceceb38f-1600x1066-1.jpg","contentUrl":"https:\/\/dijasporars.com\/wp-content\/uploads\/2026\/08\/486f1297f96506787d177be3b444d61bceceb38f-1600x1066-1.jpg","width":1600,"height":1066},{"@type":"BreadcrumbList","@id":"https:\/\/dijasporars.com\/u-banjaluci-odrzan-sastanak-sa-predstavnicima-poslovne-mreze-concord-o-jacanju-ekonomske-saradnje-republike-srpske-i-francuske\/#breadcrumb","itemListElement":[{"@type":"ListItem","position":1,"name":"\u041f\u043e\u0447\u0435\u0442\u043d\u0430","item":"https:\/\/dijasporars.com\/"},{"@type":"ListItem","position":2,"name":"\u0423 \u0411\u0430\u045a\u0430\u043b\u0443\u0446\u0438 \u043e\u0434\u0440\u0436\u0430\u043d \u0441\u0430\u0441\u0442\u0430\u043d\u0430\u043a \u0441\u0430 \u043f\u0440\u0435\u0434\u0441\u0442\u0430\u0432\u043d\u0438\u0446\u0438\u043c\u0430 \u043f\u043e\u0441\u043b\u043e\u0432\u043d\u0435 \u043c\u0440\u0435\u0436\u0435 CONCORD \u043e \u0458\u0430\u0447\u0430\u045a\u0443 \u0435\u043a\u043e\u043d\u043e\u043c\u0441\u043a\u0435 \u0441\u0430\u0440\u0430\u0434\u045a\u0435 \u0420\u0435\u043f\u0443\u0431\u043b\u0438\u043a\u0435 \u0421\u0440\u043f\u0441\u043a\u0435 \u0438 \u0424\u0440\u0430\u043d\u0446\u0443\u0441\u043a\u0435"}]},{"@type":"WebSite","@id":"https:\/\/dijasporars.com\/#website","url":"https:\/\/dijasporars.com\/","name":"\u0420\u0435\u043f\u0443\u0431\u043b\u0438\u043a\u0430 \u0421\u0440\u043f\u0441\u043a\u0430 \u0438 \u0434\u0438\u0458\u0430\u0441\u043f\u043e\u0440\u0430","description":"","potentialAction":[{"@type":"SearchAction","target":{"@type":"EntryPoint","urlTemplate":"https:\/\/dijasporars.com\/?s={search_term_string}"},"query-input":{"@type":"PropertyValueSpecification","valueRequired":true,"valueName":"search_term_string"}}],"inLanguage":"en-US"},{"@type":"Person","@id":"https:\/\/dijasporars.com\/#\/schema\/person\/1dec0e3a93fda1a15e8ec16f596c615f","name":"dijasporars","image":{"@type":"ImageObject","inLanguage":"en-US","@id":"https:\/\/secure.gravatar.com\/avatar\/759212a69df0744fb2be03efd361239831e31095061dacc7496bdf8524e0daf7?s=96&d=mm&r=g","url":"https:\/\/secure.gravatar.com\/avatar\/759212a69df0744fb2be03efd361239831e31095061dacc7496bdf8524e0daf7?s=96&d=mm&r=g","contentUrl":"https:\/\/secure.gravatar.com\/avatar\/759212a69df0744fb2be03efd361239831e31095061dacc7496bdf8524e0daf7?s=96&d=mm&r=g","caption":"dijasporars"},"url":"https:\/\/dijasporars.com\/en\/author\/dijasporars\/"}]}},"_links":{"self":[{"href":"https:\/\/dijasporars.com\/en\/wp-json\/wp\/v2\/posts\/8820","targetHints":{"allow":["GET"]}}],"collection":[{"href":"https:\/\/dijasporars.com\/en\/wp-json\/wp\/v2\/posts"}],"about":[{"href":"https:\/\/dijasporars.com\/en\/wp-json\/wp\/v2\/types\/post"}],"author":[{"embeddable":true,"href":"https:\/\/dijasporars.com\/en\/wp-json\/wp\/v2\/users\/1"}],"replies":[{"embeddable":true,"href":"https:\/\/dijasporars.com\/en\/wp-json\/wp\/v2\/comments?post=8820"}],"version-history":[{"count":1,"href":"https:\/\/dijasporars.com\/en\/wp-json\/wp\/v2\/posts\/8820\/revisions"}],"predecessor-version":[{"id":8822,"href":"https:\/\/dijasporars.com\/en\/wp-json\/wp\/v2\/posts\/8820\/revisions\/8822"}],"wp:featuredmedia":[{"embeddable":true,"href":"https:\/\/dijasporars.com\/en\/wp-json\/wp\/v2\/media\/8821"}],"wp:attachment":[{"href":"https:\/\/dijasporars.com\/en\/wp-json\/wp\/v2\/media?parent=8820"}],"wp:term":[{"taxonomy":"category","embeddable":true,"href":"https:\/\/dijasporars.com\/en\/wp-json\/wp\/v2\/categories?post=8820"},{"taxonomy":"post_tag","embeddable":true,"href":"https:\/\/dijasporars.com\/en\/wp-json\/wp\/v2\/tags?post=8820"}],"curies":[{"name":"wp","href":"https:\/\/api.w.org\/{rel}","templated":true}]}}