{"id":8813,"date":"2026-08-12T14:48:25","date_gmt":"2026-08-12T12:48:25","guid":{"rendered":"https:\/\/dijasporars.com\/?p=8813"},"modified":"2026-08-12T14:50:41","modified_gmt":"2026-08-12T12:50:41","slug":"milicevic-u-posjeti-porodicama-koje-su-se-vratile-u-srbiju-iz-dijaspore","status":"publish","type":"post","link":"https:\/\/dijasporars.com\/en\/milicevic-u-posjeti-porodicama-koje-su-se-vratile-u-srbiju-iz-dijaspore\/","title":{"rendered":"Mili\u0107evi\u0107 Visits Families Returned to Serbia from Diaspora"},"content":{"rendered":"<p>The Minister without Portfolio responsible for monitoring the situation, proposing measures and participating in the coordination of activities in the field of relations between the Republic of Serbia and the diaspora, \u0110or\u0111e Mili\u0107evi\u0107, visited today the Radosavljevi\u0107 family who had returned from Russia to the village of \u017dabare, near Topola.<\/p>\n<p>Mili\u0107evi\u0107 said that Goran and Dijana had decided to return to their homeland, together with their son Aleksandar, after years spent in Russia and to create the future they wanted on their estate.<\/p>\n<p>He stated that the Radosavljevi\u0107s had started their own business two and a half years ago by opening the tourist apartments \u010calane, and added that what was particularly important was that they had not stopped there, but through their work they connected guests with this region, and marketed the products of local producers further.<\/p>\n<p>\u2018As the minister responsible for the diaspora, I want every one of our people who lives outside Serbia to know that the doors of their country are always open,\u2019 said Mili\u0107evi\u0107 and added that our compatriots living throughout the world were increasingly deciding to continue their lives in their homeland.<\/p>\n<p>Mili\u0107evi\u0107 also visited the Markovi\u0107 family from the village of Radovanje, near Velika Plana, as well as the Popovi\u0107 family, who are planning to return to Serbia from Austria.<\/p>\n<p>Mili\u0107evi\u0107 said that the Markovi\u0107 family, with their work, effort and attitude towards life, showed that our villages could and had to be places where people live, work, create and raise a family, reads the statement of the office of the Minister without Portfolio responsible for monitoring the situation, proposing measures and participating in the coordination of activities in the field of relations between the Republic of Serbia and the diaspora.<\/p>\n<p>Minister \u0110or\u0111e Mili\u0107evi\u0107 met and talked in a pleasant atmosphere with the Popovi\u0107 family, who are planning to return to Serbia from Austria.<\/p>\n<p>The Popovi\u0107 family, together with their three sons, are planning to return to their homeland permanently, said Minister Mili\u0107evi\u0107, adding that Serbia had finished displacing its people around the world - now it was the phase of permanent return.<\/p>\n<p>&nbsp;<\/p>\n<p>Photo: Tanjug<\/p>\n<p>Source: Politika<\/p>","protected":false},"excerpt":{"rendered":"<p>The Minister without Portfolio responsible for monitoring the situation, proposing measures and participating in the coordination of activities in the field of relations between the Republic of Serbia and the diaspora, \u0110or\u0111e Mili\u0107evi\u0107, visited today the Radosavljevi\u0107 family who had returned from Russia to the village of \u017dabare, near Topola. Mili\u0107evi\u0107 said that Goran and Dijana had decided to return to their homeland, together with<\/p>","protected":false},"author":1,"featured_media":8814,"comment_status":"closed","ping_status":"closed","sticky":false,"template":"","format":"standard","meta":{"footnotes":""},"categories":[52,76,77],"tags":[],"class_list":["post-8813","post","type-post","status-publish","format-standard","has-post-thumbnail","hentry","category-vijesti","category-vijesti-dijaspora","category-vijesti-republika-srpska"],"yoast_head":"<!-- This site is optimized with the Yoast SEO plugin v28.3 - https:\/\/yoast.com\/product\/yoast-seo-wordpress\/ -->\n<title>\u041c\u0438\u043b\u0438\u045b\u0435\u0432\u0438\u045b \u0443 \u043f\u043e\u0441\u0458\u0435\u0442\u0438 \u043f\u043e\u0440\u043e\u0434\u0438\u0446\u0430\u043c\u0430 \u043a\u043e\u0458\u0435 \u0441\u0443 \u0441\u0435 \u0432\u0440\u0430\u0442\u0438\u043b\u0435 \u0443 \u0421\u0440\u0431\u0438\u0458\u0443 \u0438\u0437 \u0434\u0438\u0458\u0430\u0441\u043f\u043e\u0440\u0435 - \u0420\u0435\u043f\u0443\u0431\u043b\u0438\u043a\u0430 \u0421\u0440\u043f\u0441\u043a\u0430 \u0438 \u0434\u0438\u0458\u0430\u0441\u043f\u043e\u0440\u0430<\/title>\n<meta name=\"description\" content=\"Stranica za dijasporu RS, ovdje mo\u017eete prona\u0107i sve informacije, pomo\u0107 i savjete na jednom mjestu.\" \/>\n<meta name=\"robots\" content=\"index, follow, max-snippet:-1, max-image-preview:large, max-video-preview:-1\" \/>\n<link rel=\"canonical\" href=\"https:\/\/dijasporars.com\/en\/milicevic-u-posjeti-porodicama-koje-su-se-vratile-u-srbiju-iz-dijaspore\/\" \/>\n<meta property=\"og:locale\" content=\"en_US\" \/>\n<meta property=\"og:type\" content=\"article\" \/>\n<meta property=\"og:title\" content=\"\u041c\u0438\u043b\u0438\u045b\u0435\u0432\u0438\u045b \u0443 \u043f\u043e\u0441\u0458\u0435\u0442\u0438 \u043f\u043e\u0440\u043e\u0434\u0438\u0446\u0430\u043c\u0430 \u043a\u043e\u0458\u0435 \u0441\u0443 \u0441\u0435 \u0432\u0440\u0430\u0442\u0438\u043b\u0435 \u0443 \u0421\u0440\u0431\u0438\u0458\u0443 \u0438\u0437 \u0434\u0438\u0458\u0430\u0441\u043f\u043e\u0440\u0435 - \u0420\u0435\u043f\u0443\u0431\u043b\u0438\u043a\u0430 \u0421\u0440\u043f\u0441\u043a\u0430 \u0438 \u0434\u0438\u0458\u0430\u0441\u043f\u043e\u0440\u0430\" \/>\n<meta property=\"og:description\" content=\"Stranica za dijasporu RS, ovdje mo\u017eete prona\u0107i sve informacije, pomo\u0107 i savjete na jednom mjestu.\" \/>\n<meta property=\"og:url\" content=\"https:\/\/dijasporars.com\/en\/milicevic-u-posjeti-porodicama-koje-su-se-vratile-u-srbiju-iz-dijaspore\/\" \/>\n<meta property=\"og:site_name\" content=\"\u0420\u0435\u043f\u0443\u0431\u043b\u0438\u043a\u0430 \u0421\u0440\u043f\u0441\u043a\u0430 \u0438 \u0434\u0438\u0458\u0430\u0441\u043f\u043e\u0440\u0430\" \/>\n<meta property=\"article:published_time\" content=\"2026-08-12T12:48:25+00:00\" \/>\n<meta property=\"article:modified_time\" content=\"2026-08-12T12:50:41+00:00\" \/>\n<meta property=\"og:image\" content=\"https:\/\/dijasporars.com\/wp-content\/uploads\/2026\/08\/904z509_Tan2026-08-1014363865_5.jpg\" \/>\n\t<meta property=\"og:image:width\" content=\"904\" \/>\n\t<meta property=\"og:image:height\" content=\"509\" \/>\n\t<meta property=\"og:image:type\" content=\"image\/jpeg\" \/>\n<meta name=\"author\" content=\"dijasporars\" \/>\n<meta name=\"twitter:card\" content=\"summary_large_image\" \/>\n<meta name=\"twitter:label1\" content=\"Written by\" \/>\n\t<meta name=\"twitter:data1\" content=\"dijasporars\" \/>\n<script type=\"application\/ld+json\" class=\"yoast-schema-graph\">{\"@context\":\"https:\\\/\\\/schema.org\",\"@graph\":[{\"@type\":\"Article\",\"@id\":\"https:\\\/\\\/dijasporars.com\\\/milicevic-u-posjeti-porodicama-koje-su-se-vratile-u-srbiju-iz-dijaspore\\\/#article\",\"isPartOf\":{\"@id\":\"https:\\\/\\\/dijasporars.com\\\/milicevic-u-posjeti-porodicama-koje-su-se-vratile-u-srbiju-iz-dijaspore\\\/\"},\"author\":{\"name\":\"dijasporars\",\"@id\":\"https:\\\/\\\/dijasporars.com\\\/#\\\/schema\\\/person\\\/1dec0e3a93fda1a15e8ec16f596c615f\"},\"headline\":\"\u041c\u0438\u043b\u0438\u045b\u0435\u0432\u0438\u045b \u0443 \u043f\u043e\u0441\u0458\u0435\u0442\u0438 \u043f\u043e\u0440\u043e\u0434\u0438\u0446\u0430\u043c\u0430 \u043a\u043e\u0458\u0435 \u0441\u0443 \u0441\u0435 \u0432\u0440\u0430\u0442\u0438\u043b\u0435 \u0443 \u0421\u0440\u0431\u0438\u0458\u0443 \u0438\u0437 \u0434\u0438\u0458\u0430\u0441\u043f\u043e\u0440\u0435\",\"datePublished\":\"2026-08-12T12:48:25+00:00\",\"dateModified\":\"2026-08-12T12:50:41+00:00\",\"mainEntityOfPage\":{\"@id\":\"https:\\\/\\\/dijasporars.com\\\/milicevic-u-posjeti-porodicama-koje-su-se-vratile-u-srbiju-iz-dijaspore\\\/\"},\"wordCount\":324,\"image\":{\"@id\":\"https:\\\/\\\/dijasporars.com\\\/milicevic-u-posjeti-porodicama-koje-su-se-vratile-u-srbiju-iz-dijaspore\\\/#primaryimage\"},\"thumbnailUrl\":\"https:\\\/\\\/dijasporars.com\\\/wp-content\\\/uploads\\\/2026\\\/08\\\/904z509_Tan2026-08-1014363865_5.jpg\",\"articleSection\":[\"\u0412\u0438\u0458\u0435\u0441\u0442\u0438\",\"\u0412\u0438\u0458\u0435\u0441\u0442\u0438 \u0438\u0437 \u0434\u0438\u0458\u0430\u0441\u043f\u043e\u0440\u0435\",\"\u0412\u0438\u0458\u0435\u0441\u0442\u0438 \u0438\u0437 \u0420\u0435\u043f\u0443\u0431\u043b\u0438\u043a\u0435 \u0421\u0440\u043f\u0441\u043a\u0435\"],\"inLanguage\":\"en-US\"},{\"@type\":\"WebPage\",\"@id\":\"https:\\\/\\\/dijasporars.com\\\/milicevic-u-posjeti-porodicama-koje-su-se-vratile-u-srbiju-iz-dijaspore\\\/\",\"url\":\"https:\\\/\\\/dijasporars.com\\\/milicevic-u-posjeti-porodicama-koje-su-se-vratile-u-srbiju-iz-dijaspore\\\/\",\"name\":\"\u041c\u0438\u043b\u0438\u045b\u0435\u0432\u0438\u045b \u0443 \u043f\u043e\u0441\u0458\u0435\u0442\u0438 \u043f\u043e\u0440\u043e\u0434\u0438\u0446\u0430\u043c\u0430 \u043a\u043e\u0458\u0435 \u0441\u0443 \u0441\u0435 \u0432\u0440\u0430\u0442\u0438\u043b\u0435 \u0443 \u0421\u0440\u0431\u0438\u0458\u0443 \u0438\u0437 \u0434\u0438\u0458\u0430\u0441\u043f\u043e\u0440\u0435 - \u0420\u0435\u043f\u0443\u0431\u043b\u0438\u043a\u0430 \u0421\u0440\u043f\u0441\u043a\u0430 \u0438 \u0434\u0438\u0458\u0430\u0441\u043f\u043e\u0440\u0430\",\"isPartOf\":{\"@id\":\"https:\\\/\\\/dijasporars.com\\\/#website\"},\"primaryImageOfPage\":{\"@id\":\"https:\\\/\\\/dijasporars.com\\\/milicevic-u-posjeti-porodicama-koje-su-se-vratile-u-srbiju-iz-dijaspore\\\/#primaryimage\"},\"image\":{\"@id\":\"https:\\\/\\\/dijasporars.com\\\/milicevic-u-posjeti-porodicama-koje-su-se-vratile-u-srbiju-iz-dijaspore\\\/#primaryimage\"},\"thumbnailUrl\":\"https:\\\/\\\/dijasporars.com\\\/wp-content\\\/uploads\\\/2026\\\/08\\\/904z509_Tan2026-08-1014363865_5.jpg\",\"datePublished\":\"2026-08-12T12:48:25+00:00\",\"dateModified\":\"2026-08-12T12:50:41+00:00\",\"author\":{\"@id\":\"https:\\\/\\\/dijasporars.com\\\/#\\\/schema\\\/person\\\/1dec0e3a93fda1a15e8ec16f596c615f\"},\"description\":\"Stranica za dijasporu RS, ovdje mo\u017eete prona\u0107i sve informacije, pomo\u0107 i savjete na jednom mjestu.\",\"breadcrumb\":{\"@id\":\"https:\\\/\\\/dijasporars.com\\\/milicevic-u-posjeti-porodicama-koje-su-se-vratile-u-srbiju-iz-dijaspore\\\/#breadcrumb\"},\"inLanguage\":\"en-US\",\"potentialAction\":[{\"@type\":\"ReadAction\",\"target\":[\"https:\\\/\\\/dijasporars.com\\\/milicevic-u-posjeti-porodicama-koje-su-se-vratile-u-srbiju-iz-dijaspore\\\/\"]}]},{\"@type\":\"ImageObject\",\"inLanguage\":\"en-US\",\"@id\":\"https:\\\/\\\/dijasporars.com\\\/milicevic-u-posjeti-porodicama-koje-su-se-vratile-u-srbiju-iz-dijaspore\\\/#primaryimage\",\"url\":\"https:\\\/\\\/dijasporars.com\\\/wp-content\\\/uploads\\\/2026\\\/08\\\/904z509_Tan2026-08-1014363865_5.jpg\",\"contentUrl\":\"https:\\\/\\\/dijasporars.com\\\/wp-content\\\/uploads\\\/2026\\\/08\\\/904z509_Tan2026-08-1014363865_5.jpg\",\"width\":904,\"height\":509},{\"@type\":\"BreadcrumbList\",\"@id\":\"https:\\\/\\\/dijasporars.com\\\/milicevic-u-posjeti-porodicama-koje-su-se-vratile-u-srbiju-iz-dijaspore\\\/#breadcrumb\",\"itemListElement\":[{\"@type\":\"ListItem\",\"position\":1,\"name\":\"\u041f\u043e\u0447\u0435\u0442\u043d\u0430\",\"item\":\"https:\\\/\\\/dijasporars.com\\\/\"},{\"@type\":\"ListItem\",\"position\":2,\"name\":\"\u041c\u0438\u043b\u0438\u045b\u0435\u0432\u0438\u045b \u0443 \u043f\u043e\u0441\u0458\u0435\u0442\u0438 \u043f\u043e\u0440\u043e\u0434\u0438\u0446\u0430\u043c\u0430 \u043a\u043e\u0458\u0435 \u0441\u0443 \u0441\u0435 \u0432\u0440\u0430\u0442\u0438\u043b\u0435 \u0443 \u0421\u0440\u0431\u0438\u0458\u0443 \u0438\u0437 \u0434\u0438\u0458\u0430\u0441\u043f\u043e\u0440\u0435\"}]},{\"@type\":\"WebSite\",\"@id\":\"https:\\\/\\\/dijasporars.com\\\/#website\",\"url\":\"https:\\\/\\\/dijasporars.com\\\/\",\"name\":\"\u0420\u0435\u043f\u0443\u0431\u043b\u0438\u043a\u0430 \u0421\u0440\u043f\u0441\u043a\u0430 \u0438 \u0434\u0438\u0458\u0430\u0441\u043f\u043e\u0440\u0430\",\"description\":\"\",\"potentialAction\":[{\"@type\":\"SearchAction\",\"target\":{\"@type\":\"EntryPoint\",\"urlTemplate\":\"https:\\\/\\\/dijasporars.com\\\/?s={search_term_string}\"},\"query-input\":{\"@type\":\"PropertyValueSpecification\",\"valueRequired\":true,\"valueName\":\"search_term_string\"}}],\"inLanguage\":\"en-US\"},{\"@type\":\"Person\",\"@id\":\"https:\\\/\\\/dijasporars.com\\\/#\\\/schema\\\/person\\\/1dec0e3a93fda1a15e8ec16f596c615f\",\"name\":\"dijasporars\",\"image\":{\"@type\":\"ImageObject\",\"inLanguage\":\"en-US\",\"@id\":\"https:\\\/\\\/secure.gravatar.com\\\/avatar\\\/759212a69df0744fb2be03efd361239831e31095061dacc7496bdf8524e0daf7?s=96&d=mm&r=g\",\"url\":\"https:\\\/\\\/secure.gravatar.com\\\/avatar\\\/759212a69df0744fb2be03efd361239831e31095061dacc7496bdf8524e0daf7?s=96&d=mm&r=g\",\"contentUrl\":\"https:\\\/\\\/secure.gravatar.com\\\/avatar\\\/759212a69df0744fb2be03efd361239831e31095061dacc7496bdf8524e0daf7?s=96&d=mm&r=g\",\"caption\":\"dijasporars\"},\"url\":\"https:\\\/\\\/dijasporars.com\\\/en\\\/author\\\/dijasporars\\\/\"}]}<\/script>\n<!-- \/ Yoast SEO plugin. -->","yoast_head_json":{"title":"\u041c\u0438\u043b\u0438\u045b\u0435\u0432\u0438\u045b \u0443 \u043f\u043e\u0441\u0458\u0435\u0442\u0438 \u043f\u043e\u0440\u043e\u0434\u0438\u0446\u0430\u043c\u0430 \u043a\u043e\u0458\u0435 \u0441\u0443 \u0441\u0435 \u0432\u0440\u0430\u0442\u0438\u043b\u0435 \u0443 \u0421\u0440\u0431\u0438\u0458\u0443 \u0438\u0437 \u0434\u0438\u0458\u0430\u0441\u043f\u043e\u0440\u0435 - \u0420\u0435\u043f\u0443\u0431\u043b\u0438\u043a\u0430 \u0421\u0440\u043f\u0441\u043a\u0430 \u0438 \u0434\u0438\u0458\u0430\u0441\u043f\u043e\u0440\u0430","description":"Stranica za dijasporu RS, ovdje mo\u017eete prona\u0107i sve informacije, pomo\u0107 i savjete na jednom mjestu.","robots":{"index":"index","follow":"follow","max-snippet":"max-snippet:-1","max-image-preview":"max-image-preview:large","max-video-preview":"max-video-preview:-1"},"canonical":"https:\/\/dijasporars.com\/en\/milicevic-u-posjeti-porodicama-koje-su-se-vratile-u-srbiju-iz-dijaspore\/","og_locale":"en_US","og_type":"article","og_title":"\u041c\u0438\u043b\u0438\u045b\u0435\u0432\u0438\u045b \u0443 \u043f\u043e\u0441\u0458\u0435\u0442\u0438 \u043f\u043e\u0440\u043e\u0434\u0438\u0446\u0430\u043c\u0430 \u043a\u043e\u0458\u0435 \u0441\u0443 \u0441\u0435 \u0432\u0440\u0430\u0442\u0438\u043b\u0435 \u0443 \u0421\u0440\u0431\u0438\u0458\u0443 \u0438\u0437 \u0434\u0438\u0458\u0430\u0441\u043f\u043e\u0440\u0435 - \u0420\u0435\u043f\u0443\u0431\u043b\u0438\u043a\u0430 \u0421\u0440\u043f\u0441\u043a\u0430 \u0438 \u0434\u0438\u0458\u0430\u0441\u043f\u043e\u0440\u0430","og_description":"Stranica za dijasporu RS, ovdje mo\u017eete prona\u0107i sve informacije, pomo\u0107 i savjete na jednom mjestu.","og_url":"https:\/\/dijasporars.com\/en\/milicevic-u-posjeti-porodicama-koje-su-se-vratile-u-srbiju-iz-dijaspore\/","og_site_name":"\u0420\u0435\u043f\u0443\u0431\u043b\u0438\u043a\u0430 \u0421\u0440\u043f\u0441\u043a\u0430 \u0438 \u0434\u0438\u0458\u0430\u0441\u043f\u043e\u0440\u0430","article_published_time":"2026-08-12T12:48:25+00:00","article_modified_time":"2026-08-12T12:50:41+00:00","og_image":[{"width":904,"height":509,"url":"https:\/\/dijasporars.com\/wp-content\/uploads\/2026\/08\/904z509_Tan2026-08-1014363865_5.jpg","type":"image\/jpeg"}],"author":"dijasporars","twitter_card":"summary_large_image","twitter_misc":{"Written by":"dijasporars"},"schema":{"@context":"https:\/\/schema.org","@graph":[{"@type":"Article","@id":"https:\/\/dijasporars.com\/milicevic-u-posjeti-porodicama-koje-su-se-vratile-u-srbiju-iz-dijaspore\/#article","isPartOf":{"@id":"https:\/\/dijasporars.com\/milicevic-u-posjeti-porodicama-koje-su-se-vratile-u-srbiju-iz-dijaspore\/"},"author":{"name":"dijasporars","@id":"https:\/\/dijasporars.com\/#\/schema\/person\/1dec0e3a93fda1a15e8ec16f596c615f"},"headline":"\u041c\u0438\u043b\u0438\u045b\u0435\u0432\u0438\u045b \u0443 \u043f\u043e\u0441\u0458\u0435\u0442\u0438 \u043f\u043e\u0440\u043e\u0434\u0438\u0446\u0430\u043c\u0430 \u043a\u043e\u0458\u0435 \u0441\u0443 \u0441\u0435 \u0432\u0440\u0430\u0442\u0438\u043b\u0435 \u0443 \u0421\u0440\u0431\u0438\u0458\u0443 \u0438\u0437 \u0434\u0438\u0458\u0430\u0441\u043f\u043e\u0440\u0435","datePublished":"2026-08-12T12:48:25+00:00","dateModified":"2026-08-12T12:50:41+00:00","mainEntityOfPage":{"@id":"https:\/\/dijasporars.com\/milicevic-u-posjeti-porodicama-koje-su-se-vratile-u-srbiju-iz-dijaspore\/"},"wordCount":324,"image":{"@id":"https:\/\/dijasporars.com\/milicevic-u-posjeti-porodicama-koje-su-se-vratile-u-srbiju-iz-dijaspore\/#primaryimage"},"thumbnailUrl":"https:\/\/dijasporars.com\/wp-content\/uploads\/2026\/08\/904z509_Tan2026-08-1014363865_5.jpg","articleSection":["\u0412\u0438\u0458\u0435\u0441\u0442\u0438","\u0412\u0438\u0458\u0435\u0441\u0442\u0438 \u0438\u0437 \u0434\u0438\u0458\u0430\u0441\u043f\u043e\u0440\u0435","\u0412\u0438\u0458\u0435\u0441\u0442\u0438 \u0438\u0437 \u0420\u0435\u043f\u0443\u0431\u043b\u0438\u043a\u0435 \u0421\u0440\u043f\u0441\u043a\u0435"],"inLanguage":"en-US"},{"@type":"WebPage","@id":"https:\/\/dijasporars.com\/milicevic-u-posjeti-porodicama-koje-su-se-vratile-u-srbiju-iz-dijaspore\/","url":"https:\/\/dijasporars.com\/milicevic-u-posjeti-porodicama-koje-su-se-vratile-u-srbiju-iz-dijaspore\/","name":"\u041c\u0438\u043b\u0438\u045b\u0435\u0432\u0438\u045b \u0443 \u043f\u043e\u0441\u0458\u0435\u0442\u0438 \u043f\u043e\u0440\u043e\u0434\u0438\u0446\u0430\u043c\u0430 \u043a\u043e\u0458\u0435 \u0441\u0443 \u0441\u0435 \u0432\u0440\u0430\u0442\u0438\u043b\u0435 \u0443 \u0421\u0440\u0431\u0438\u0458\u0443 \u0438\u0437 \u0434\u0438\u0458\u0430\u0441\u043f\u043e\u0440\u0435 - \u0420\u0435\u043f\u0443\u0431\u043b\u0438\u043a\u0430 \u0421\u0440\u043f\u0441\u043a\u0430 \u0438 \u0434\u0438\u0458\u0430\u0441\u043f\u043e\u0440\u0430","isPartOf":{"@id":"https:\/\/dijasporars.com\/#website"},"primaryImageOfPage":{"@id":"https:\/\/dijasporars.com\/milicevic-u-posjeti-porodicama-koje-su-se-vratile-u-srbiju-iz-dijaspore\/#primaryimage"},"image":{"@id":"https:\/\/dijasporars.com\/milicevic-u-posjeti-porodicama-koje-su-se-vratile-u-srbiju-iz-dijaspore\/#primaryimage"},"thumbnailUrl":"https:\/\/dijasporars.com\/wp-content\/uploads\/2026\/08\/904z509_Tan2026-08-1014363865_5.jpg","datePublished":"2026-08-12T12:48:25+00:00","dateModified":"2026-08-12T12:50:41+00:00","author":{"@id":"https:\/\/dijasporars.com\/#\/schema\/person\/1dec0e3a93fda1a15e8ec16f596c615f"},"description":"Stranica za dijasporu RS, ovdje mo\u017eete prona\u0107i sve informacije, pomo\u0107 i savjete na jednom mjestu.","breadcrumb":{"@id":"https:\/\/dijasporars.com\/milicevic-u-posjeti-porodicama-koje-su-se-vratile-u-srbiju-iz-dijaspore\/#breadcrumb"},"inLanguage":"en-US","potentialAction":[{"@type":"ReadAction","target":["https:\/\/dijasporars.com\/milicevic-u-posjeti-porodicama-koje-su-se-vratile-u-srbiju-iz-dijaspore\/"]}]},{"@type":"ImageObject","inLanguage":"en-US","@id":"https:\/\/dijasporars.com\/milicevic-u-posjeti-porodicama-koje-su-se-vratile-u-srbiju-iz-dijaspore\/#primaryimage","url":"https:\/\/dijasporars.com\/wp-content\/uploads\/2026\/08\/904z509_Tan2026-08-1014363865_5.jpg","contentUrl":"https:\/\/dijasporars.com\/wp-content\/uploads\/2026\/08\/904z509_Tan2026-08-1014363865_5.jpg","width":904,"height":509},{"@type":"BreadcrumbList","@id":"https:\/\/dijasporars.com\/milicevic-u-posjeti-porodicama-koje-su-se-vratile-u-srbiju-iz-dijaspore\/#breadcrumb","itemListElement":[{"@type":"ListItem","position":1,"name":"\u041f\u043e\u0447\u0435\u0442\u043d\u0430","item":"https:\/\/dijasporars.com\/"},{"@type":"ListItem","position":2,"name":"\u041c\u0438\u043b\u0438\u045b\u0435\u0432\u0438\u045b \u0443 \u043f\u043e\u0441\u0458\u0435\u0442\u0438 \u043f\u043e\u0440\u043e\u0434\u0438\u0446\u0430\u043c\u0430 \u043a\u043e\u0458\u0435 \u0441\u0443 \u0441\u0435 \u0432\u0440\u0430\u0442\u0438\u043b\u0435 \u0443 \u0421\u0440\u0431\u0438\u0458\u0443 \u0438\u0437 \u0434\u0438\u0458\u0430\u0441\u043f\u043e\u0440\u0435"}]},{"@type":"WebSite","@id":"https:\/\/dijasporars.com\/#website","url":"https:\/\/dijasporars.com\/","name":"\u0420\u0435\u043f\u0443\u0431\u043b\u0438\u043a\u0430 \u0421\u0440\u043f\u0441\u043a\u0430 \u0438 \u0434\u0438\u0458\u0430\u0441\u043f\u043e\u0440\u0430","description":"","potentialAction":[{"@type":"SearchAction","target":{"@type":"EntryPoint","urlTemplate":"https:\/\/dijasporars.com\/?s={search_term_string}"},"query-input":{"@type":"PropertyValueSpecification","valueRequired":true,"valueName":"search_term_string"}}],"inLanguage":"en-US"},{"@type":"Person","@id":"https:\/\/dijasporars.com\/#\/schema\/person\/1dec0e3a93fda1a15e8ec16f596c615f","name":"dijasporars","image":{"@type":"ImageObject","inLanguage":"en-US","@id":"https:\/\/secure.gravatar.com\/avatar\/759212a69df0744fb2be03efd361239831e31095061dacc7496bdf8524e0daf7?s=96&d=mm&r=g","url":"https:\/\/secure.gravatar.com\/avatar\/759212a69df0744fb2be03efd361239831e31095061dacc7496bdf8524e0daf7?s=96&d=mm&r=g","contentUrl":"https:\/\/secure.gravatar.com\/avatar\/759212a69df0744fb2be03efd361239831e31095061dacc7496bdf8524e0daf7?s=96&d=mm&r=g","caption":"dijasporars"},"url":"https:\/\/dijasporars.com\/en\/author\/dijasporars\/"}]}},"_links":{"self":[{"href":"https:\/\/dijasporars.com\/en\/wp-json\/wp\/v2\/posts\/8813","targetHints":{"allow":["GET"]}}],"collection":[{"href":"https:\/\/dijasporars.com\/en\/wp-json\/wp\/v2\/posts"}],"about":[{"href":"https:\/\/dijasporars.com\/en\/wp-json\/wp\/v2\/types\/post"}],"author":[{"embeddable":true,"href":"https:\/\/dijasporars.com\/en\/wp-json\/wp\/v2\/users\/1"}],"replies":[{"embeddable":true,"href":"https:\/\/dijasporars.com\/en\/wp-json\/wp\/v2\/comments?post=8813"}],"version-history":[{"count":1,"href":"https:\/\/dijasporars.com\/en\/wp-json\/wp\/v2\/posts\/8813\/revisions"}],"predecessor-version":[{"id":8815,"href":"https:\/\/dijasporars.com\/en\/wp-json\/wp\/v2\/posts\/8813\/revisions\/8815"}],"wp:featuredmedia":[{"embeddable":true,"href":"https:\/\/dijasporars.com\/en\/wp-json\/wp\/v2\/media\/8814"}],"wp:attachment":[{"href":"https:\/\/dijasporars.com\/en\/wp-json\/wp\/v2\/media?parent=8813"}],"wp:term":[{"taxonomy":"category","embeddable":true,"href":"https:\/\/dijasporars.com\/en\/wp-json\/wp\/v2\/categories?post=8813"},{"taxonomy":"post_tag","embeddable":true,"href":"https:\/\/dijasporars.com\/en\/wp-json\/wp\/v2\/tags?post=8813"}],"curies":[{"name":"wp","href":"https:\/\/api.w.org\/{rel}","templated":true}]}}