{"id":8525,"date":"2026-04-30T11:37:03","date_gmt":"2026-04-30T09:37:03","guid":{"rendered":"https:\/\/dijasporars.com\/?p=8525"},"modified":"2026-04-30T13:24:52","modified_gmt":"2026-04-30T11:24:52","slug":"dani-semberije-u-austriji-otvaraju-vrata-domacim-privrednicima","status":"publish","type":"post","link":"https:\/\/dijasporars.com\/en\/dani-semberije-u-austriji-otvaraju-vrata-domacim-privrednicima\/","title":{"rendered":"Semberija Days in Austria Open Doors to Local Businesspeople"},"content":{"rendered":"<p>Representatives of the Bijeljina Regional Chamber of Commerce, local businesspeople and Republic of Srpska Representative Office in Austria met yesterday at the Bijeljina Cultural Center in order to strengthen international promotion of the Republic of Srpska\u2019s economy, with a special focus on Semberija.<\/p>\n<p>The main topic of discussion was the organization of the event Semberija Days in Austria, which should take place at the end of September in Vienna and Tulln. This event is an opportunity for Semberija businesspeople to enter foreign market and present their products, knowledge and innovations to the diaspora and potential partners.<\/p>\n<p>The Head of the Bijeljina Regional Unit at the Ministry of Agriculture, Water Management and Forestry of the Republic of Srpska, Zoran Maleti\u0107, said that the primary goal was to promote Semberija and create new business opportunities on the Austrian market. \u2018It is planned to hold the Semberija Days in Austria from 22 to 27 September for our businesspeople to have the opportunity to present themselves and their products, and cultural and artistic societies to present this region\u2019s tradition and culture. We want to expand the scope of cooperation, because although there is already a number of companies doing business with Austria, that number is still small compared to the potential we have,\u2019 Maleti\u0107 said.<\/p>\n<p>Head of the Republic of Srpska Representation in Austria, Mladen Filipovi\u0107, noted that the activities of that institution were primarily focused on supporting export by domestic companies. \u2018Our goal is to introduce businesspeople to the possibilities of cooperation with Austria, but also to connect the economy, culture and diaspora through events such as Semberija Days. We have already organized similar events such as Krajina Days and Herzegovina Days, and this concept has proven to be very successful,\u2019 said Filipovi\u0107.<\/p>\n<p>A special emphasis was placed on the Fit for Austria project, which has trained more than 100 companies from the Republic of Srpska for entering the Austrian market. According to Filipovi\u0107, as many as 80 percent of the participants established cooperation with Austrian partners at the first meeting. The interlocutors concluded that Semberija had significant potential, particularly in the food industry, and that there was a real chance to expand exports and attract investments from Austria. The organizers expect the upcoming activities to further connect businesspersons, but also strengthen ties with the large diaspora in that country.<\/p>\n<p>Source and photo: Info Bijeljina \u2013 bndan.com<\/p>\n<p>Photo: InfoBijeljina<\/p>","protected":false},"excerpt":{"rendered":"<p>Representatives of the Bijeljina Regional Chamber of Commerce, local businesspeople and Republic of Srpska Representative Office in Austria met yesterday at the Bijeljina Cultural Center in order to strengthen international promotion of the Republic of Srpska\u2019s economy, with a special focus on Semberija. The main topic of discussion was the organization of the event Semberija Days in Austria, which should take place at the end of September in<\/p>","protected":false},"author":1,"featured_media":8526,"comment_status":"closed","ping_status":"closed","sticky":false,"template":"","format":"standard","meta":{"footnotes":""},"categories":[52,77],"tags":[],"class_list":["post-8525","post","type-post","status-publish","format-standard","has-post-thumbnail","hentry","category-vijesti","category-vijesti-republika-srpska"],"yoast_head":"<!-- This site is optimized with the Yoast SEO plugin v24.6 - https:\/\/yoast.com\/wordpress\/plugins\/seo\/ -->\n<title>\u201e\u0414\u0430\u043d\u0438 \u0421\u0435\u043c\u0431\u0435\u0440\u0438\u0458\u0435 \u0443 \u0410\u0443\u0441\u0442\u0440\u0438\u0458\u0438\u201c \u043e\u0442\u0432\u0430\u0440\u0430\u0458\u0443 \u0432\u0440\u0430\u0442\u0430 \u0434\u043e\u043c\u0430\u045b\u0438\u043c \u043f\u0440\u0438\u0432\u0440\u0435\u0434\u043d\u0438\u0446\u0438\u043c\u0430 - \u0420\u0435\u043f\u0443\u0431\u043b\u0438\u043a\u0430 \u0421\u0440\u043f\u0441\u043a\u0430 \u0438 \u0434\u0438\u0458\u0430\u0441\u043f\u043e\u0440\u0430<\/title>\n<meta name=\"description\" content=\"Stranica za dijasporu RS, ovdje mo\u017eete prona\u0107i sve informacije, pomo\u0107 i savjete na jednom mjestu.\" \/>\n<meta name=\"robots\" content=\"index, follow, max-snippet:-1, max-image-preview:large, max-video-preview:-1\" \/>\n<link rel=\"canonical\" href=\"https:\/\/dijasporars.com\/en\/dani-semberije-u-austriji-otvaraju-vrata-domacim-privrednicima\/\" \/>\n<meta property=\"og:locale\" content=\"en_US\" \/>\n<meta property=\"og:type\" content=\"article\" \/>\n<meta property=\"og:title\" content=\"\u201e\u0414\u0430\u043d\u0438 \u0421\u0435\u043c\u0431\u0435\u0440\u0438\u0458\u0435 \u0443 \u0410\u0443\u0441\u0442\u0440\u0438\u0458\u0438\u201c \u043e\u0442\u0432\u0430\u0440\u0430\u0458\u0443 \u0432\u0440\u0430\u0442\u0430 \u0434\u043e\u043c\u0430\u045b\u0438\u043c \u043f\u0440\u0438\u0432\u0440\u0435\u0434\u043d\u0438\u0446\u0438\u043c\u0430 - \u0420\u0435\u043f\u0443\u0431\u043b\u0438\u043a\u0430 \u0421\u0440\u043f\u0441\u043a\u0430 \u0438 \u0434\u0438\u0458\u0430\u0441\u043f\u043e\u0440\u0430\" \/>\n<meta property=\"og:description\" content=\"Stranica za dijasporu RS, ovdje mo\u017eete prona\u0107i sve informacije, pomo\u0107 i savjete na jednom mjestu.\" \/>\n<meta property=\"og:url\" content=\"https:\/\/dijasporars.com\/en\/dani-semberije-u-austriji-otvaraju-vrata-domacim-privrednicima\/\" \/>\n<meta property=\"og:site_name\" content=\"\u0420\u0435\u043f\u0443\u0431\u043b\u0438\u043a\u0430 \u0421\u0440\u043f\u0441\u043a\u0430 \u0438 \u0434\u0438\u0458\u0430\u0441\u043f\u043e\u0440\u0430\" \/>\n<meta property=\"article:published_time\" content=\"2026-04-30T09:37:03+00:00\" \/>\n<meta property=\"article:modified_time\" content=\"2026-04-30T11:24:52+00:00\" \/>\n<meta property=\"og:image\" content=\"https:\/\/dijasporars.com\/wp-content\/uploads\/2026\/04\/\u0424\u043e\u0442\u043e-\u0418\u043d\u0444\u043e\u0411\u0438\u0458\u0435\u0459\u0438\u043d\u0430.jpg\" \/>\n\t<meta property=\"og:image:width\" content=\"800\" \/>\n\t<meta property=\"og:image:height\" content=\"533\" \/>\n\t<meta property=\"og:image:type\" content=\"image\/jpeg\" \/>\n<meta name=\"author\" content=\"dijasporars\" \/>\n<meta name=\"twitter:card\" content=\"summary_large_image\" \/>\n<meta name=\"twitter:label1\" content=\"Written by\" \/>\n\t<meta name=\"twitter:data1\" content=\"dijasporars\" \/>\n<script type=\"application\/ld+json\" class=\"yoast-schema-graph\">{\"@context\":\"https:\/\/schema.org\",\"@graph\":[{\"@type\":\"WebPage\",\"@id\":\"https:\/\/dijasporars.com\/dani-semberije-u-austriji-otvaraju-vrata-domacim-privrednicima\/\",\"url\":\"https:\/\/dijasporars.com\/dani-semberije-u-austriji-otvaraju-vrata-domacim-privrednicima\/\",\"name\":\"\u201e\u0414\u0430\u043d\u0438 \u0421\u0435\u043c\u0431\u0435\u0440\u0438\u0458\u0435 \u0443 \u0410\u0443\u0441\u0442\u0440\u0438\u0458\u0438\u201c \u043e\u0442\u0432\u0430\u0440\u0430\u0458\u0443 \u0432\u0440\u0430\u0442\u0430 \u0434\u043e\u043c\u0430\u045b\u0438\u043c \u043f\u0440\u0438\u0432\u0440\u0435\u0434\u043d\u0438\u0446\u0438\u043c\u0430 - \u0420\u0435\u043f\u0443\u0431\u043b\u0438\u043a\u0430 \u0421\u0440\u043f\u0441\u043a\u0430 \u0438 \u0434\u0438\u0458\u0430\u0441\u043f\u043e\u0440\u0430\",\"isPartOf\":{\"@id\":\"https:\/\/dijasporars.com\/#website\"},\"primaryImageOfPage\":{\"@id\":\"https:\/\/dijasporars.com\/dani-semberije-u-austriji-otvaraju-vrata-domacim-privrednicima\/#primaryimage\"},\"image\":{\"@id\":\"https:\/\/dijasporars.com\/dani-semberije-u-austriji-otvaraju-vrata-domacim-privrednicima\/#primaryimage\"},\"thumbnailUrl\":\"https:\/\/dijasporars.com\/wp-content\/uploads\/2026\/04\/\u0424\u043e\u0442\u043e-\u0418\u043d\u0444\u043e\u0411\u0438\u0458\u0435\u0459\u0438\u043d\u0430.jpg\",\"datePublished\":\"2026-04-30T09:37:03+00:00\",\"dateModified\":\"2026-04-30T11:24:52+00:00\",\"author\":{\"@id\":\"https:\/\/dijasporars.com\/#\/schema\/person\/f5052d53409aef50f7503bd1372c77ca\"},\"description\":\"Stranica za dijasporu RS, ovdje mo\u017eete prona\u0107i sve informacije, pomo\u0107 i savjete na jednom mjestu.\",\"breadcrumb\":{\"@id\":\"https:\/\/dijasporars.com\/dani-semberije-u-austriji-otvaraju-vrata-domacim-privrednicima\/#breadcrumb\"},\"inLanguage\":\"en-US\",\"potentialAction\":[{\"@type\":\"ReadAction\",\"target\":[\"https:\/\/dijasporars.com\/dani-semberije-u-austriji-otvaraju-vrata-domacim-privrednicima\/\"]}]},{\"@type\":\"ImageObject\",\"inLanguage\":\"en-US\",\"@id\":\"https:\/\/dijasporars.com\/dani-semberije-u-austriji-otvaraju-vrata-domacim-privrednicima\/#primaryimage\",\"url\":\"https:\/\/dijasporars.com\/wp-content\/uploads\/2026\/04\/\u0424\u043e\u0442\u043e-\u0418\u043d\u0444\u043e\u0411\u0438\u0458\u0435\u0459\u0438\u043d\u0430.jpg\",\"contentUrl\":\"https:\/\/dijasporars.com\/wp-content\/uploads\/2026\/04\/\u0424\u043e\u0442\u043e-\u0418\u043d\u0444\u043e\u0411\u0438\u0458\u0435\u0459\u0438\u043d\u0430.jpg\",\"width\":800,\"height\":533},{\"@type\":\"BreadcrumbList\",\"@id\":\"https:\/\/dijasporars.com\/dani-semberije-u-austriji-otvaraju-vrata-domacim-privrednicima\/#breadcrumb\",\"itemListElement\":[{\"@type\":\"ListItem\",\"position\":1,\"name\":\"\u041f\u043e\u0447\u0435\u0442\u043d\u0430\",\"item\":\"https:\/\/dijasporars.com\/\"},{\"@type\":\"ListItem\",\"position\":2,\"name\":\"\u201e\u0414\u0430\u043d\u0438 \u0421\u0435\u043c\u0431\u0435\u0440\u0438\u0458\u0435 \u0443 \u0410\u0443\u0441\u0442\u0440\u0438\u0458\u0438\u201c \u043e\u0442\u0432\u0430\u0440\u0430\u0458\u0443 \u0432\u0440\u0430\u0442\u0430 \u0434\u043e\u043c\u0430\u045b\u0438\u043c \u043f\u0440\u0438\u0432\u0440\u0435\u0434\u043d\u0438\u0446\u0438\u043c\u0430\"}]},{\"@type\":\"WebSite\",\"@id\":\"https:\/\/dijasporars.com\/#website\",\"url\":\"https:\/\/dijasporars.com\/\",\"name\":\"\u0420\u0435\u043f\u0443\u0431\u043b\u0438\u043a\u0430 \u0421\u0440\u043f\u0441\u043a\u0430 \u0438 \u0434\u0438\u0458\u0430\u0441\u043f\u043e\u0440\u0430\",\"description\":\"\",\"potentialAction\":[{\"@type\":\"SearchAction\",\"target\":{\"@type\":\"EntryPoint\",\"urlTemplate\":\"https:\/\/dijasporars.com\/?s={search_term_string}\"},\"query-input\":{\"@type\":\"PropertyValueSpecification\",\"valueRequired\":true,\"valueName\":\"search_term_string\"}}],\"inLanguage\":\"en-US\"},{\"@type\":\"Person\",\"@id\":\"https:\/\/dijasporars.com\/#\/schema\/person\/f5052d53409aef50f7503bd1372c77ca\",\"name\":\"dijasporars\",\"image\":{\"@type\":\"ImageObject\",\"inLanguage\":\"en-US\",\"@id\":\"https:\/\/dijasporars.com\/#\/schema\/person\/image\/\",\"url\":\"https:\/\/secure.gravatar.com\/avatar\/759212a69df0744fb2be03efd361239831e31095061dacc7496bdf8524e0daf7?s=96&d=mm&r=g\",\"contentUrl\":\"https:\/\/secure.gravatar.com\/avatar\/759212a69df0744fb2be03efd361239831e31095061dacc7496bdf8524e0daf7?s=96&d=mm&r=g\",\"caption\":\"dijasporars\"},\"url\":\"https:\/\/dijasporars.com\/en\/author\/dijasporars\/\"}]}<\/script>\n<!-- \/ Yoast SEO plugin. -->","yoast_head_json":{"title":"\u201e\u0414\u0430\u043d\u0438 \u0421\u0435\u043c\u0431\u0435\u0440\u0438\u0458\u0435 \u0443 \u0410\u0443\u0441\u0442\u0440\u0438\u0458\u0438\u201c \u043e\u0442\u0432\u0430\u0440\u0430\u0458\u0443 \u0432\u0440\u0430\u0442\u0430 \u0434\u043e\u043c\u0430\u045b\u0438\u043c \u043f\u0440\u0438\u0432\u0440\u0435\u0434\u043d\u0438\u0446\u0438\u043c\u0430 - \u0420\u0435\u043f\u0443\u0431\u043b\u0438\u043a\u0430 \u0421\u0440\u043f\u0441\u043a\u0430 \u0438 \u0434\u0438\u0458\u0430\u0441\u043f\u043e\u0440\u0430","description":"Stranica za dijasporu RS, ovdje mo\u017eete prona\u0107i sve informacije, pomo\u0107 i savjete na jednom mjestu.","robots":{"index":"index","follow":"follow","max-snippet":"max-snippet:-1","max-image-preview":"max-image-preview:large","max-video-preview":"max-video-preview:-1"},"canonical":"https:\/\/dijasporars.com\/en\/dani-semberije-u-austriji-otvaraju-vrata-domacim-privrednicima\/","og_locale":"en_US","og_type":"article","og_title":"\u201e\u0414\u0430\u043d\u0438 \u0421\u0435\u043c\u0431\u0435\u0440\u0438\u0458\u0435 \u0443 \u0410\u0443\u0441\u0442\u0440\u0438\u0458\u0438\u201c \u043e\u0442\u0432\u0430\u0440\u0430\u0458\u0443 \u0432\u0440\u0430\u0442\u0430 \u0434\u043e\u043c\u0430\u045b\u0438\u043c \u043f\u0440\u0438\u0432\u0440\u0435\u0434\u043d\u0438\u0446\u0438\u043c\u0430 - \u0420\u0435\u043f\u0443\u0431\u043b\u0438\u043a\u0430 \u0421\u0440\u043f\u0441\u043a\u0430 \u0438 \u0434\u0438\u0458\u0430\u0441\u043f\u043e\u0440\u0430","og_description":"Stranica za dijasporu RS, ovdje mo\u017eete prona\u0107i sve informacije, pomo\u0107 i savjete na jednom mjestu.","og_url":"https:\/\/dijasporars.com\/en\/dani-semberije-u-austriji-otvaraju-vrata-domacim-privrednicima\/","og_site_name":"\u0420\u0435\u043f\u0443\u0431\u043b\u0438\u043a\u0430 \u0421\u0440\u043f\u0441\u043a\u0430 \u0438 \u0434\u0438\u0458\u0430\u0441\u043f\u043e\u0440\u0430","article_published_time":"2026-04-30T09:37:03+00:00","article_modified_time":"2026-04-30T11:24:52+00:00","og_image":[{"width":800,"height":533,"url":"https:\/\/dijasporars.com\/wp-content\/uploads\/2026\/04\/\u0424\u043e\u0442\u043e-\u0418\u043d\u0444\u043e\u0411\u0438\u0458\u0435\u0459\u0438\u043d\u0430.jpg","type":"image\/jpeg"}],"author":"dijasporars","twitter_card":"summary_large_image","twitter_misc":{"Written by":"dijasporars"},"schema":{"@context":"https:\/\/schema.org","@graph":[{"@type":"WebPage","@id":"https:\/\/dijasporars.com\/dani-semberije-u-austriji-otvaraju-vrata-domacim-privrednicima\/","url":"https:\/\/dijasporars.com\/dani-semberije-u-austriji-otvaraju-vrata-domacim-privrednicima\/","name":"\u201e\u0414\u0430\u043d\u0438 \u0421\u0435\u043c\u0431\u0435\u0440\u0438\u0458\u0435 \u0443 \u0410\u0443\u0441\u0442\u0440\u0438\u0458\u0438\u201c \u043e\u0442\u0432\u0430\u0440\u0430\u0458\u0443 \u0432\u0440\u0430\u0442\u0430 \u0434\u043e\u043c\u0430\u045b\u0438\u043c \u043f\u0440\u0438\u0432\u0440\u0435\u0434\u043d\u0438\u0446\u0438\u043c\u0430 - \u0420\u0435\u043f\u0443\u0431\u043b\u0438\u043a\u0430 \u0421\u0440\u043f\u0441\u043a\u0430 \u0438 \u0434\u0438\u0458\u0430\u0441\u043f\u043e\u0440\u0430","isPartOf":{"@id":"https:\/\/dijasporars.com\/#website"},"primaryImageOfPage":{"@id":"https:\/\/dijasporars.com\/dani-semberije-u-austriji-otvaraju-vrata-domacim-privrednicima\/#primaryimage"},"image":{"@id":"https:\/\/dijasporars.com\/dani-semberije-u-austriji-otvaraju-vrata-domacim-privrednicima\/#primaryimage"},"thumbnailUrl":"https:\/\/dijasporars.com\/wp-content\/uploads\/2026\/04\/\u0424\u043e\u0442\u043e-\u0418\u043d\u0444\u043e\u0411\u0438\u0458\u0435\u0459\u0438\u043d\u0430.jpg","datePublished":"2026-04-30T09:37:03+00:00","dateModified":"2026-04-30T11:24:52+00:00","author":{"@id":"https:\/\/dijasporars.com\/#\/schema\/person\/f5052d53409aef50f7503bd1372c77ca"},"description":"Stranica za dijasporu RS, ovdje mo\u017eete prona\u0107i sve informacije, pomo\u0107 i savjete na jednom mjestu.","breadcrumb":{"@id":"https:\/\/dijasporars.com\/dani-semberije-u-austriji-otvaraju-vrata-domacim-privrednicima\/#breadcrumb"},"inLanguage":"en-US","potentialAction":[{"@type":"ReadAction","target":["https:\/\/dijasporars.com\/dani-semberije-u-austriji-otvaraju-vrata-domacim-privrednicima\/"]}]},{"@type":"ImageObject","inLanguage":"en-US","@id":"https:\/\/dijasporars.com\/dani-semberije-u-austriji-otvaraju-vrata-domacim-privrednicima\/#primaryimage","url":"https:\/\/dijasporars.com\/wp-content\/uploads\/2026\/04\/\u0424\u043e\u0442\u043e-\u0418\u043d\u0444\u043e\u0411\u0438\u0458\u0435\u0459\u0438\u043d\u0430.jpg","contentUrl":"https:\/\/dijasporars.com\/wp-content\/uploads\/2026\/04\/\u0424\u043e\u0442\u043e-\u0418\u043d\u0444\u043e\u0411\u0438\u0458\u0435\u0459\u0438\u043d\u0430.jpg","width":800,"height":533},{"@type":"BreadcrumbList","@id":"https:\/\/dijasporars.com\/dani-semberije-u-austriji-otvaraju-vrata-domacim-privrednicima\/#breadcrumb","itemListElement":[{"@type":"ListItem","position":1,"name":"\u041f\u043e\u0447\u0435\u0442\u043d\u0430","item":"https:\/\/dijasporars.com\/"},{"@type":"ListItem","position":2,"name":"\u201e\u0414\u0430\u043d\u0438 \u0421\u0435\u043c\u0431\u0435\u0440\u0438\u0458\u0435 \u0443 \u0410\u0443\u0441\u0442\u0440\u0438\u0458\u0438\u201c \u043e\u0442\u0432\u0430\u0440\u0430\u0458\u0443 \u0432\u0440\u0430\u0442\u0430 \u0434\u043e\u043c\u0430\u045b\u0438\u043c \u043f\u0440\u0438\u0432\u0440\u0435\u0434\u043d\u0438\u0446\u0438\u043c\u0430"}]},{"@type":"WebSite","@id":"https:\/\/dijasporars.com\/#website","url":"https:\/\/dijasporars.com\/","name":"\u0420\u0435\u043f\u0443\u0431\u043b\u0438\u043a\u0430 \u0421\u0440\u043f\u0441\u043a\u0430 \u0438 \u0434\u0438\u0458\u0430\u0441\u043f\u043e\u0440\u0430","description":"","potentialAction":[{"@type":"SearchAction","target":{"@type":"EntryPoint","urlTemplate":"https:\/\/dijasporars.com\/?s={search_term_string}"},"query-input":{"@type":"PropertyValueSpecification","valueRequired":true,"valueName":"search_term_string"}}],"inLanguage":"en-US"},{"@type":"Person","@id":"https:\/\/dijasporars.com\/#\/schema\/person\/f5052d53409aef50f7503bd1372c77ca","name":"dijasporars","image":{"@type":"ImageObject","inLanguage":"en-US","@id":"https:\/\/dijasporars.com\/#\/schema\/person\/image\/","url":"https:\/\/secure.gravatar.com\/avatar\/759212a69df0744fb2be03efd361239831e31095061dacc7496bdf8524e0daf7?s=96&d=mm&r=g","contentUrl":"https:\/\/secure.gravatar.com\/avatar\/759212a69df0744fb2be03efd361239831e31095061dacc7496bdf8524e0daf7?s=96&d=mm&r=g","caption":"dijasporars"},"url":"https:\/\/dijasporars.com\/en\/author\/dijasporars\/"}]}},"_links":{"self":[{"href":"https:\/\/dijasporars.com\/en\/wp-json\/wp\/v2\/posts\/8525","targetHints":{"allow":["GET"]}}],"collection":[{"href":"https:\/\/dijasporars.com\/en\/wp-json\/wp\/v2\/posts"}],"about":[{"href":"https:\/\/dijasporars.com\/en\/wp-json\/wp\/v2\/types\/post"}],"author":[{"embeddable":true,"href":"https:\/\/dijasporars.com\/en\/wp-json\/wp\/v2\/users\/1"}],"replies":[{"embeddable":true,"href":"https:\/\/dijasporars.com\/en\/wp-json\/wp\/v2\/comments?post=8525"}],"version-history":[{"count":1,"href":"https:\/\/dijasporars.com\/en\/wp-json\/wp\/v2\/posts\/8525\/revisions"}],"predecessor-version":[{"id":8527,"href":"https:\/\/dijasporars.com\/en\/wp-json\/wp\/v2\/posts\/8525\/revisions\/8527"}],"wp:featuredmedia":[{"embeddable":true,"href":"https:\/\/dijasporars.com\/en\/wp-json\/wp\/v2\/media\/8526"}],"wp:attachment":[{"href":"https:\/\/dijasporars.com\/en\/wp-json\/wp\/v2\/media?parent=8525"}],"wp:term":[{"taxonomy":"category","embeddable":true,"href":"https:\/\/dijasporars.com\/en\/wp-json\/wp\/v2\/categories?post=8525"},{"taxonomy":"post_tag","embeddable":true,"href":"https:\/\/dijasporars.com\/en\/wp-json\/wp\/v2\/tags?post=8525"}],"curies":[{"name":"wp","href":"https:\/\/api.w.org\/{rel}","templated":true}]}}