{"id":8522,"date":"2026-04-28T11:06:56","date_gmt":"2026-04-28T09:06:56","guid":{"rendered":"https:\/\/dijasporars.com\/?p=8522"},"modified":"2026-04-28T11:07:21","modified_gmt":"2026-04-28T09:07:21","slug":"karavan-kulture-put-srpske-bastine-kroz-evropu","status":"publish","type":"post","link":"https:\/\/dijasporars.com\/en\/karavan-kulture-put-srpske-bastine-kroz-evropu\/","title":{"rendered":"Culture Caravan \u2013 Serbian Heritage Journey through Europe"},"content":{"rendered":"<p>The Caravan of Culture set off from Belgrade on its journey to Europe led by music professor Petar Gojkovi\u0107 from Paris. The Culture Caravan travels to European cities carrying Serbian poetry, music and art. This unique cultural project connects the Serbian diaspora, artists and intellectuals in the mission of preserving and promoting Serbian heritage, and its frequent guests are precisely the residents of those European countries, who have the opportunity to meet the excellent artists of Serbia.<\/p>\n<p>The traveling festival passes through many centers of the Serbian diaspora and Serbian communities. This time the Caravan will be in the German city of Heilbronn for two days, then in Brunnen, Lucerne and Zurich in Switzerland, and then in Trieste, Italy. Over the years, the Caravan has toured many European cities, each time bringing to its feet the audience who always requested new musical numbers as an encore and admired Serbian culture, art and tradition.<\/p>\n<p>The program includes literary evenings, musical performances, exhibitions and lectures, connecting generations through a common heritage.<\/p>\n<p>The first stop is the German city of Heilbronn, where, in addition to our citizens, the Caravan will be welcomed by representatives of many German organizations and the city, as well as representatives of the Consulates General of the Republic of Serbia and Bosnia and Herzegovina in Stuttgart. From Germany, the Caravan will travel to Switzerland, to Brunnen, then to Lucerne, and have a special program in a church in Zurich. After the concert in Trieste, at the Orthodox Church, the Caravan will return to Serbia on 29 April.<\/p>\n<p>The organizer is the Mondo Cult association, and the co-organizer is the Union of Serbs in France 1912.<\/p>\n<p>Source and photo: Rasejanje.info<\/p>","protected":false},"excerpt":{"rendered":"<p>The Caravan of Culture set off from Belgrade on its journey to Europe led by music professor Petar Gojkovi\u0107 from Paris. The Culture Caravan travels to European cities carrying Serbian poetry, music and art. This unique cultural project connects the Serbian diaspora, artists and intellectuals in the mission of preserving and promoting Serbian heritage, and its frequent guests are precisely the residents of those European countries, who have<\/p>","protected":false},"author":1,"featured_media":8523,"comment_status":"closed","ping_status":"closed","sticky":false,"template":"","format":"standard","meta":{"footnotes":""},"categories":[52,76],"tags":[],"class_list":["post-8522","post","type-post","status-publish","format-standard","has-post-thumbnail","hentry","category-vijesti","category-vijesti-dijaspora"],"yoast_head":"<!-- This site is optimized with the Yoast SEO plugin v24.6 - https:\/\/yoast.com\/wordpress\/plugins\/seo\/ -->\n<title>\u201e\u041a\u0430\u0440\u0430\u0432\u0430\u043d \u043a\u0443\u043b\u0442\u0443\u0440\u0435\u201c \u2013 \u043f\u0443\u0442 \u0441\u0440\u043f\u0441\u043a\u0435 \u0431\u0430\u0448\u0442\u0438\u043d\u0435 \u043a\u0440\u043e\u0437 \u0415\u0432\u0440\u043e\u043f\u0443 - \u0420\u0435\u043f\u0443\u0431\u043b\u0438\u043a\u0430 \u0421\u0440\u043f\u0441\u043a\u0430 \u0438 \u0434\u0438\u0458\u0430\u0441\u043f\u043e\u0440\u0430<\/title>\n<meta name=\"description\" content=\"Stranica za dijasporu RS, ovdje mo\u017eete prona\u0107i sve informacije, pomo\u0107 i savjete na jednom mjestu.\" \/>\n<meta name=\"robots\" content=\"index, follow, max-snippet:-1, max-image-preview:large, max-video-preview:-1\" \/>\n<link rel=\"canonical\" href=\"https:\/\/dijasporars.com\/en\/karavan-kulture-put-srpske-bastine-kroz-evropu\/\" \/>\n<meta property=\"og:locale\" content=\"en_US\" \/>\n<meta property=\"og:type\" content=\"article\" \/>\n<meta property=\"og:title\" content=\"\u201e\u041a\u0430\u0440\u0430\u0432\u0430\u043d \u043a\u0443\u043b\u0442\u0443\u0440\u0435\u201c \u2013 \u043f\u0443\u0442 \u0441\u0440\u043f\u0441\u043a\u0435 \u0431\u0430\u0448\u0442\u0438\u043d\u0435 \u043a\u0440\u043e\u0437 \u0415\u0432\u0440\u043e\u043f\u0443 - \u0420\u0435\u043f\u0443\u0431\u043b\u0438\u043a\u0430 \u0421\u0440\u043f\u0441\u043a\u0430 \u0438 \u0434\u0438\u0458\u0430\u0441\u043f\u043e\u0440\u0430\" \/>\n<meta property=\"og:description\" content=\"Stranica za dijasporu RS, ovdje mo\u017eete prona\u0107i sve informacije, pomo\u0107 i savjete na jednom mjestu.\" \/>\n<meta property=\"og:url\" content=\"https:\/\/dijasporars.com\/en\/karavan-kulture-put-srpske-bastine-kroz-evropu\/\" \/>\n<meta property=\"og:site_name\" content=\"\u0420\u0435\u043f\u0443\u0431\u043b\u0438\u043a\u0430 \u0421\u0440\u043f\u0441\u043a\u0430 \u0438 \u0434\u0438\u0458\u0430\u0441\u043f\u043e\u0440\u0430\" \/>\n<meta property=\"article:published_time\" content=\"2026-04-28T09:06:56+00:00\" \/>\n<meta property=\"article:modified_time\" content=\"2026-04-28T09:07:21+00:00\" \/>\n<meta property=\"og:image\" content=\"https:\/\/dijasporars.com\/wp-content\/uploads\/2026\/04\/\u0424\u043e\u0442\u043e-\u0420\u0430\u0441\u0435\u0458\u0430\u045a\u0435-\u0438\u043d\u0444\u043e.jpg\" \/>\n\t<meta property=\"og:image:width\" content=\"640\" \/>\n\t<meta property=\"og:image:height\" content=\"905\" \/>\n\t<meta property=\"og:image:type\" content=\"image\/jpeg\" \/>\n<meta name=\"author\" content=\"dijasporars\" \/>\n<meta name=\"twitter:card\" content=\"summary_large_image\" \/>\n<meta name=\"twitter:label1\" content=\"Written by\" \/>\n\t<meta name=\"twitter:data1\" content=\"dijasporars\" \/>\n<script type=\"application\/ld+json\" class=\"yoast-schema-graph\">{\"@context\":\"https:\/\/schema.org\",\"@graph\":[{\"@type\":\"WebPage\",\"@id\":\"https:\/\/dijasporars.com\/karavan-kulture-put-srpske-bastine-kroz-evropu\/\",\"url\":\"https:\/\/dijasporars.com\/karavan-kulture-put-srpske-bastine-kroz-evropu\/\",\"name\":\"\u201e\u041a\u0430\u0440\u0430\u0432\u0430\u043d \u043a\u0443\u043b\u0442\u0443\u0440\u0435\u201c \u2013 \u043f\u0443\u0442 \u0441\u0440\u043f\u0441\u043a\u0435 \u0431\u0430\u0448\u0442\u0438\u043d\u0435 \u043a\u0440\u043e\u0437 \u0415\u0432\u0440\u043e\u043f\u0443 - \u0420\u0435\u043f\u0443\u0431\u043b\u0438\u043a\u0430 \u0421\u0440\u043f\u0441\u043a\u0430 \u0438 \u0434\u0438\u0458\u0430\u0441\u043f\u043e\u0440\u0430\",\"isPartOf\":{\"@id\":\"https:\/\/dijasporars.com\/#website\"},\"primaryImageOfPage\":{\"@id\":\"https:\/\/dijasporars.com\/karavan-kulture-put-srpske-bastine-kroz-evropu\/#primaryimage\"},\"image\":{\"@id\":\"https:\/\/dijasporars.com\/karavan-kulture-put-srpske-bastine-kroz-evropu\/#primaryimage\"},\"thumbnailUrl\":\"https:\/\/dijasporars.com\/wp-content\/uploads\/2026\/04\/\u0424\u043e\u0442\u043e-\u0420\u0430\u0441\u0435\u0458\u0430\u045a\u0435-\u0438\u043d\u0444\u043e.jpg\",\"datePublished\":\"2026-04-28T09:06:56+00:00\",\"dateModified\":\"2026-04-28T09:07:21+00:00\",\"author\":{\"@id\":\"https:\/\/dijasporars.com\/#\/schema\/person\/f5052d53409aef50f7503bd1372c77ca\"},\"description\":\"Stranica za dijasporu RS, ovdje mo\u017eete prona\u0107i sve informacije, pomo\u0107 i savjete na jednom mjestu.\",\"breadcrumb\":{\"@id\":\"https:\/\/dijasporars.com\/karavan-kulture-put-srpske-bastine-kroz-evropu\/#breadcrumb\"},\"inLanguage\":\"en-US\",\"potentialAction\":[{\"@type\":\"ReadAction\",\"target\":[\"https:\/\/dijasporars.com\/karavan-kulture-put-srpske-bastine-kroz-evropu\/\"]}]},{\"@type\":\"ImageObject\",\"inLanguage\":\"en-US\",\"@id\":\"https:\/\/dijasporars.com\/karavan-kulture-put-srpske-bastine-kroz-evropu\/#primaryimage\",\"url\":\"https:\/\/dijasporars.com\/wp-content\/uploads\/2026\/04\/\u0424\u043e\u0442\u043e-\u0420\u0430\u0441\u0435\u0458\u0430\u045a\u0435-\u0438\u043d\u0444\u043e.jpg\",\"contentUrl\":\"https:\/\/dijasporars.com\/wp-content\/uploads\/2026\/04\/\u0424\u043e\u0442\u043e-\u0420\u0430\u0441\u0435\u0458\u0430\u045a\u0435-\u0438\u043d\u0444\u043e.jpg\",\"width\":640,\"height\":905},{\"@type\":\"BreadcrumbList\",\"@id\":\"https:\/\/dijasporars.com\/karavan-kulture-put-srpske-bastine-kroz-evropu\/#breadcrumb\",\"itemListElement\":[{\"@type\":\"ListItem\",\"position\":1,\"name\":\"\u041f\u043e\u0447\u0435\u0442\u043d\u0430\",\"item\":\"https:\/\/dijasporars.com\/\"},{\"@type\":\"ListItem\",\"position\":2,\"name\":\"\u201e\u041a\u0430\u0440\u0430\u0432\u0430\u043d \u043a\u0443\u043b\u0442\u0443\u0440\u0435\u201c \u2013 \u043f\u0443\u0442 \u0441\u0440\u043f\u0441\u043a\u0435 \u0431\u0430\u0448\u0442\u0438\u043d\u0435 \u043a\u0440\u043e\u0437 \u0415\u0432\u0440\u043e\u043f\u0443\"}]},{\"@type\":\"WebSite\",\"@id\":\"https:\/\/dijasporars.com\/#website\",\"url\":\"https:\/\/dijasporars.com\/\",\"name\":\"\u0420\u0435\u043f\u0443\u0431\u043b\u0438\u043a\u0430 \u0421\u0440\u043f\u0441\u043a\u0430 \u0438 \u0434\u0438\u0458\u0430\u0441\u043f\u043e\u0440\u0430\",\"description\":\"\",\"potentialAction\":[{\"@type\":\"SearchAction\",\"target\":{\"@type\":\"EntryPoint\",\"urlTemplate\":\"https:\/\/dijasporars.com\/?s={search_term_string}\"},\"query-input\":{\"@type\":\"PropertyValueSpecification\",\"valueRequired\":true,\"valueName\":\"search_term_string\"}}],\"inLanguage\":\"en-US\"},{\"@type\":\"Person\",\"@id\":\"https:\/\/dijasporars.com\/#\/schema\/person\/f5052d53409aef50f7503bd1372c77ca\",\"name\":\"dijasporars\",\"image\":{\"@type\":\"ImageObject\",\"inLanguage\":\"en-US\",\"@id\":\"https:\/\/dijasporars.com\/#\/schema\/person\/image\/\",\"url\":\"https:\/\/secure.gravatar.com\/avatar\/759212a69df0744fb2be03efd361239831e31095061dacc7496bdf8524e0daf7?s=96&d=mm&r=g\",\"contentUrl\":\"https:\/\/secure.gravatar.com\/avatar\/759212a69df0744fb2be03efd361239831e31095061dacc7496bdf8524e0daf7?s=96&d=mm&r=g\",\"caption\":\"dijasporars\"},\"url\":\"https:\/\/dijasporars.com\/en\/author\/dijasporars\/\"}]}<\/script>\n<!-- \/ Yoast SEO plugin. -->","yoast_head_json":{"title":"\u201e\u041a\u0430\u0440\u0430\u0432\u0430\u043d \u043a\u0443\u043b\u0442\u0443\u0440\u0435\u201c \u2013 \u043f\u0443\u0442 \u0441\u0440\u043f\u0441\u043a\u0435 \u0431\u0430\u0448\u0442\u0438\u043d\u0435 \u043a\u0440\u043e\u0437 \u0415\u0432\u0440\u043e\u043f\u0443 - \u0420\u0435\u043f\u0443\u0431\u043b\u0438\u043a\u0430 \u0421\u0440\u043f\u0441\u043a\u0430 \u0438 \u0434\u0438\u0458\u0430\u0441\u043f\u043e\u0440\u0430","description":"Stranica za dijasporu RS, ovdje mo\u017eete prona\u0107i sve informacije, pomo\u0107 i savjete na jednom mjestu.","robots":{"index":"index","follow":"follow","max-snippet":"max-snippet:-1","max-image-preview":"max-image-preview:large","max-video-preview":"max-video-preview:-1"},"canonical":"https:\/\/dijasporars.com\/en\/karavan-kulture-put-srpske-bastine-kroz-evropu\/","og_locale":"en_US","og_type":"article","og_title":"\u201e\u041a\u0430\u0440\u0430\u0432\u0430\u043d \u043a\u0443\u043b\u0442\u0443\u0440\u0435\u201c \u2013 \u043f\u0443\u0442 \u0441\u0440\u043f\u0441\u043a\u0435 \u0431\u0430\u0448\u0442\u0438\u043d\u0435 \u043a\u0440\u043e\u0437 \u0415\u0432\u0440\u043e\u043f\u0443 - \u0420\u0435\u043f\u0443\u0431\u043b\u0438\u043a\u0430 \u0421\u0440\u043f\u0441\u043a\u0430 \u0438 \u0434\u0438\u0458\u0430\u0441\u043f\u043e\u0440\u0430","og_description":"Stranica za dijasporu RS, ovdje mo\u017eete prona\u0107i sve informacije, pomo\u0107 i savjete na jednom mjestu.","og_url":"https:\/\/dijasporars.com\/en\/karavan-kulture-put-srpske-bastine-kroz-evropu\/","og_site_name":"\u0420\u0435\u043f\u0443\u0431\u043b\u0438\u043a\u0430 \u0421\u0440\u043f\u0441\u043a\u0430 \u0438 \u0434\u0438\u0458\u0430\u0441\u043f\u043e\u0440\u0430","article_published_time":"2026-04-28T09:06:56+00:00","article_modified_time":"2026-04-28T09:07:21+00:00","og_image":[{"width":640,"height":905,"url":"https:\/\/dijasporars.com\/wp-content\/uploads\/2026\/04\/\u0424\u043e\u0442\u043e-\u0420\u0430\u0441\u0435\u0458\u0430\u045a\u0435-\u0438\u043d\u0444\u043e.jpg","type":"image\/jpeg"}],"author":"dijasporars","twitter_card":"summary_large_image","twitter_misc":{"Written by":"dijasporars"},"schema":{"@context":"https:\/\/schema.org","@graph":[{"@type":"WebPage","@id":"https:\/\/dijasporars.com\/karavan-kulture-put-srpske-bastine-kroz-evropu\/","url":"https:\/\/dijasporars.com\/karavan-kulture-put-srpske-bastine-kroz-evropu\/","name":"\u201e\u041a\u0430\u0440\u0430\u0432\u0430\u043d \u043a\u0443\u043b\u0442\u0443\u0440\u0435\u201c \u2013 \u043f\u0443\u0442 \u0441\u0440\u043f\u0441\u043a\u0435 \u0431\u0430\u0448\u0442\u0438\u043d\u0435 \u043a\u0440\u043e\u0437 \u0415\u0432\u0440\u043e\u043f\u0443 - \u0420\u0435\u043f\u0443\u0431\u043b\u0438\u043a\u0430 \u0421\u0440\u043f\u0441\u043a\u0430 \u0438 \u0434\u0438\u0458\u0430\u0441\u043f\u043e\u0440\u0430","isPartOf":{"@id":"https:\/\/dijasporars.com\/#website"},"primaryImageOfPage":{"@id":"https:\/\/dijasporars.com\/karavan-kulture-put-srpske-bastine-kroz-evropu\/#primaryimage"},"image":{"@id":"https:\/\/dijasporars.com\/karavan-kulture-put-srpske-bastine-kroz-evropu\/#primaryimage"},"thumbnailUrl":"https:\/\/dijasporars.com\/wp-content\/uploads\/2026\/04\/\u0424\u043e\u0442\u043e-\u0420\u0430\u0441\u0435\u0458\u0430\u045a\u0435-\u0438\u043d\u0444\u043e.jpg","datePublished":"2026-04-28T09:06:56+00:00","dateModified":"2026-04-28T09:07:21+00:00","author":{"@id":"https:\/\/dijasporars.com\/#\/schema\/person\/f5052d53409aef50f7503bd1372c77ca"},"description":"Stranica za dijasporu RS, ovdje mo\u017eete prona\u0107i sve informacije, pomo\u0107 i savjete na jednom mjestu.","breadcrumb":{"@id":"https:\/\/dijasporars.com\/karavan-kulture-put-srpske-bastine-kroz-evropu\/#breadcrumb"},"inLanguage":"en-US","potentialAction":[{"@type":"ReadAction","target":["https:\/\/dijasporars.com\/karavan-kulture-put-srpske-bastine-kroz-evropu\/"]}]},{"@type":"ImageObject","inLanguage":"en-US","@id":"https:\/\/dijasporars.com\/karavan-kulture-put-srpske-bastine-kroz-evropu\/#primaryimage","url":"https:\/\/dijasporars.com\/wp-content\/uploads\/2026\/04\/\u0424\u043e\u0442\u043e-\u0420\u0430\u0441\u0435\u0458\u0430\u045a\u0435-\u0438\u043d\u0444\u043e.jpg","contentUrl":"https:\/\/dijasporars.com\/wp-content\/uploads\/2026\/04\/\u0424\u043e\u0442\u043e-\u0420\u0430\u0441\u0435\u0458\u0430\u045a\u0435-\u0438\u043d\u0444\u043e.jpg","width":640,"height":905},{"@type":"BreadcrumbList","@id":"https:\/\/dijasporars.com\/karavan-kulture-put-srpske-bastine-kroz-evropu\/#breadcrumb","itemListElement":[{"@type":"ListItem","position":1,"name":"\u041f\u043e\u0447\u0435\u0442\u043d\u0430","item":"https:\/\/dijasporars.com\/"},{"@type":"ListItem","position":2,"name":"\u201e\u041a\u0430\u0440\u0430\u0432\u0430\u043d \u043a\u0443\u043b\u0442\u0443\u0440\u0435\u201c \u2013 \u043f\u0443\u0442 \u0441\u0440\u043f\u0441\u043a\u0435 \u0431\u0430\u0448\u0442\u0438\u043d\u0435 \u043a\u0440\u043e\u0437 \u0415\u0432\u0440\u043e\u043f\u0443"}]},{"@type":"WebSite","@id":"https:\/\/dijasporars.com\/#website","url":"https:\/\/dijasporars.com\/","name":"\u0420\u0435\u043f\u0443\u0431\u043b\u0438\u043a\u0430 \u0421\u0440\u043f\u0441\u043a\u0430 \u0438 \u0434\u0438\u0458\u0430\u0441\u043f\u043e\u0440\u0430","description":"","potentialAction":[{"@type":"SearchAction","target":{"@type":"EntryPoint","urlTemplate":"https:\/\/dijasporars.com\/?s={search_term_string}"},"query-input":{"@type":"PropertyValueSpecification","valueRequired":true,"valueName":"search_term_string"}}],"inLanguage":"en-US"},{"@type":"Person","@id":"https:\/\/dijasporars.com\/#\/schema\/person\/f5052d53409aef50f7503bd1372c77ca","name":"dijasporars","image":{"@type":"ImageObject","inLanguage":"en-US","@id":"https:\/\/dijasporars.com\/#\/schema\/person\/image\/","url":"https:\/\/secure.gravatar.com\/avatar\/759212a69df0744fb2be03efd361239831e31095061dacc7496bdf8524e0daf7?s=96&d=mm&r=g","contentUrl":"https:\/\/secure.gravatar.com\/avatar\/759212a69df0744fb2be03efd361239831e31095061dacc7496bdf8524e0daf7?s=96&d=mm&r=g","caption":"dijasporars"},"url":"https:\/\/dijasporars.com\/en\/author\/dijasporars\/"}]}},"_links":{"self":[{"href":"https:\/\/dijasporars.com\/en\/wp-json\/wp\/v2\/posts\/8522","targetHints":{"allow":["GET"]}}],"collection":[{"href":"https:\/\/dijasporars.com\/en\/wp-json\/wp\/v2\/posts"}],"about":[{"href":"https:\/\/dijasporars.com\/en\/wp-json\/wp\/v2\/types\/post"}],"author":[{"embeddable":true,"href":"https:\/\/dijasporars.com\/en\/wp-json\/wp\/v2\/users\/1"}],"replies":[{"embeddable":true,"href":"https:\/\/dijasporars.com\/en\/wp-json\/wp\/v2\/comments?post=8522"}],"version-history":[{"count":1,"href":"https:\/\/dijasporars.com\/en\/wp-json\/wp\/v2\/posts\/8522\/revisions"}],"predecessor-version":[{"id":8524,"href":"https:\/\/dijasporars.com\/en\/wp-json\/wp\/v2\/posts\/8522\/revisions\/8524"}],"wp:featuredmedia":[{"embeddable":true,"href":"https:\/\/dijasporars.com\/en\/wp-json\/wp\/v2\/media\/8523"}],"wp:attachment":[{"href":"https:\/\/dijasporars.com\/en\/wp-json\/wp\/v2\/media?parent=8522"}],"wp:term":[{"taxonomy":"category","embeddable":true,"href":"https:\/\/dijasporars.com\/en\/wp-json\/wp\/v2\/categories?post=8522"},{"taxonomy":"post_tag","embeddable":true,"href":"https:\/\/dijasporars.com\/en\/wp-json\/wp\/v2\/tags?post=8522"}],"curies":[{"name":"wp","href":"https:\/\/api.w.org\/{rel}","templated":true}]}}