{"id":8518,"date":"2026-04-27T11:32:22","date_gmt":"2026-04-27T09:32:22","guid":{"rendered":"https:\/\/dijasporars.com\/?p=8518"},"modified":"2026-04-27T11:34:26","modified_gmt":"2026-04-27T09:34:26","slug":"sastanak-sefa-predstavnistva-u-austriji-sa-delegacijom-irbrs","status":"publish","type":"post","link":"https:\/\/dijasporars.com\/en\/sastanak-sefa-predstavnistva-u-austriji-sa-delegacijom-irbrs\/","title":{"rendered":"Meeting of Representation Head with IDBRS Delegation"},"content":{"rendered":"<p>A delegation of the Investment Development Bank of the Republic of Srpska, led by Acting Director Nedeljko \u0106ori\u0107, paid a three-day visit to Vienna, during which it visited the Republic of Srpska Representative Office in Austria.<\/p>\n<p>The purpose of the visit was to strengthen cooperation with international financial institutions and companies, and to present the investment potential and projects of the Republic of Srpska to interested partners. With the support of the Representation, a series of meetings were organized with relevant actors from the financial and economic sectors, as well as meetings with diaspora representatives.<\/p>\n<p>Discussions during the visit covered opportunities for improving cooperation in the field of financing development projects, supporting the economy and attracting new investments, as well as exchanging experiences and good practices.<\/p>\n<p>This visit is part of the ongoing IDBRS activities aimed at strengthening international ties and creating new opportunities for the economic development of the Republic of Srpska.<\/p>\n<p>Source and photo: Republic of Srpska Representative Office in the Republic of Austria<\/p>","protected":false},"excerpt":{"rendered":"<p>A delegation of the Investment Development Bank of the Republic of Srpska, led by Acting Director Nedeljko \u0106ori\u0107, paid a three-day visit to Vienna, during which it visited the Republic of Srpska Representative Office in Austria. The purpose of the visit was to strengthen cooperation with international financial institutions and companies, and to present the investment potential and projects of the Republic of Srpska to interested partners. With the support of the Representation, a series of meetings were organized<\/p>","protected":false},"author":1,"featured_media":8519,"comment_status":"closed","ping_status":"closed","sticky":false,"template":"","format":"standard","meta":{"footnotes":""},"categories":[52,76],"tags":[],"class_list":["post-8518","post","type-post","status-publish","format-standard","has-post-thumbnail","hentry","category-vijesti","category-vijesti-dijaspora"],"yoast_head":"<!-- This site is optimized with the Yoast SEO plugin v24.6 - https:\/\/yoast.com\/wordpress\/plugins\/seo\/ -->\n<title>\u0421\u0430\u0441\u0442\u0430\u043d\u0430\u043a \u0448\u0435\u0444\u0430 \u041f\u0440\u0435\u0434\u0441\u0442\u0430\u0432\u043d\u0438\u0448\u0442\u0432\u0430 \u0441\u0430 \u0434\u0435\u043b\u0435\u0433\u0430\u0446\u0438\u0458\u043e\u043c \u0418\u0420\u0411\u0420\u0421 - \u0420\u0435\u043f\u0443\u0431\u043b\u0438\u043a\u0430 \u0421\u0440\u043f\u0441\u043a\u0430 \u0438 \u0434\u0438\u0458\u0430\u0441\u043f\u043e\u0440\u0430<\/title>\n<meta name=\"description\" content=\"Stranica za dijasporu RS, ovdje mo\u017eete prona\u0107i sve informacije, pomo\u0107 i savjete na jednom mjestu.\" \/>\n<meta name=\"robots\" content=\"index, follow, max-snippet:-1, max-image-preview:large, max-video-preview:-1\" \/>\n<link rel=\"canonical\" href=\"https:\/\/dijasporars.com\/en\/sastanak-sefa-predstavnistva-u-austriji-sa-delegacijom-irbrs\/\" \/>\n<meta property=\"og:locale\" content=\"en_US\" \/>\n<meta property=\"og:type\" content=\"article\" \/>\n<meta property=\"og:title\" content=\"\u0421\u0430\u0441\u0442\u0430\u043d\u0430\u043a \u0448\u0435\u0444\u0430 \u041f\u0440\u0435\u0434\u0441\u0442\u0430\u0432\u043d\u0438\u0448\u0442\u0432\u0430 \u0441\u0430 \u0434\u0435\u043b\u0435\u0433\u0430\u0446\u0438\u0458\u043e\u043c \u0418\u0420\u0411\u0420\u0421 - \u0420\u0435\u043f\u0443\u0431\u043b\u0438\u043a\u0430 \u0421\u0440\u043f\u0441\u043a\u0430 \u0438 \u0434\u0438\u0458\u0430\u0441\u043f\u043e\u0440\u0430\" \/>\n<meta property=\"og:description\" content=\"Stranica za dijasporu RS, ovdje mo\u017eete prona\u0107i sve informacije, pomo\u0107 i savjete na jednom mjestu.\" \/>\n<meta property=\"og:url\" content=\"https:\/\/dijasporars.com\/en\/sastanak-sefa-predstavnistva-u-austriji-sa-delegacijom-irbrs\/\" \/>\n<meta property=\"og:site_name\" content=\"\u0420\u0435\u043f\u0443\u0431\u043b\u0438\u043a\u0430 \u0421\u0440\u043f\u0441\u043a\u0430 \u0438 \u0434\u0438\u0458\u0430\u0441\u043f\u043e\u0440\u0430\" \/>\n<meta property=\"article:published_time\" content=\"2026-04-27T09:32:22+00:00\" \/>\n<meta property=\"article:modified_time\" content=\"2026-04-27T09:34:26+00:00\" \/>\n<meta property=\"og:image\" content=\"https:\/\/dijasporars.com\/wp-content\/uploads\/2026\/04\/\u0424\u043e\u0442\u043e-\u041f\u0440\u0435\u0434\u0441\u0442\u0430\u0432\u043d\u0438\u0448\u0442\u0432\u043e-\u0420\u0435\u043f\u0443\u0431\u043b\u0438\u043a\u0435-\u0421\u0440\u043f\u0441\u043a\u0435-\u0443-\u0420\u0435\u043f\u0443\u0431\u043b\u0438\u0446\u0438-\u0410\u0443\u0441\u0442\u0440\u0438\u0458\u0438.jpg\" \/>\n\t<meta property=\"og:image:width\" content=\"1500\" \/>\n\t<meta property=\"og:image:height\" content=\"2000\" \/>\n\t<meta property=\"og:image:type\" content=\"image\/jpeg\" \/>\n<meta name=\"author\" content=\"dijasporars\" \/>\n<meta name=\"twitter:card\" content=\"summary_large_image\" \/>\n<meta name=\"twitter:label1\" content=\"Written by\" \/>\n\t<meta name=\"twitter:data1\" content=\"dijasporars\" \/>\n<script type=\"application\/ld+json\" class=\"yoast-schema-graph\">{\"@context\":\"https:\/\/schema.org\",\"@graph\":[{\"@type\":\"WebPage\",\"@id\":\"https:\/\/dijasporars.com\/sastanak-sefa-predstavnistva-u-austriji-sa-delegacijom-irbrs\/\",\"url\":\"https:\/\/dijasporars.com\/sastanak-sefa-predstavnistva-u-austriji-sa-delegacijom-irbrs\/\",\"name\":\"\u0421\u0430\u0441\u0442\u0430\u043d\u0430\u043a \u0448\u0435\u0444\u0430 \u041f\u0440\u0435\u0434\u0441\u0442\u0430\u0432\u043d\u0438\u0448\u0442\u0432\u0430 \u0441\u0430 \u0434\u0435\u043b\u0435\u0433\u0430\u0446\u0438\u0458\u043e\u043c \u0418\u0420\u0411\u0420\u0421 - \u0420\u0435\u043f\u0443\u0431\u043b\u0438\u043a\u0430 \u0421\u0440\u043f\u0441\u043a\u0430 \u0438 \u0434\u0438\u0458\u0430\u0441\u043f\u043e\u0440\u0430\",\"isPartOf\":{\"@id\":\"https:\/\/dijasporars.com\/#website\"},\"primaryImageOfPage\":{\"@id\":\"https:\/\/dijasporars.com\/sastanak-sefa-predstavnistva-u-austriji-sa-delegacijom-irbrs\/#primaryimage\"},\"image\":{\"@id\":\"https:\/\/dijasporars.com\/sastanak-sefa-predstavnistva-u-austriji-sa-delegacijom-irbrs\/#primaryimage\"},\"thumbnailUrl\":\"https:\/\/dijasporars.com\/wp-content\/uploads\/2026\/04\/\u0424\u043e\u0442\u043e-\u041f\u0440\u0435\u0434\u0441\u0442\u0430\u0432\u043d\u0438\u0448\u0442\u0432\u043e-\u0420\u0435\u043f\u0443\u0431\u043b\u0438\u043a\u0435-\u0421\u0440\u043f\u0441\u043a\u0435-\u0443-\u0420\u0435\u043f\u0443\u0431\u043b\u0438\u0446\u0438-\u0410\u0443\u0441\u0442\u0440\u0438\u0458\u0438.jpg\",\"datePublished\":\"2026-04-27T09:32:22+00:00\",\"dateModified\":\"2026-04-27T09:34:26+00:00\",\"author\":{\"@id\":\"https:\/\/dijasporars.com\/#\/schema\/person\/f5052d53409aef50f7503bd1372c77ca\"},\"description\":\"Stranica za dijasporu RS, ovdje mo\u017eete prona\u0107i sve informacije, pomo\u0107 i savjete na jednom mjestu.\",\"breadcrumb\":{\"@id\":\"https:\/\/dijasporars.com\/sastanak-sefa-predstavnistva-u-austriji-sa-delegacijom-irbrs\/#breadcrumb\"},\"inLanguage\":\"en-US\",\"potentialAction\":[{\"@type\":\"ReadAction\",\"target\":[\"https:\/\/dijasporars.com\/sastanak-sefa-predstavnistva-u-austriji-sa-delegacijom-irbrs\/\"]}]},{\"@type\":\"ImageObject\",\"inLanguage\":\"en-US\",\"@id\":\"https:\/\/dijasporars.com\/sastanak-sefa-predstavnistva-u-austriji-sa-delegacijom-irbrs\/#primaryimage\",\"url\":\"https:\/\/dijasporars.com\/wp-content\/uploads\/2026\/04\/\u0424\u043e\u0442\u043e-\u041f\u0440\u0435\u0434\u0441\u0442\u0430\u0432\u043d\u0438\u0448\u0442\u0432\u043e-\u0420\u0435\u043f\u0443\u0431\u043b\u0438\u043a\u0435-\u0421\u0440\u043f\u0441\u043a\u0435-\u0443-\u0420\u0435\u043f\u0443\u0431\u043b\u0438\u0446\u0438-\u0410\u0443\u0441\u0442\u0440\u0438\u0458\u0438.jpg\",\"contentUrl\":\"https:\/\/dijasporars.com\/wp-content\/uploads\/2026\/04\/\u0424\u043e\u0442\u043e-\u041f\u0440\u0435\u0434\u0441\u0442\u0430\u0432\u043d\u0438\u0448\u0442\u0432\u043e-\u0420\u0435\u043f\u0443\u0431\u043b\u0438\u043a\u0435-\u0421\u0440\u043f\u0441\u043a\u0435-\u0443-\u0420\u0435\u043f\u0443\u0431\u043b\u0438\u0446\u0438-\u0410\u0443\u0441\u0442\u0440\u0438\u0458\u0438.jpg\",\"width\":1500,\"height\":2000},{\"@type\":\"BreadcrumbList\",\"@id\":\"https:\/\/dijasporars.com\/sastanak-sefa-predstavnistva-u-austriji-sa-delegacijom-irbrs\/#breadcrumb\",\"itemListElement\":[{\"@type\":\"ListItem\",\"position\":1,\"name\":\"\u041f\u043e\u0447\u0435\u0442\u043d\u0430\",\"item\":\"https:\/\/dijasporars.com\/\"},{\"@type\":\"ListItem\",\"position\":2,\"name\":\"\u0421\u0430\u0441\u0442\u0430\u043d\u0430\u043a \u0448\u0435\u0444\u0430 \u041f\u0440\u0435\u0434\u0441\u0442\u0430\u0432\u043d\u0438\u0448\u0442\u0432\u0430 \u0441\u0430 \u0434\u0435\u043b\u0435\u0433\u0430\u0446\u0438\u0458\u043e\u043c \u0418\u0420\u0411\u0420\u0421\"}]},{\"@type\":\"WebSite\",\"@id\":\"https:\/\/dijasporars.com\/#website\",\"url\":\"https:\/\/dijasporars.com\/\",\"name\":\"\u0420\u0435\u043f\u0443\u0431\u043b\u0438\u043a\u0430 \u0421\u0440\u043f\u0441\u043a\u0430 \u0438 \u0434\u0438\u0458\u0430\u0441\u043f\u043e\u0440\u0430\",\"description\":\"\",\"potentialAction\":[{\"@type\":\"SearchAction\",\"target\":{\"@type\":\"EntryPoint\",\"urlTemplate\":\"https:\/\/dijasporars.com\/?s={search_term_string}\"},\"query-input\":{\"@type\":\"PropertyValueSpecification\",\"valueRequired\":true,\"valueName\":\"search_term_string\"}}],\"inLanguage\":\"en-US\"},{\"@type\":\"Person\",\"@id\":\"https:\/\/dijasporars.com\/#\/schema\/person\/f5052d53409aef50f7503bd1372c77ca\",\"name\":\"dijasporars\",\"image\":{\"@type\":\"ImageObject\",\"inLanguage\":\"en-US\",\"@id\":\"https:\/\/dijasporars.com\/#\/schema\/person\/image\/\",\"url\":\"https:\/\/secure.gravatar.com\/avatar\/759212a69df0744fb2be03efd361239831e31095061dacc7496bdf8524e0daf7?s=96&d=mm&r=g\",\"contentUrl\":\"https:\/\/secure.gravatar.com\/avatar\/759212a69df0744fb2be03efd361239831e31095061dacc7496bdf8524e0daf7?s=96&d=mm&r=g\",\"caption\":\"dijasporars\"},\"url\":\"https:\/\/dijasporars.com\/en\/author\/dijasporars\/\"}]}<\/script>\n<!-- \/ Yoast SEO plugin. -->","yoast_head_json":{"title":"\u0421\u0430\u0441\u0442\u0430\u043d\u0430\u043a \u0448\u0435\u0444\u0430 \u041f\u0440\u0435\u0434\u0441\u0442\u0430\u0432\u043d\u0438\u0448\u0442\u0432\u0430 \u0441\u0430 \u0434\u0435\u043b\u0435\u0433\u0430\u0446\u0438\u0458\u043e\u043c \u0418\u0420\u0411\u0420\u0421 - \u0420\u0435\u043f\u0443\u0431\u043b\u0438\u043a\u0430 \u0421\u0440\u043f\u0441\u043a\u0430 \u0438 \u0434\u0438\u0458\u0430\u0441\u043f\u043e\u0440\u0430","description":"Stranica za dijasporu RS, ovdje mo\u017eete prona\u0107i sve informacije, pomo\u0107 i savjete na jednom mjestu.","robots":{"index":"index","follow":"follow","max-snippet":"max-snippet:-1","max-image-preview":"max-image-preview:large","max-video-preview":"max-video-preview:-1"},"canonical":"https:\/\/dijasporars.com\/en\/sastanak-sefa-predstavnistva-u-austriji-sa-delegacijom-irbrs\/","og_locale":"en_US","og_type":"article","og_title":"\u0421\u0430\u0441\u0442\u0430\u043d\u0430\u043a \u0448\u0435\u0444\u0430 \u041f\u0440\u0435\u0434\u0441\u0442\u0430\u0432\u043d\u0438\u0448\u0442\u0432\u0430 \u0441\u0430 \u0434\u0435\u043b\u0435\u0433\u0430\u0446\u0438\u0458\u043e\u043c \u0418\u0420\u0411\u0420\u0421 - \u0420\u0435\u043f\u0443\u0431\u043b\u0438\u043a\u0430 \u0421\u0440\u043f\u0441\u043a\u0430 \u0438 \u0434\u0438\u0458\u0430\u0441\u043f\u043e\u0440\u0430","og_description":"Stranica za dijasporu RS, ovdje mo\u017eete prona\u0107i sve informacije, pomo\u0107 i savjete na jednom mjestu.","og_url":"https:\/\/dijasporars.com\/en\/sastanak-sefa-predstavnistva-u-austriji-sa-delegacijom-irbrs\/","og_site_name":"\u0420\u0435\u043f\u0443\u0431\u043b\u0438\u043a\u0430 \u0421\u0440\u043f\u0441\u043a\u0430 \u0438 \u0434\u0438\u0458\u0430\u0441\u043f\u043e\u0440\u0430","article_published_time":"2026-04-27T09:32:22+00:00","article_modified_time":"2026-04-27T09:34:26+00:00","og_image":[{"width":1500,"height":2000,"url":"https:\/\/dijasporars.com\/wp-content\/uploads\/2026\/04\/\u0424\u043e\u0442\u043e-\u041f\u0440\u0435\u0434\u0441\u0442\u0430\u0432\u043d\u0438\u0448\u0442\u0432\u043e-\u0420\u0435\u043f\u0443\u0431\u043b\u0438\u043a\u0435-\u0421\u0440\u043f\u0441\u043a\u0435-\u0443-\u0420\u0435\u043f\u0443\u0431\u043b\u0438\u0446\u0438-\u0410\u0443\u0441\u0442\u0440\u0438\u0458\u0438.jpg","type":"image\/jpeg"}],"author":"dijasporars","twitter_card":"summary_large_image","twitter_misc":{"Written by":"dijasporars"},"schema":{"@context":"https:\/\/schema.org","@graph":[{"@type":"WebPage","@id":"https:\/\/dijasporars.com\/sastanak-sefa-predstavnistva-u-austriji-sa-delegacijom-irbrs\/","url":"https:\/\/dijasporars.com\/sastanak-sefa-predstavnistva-u-austriji-sa-delegacijom-irbrs\/","name":"\u0421\u0430\u0441\u0442\u0430\u043d\u0430\u043a \u0448\u0435\u0444\u0430 \u041f\u0440\u0435\u0434\u0441\u0442\u0430\u0432\u043d\u0438\u0448\u0442\u0432\u0430 \u0441\u0430 \u0434\u0435\u043b\u0435\u0433\u0430\u0446\u0438\u0458\u043e\u043c \u0418\u0420\u0411\u0420\u0421 - \u0420\u0435\u043f\u0443\u0431\u043b\u0438\u043a\u0430 \u0421\u0440\u043f\u0441\u043a\u0430 \u0438 \u0434\u0438\u0458\u0430\u0441\u043f\u043e\u0440\u0430","isPartOf":{"@id":"https:\/\/dijasporars.com\/#website"},"primaryImageOfPage":{"@id":"https:\/\/dijasporars.com\/sastanak-sefa-predstavnistva-u-austriji-sa-delegacijom-irbrs\/#primaryimage"},"image":{"@id":"https:\/\/dijasporars.com\/sastanak-sefa-predstavnistva-u-austriji-sa-delegacijom-irbrs\/#primaryimage"},"thumbnailUrl":"https:\/\/dijasporars.com\/wp-content\/uploads\/2026\/04\/\u0424\u043e\u0442\u043e-\u041f\u0440\u0435\u0434\u0441\u0442\u0430\u0432\u043d\u0438\u0448\u0442\u0432\u043e-\u0420\u0435\u043f\u0443\u0431\u043b\u0438\u043a\u0435-\u0421\u0440\u043f\u0441\u043a\u0435-\u0443-\u0420\u0435\u043f\u0443\u0431\u043b\u0438\u0446\u0438-\u0410\u0443\u0441\u0442\u0440\u0438\u0458\u0438.jpg","datePublished":"2026-04-27T09:32:22+00:00","dateModified":"2026-04-27T09:34:26+00:00","author":{"@id":"https:\/\/dijasporars.com\/#\/schema\/person\/f5052d53409aef50f7503bd1372c77ca"},"description":"Stranica za dijasporu RS, ovdje mo\u017eete prona\u0107i sve informacije, pomo\u0107 i savjete na jednom mjestu.","breadcrumb":{"@id":"https:\/\/dijasporars.com\/sastanak-sefa-predstavnistva-u-austriji-sa-delegacijom-irbrs\/#breadcrumb"},"inLanguage":"en-US","potentialAction":[{"@type":"ReadAction","target":["https:\/\/dijasporars.com\/sastanak-sefa-predstavnistva-u-austriji-sa-delegacijom-irbrs\/"]}]},{"@type":"ImageObject","inLanguage":"en-US","@id":"https:\/\/dijasporars.com\/sastanak-sefa-predstavnistva-u-austriji-sa-delegacijom-irbrs\/#primaryimage","url":"https:\/\/dijasporars.com\/wp-content\/uploads\/2026\/04\/\u0424\u043e\u0442\u043e-\u041f\u0440\u0435\u0434\u0441\u0442\u0430\u0432\u043d\u0438\u0448\u0442\u0432\u043e-\u0420\u0435\u043f\u0443\u0431\u043b\u0438\u043a\u0435-\u0421\u0440\u043f\u0441\u043a\u0435-\u0443-\u0420\u0435\u043f\u0443\u0431\u043b\u0438\u0446\u0438-\u0410\u0443\u0441\u0442\u0440\u0438\u0458\u0438.jpg","contentUrl":"https:\/\/dijasporars.com\/wp-content\/uploads\/2026\/04\/\u0424\u043e\u0442\u043e-\u041f\u0440\u0435\u0434\u0441\u0442\u0430\u0432\u043d\u0438\u0448\u0442\u0432\u043e-\u0420\u0435\u043f\u0443\u0431\u043b\u0438\u043a\u0435-\u0421\u0440\u043f\u0441\u043a\u0435-\u0443-\u0420\u0435\u043f\u0443\u0431\u043b\u0438\u0446\u0438-\u0410\u0443\u0441\u0442\u0440\u0438\u0458\u0438.jpg","width":1500,"height":2000},{"@type":"BreadcrumbList","@id":"https:\/\/dijasporars.com\/sastanak-sefa-predstavnistva-u-austriji-sa-delegacijom-irbrs\/#breadcrumb","itemListElement":[{"@type":"ListItem","position":1,"name":"\u041f\u043e\u0447\u0435\u0442\u043d\u0430","item":"https:\/\/dijasporars.com\/"},{"@type":"ListItem","position":2,"name":"\u0421\u0430\u0441\u0442\u0430\u043d\u0430\u043a \u0448\u0435\u0444\u0430 \u041f\u0440\u0435\u0434\u0441\u0442\u0430\u0432\u043d\u0438\u0448\u0442\u0432\u0430 \u0441\u0430 \u0434\u0435\u043b\u0435\u0433\u0430\u0446\u0438\u0458\u043e\u043c \u0418\u0420\u0411\u0420\u0421"}]},{"@type":"WebSite","@id":"https:\/\/dijasporars.com\/#website","url":"https:\/\/dijasporars.com\/","name":"\u0420\u0435\u043f\u0443\u0431\u043b\u0438\u043a\u0430 \u0421\u0440\u043f\u0441\u043a\u0430 \u0438 \u0434\u0438\u0458\u0430\u0441\u043f\u043e\u0440\u0430","description":"","potentialAction":[{"@type":"SearchAction","target":{"@type":"EntryPoint","urlTemplate":"https:\/\/dijasporars.com\/?s={search_term_string}"},"query-input":{"@type":"PropertyValueSpecification","valueRequired":true,"valueName":"search_term_string"}}],"inLanguage":"en-US"},{"@type":"Person","@id":"https:\/\/dijasporars.com\/#\/schema\/person\/f5052d53409aef50f7503bd1372c77ca","name":"dijasporars","image":{"@type":"ImageObject","inLanguage":"en-US","@id":"https:\/\/dijasporars.com\/#\/schema\/person\/image\/","url":"https:\/\/secure.gravatar.com\/avatar\/759212a69df0744fb2be03efd361239831e31095061dacc7496bdf8524e0daf7?s=96&d=mm&r=g","contentUrl":"https:\/\/secure.gravatar.com\/avatar\/759212a69df0744fb2be03efd361239831e31095061dacc7496bdf8524e0daf7?s=96&d=mm&r=g","caption":"dijasporars"},"url":"https:\/\/dijasporars.com\/en\/author\/dijasporars\/"}]}},"_links":{"self":[{"href":"https:\/\/dijasporars.com\/en\/wp-json\/wp\/v2\/posts\/8518","targetHints":{"allow":["GET"]}}],"collection":[{"href":"https:\/\/dijasporars.com\/en\/wp-json\/wp\/v2\/posts"}],"about":[{"href":"https:\/\/dijasporars.com\/en\/wp-json\/wp\/v2\/types\/post"}],"author":[{"embeddable":true,"href":"https:\/\/dijasporars.com\/en\/wp-json\/wp\/v2\/users\/1"}],"replies":[{"embeddable":true,"href":"https:\/\/dijasporars.com\/en\/wp-json\/wp\/v2\/comments?post=8518"}],"version-history":[{"count":2,"href":"https:\/\/dijasporars.com\/en\/wp-json\/wp\/v2\/posts\/8518\/revisions"}],"predecessor-version":[{"id":8521,"href":"https:\/\/dijasporars.com\/en\/wp-json\/wp\/v2\/posts\/8518\/revisions\/8521"}],"wp:featuredmedia":[{"embeddable":true,"href":"https:\/\/dijasporars.com\/en\/wp-json\/wp\/v2\/media\/8519"}],"wp:attachment":[{"href":"https:\/\/dijasporars.com\/en\/wp-json\/wp\/v2\/media?parent=8518"}],"wp:term":[{"taxonomy":"category","embeddable":true,"href":"https:\/\/dijasporars.com\/en\/wp-json\/wp\/v2\/categories?post=8518"},{"taxonomy":"post_tag","embeddable":true,"href":"https:\/\/dijasporars.com\/en\/wp-json\/wp\/v2\/tags?post=8518"}],"curies":[{"name":"wp","href":"https:\/\/api.w.org\/{rel}","templated":true}]}}