{"id":8486,"date":"2026-04-09T15:10:39","date_gmt":"2026-04-09T13:10:39","guid":{"rendered":"https:\/\/dijasporars.com\/?p=8486"},"modified":"2026-04-09T15:42:37","modified_gmt":"2026-04-09T13:42:37","slug":"u-ime-ljudi-i-mira-tesla-literarni-konkurs-tesline-naucne-fondacije-za-sve-osnovce","status":"publish","type":"post","link":"https:\/\/dijasporars.com\/en\/u-ime-ljudi-i-mira-tesla-literarni-konkurs-tesline-naucne-fondacije-za-sve-osnovce\/","title":{"rendered":"In the Name of People and Peace \u2013 Tesla: Tesla Science Foundation Literary Competition for All Elementary School Students"},"content":{"rendered":"<p>The Tesla Science Foundation of Serbia is announcing its award-winning literary competition within the traditional event Tesla Days for all elementary school students from the Republic of Serbia, Serbian schools and Nikola Tesla clubs in the diaspora.<\/p>\n<p>The theme of the In the Name of People and Peace \u2013 Tesla competition invites children to explore the values of peace, humanity, knowledge and understanding through literary creativity. Students may reflect on the importance of peace in the modern world, the role of the individual in building a better society, Tesla as a symbol of knowledge and humanity, along the lines of: What does peace mean today? How does science contribute to understanding between people? What would Tesla say to humanity? How does each individual contribute to peace? An imaginary meeting with Tesla.<\/p>\n<p>Children are required to write up to 200 words (typed or handwritten) of poetry or prose, or to propose a slogan that best describes the connection between our greatest inventor Nikola Tesla and the given topic.<\/p>\n<p>The school encrypts the works together with the students and mentors. Please email school address, telephone number and email address to the Tesla Science Foundation along with the encrypted student work. The Tesla Science Foundation will publish the school names and locations of the most successful candidates\u2019 works in addition to work codes.<br \/>\nPrepared works should be sent in electronic format (Word document), and handwritten works should be scanned. Tesla Science Foundation\u2019s email address: info@nikolatesla.org.rs.<\/p>\n<p>Students\u2019 works must be submitted by 2 May 2026 at the latest.<\/p>\n<p>The results shall be sent out by email, and the awards shall be given in June. Additional information may be obtained by emailing info@nikolatesla.org.rs.<\/p>\n<p>Source and photo: rasejanje.info<\/p>","protected":false},"excerpt":{"rendered":"<p>The Tesla Science Foundation of Serbia is announcing its award-winning literary competition within the traditional event Tesla Days for all elementary school students from the Republic of Serbia, Serbian schools and Nikola Tesla clubs in the diaspora. The theme of the In the Name of People and Peace \u2013 Tesla competition invites children to explore the values of peace, humanity, knowledge and understanding through literary creativity. Students may reflect<\/p>","protected":false},"author":1,"featured_media":8487,"comment_status":"closed","ping_status":"closed","sticky":false,"template":"","format":"standard","meta":{"footnotes":""},"categories":[52,76,77],"tags":[],"class_list":["post-8486","post","type-post","status-publish","format-standard","has-post-thumbnail","hentry","category-vijesti","category-vijesti-dijaspora","category-vijesti-republika-srpska"],"yoast_head":"<!-- This site is optimized with the Yoast SEO plugin v24.6 - https:\/\/yoast.com\/wordpress\/plugins\/seo\/ -->\n<title>\u201e\u0423 \u0438\u043c\u0435 \u0459\u0443\u0434\u0438 \u0438 \u043c\u0438\u0440\u0430 \u2013 \u0422\u0435\u0441\u043b\u0430\u201d: \u043b\u0438\u0442\u0435\u0440\u0430\u0440\u043d\u0438 \u043a\u043e\u043d\u043a\u0443\u0440\u0441 \u0422\u0435\u0441\u043b\u0438\u043d\u0435 \u043d\u0430\u0443\u0447\u043d\u0435 \u0444\u043e\u043d\u0434\u0430\u0446\u0438\u0458\u0435 \u0437\u0430 \u0441\u0432\u0435 \u043e\u0441\u043d\u043e\u0432\u0446\u0435 - \u0420\u0435\u043f\u0443\u0431\u043b\u0438\u043a\u0430 \u0421\u0440\u043f\u0441\u043a\u0430 \u0438 \u0434\u0438\u0458\u0430\u0441\u043f\u043e\u0440\u0430<\/title>\n<meta name=\"description\" content=\"Stranica za dijasporu RS, ovdje mo\u017eete prona\u0107i sve informacije, pomo\u0107 i savjete na jednom mjestu.\" \/>\n<meta name=\"robots\" content=\"index, follow, max-snippet:-1, max-image-preview:large, max-video-preview:-1\" \/>\n<link rel=\"canonical\" href=\"https:\/\/dijasporars.com\/en\/u-ime-ljudi-i-mira-tesla-literarni-konkurs-tesline-naucne-fondacije-za-sve-osnovce\/\" \/>\n<meta property=\"og:locale\" content=\"en_US\" \/>\n<meta property=\"og:type\" content=\"article\" \/>\n<meta property=\"og:title\" content=\"\u201e\u0423 \u0438\u043c\u0435 \u0459\u0443\u0434\u0438 \u0438 \u043c\u0438\u0440\u0430 \u2013 \u0422\u0435\u0441\u043b\u0430\u201d: \u043b\u0438\u0442\u0435\u0440\u0430\u0440\u043d\u0438 \u043a\u043e\u043d\u043a\u0443\u0440\u0441 \u0422\u0435\u0441\u043b\u0438\u043d\u0435 \u043d\u0430\u0443\u0447\u043d\u0435 \u0444\u043e\u043d\u0434\u0430\u0446\u0438\u0458\u0435 \u0437\u0430 \u0441\u0432\u0435 \u043e\u0441\u043d\u043e\u0432\u0446\u0435 - \u0420\u0435\u043f\u0443\u0431\u043b\u0438\u043a\u0430 \u0421\u0440\u043f\u0441\u043a\u0430 \u0438 \u0434\u0438\u0458\u0430\u0441\u043f\u043e\u0440\u0430\" \/>\n<meta property=\"og:description\" content=\"Stranica za dijasporu RS, ovdje mo\u017eete prona\u0107i sve informacije, pomo\u0107 i savjete na jednom mjestu.\" \/>\n<meta property=\"og:url\" content=\"https:\/\/dijasporars.com\/en\/u-ime-ljudi-i-mira-tesla-literarni-konkurs-tesline-naucne-fondacije-za-sve-osnovce\/\" \/>\n<meta property=\"og:site_name\" content=\"\u0420\u0435\u043f\u0443\u0431\u043b\u0438\u043a\u0430 \u0421\u0440\u043f\u0441\u043a\u0430 \u0438 \u0434\u0438\u0458\u0430\u0441\u043f\u043e\u0440\u0430\" \/>\n<meta property=\"article:published_time\" content=\"2026-04-09T13:10:39+00:00\" \/>\n<meta property=\"article:modified_time\" content=\"2026-04-09T13:42:37+00:00\" \/>\n<meta property=\"og:image\" content=\"https:\/\/dijasporars.com\/wp-content\/uploads\/2026\/04\/naglradni-konkurs-za-decu-tesline-naucne-fondacije.jpg\" \/>\n\t<meta property=\"og:image:width\" content=\"1024\" \/>\n\t<meta property=\"og:image:height\" content=\"1536\" \/>\n\t<meta property=\"og:image:type\" content=\"image\/jpeg\" \/>\n<meta name=\"author\" content=\"dijasporars\" \/>\n<meta name=\"twitter:card\" content=\"summary_large_image\" \/>\n<meta name=\"twitter:label1\" content=\"Written by\" \/>\n\t<meta name=\"twitter:data1\" content=\"dijasporars\" \/>\n<script type=\"application\/ld+json\" class=\"yoast-schema-graph\">{\"@context\":\"https:\/\/schema.org\",\"@graph\":[{\"@type\":\"WebPage\",\"@id\":\"https:\/\/dijasporars.com\/u-ime-ljudi-i-mira-tesla-literarni-konkurs-tesline-naucne-fondacije-za-sve-osnovce\/\",\"url\":\"https:\/\/dijasporars.com\/u-ime-ljudi-i-mira-tesla-literarni-konkurs-tesline-naucne-fondacije-za-sve-osnovce\/\",\"name\":\"\u201e\u0423 \u0438\u043c\u0435 \u0459\u0443\u0434\u0438 \u0438 \u043c\u0438\u0440\u0430 \u2013 \u0422\u0435\u0441\u043b\u0430\u201d: \u043b\u0438\u0442\u0435\u0440\u0430\u0440\u043d\u0438 \u043a\u043e\u043d\u043a\u0443\u0440\u0441 \u0422\u0435\u0441\u043b\u0438\u043d\u0435 \u043d\u0430\u0443\u0447\u043d\u0435 \u0444\u043e\u043d\u0434\u0430\u0446\u0438\u0458\u0435 \u0437\u0430 \u0441\u0432\u0435 \u043e\u0441\u043d\u043e\u0432\u0446\u0435 - \u0420\u0435\u043f\u0443\u0431\u043b\u0438\u043a\u0430 \u0421\u0440\u043f\u0441\u043a\u0430 \u0438 \u0434\u0438\u0458\u0430\u0441\u043f\u043e\u0440\u0430\",\"isPartOf\":{\"@id\":\"https:\/\/dijasporars.com\/#website\"},\"primaryImageOfPage\":{\"@id\":\"https:\/\/dijasporars.com\/u-ime-ljudi-i-mira-tesla-literarni-konkurs-tesline-naucne-fondacije-za-sve-osnovce\/#primaryimage\"},\"image\":{\"@id\":\"https:\/\/dijasporars.com\/u-ime-ljudi-i-mira-tesla-literarni-konkurs-tesline-naucne-fondacije-za-sve-osnovce\/#primaryimage\"},\"thumbnailUrl\":\"https:\/\/dijasporars.com\/wp-content\/uploads\/2026\/04\/naglradni-konkurs-za-decu-tesline-naucne-fondacije.jpg\",\"datePublished\":\"2026-04-09T13:10:39+00:00\",\"dateModified\":\"2026-04-09T13:42:37+00:00\",\"author\":{\"@id\":\"https:\/\/dijasporars.com\/#\/schema\/person\/f5052d53409aef50f7503bd1372c77ca\"},\"description\":\"Stranica za dijasporu RS, ovdje mo\u017eete prona\u0107i sve informacije, pomo\u0107 i savjete na jednom mjestu.\",\"breadcrumb\":{\"@id\":\"https:\/\/dijasporars.com\/u-ime-ljudi-i-mira-tesla-literarni-konkurs-tesline-naucne-fondacije-za-sve-osnovce\/#breadcrumb\"},\"inLanguage\":\"en-US\",\"potentialAction\":[{\"@type\":\"ReadAction\",\"target\":[\"https:\/\/dijasporars.com\/u-ime-ljudi-i-mira-tesla-literarni-konkurs-tesline-naucne-fondacije-za-sve-osnovce\/\"]}]},{\"@type\":\"ImageObject\",\"inLanguage\":\"en-US\",\"@id\":\"https:\/\/dijasporars.com\/u-ime-ljudi-i-mira-tesla-literarni-konkurs-tesline-naucne-fondacije-za-sve-osnovce\/#primaryimage\",\"url\":\"https:\/\/dijasporars.com\/wp-content\/uploads\/2026\/04\/naglradni-konkurs-za-decu-tesline-naucne-fondacije.jpg\",\"contentUrl\":\"https:\/\/dijasporars.com\/wp-content\/uploads\/2026\/04\/naglradni-konkurs-za-decu-tesline-naucne-fondacije.jpg\",\"width\":1024,\"height\":1536},{\"@type\":\"BreadcrumbList\",\"@id\":\"https:\/\/dijasporars.com\/u-ime-ljudi-i-mira-tesla-literarni-konkurs-tesline-naucne-fondacije-za-sve-osnovce\/#breadcrumb\",\"itemListElement\":[{\"@type\":\"ListItem\",\"position\":1,\"name\":\"\u041f\u043e\u0447\u0435\u0442\u043d\u0430\",\"item\":\"https:\/\/dijasporars.com\/\"},{\"@type\":\"ListItem\",\"position\":2,\"name\":\"\u201e\u0423 \u0438\u043c\u0435 \u0459\u0443\u0434\u0438 \u0438 \u043c\u0438\u0440\u0430 \u2013 \u0422\u0435\u0441\u043b\u0430\u201d: \u043b\u0438\u0442\u0435\u0440\u0430\u0440\u043d\u0438 \u043a\u043e\u043d\u043a\u0443\u0440\u0441 \u0422\u0435\u0441\u043b\u0438\u043d\u0435 \u043d\u0430\u0443\u0447\u043d\u0435 \u0444\u043e\u043d\u0434\u0430\u0446\u0438\u0458\u0435 \u0437\u0430 \u0441\u0432\u0435 \u043e\u0441\u043d\u043e\u0432\u0446\u0435\"}]},{\"@type\":\"WebSite\",\"@id\":\"https:\/\/dijasporars.com\/#website\",\"url\":\"https:\/\/dijasporars.com\/\",\"name\":\"\u0420\u0435\u043f\u0443\u0431\u043b\u0438\u043a\u0430 \u0421\u0440\u043f\u0441\u043a\u0430 \u0438 \u0434\u0438\u0458\u0430\u0441\u043f\u043e\u0440\u0430\",\"description\":\"\",\"potentialAction\":[{\"@type\":\"SearchAction\",\"target\":{\"@type\":\"EntryPoint\",\"urlTemplate\":\"https:\/\/dijasporars.com\/?s={search_term_string}\"},\"query-input\":{\"@type\":\"PropertyValueSpecification\",\"valueRequired\":true,\"valueName\":\"search_term_string\"}}],\"inLanguage\":\"en-US\"},{\"@type\":\"Person\",\"@id\":\"https:\/\/dijasporars.com\/#\/schema\/person\/f5052d53409aef50f7503bd1372c77ca\",\"name\":\"dijasporars\",\"image\":{\"@type\":\"ImageObject\",\"inLanguage\":\"en-US\",\"@id\":\"https:\/\/dijasporars.com\/#\/schema\/person\/image\/\",\"url\":\"https:\/\/secure.gravatar.com\/avatar\/759212a69df0744fb2be03efd361239831e31095061dacc7496bdf8524e0daf7?s=96&d=mm&r=g\",\"contentUrl\":\"https:\/\/secure.gravatar.com\/avatar\/759212a69df0744fb2be03efd361239831e31095061dacc7496bdf8524e0daf7?s=96&d=mm&r=g\",\"caption\":\"dijasporars\"},\"url\":\"https:\/\/dijasporars.com\/en\/author\/dijasporars\/\"}]}<\/script>\n<!-- \/ Yoast SEO plugin. -->","yoast_head_json":{"title":"\u201e\u0423 \u0438\u043c\u0435 \u0459\u0443\u0434\u0438 \u0438 \u043c\u0438\u0440\u0430 \u2013 \u0422\u0435\u0441\u043b\u0430\u201d: \u043b\u0438\u0442\u0435\u0440\u0430\u0440\u043d\u0438 \u043a\u043e\u043d\u043a\u0443\u0440\u0441 \u0422\u0435\u0441\u043b\u0438\u043d\u0435 \u043d\u0430\u0443\u0447\u043d\u0435 \u0444\u043e\u043d\u0434\u0430\u0446\u0438\u0458\u0435 \u0437\u0430 \u0441\u0432\u0435 \u043e\u0441\u043d\u043e\u0432\u0446\u0435 - \u0420\u0435\u043f\u0443\u0431\u043b\u0438\u043a\u0430 \u0421\u0440\u043f\u0441\u043a\u0430 \u0438 \u0434\u0438\u0458\u0430\u0441\u043f\u043e\u0440\u0430","description":"Stranica za dijasporu RS, ovdje mo\u017eete prona\u0107i sve informacije, pomo\u0107 i savjete na jednom mjestu.","robots":{"index":"index","follow":"follow","max-snippet":"max-snippet:-1","max-image-preview":"max-image-preview:large","max-video-preview":"max-video-preview:-1"},"canonical":"https:\/\/dijasporars.com\/en\/u-ime-ljudi-i-mira-tesla-literarni-konkurs-tesline-naucne-fondacije-za-sve-osnovce\/","og_locale":"en_US","og_type":"article","og_title":"\u201e\u0423 \u0438\u043c\u0435 \u0459\u0443\u0434\u0438 \u0438 \u043c\u0438\u0440\u0430 \u2013 \u0422\u0435\u0441\u043b\u0430\u201d: \u043b\u0438\u0442\u0435\u0440\u0430\u0440\u043d\u0438 \u043a\u043e\u043d\u043a\u0443\u0440\u0441 \u0422\u0435\u0441\u043b\u0438\u043d\u0435 \u043d\u0430\u0443\u0447\u043d\u0435 \u0444\u043e\u043d\u0434\u0430\u0446\u0438\u0458\u0435 \u0437\u0430 \u0441\u0432\u0435 \u043e\u0441\u043d\u043e\u0432\u0446\u0435 - \u0420\u0435\u043f\u0443\u0431\u043b\u0438\u043a\u0430 \u0421\u0440\u043f\u0441\u043a\u0430 \u0438 \u0434\u0438\u0458\u0430\u0441\u043f\u043e\u0440\u0430","og_description":"Stranica za dijasporu RS, ovdje mo\u017eete prona\u0107i sve informacije, pomo\u0107 i savjete na jednom mjestu.","og_url":"https:\/\/dijasporars.com\/en\/u-ime-ljudi-i-mira-tesla-literarni-konkurs-tesline-naucne-fondacije-za-sve-osnovce\/","og_site_name":"\u0420\u0435\u043f\u0443\u0431\u043b\u0438\u043a\u0430 \u0421\u0440\u043f\u0441\u043a\u0430 \u0438 \u0434\u0438\u0458\u0430\u0441\u043f\u043e\u0440\u0430","article_published_time":"2026-04-09T13:10:39+00:00","article_modified_time":"2026-04-09T13:42:37+00:00","og_image":[{"width":1024,"height":1536,"url":"https:\/\/dijasporars.com\/wp-content\/uploads\/2026\/04\/naglradni-konkurs-za-decu-tesline-naucne-fondacije.jpg","type":"image\/jpeg"}],"author":"dijasporars","twitter_card":"summary_large_image","twitter_misc":{"Written by":"dijasporars"},"schema":{"@context":"https:\/\/schema.org","@graph":[{"@type":"WebPage","@id":"https:\/\/dijasporars.com\/u-ime-ljudi-i-mira-tesla-literarni-konkurs-tesline-naucne-fondacije-za-sve-osnovce\/","url":"https:\/\/dijasporars.com\/u-ime-ljudi-i-mira-tesla-literarni-konkurs-tesline-naucne-fondacije-za-sve-osnovce\/","name":"\u201e\u0423 \u0438\u043c\u0435 \u0459\u0443\u0434\u0438 \u0438 \u043c\u0438\u0440\u0430 \u2013 \u0422\u0435\u0441\u043b\u0430\u201d: \u043b\u0438\u0442\u0435\u0440\u0430\u0440\u043d\u0438 \u043a\u043e\u043d\u043a\u0443\u0440\u0441 \u0422\u0435\u0441\u043b\u0438\u043d\u0435 \u043d\u0430\u0443\u0447\u043d\u0435 \u0444\u043e\u043d\u0434\u0430\u0446\u0438\u0458\u0435 \u0437\u0430 \u0441\u0432\u0435 \u043e\u0441\u043d\u043e\u0432\u0446\u0435 - \u0420\u0435\u043f\u0443\u0431\u043b\u0438\u043a\u0430 \u0421\u0440\u043f\u0441\u043a\u0430 \u0438 \u0434\u0438\u0458\u0430\u0441\u043f\u043e\u0440\u0430","isPartOf":{"@id":"https:\/\/dijasporars.com\/#website"},"primaryImageOfPage":{"@id":"https:\/\/dijasporars.com\/u-ime-ljudi-i-mira-tesla-literarni-konkurs-tesline-naucne-fondacije-za-sve-osnovce\/#primaryimage"},"image":{"@id":"https:\/\/dijasporars.com\/u-ime-ljudi-i-mira-tesla-literarni-konkurs-tesline-naucne-fondacije-za-sve-osnovce\/#primaryimage"},"thumbnailUrl":"https:\/\/dijasporars.com\/wp-content\/uploads\/2026\/04\/naglradni-konkurs-za-decu-tesline-naucne-fondacije.jpg","datePublished":"2026-04-09T13:10:39+00:00","dateModified":"2026-04-09T13:42:37+00:00","author":{"@id":"https:\/\/dijasporars.com\/#\/schema\/person\/f5052d53409aef50f7503bd1372c77ca"},"description":"Stranica za dijasporu RS, ovdje mo\u017eete prona\u0107i sve informacije, pomo\u0107 i savjete na jednom mjestu.","breadcrumb":{"@id":"https:\/\/dijasporars.com\/u-ime-ljudi-i-mira-tesla-literarni-konkurs-tesline-naucne-fondacije-za-sve-osnovce\/#breadcrumb"},"inLanguage":"en-US","potentialAction":[{"@type":"ReadAction","target":["https:\/\/dijasporars.com\/u-ime-ljudi-i-mira-tesla-literarni-konkurs-tesline-naucne-fondacije-za-sve-osnovce\/"]}]},{"@type":"ImageObject","inLanguage":"en-US","@id":"https:\/\/dijasporars.com\/u-ime-ljudi-i-mira-tesla-literarni-konkurs-tesline-naucne-fondacije-za-sve-osnovce\/#primaryimage","url":"https:\/\/dijasporars.com\/wp-content\/uploads\/2026\/04\/naglradni-konkurs-za-decu-tesline-naucne-fondacije.jpg","contentUrl":"https:\/\/dijasporars.com\/wp-content\/uploads\/2026\/04\/naglradni-konkurs-za-decu-tesline-naucne-fondacije.jpg","width":1024,"height":1536},{"@type":"BreadcrumbList","@id":"https:\/\/dijasporars.com\/u-ime-ljudi-i-mira-tesla-literarni-konkurs-tesline-naucne-fondacije-za-sve-osnovce\/#breadcrumb","itemListElement":[{"@type":"ListItem","position":1,"name":"\u041f\u043e\u0447\u0435\u0442\u043d\u0430","item":"https:\/\/dijasporars.com\/"},{"@type":"ListItem","position":2,"name":"\u201e\u0423 \u0438\u043c\u0435 \u0459\u0443\u0434\u0438 \u0438 \u043c\u0438\u0440\u0430 \u2013 \u0422\u0435\u0441\u043b\u0430\u201d: \u043b\u0438\u0442\u0435\u0440\u0430\u0440\u043d\u0438 \u043a\u043e\u043d\u043a\u0443\u0440\u0441 \u0422\u0435\u0441\u043b\u0438\u043d\u0435 \u043d\u0430\u0443\u0447\u043d\u0435 \u0444\u043e\u043d\u0434\u0430\u0446\u0438\u0458\u0435 \u0437\u0430 \u0441\u0432\u0435 \u043e\u0441\u043d\u043e\u0432\u0446\u0435"}]},{"@type":"WebSite","@id":"https:\/\/dijasporars.com\/#website","url":"https:\/\/dijasporars.com\/","name":"\u0420\u0435\u043f\u0443\u0431\u043b\u0438\u043a\u0430 \u0421\u0440\u043f\u0441\u043a\u0430 \u0438 \u0434\u0438\u0458\u0430\u0441\u043f\u043e\u0440\u0430","description":"","potentialAction":[{"@type":"SearchAction","target":{"@type":"EntryPoint","urlTemplate":"https:\/\/dijasporars.com\/?s={search_term_string}"},"query-input":{"@type":"PropertyValueSpecification","valueRequired":true,"valueName":"search_term_string"}}],"inLanguage":"en-US"},{"@type":"Person","@id":"https:\/\/dijasporars.com\/#\/schema\/person\/f5052d53409aef50f7503bd1372c77ca","name":"dijasporars","image":{"@type":"ImageObject","inLanguage":"en-US","@id":"https:\/\/dijasporars.com\/#\/schema\/person\/image\/","url":"https:\/\/secure.gravatar.com\/avatar\/759212a69df0744fb2be03efd361239831e31095061dacc7496bdf8524e0daf7?s=96&d=mm&r=g","contentUrl":"https:\/\/secure.gravatar.com\/avatar\/759212a69df0744fb2be03efd361239831e31095061dacc7496bdf8524e0daf7?s=96&d=mm&r=g","caption":"dijasporars"},"url":"https:\/\/dijasporars.com\/en\/author\/dijasporars\/"}]}},"_links":{"self":[{"href":"https:\/\/dijasporars.com\/en\/wp-json\/wp\/v2\/posts\/8486","targetHints":{"allow":["GET"]}}],"collection":[{"href":"https:\/\/dijasporars.com\/en\/wp-json\/wp\/v2\/posts"}],"about":[{"href":"https:\/\/dijasporars.com\/en\/wp-json\/wp\/v2\/types\/post"}],"author":[{"embeddable":true,"href":"https:\/\/dijasporars.com\/en\/wp-json\/wp\/v2\/users\/1"}],"replies":[{"embeddable":true,"href":"https:\/\/dijasporars.com\/en\/wp-json\/wp\/v2\/comments?post=8486"}],"version-history":[{"count":3,"href":"https:\/\/dijasporars.com\/en\/wp-json\/wp\/v2\/posts\/8486\/revisions"}],"predecessor-version":[{"id":8490,"href":"https:\/\/dijasporars.com\/en\/wp-json\/wp\/v2\/posts\/8486\/revisions\/8490"}],"wp:featuredmedia":[{"embeddable":true,"href":"https:\/\/dijasporars.com\/en\/wp-json\/wp\/v2\/media\/8487"}],"wp:attachment":[{"href":"https:\/\/dijasporars.com\/en\/wp-json\/wp\/v2\/media?parent=8486"}],"wp:term":[{"taxonomy":"category","embeddable":true,"href":"https:\/\/dijasporars.com\/en\/wp-json\/wp\/v2\/categories?post=8486"},{"taxonomy":"post_tag","embeddable":true,"href":"https:\/\/dijasporars.com\/en\/wp-json\/wp\/v2\/tags?post=8486"}],"curies":[{"name":"wp","href":"https:\/\/api.w.org\/{rel}","templated":true}]}}