{"id":8477,"date":"2026-04-06T11:38:52","date_gmt":"2026-04-06T09:38:52","guid":{"rendered":"https:\/\/dijasporars.com\/?p=8477"},"modified":"2026-04-06T11:39:03","modified_gmt":"2026-04-06T09:39:03","slug":"premijer-minic-pozvao-lokalne-zajednice-da-kreiraju-mjere-za-povratak-stanovnistva","status":"publish","type":"post","link":"https:\/\/dijasporars.com\/en\/premijer-minic-pozvao-lokalne-zajednice-da-kreiraju-mjere-za-povratak-stanovnistva\/","title":{"rendered":"Prime Minister Mini\u0107 Called on Local Communities to Create Population Return Measures"},"content":{"rendered":"<p>The Prime Minister of the Republic of Srpska, Savo Mini\u0107, called on Srpska\u2019s local communities to follow the example of \u0160ekovi\u0107i and create measures for the return of the population.<\/p>\n<p>\u2013 \u0160ekovi\u0107i adopted the Rulebook on granting subsidies to support the return of families providing for monthly BAM 1,500 for two years for those who return to their municipality \u2013 said Mini\u0107.<\/p>\n<p>Families who decide to return to \u0160ekovi\u0107i will receive BAM 36,000, stipulates the Rulebook on granting subsidies to support the return of families to the area of the \u0160ekovi\u0107i municipality, which was adopted by the Municipal Assembly. In brief:<\/p>\n<ul>\n<li>BAM 1,500 per month for 2 years<\/li>\n<li>Total BAM 36,000 per family<\/li>\n<li>Public call coming soon, implementation from September<\/li>\n<li>Support for returnees and young families<\/li>\n<\/ul>\n<p>\u2018Support of BAM 1,500 per month for two years (total BAM 36,000) has been provided, and all you have to do is return to the municipality where you grew up,\u2019 wrote Miladin Lazi\u0107, the head of the municipality, on his Facebook account. As he added, the public call will be announced soon, and implementation will begin in September. He also posted the Rulebook with his status, and it was stated that this Rulebook aimed to encourage the return of the population, strengthen the demographic structure of the municipality and support young families with children who intend to settle permanently in the municipality.<\/p>\n<p>\u2018The following are entitled to the subsidy: families having at least one minor child, where the parents, or the parent exercising parental rights independently, are not older than 50 at the time of submitting the application, young married couples without children if the spouses are not older than 35 at the time of submitting the application; the applicant must have a valid ID card issued by the RS MoI \u2013 \u0160ekovi\u0107i Police Station at least five years before submitting the application; the family is returning from abroad or from other BiH cities and municipalities that are not located in the Bira\u010d region; the applicant and their household members intend to settle permanently in the municipality,\u2019 reads the Rulebook. According to them, subsidies shall be granted to a maximum of four families during a budget year. \u2018The subsidy to support family return to the municipality amounts to BAM 1,500 per month per family. The funds shall be disbursed over a period of 24 months, starting from the month of conclusion of a subsidy granting agreement, to the current account of the head of household. The total funds that a family can receive on this basis amount to BAM 36,000. The subsidies shall be disbursed on the condition that the beneficiary meets the requirements prescribed by this Rulebook and the subsidy agreement,\u2019 it is stated.<\/p>\n<p>Source: RTRS \u2013 Nezavisne novine<\/p>\n<p>Photo: Republic of Srpska Government<\/p>","protected":false},"excerpt":{"rendered":"<p>The Prime Minister of the Republic of Srpska, Savo Mini\u0107, called on Srpska\u2019s local communities to follow the example of \u0160ekovi\u0107i and create measures for the return of the population. \u2013 \u0160ekovi\u0107i adopted the Rulebook on granting subsidies to support the return of families providing for monthly BAM 1,500 for two years for those who return to their municipality \u2013 said Mini\u0107.<\/p>","protected":false},"author":1,"featured_media":8478,"comment_status":"closed","ping_status":"closed","sticky":false,"template":"","format":"standard","meta":{"footnotes":""},"categories":[52,77],"tags":[],"class_list":["post-8477","post","type-post","status-publish","format-standard","has-post-thumbnail","hentry","category-vijesti","category-vijesti-republika-srpska"],"yoast_head":"<!-- This site is optimized with the Yoast SEO plugin v24.6 - https:\/\/yoast.com\/wordpress\/plugins\/seo\/ -->\n<title>\u041f\u0440\u0435\u043c\u0438\u0458\u0435\u0440 \u041c\u0438\u043d\u0438\u045b \u043f\u043e\u0437\u0432\u0430\u043e \u043b\u043e\u043a\u0430\u043b\u043d\u0435 \u0437\u0430\u0458\u0435\u0434\u043d\u0438\u0446\u0435 \u0434\u0430 \u043a\u0440\u0435\u0438\u0440\u0430\u0458\u0443 \u043c\u0458\u0435\u0440\u0435 \u0437\u0430 \u043f\u043e\u0432\u0440\u0430\u0442\u0430\u043a \u0441\u0442\u0430\u043d\u043e\u0432\u043d\u0438\u0448\u0442\u0432\u0430 - \u0420\u0435\u043f\u0443\u0431\u043b\u0438\u043a\u0430 \u0421\u0440\u043f\u0441\u043a\u0430 \u0438 \u0434\u0438\u0458\u0430\u0441\u043f\u043e\u0440\u0430<\/title>\n<meta name=\"description\" content=\"Stranica za dijasporu RS, ovdje mo\u017eete prona\u0107i sve informacije, pomo\u0107 i savjete na jednom mjestu.\" \/>\n<meta name=\"robots\" content=\"index, follow, max-snippet:-1, max-image-preview:large, max-video-preview:-1\" \/>\n<link rel=\"canonical\" href=\"https:\/\/dijasporars.com\/en\/premijer-minic-pozvao-lokalne-zajednice-da-kreiraju-mjere-za-povratak-stanovnistva\/\" \/>\n<meta property=\"og:locale\" content=\"en_US\" \/>\n<meta property=\"og:type\" content=\"article\" \/>\n<meta property=\"og:title\" content=\"\u041f\u0440\u0435\u043c\u0438\u0458\u0435\u0440 \u041c\u0438\u043d\u0438\u045b \u043f\u043e\u0437\u0432\u0430\u043e \u043b\u043e\u043a\u0430\u043b\u043d\u0435 \u0437\u0430\u0458\u0435\u0434\u043d\u0438\u0446\u0435 \u0434\u0430 \u043a\u0440\u0435\u0438\u0440\u0430\u0458\u0443 \u043c\u0458\u0435\u0440\u0435 \u0437\u0430 \u043f\u043e\u0432\u0440\u0430\u0442\u0430\u043a \u0441\u0442\u0430\u043d\u043e\u0432\u043d\u0438\u0448\u0442\u0432\u0430 - \u0420\u0435\u043f\u0443\u0431\u043b\u0438\u043a\u0430 \u0421\u0440\u043f\u0441\u043a\u0430 \u0438 \u0434\u0438\u0458\u0430\u0441\u043f\u043e\u0440\u0430\" \/>\n<meta property=\"og:description\" content=\"Stranica za dijasporu RS, ovdje mo\u017eete prona\u0107i sve informacije, pomo\u0107 i savjete na jednom mjestu.\" \/>\n<meta property=\"og:url\" content=\"https:\/\/dijasporars.com\/en\/premijer-minic-pozvao-lokalne-zajednice-da-kreiraju-mjere-za-povratak-stanovnistva\/\" \/>\n<meta property=\"og:site_name\" content=\"\u0420\u0435\u043f\u0443\u0431\u043b\u0438\u043a\u0430 \u0421\u0440\u043f\u0441\u043a\u0430 \u0438 \u0434\u0438\u0458\u0430\u0441\u043f\u043e\u0440\u0430\" \/>\n<meta property=\"article:published_time\" content=\"2026-04-06T09:38:52+00:00\" \/>\n<meta property=\"article:modified_time\" content=\"2026-04-06T09:39:03+00:00\" \/>\n<meta property=\"og:image\" content=\"https:\/\/dijasporars.com\/wp-content\/uploads\/2026\/04\/\u0424\u043e\u0442\u043e-\u0412\u043b\u0430\u0434\u0430-\u0420\u0435\u043f\u0443\u0431\u043b\u0438\u043a\u0435-\u0421\u0440\u043f\u0441\u043a\u0435.jpg\" \/>\n\t<meta property=\"og:image:width\" content=\"750\" \/>\n\t<meta property=\"og:image:height\" content=\"420\" \/>\n\t<meta property=\"og:image:type\" content=\"image\/jpeg\" \/>\n<meta name=\"author\" content=\"dijasporars\" \/>\n<meta name=\"twitter:card\" content=\"summary_large_image\" \/>\n<meta name=\"twitter:label1\" content=\"Written by\" \/>\n\t<meta name=\"twitter:data1\" content=\"dijasporars\" \/>\n<script type=\"application\/ld+json\" class=\"yoast-schema-graph\">{\"@context\":\"https:\/\/schema.org\",\"@graph\":[{\"@type\":\"WebPage\",\"@id\":\"https:\/\/dijasporars.com\/premijer-minic-pozvao-lokalne-zajednice-da-kreiraju-mjere-za-povratak-stanovnistva\/\",\"url\":\"https:\/\/dijasporars.com\/premijer-minic-pozvao-lokalne-zajednice-da-kreiraju-mjere-za-povratak-stanovnistva\/\",\"name\":\"\u041f\u0440\u0435\u043c\u0438\u0458\u0435\u0440 \u041c\u0438\u043d\u0438\u045b \u043f\u043e\u0437\u0432\u0430\u043e \u043b\u043e\u043a\u0430\u043b\u043d\u0435 \u0437\u0430\u0458\u0435\u0434\u043d\u0438\u0446\u0435 \u0434\u0430 \u043a\u0440\u0435\u0438\u0440\u0430\u0458\u0443 \u043c\u0458\u0435\u0440\u0435 \u0437\u0430 \u043f\u043e\u0432\u0440\u0430\u0442\u0430\u043a \u0441\u0442\u0430\u043d\u043e\u0432\u043d\u0438\u0448\u0442\u0432\u0430 - \u0420\u0435\u043f\u0443\u0431\u043b\u0438\u043a\u0430 \u0421\u0440\u043f\u0441\u043a\u0430 \u0438 \u0434\u0438\u0458\u0430\u0441\u043f\u043e\u0440\u0430\",\"isPartOf\":{\"@id\":\"https:\/\/dijasporars.com\/#website\"},\"primaryImageOfPage\":{\"@id\":\"https:\/\/dijasporars.com\/premijer-minic-pozvao-lokalne-zajednice-da-kreiraju-mjere-za-povratak-stanovnistva\/#primaryimage\"},\"image\":{\"@id\":\"https:\/\/dijasporars.com\/premijer-minic-pozvao-lokalne-zajednice-da-kreiraju-mjere-za-povratak-stanovnistva\/#primaryimage\"},\"thumbnailUrl\":\"https:\/\/dijasporars.com\/wp-content\/uploads\/2026\/04\/\u0424\u043e\u0442\u043e-\u0412\u043b\u0430\u0434\u0430-\u0420\u0435\u043f\u0443\u0431\u043b\u0438\u043a\u0435-\u0421\u0440\u043f\u0441\u043a\u0435.jpg\",\"datePublished\":\"2026-04-06T09:38:52+00:00\",\"dateModified\":\"2026-04-06T09:39:03+00:00\",\"author\":{\"@id\":\"https:\/\/dijasporars.com\/#\/schema\/person\/f5052d53409aef50f7503bd1372c77ca\"},\"description\":\"Stranica za dijasporu RS, ovdje mo\u017eete prona\u0107i sve informacije, pomo\u0107 i savjete na jednom mjestu.\",\"breadcrumb\":{\"@id\":\"https:\/\/dijasporars.com\/premijer-minic-pozvao-lokalne-zajednice-da-kreiraju-mjere-za-povratak-stanovnistva\/#breadcrumb\"},\"inLanguage\":\"en-US\",\"potentialAction\":[{\"@type\":\"ReadAction\",\"target\":[\"https:\/\/dijasporars.com\/premijer-minic-pozvao-lokalne-zajednice-da-kreiraju-mjere-za-povratak-stanovnistva\/\"]}]},{\"@type\":\"ImageObject\",\"inLanguage\":\"en-US\",\"@id\":\"https:\/\/dijasporars.com\/premijer-minic-pozvao-lokalne-zajednice-da-kreiraju-mjere-za-povratak-stanovnistva\/#primaryimage\",\"url\":\"https:\/\/dijasporars.com\/wp-content\/uploads\/2026\/04\/\u0424\u043e\u0442\u043e-\u0412\u043b\u0430\u0434\u0430-\u0420\u0435\u043f\u0443\u0431\u043b\u0438\u043a\u0435-\u0421\u0440\u043f\u0441\u043a\u0435.jpg\",\"contentUrl\":\"https:\/\/dijasporars.com\/wp-content\/uploads\/2026\/04\/\u0424\u043e\u0442\u043e-\u0412\u043b\u0430\u0434\u0430-\u0420\u0435\u043f\u0443\u0431\u043b\u0438\u043a\u0435-\u0421\u0440\u043f\u0441\u043a\u0435.jpg\",\"width\":750,\"height\":420},{\"@type\":\"BreadcrumbList\",\"@id\":\"https:\/\/dijasporars.com\/premijer-minic-pozvao-lokalne-zajednice-da-kreiraju-mjere-za-povratak-stanovnistva\/#breadcrumb\",\"itemListElement\":[{\"@type\":\"ListItem\",\"position\":1,\"name\":\"\u041f\u043e\u0447\u0435\u0442\u043d\u0430\",\"item\":\"https:\/\/dijasporars.com\/\"},{\"@type\":\"ListItem\",\"position\":2,\"name\":\"\u041f\u0440\u0435\u043c\u0438\u0458\u0435\u0440 \u041c\u0438\u043d\u0438\u045b \u043f\u043e\u0437\u0432\u0430\u043e \u043b\u043e\u043a\u0430\u043b\u043d\u0435 \u0437\u0430\u0458\u0435\u0434\u043d\u0438\u0446\u0435 \u0434\u0430 \u043a\u0440\u0435\u0438\u0440\u0430\u0458\u0443 \u043c\u0458\u0435\u0440\u0435 \u0437\u0430 \u043f\u043e\u0432\u0440\u0430\u0442\u0430\u043a \u0441\u0442\u0430\u043d\u043e\u0432\u043d\u0438\u0448\u0442\u0432\u0430\"}]},{\"@type\":\"WebSite\",\"@id\":\"https:\/\/dijasporars.com\/#website\",\"url\":\"https:\/\/dijasporars.com\/\",\"name\":\"\u0420\u0435\u043f\u0443\u0431\u043b\u0438\u043a\u0430 \u0421\u0440\u043f\u0441\u043a\u0430 \u0438 \u0434\u0438\u0458\u0430\u0441\u043f\u043e\u0440\u0430\",\"description\":\"\",\"potentialAction\":[{\"@type\":\"SearchAction\",\"target\":{\"@type\":\"EntryPoint\",\"urlTemplate\":\"https:\/\/dijasporars.com\/?s={search_term_string}\"},\"query-input\":{\"@type\":\"PropertyValueSpecification\",\"valueRequired\":true,\"valueName\":\"search_term_string\"}}],\"inLanguage\":\"en-US\"},{\"@type\":\"Person\",\"@id\":\"https:\/\/dijasporars.com\/#\/schema\/person\/f5052d53409aef50f7503bd1372c77ca\",\"name\":\"dijasporars\",\"image\":{\"@type\":\"ImageObject\",\"inLanguage\":\"en-US\",\"@id\":\"https:\/\/dijasporars.com\/#\/schema\/person\/image\/\",\"url\":\"https:\/\/secure.gravatar.com\/avatar\/759212a69df0744fb2be03efd361239831e31095061dacc7496bdf8524e0daf7?s=96&d=mm&r=g\",\"contentUrl\":\"https:\/\/secure.gravatar.com\/avatar\/759212a69df0744fb2be03efd361239831e31095061dacc7496bdf8524e0daf7?s=96&d=mm&r=g\",\"caption\":\"dijasporars\"},\"url\":\"https:\/\/dijasporars.com\/en\/author\/dijasporars\/\"}]}<\/script>\n<!-- \/ Yoast SEO plugin. -->","yoast_head_json":{"title":"\u041f\u0440\u0435\u043c\u0438\u0458\u0435\u0440 \u041c\u0438\u043d\u0438\u045b \u043f\u043e\u0437\u0432\u0430\u043e \u043b\u043e\u043a\u0430\u043b\u043d\u0435 \u0437\u0430\u0458\u0435\u0434\u043d\u0438\u0446\u0435 \u0434\u0430 \u043a\u0440\u0435\u0438\u0440\u0430\u0458\u0443 \u043c\u0458\u0435\u0440\u0435 \u0437\u0430 \u043f\u043e\u0432\u0440\u0430\u0442\u0430\u043a \u0441\u0442\u0430\u043d\u043e\u0432\u043d\u0438\u0448\u0442\u0432\u0430 - \u0420\u0435\u043f\u0443\u0431\u043b\u0438\u043a\u0430 \u0421\u0440\u043f\u0441\u043a\u0430 \u0438 \u0434\u0438\u0458\u0430\u0441\u043f\u043e\u0440\u0430","description":"Stranica za dijasporu RS, ovdje mo\u017eete prona\u0107i sve informacije, pomo\u0107 i savjete na jednom mjestu.","robots":{"index":"index","follow":"follow","max-snippet":"max-snippet:-1","max-image-preview":"max-image-preview:large","max-video-preview":"max-video-preview:-1"},"canonical":"https:\/\/dijasporars.com\/en\/premijer-minic-pozvao-lokalne-zajednice-da-kreiraju-mjere-za-povratak-stanovnistva\/","og_locale":"en_US","og_type":"article","og_title":"\u041f\u0440\u0435\u043c\u0438\u0458\u0435\u0440 \u041c\u0438\u043d\u0438\u045b \u043f\u043e\u0437\u0432\u0430\u043e \u043b\u043e\u043a\u0430\u043b\u043d\u0435 \u0437\u0430\u0458\u0435\u0434\u043d\u0438\u0446\u0435 \u0434\u0430 \u043a\u0440\u0435\u0438\u0440\u0430\u0458\u0443 \u043c\u0458\u0435\u0440\u0435 \u0437\u0430 \u043f\u043e\u0432\u0440\u0430\u0442\u0430\u043a \u0441\u0442\u0430\u043d\u043e\u0432\u043d\u0438\u0448\u0442\u0432\u0430 - \u0420\u0435\u043f\u0443\u0431\u043b\u0438\u043a\u0430 \u0421\u0440\u043f\u0441\u043a\u0430 \u0438 \u0434\u0438\u0458\u0430\u0441\u043f\u043e\u0440\u0430","og_description":"Stranica za dijasporu RS, ovdje mo\u017eete prona\u0107i sve informacije, pomo\u0107 i savjete na jednom mjestu.","og_url":"https:\/\/dijasporars.com\/en\/premijer-minic-pozvao-lokalne-zajednice-da-kreiraju-mjere-za-povratak-stanovnistva\/","og_site_name":"\u0420\u0435\u043f\u0443\u0431\u043b\u0438\u043a\u0430 \u0421\u0440\u043f\u0441\u043a\u0430 \u0438 \u0434\u0438\u0458\u0430\u0441\u043f\u043e\u0440\u0430","article_published_time":"2026-04-06T09:38:52+00:00","article_modified_time":"2026-04-06T09:39:03+00:00","og_image":[{"width":750,"height":420,"url":"https:\/\/dijasporars.com\/wp-content\/uploads\/2026\/04\/\u0424\u043e\u0442\u043e-\u0412\u043b\u0430\u0434\u0430-\u0420\u0435\u043f\u0443\u0431\u043b\u0438\u043a\u0435-\u0421\u0440\u043f\u0441\u043a\u0435.jpg","type":"image\/jpeg"}],"author":"dijasporars","twitter_card":"summary_large_image","twitter_misc":{"Written by":"dijasporars"},"schema":{"@context":"https:\/\/schema.org","@graph":[{"@type":"WebPage","@id":"https:\/\/dijasporars.com\/premijer-minic-pozvao-lokalne-zajednice-da-kreiraju-mjere-za-povratak-stanovnistva\/","url":"https:\/\/dijasporars.com\/premijer-minic-pozvao-lokalne-zajednice-da-kreiraju-mjere-za-povratak-stanovnistva\/","name":"\u041f\u0440\u0435\u043c\u0438\u0458\u0435\u0440 \u041c\u0438\u043d\u0438\u045b \u043f\u043e\u0437\u0432\u0430\u043e \u043b\u043e\u043a\u0430\u043b\u043d\u0435 \u0437\u0430\u0458\u0435\u0434\u043d\u0438\u0446\u0435 \u0434\u0430 \u043a\u0440\u0435\u0438\u0440\u0430\u0458\u0443 \u043c\u0458\u0435\u0440\u0435 \u0437\u0430 \u043f\u043e\u0432\u0440\u0430\u0442\u0430\u043a \u0441\u0442\u0430\u043d\u043e\u0432\u043d\u0438\u0448\u0442\u0432\u0430 - \u0420\u0435\u043f\u0443\u0431\u043b\u0438\u043a\u0430 \u0421\u0440\u043f\u0441\u043a\u0430 \u0438 \u0434\u0438\u0458\u0430\u0441\u043f\u043e\u0440\u0430","isPartOf":{"@id":"https:\/\/dijasporars.com\/#website"},"primaryImageOfPage":{"@id":"https:\/\/dijasporars.com\/premijer-minic-pozvao-lokalne-zajednice-da-kreiraju-mjere-za-povratak-stanovnistva\/#primaryimage"},"image":{"@id":"https:\/\/dijasporars.com\/premijer-minic-pozvao-lokalne-zajednice-da-kreiraju-mjere-za-povratak-stanovnistva\/#primaryimage"},"thumbnailUrl":"https:\/\/dijasporars.com\/wp-content\/uploads\/2026\/04\/\u0424\u043e\u0442\u043e-\u0412\u043b\u0430\u0434\u0430-\u0420\u0435\u043f\u0443\u0431\u043b\u0438\u043a\u0435-\u0421\u0440\u043f\u0441\u043a\u0435.jpg","datePublished":"2026-04-06T09:38:52+00:00","dateModified":"2026-04-06T09:39:03+00:00","author":{"@id":"https:\/\/dijasporars.com\/#\/schema\/person\/f5052d53409aef50f7503bd1372c77ca"},"description":"Stranica za dijasporu RS, ovdje mo\u017eete prona\u0107i sve informacije, pomo\u0107 i savjete na jednom mjestu.","breadcrumb":{"@id":"https:\/\/dijasporars.com\/premijer-minic-pozvao-lokalne-zajednice-da-kreiraju-mjere-za-povratak-stanovnistva\/#breadcrumb"},"inLanguage":"en-US","potentialAction":[{"@type":"ReadAction","target":["https:\/\/dijasporars.com\/premijer-minic-pozvao-lokalne-zajednice-da-kreiraju-mjere-za-povratak-stanovnistva\/"]}]},{"@type":"ImageObject","inLanguage":"en-US","@id":"https:\/\/dijasporars.com\/premijer-minic-pozvao-lokalne-zajednice-da-kreiraju-mjere-za-povratak-stanovnistva\/#primaryimage","url":"https:\/\/dijasporars.com\/wp-content\/uploads\/2026\/04\/\u0424\u043e\u0442\u043e-\u0412\u043b\u0430\u0434\u0430-\u0420\u0435\u043f\u0443\u0431\u043b\u0438\u043a\u0435-\u0421\u0440\u043f\u0441\u043a\u0435.jpg","contentUrl":"https:\/\/dijasporars.com\/wp-content\/uploads\/2026\/04\/\u0424\u043e\u0442\u043e-\u0412\u043b\u0430\u0434\u0430-\u0420\u0435\u043f\u0443\u0431\u043b\u0438\u043a\u0435-\u0421\u0440\u043f\u0441\u043a\u0435.jpg","width":750,"height":420},{"@type":"BreadcrumbList","@id":"https:\/\/dijasporars.com\/premijer-minic-pozvao-lokalne-zajednice-da-kreiraju-mjere-za-povratak-stanovnistva\/#breadcrumb","itemListElement":[{"@type":"ListItem","position":1,"name":"\u041f\u043e\u0447\u0435\u0442\u043d\u0430","item":"https:\/\/dijasporars.com\/"},{"@type":"ListItem","position":2,"name":"\u041f\u0440\u0435\u043c\u0438\u0458\u0435\u0440 \u041c\u0438\u043d\u0438\u045b \u043f\u043e\u0437\u0432\u0430\u043e \u043b\u043e\u043a\u0430\u043b\u043d\u0435 \u0437\u0430\u0458\u0435\u0434\u043d\u0438\u0446\u0435 \u0434\u0430 \u043a\u0440\u0435\u0438\u0440\u0430\u0458\u0443 \u043c\u0458\u0435\u0440\u0435 \u0437\u0430 \u043f\u043e\u0432\u0440\u0430\u0442\u0430\u043a \u0441\u0442\u0430\u043d\u043e\u0432\u043d\u0438\u0448\u0442\u0432\u0430"}]},{"@type":"WebSite","@id":"https:\/\/dijasporars.com\/#website","url":"https:\/\/dijasporars.com\/","name":"\u0420\u0435\u043f\u0443\u0431\u043b\u0438\u043a\u0430 \u0421\u0440\u043f\u0441\u043a\u0430 \u0438 \u0434\u0438\u0458\u0430\u0441\u043f\u043e\u0440\u0430","description":"","potentialAction":[{"@type":"SearchAction","target":{"@type":"EntryPoint","urlTemplate":"https:\/\/dijasporars.com\/?s={search_term_string}"},"query-input":{"@type":"PropertyValueSpecification","valueRequired":true,"valueName":"search_term_string"}}],"inLanguage":"en-US"},{"@type":"Person","@id":"https:\/\/dijasporars.com\/#\/schema\/person\/f5052d53409aef50f7503bd1372c77ca","name":"dijasporars","image":{"@type":"ImageObject","inLanguage":"en-US","@id":"https:\/\/dijasporars.com\/#\/schema\/person\/image\/","url":"https:\/\/secure.gravatar.com\/avatar\/759212a69df0744fb2be03efd361239831e31095061dacc7496bdf8524e0daf7?s=96&d=mm&r=g","contentUrl":"https:\/\/secure.gravatar.com\/avatar\/759212a69df0744fb2be03efd361239831e31095061dacc7496bdf8524e0daf7?s=96&d=mm&r=g","caption":"dijasporars"},"url":"https:\/\/dijasporars.com\/en\/author\/dijasporars\/"}]}},"_links":{"self":[{"href":"https:\/\/dijasporars.com\/en\/wp-json\/wp\/v2\/posts\/8477","targetHints":{"allow":["GET"]}}],"collection":[{"href":"https:\/\/dijasporars.com\/en\/wp-json\/wp\/v2\/posts"}],"about":[{"href":"https:\/\/dijasporars.com\/en\/wp-json\/wp\/v2\/types\/post"}],"author":[{"embeddable":true,"href":"https:\/\/dijasporars.com\/en\/wp-json\/wp\/v2\/users\/1"}],"replies":[{"embeddable":true,"href":"https:\/\/dijasporars.com\/en\/wp-json\/wp\/v2\/comments?post=8477"}],"version-history":[{"count":1,"href":"https:\/\/dijasporars.com\/en\/wp-json\/wp\/v2\/posts\/8477\/revisions"}],"predecessor-version":[{"id":8479,"href":"https:\/\/dijasporars.com\/en\/wp-json\/wp\/v2\/posts\/8477\/revisions\/8479"}],"wp:featuredmedia":[{"embeddable":true,"href":"https:\/\/dijasporars.com\/en\/wp-json\/wp\/v2\/media\/8478"}],"wp:attachment":[{"href":"https:\/\/dijasporars.com\/en\/wp-json\/wp\/v2\/media?parent=8477"}],"wp:term":[{"taxonomy":"category","embeddable":true,"href":"https:\/\/dijasporars.com\/en\/wp-json\/wp\/v2\/categories?post=8477"},{"taxonomy":"post_tag","embeddable":true,"href":"https:\/\/dijasporars.com\/en\/wp-json\/wp\/v2\/tags?post=8477"}],"curies":[{"name":"wp","href":"https:\/\/api.w.org\/{rel}","templated":true}]}}