{"id":8400,"date":"2026-03-05T12:33:40","date_gmt":"2026-03-05T11:33:40","guid":{"rendered":"https:\/\/dijasporars.com\/?p=8400"},"modified":"2026-03-06T12:10:53","modified_gmt":"2026-03-06T11:10:53","slug":"prijem-u-becu-povodom-prglasenja-prvog-ustava-republike-srpske","status":"publish","type":"post","link":"https:\/\/dijasporars.com\/en\/prijem-u-becu-povodom-prglasenja-prvog-ustava-republike-srpske\/","title":{"rendered":"Reception in Vienna on Occasion of Promulgation of the First Constitution of the Republic of Srpska"},"content":{"rendered":"<p>The Republic of Srpska Representative Office in Austria organized a ceremonial reception in Vienna last evening on the occasion of 28 February \u2013 the Day of promulgation of the first Constitution of the Republic of Srpska.<\/p>\n<p>In addition to representatives of the institutions of the Republic of Srpska and Serbia, it brought together many distinguished guests, members of the diplomatic corps, representatives of the Serbian Orthodox Church, and leadership of Serbian clubs and associations in Austria.<\/p>\n<p>Among others, the ceremony was attended by H.E. Dmitry Polyansky, Ambassador of the Permanent Mission of the Russian Federation to the OSCE, H.E. Marko Blagojevi\u0107, Ambassador of the Republic of Serbia to the Republic of Austria, H.E. \u017darko Obradovi\u0107, Ambassador of the Permanent Mission of the Republic of Serbia to the OSCE and International Organizations, H.E. Sini\u0161a Bencun, Ambassador of BiH to the Republic of Austria, Bishop Alexy of the Russian Orthodox Church of the Moscow Patriarchate in Vienna and Austria, representative of the Embassy of the Russian Federation in the Republic of Austria, representative of the Ambassador of the Permanent Mission of the Russian Federation to international organizations, and representatives of the embassies of Hungary and Belarus.<\/p>\n<p>Addressing the attendees, the Head of the Representation of the Republic of Srpska in Austria, Mladen Filipovi\u0107, noted the historical significance of the adoption of the first Constitution of the Republic of Srpska, and emphasized that it was a great honor that Vienna had been marking this date for years, which is one of the most important for the Serbian people in BiH and the region.<\/p>\n<p>\u2018It is important that we cherish the ideas of dialogue and unity, and that through such gatherings we provide support to the institutions of the Republic of Srpska,\u2019 said Filipovi\u0107.<\/p>\n<p>Filipovi\u0107 said that the Representation remained committed to strengthening institutional, economic and cultural ties with Austria.<\/p>\n<p>\u2018Cooperation is our shared goal. Support on this path comes from our institutions and our international partners, as well as our diaspora, which is actively working on cooperation in various areas,\u2019 stated Filipovi\u0107.<\/p>\n<p>During the reception, the Serbian Academic Ensemble performed several classical Serbian and Austrian compositions, as well as several traditional songs.<\/p>\n<p>Source and photo: Republic of Srpska Representative Office in the Republic of Austria<\/p>","protected":false},"excerpt":{"rendered":"<p>The Republic of Srpska Representative Office in Austria organized a ceremonial reception in Vienna last evening on the occasion of 28 February \u2013 the Day of promulgation of the first Constitution of the Republic of Srpska. In addition to representatives of the institutions of the Republic of Srpska and Serbia, it brought together many distinguished guests, members of the diplomatic corps, representatives of the Serbian Orthodox Church, and leadership of Serbian clubs and associations in Austria.\nAmong others, the ceremony was attended by H.E.<\/p>","protected":false},"author":1,"featured_media":8401,"comment_status":"closed","ping_status":"closed","sticky":false,"template":"","format":"standard","meta":{"footnotes":""},"categories":[52,76],"tags":[],"class_list":["post-8400","post","type-post","status-publish","format-standard","has-post-thumbnail","hentry","category-vijesti","category-vijesti-dijaspora"],"yoast_head":"<!-- This site is optimized with the Yoast SEO plugin v24.6 - https:\/\/yoast.com\/wordpress\/plugins\/seo\/ -->\n<title>\u041f\u0440\u0438\u0458\u0435\u043c \u0443 \u0411\u0435\u0447\u0443 \u043f\u043e\u0432\u043e\u0434\u043e\u043c \u043f\u0440\u043e\u0433\u043b\u0430\u0448\u0435\u045a\u0430 \u043f\u0440\u0432\u043e\u0433 \u0423\u0441\u0442\u0430\u0432\u0430 \u0420\u0435\u043f\u0443\u0431\u043b\u0438\u043a\u0435 \u0421\u0440\u043f\u0441\u043a\u0435 - \u0420\u0435\u043f\u0443\u0431\u043b\u0438\u043a\u0430 \u0421\u0440\u043f\u0441\u043a\u0430 \u0438 \u0434\u0438\u0458\u0430\u0441\u043f\u043e\u0440\u0430<\/title>\n<meta name=\"description\" content=\"Stranica za dijasporu RS, ovdje mo\u017eete prona\u0107i sve informacije, pomo\u0107 i savjete na jednom mjestu.\" \/>\n<meta name=\"robots\" content=\"index, follow, max-snippet:-1, max-image-preview:large, max-video-preview:-1\" \/>\n<link rel=\"canonical\" href=\"https:\/\/dijasporars.com\/en\/prijem-u-becu-povodom-prglasenja-prvog-ustava-republike-srpske\/\" \/>\n<meta property=\"og:locale\" content=\"en_US\" \/>\n<meta property=\"og:type\" content=\"article\" \/>\n<meta property=\"og:title\" content=\"\u041f\u0440\u0438\u0458\u0435\u043c \u0443 \u0411\u0435\u0447\u0443 \u043f\u043e\u0432\u043e\u0434\u043e\u043c \u043f\u0440\u043e\u0433\u043b\u0430\u0448\u0435\u045a\u0430 \u043f\u0440\u0432\u043e\u0433 \u0423\u0441\u0442\u0430\u0432\u0430 \u0420\u0435\u043f\u0443\u0431\u043b\u0438\u043a\u0435 \u0421\u0440\u043f\u0441\u043a\u0435 - \u0420\u0435\u043f\u0443\u0431\u043b\u0438\u043a\u0430 \u0421\u0440\u043f\u0441\u043a\u0430 \u0438 \u0434\u0438\u0458\u0430\u0441\u043f\u043e\u0440\u0430\" \/>\n<meta property=\"og:description\" content=\"Stranica za dijasporu RS, ovdje mo\u017eete prona\u0107i sve informacije, pomo\u0107 i savjete na jednom mjestu.\" \/>\n<meta property=\"og:url\" content=\"https:\/\/dijasporars.com\/en\/prijem-u-becu-povodom-prglasenja-prvog-ustava-republike-srpske\/\" \/>\n<meta property=\"og:site_name\" content=\"\u0420\u0435\u043f\u0443\u0431\u043b\u0438\u043a\u0430 \u0421\u0440\u043f\u0441\u043a\u0430 \u0438 \u0434\u0438\u0458\u0430\u0441\u043f\u043e\u0440\u0430\" \/>\n<meta property=\"article:published_time\" content=\"2026-03-05T11:33:40+00:00\" \/>\n<meta property=\"article:modified_time\" content=\"2026-03-06T11:10:53+00:00\" \/>\n<meta property=\"og:image\" content=\"https:\/\/dijasporars.com\/wp-content\/uploads\/2026\/03\/\u0424\u043e\u0442\u043e-\u041f\u0440\u0435\u0434\u0441\u0442\u0430\u0432\u043d\u0438\u0448\u0442\u0432\u043e-\u0420\u0435\u043f\u0443\u0431\u043b\u0438\u043a\u0435-\u0421\u0440\u043f\u0441\u043a\u0435-\u0443-\u0420\u0435\u043f\u0443\u0431\u043b\u0438\u0446\u0438-\u0410\u0443\u0441\u0442\u0440\u0438\u0458\u0438-1.jpg\" \/>\n\t<meta property=\"og:image:width\" content=\"2048\" \/>\n\t<meta property=\"og:image:height\" content=\"1365\" \/>\n\t<meta property=\"og:image:type\" content=\"image\/jpeg\" \/>\n<meta name=\"author\" content=\"dijasporars\" \/>\n<meta name=\"twitter:card\" content=\"summary_large_image\" \/>\n<meta name=\"twitter:label1\" content=\"Written by\" \/>\n\t<meta name=\"twitter:data1\" content=\"dijasporars\" \/>\n<script type=\"application\/ld+json\" class=\"yoast-schema-graph\">{\"@context\":\"https:\/\/schema.org\",\"@graph\":[{\"@type\":\"WebPage\",\"@id\":\"https:\/\/dijasporars.com\/prijem-u-becu-povodom-prglasenja-prvog-ustava-republike-srpske\/\",\"url\":\"https:\/\/dijasporars.com\/prijem-u-becu-povodom-prglasenja-prvog-ustava-republike-srpske\/\",\"name\":\"\u041f\u0440\u0438\u0458\u0435\u043c \u0443 \u0411\u0435\u0447\u0443 \u043f\u043e\u0432\u043e\u0434\u043e\u043c \u043f\u0440\u043e\u0433\u043b\u0430\u0448\u0435\u045a\u0430 \u043f\u0440\u0432\u043e\u0433 \u0423\u0441\u0442\u0430\u0432\u0430 \u0420\u0435\u043f\u0443\u0431\u043b\u0438\u043a\u0435 \u0421\u0440\u043f\u0441\u043a\u0435 - \u0420\u0435\u043f\u0443\u0431\u043b\u0438\u043a\u0430 \u0421\u0440\u043f\u0441\u043a\u0430 \u0438 \u0434\u0438\u0458\u0430\u0441\u043f\u043e\u0440\u0430\",\"isPartOf\":{\"@id\":\"https:\/\/dijasporars.com\/#website\"},\"primaryImageOfPage\":{\"@id\":\"https:\/\/dijasporars.com\/prijem-u-becu-povodom-prglasenja-prvog-ustava-republike-srpske\/#primaryimage\"},\"image\":{\"@id\":\"https:\/\/dijasporars.com\/prijem-u-becu-povodom-prglasenja-prvog-ustava-republike-srpske\/#primaryimage\"},\"thumbnailUrl\":\"https:\/\/dijasporars.com\/wp-content\/uploads\/2026\/03\/\u0424\u043e\u0442\u043e-\u041f\u0440\u0435\u0434\u0441\u0442\u0430\u0432\u043d\u0438\u0448\u0442\u0432\u043e-\u0420\u0435\u043f\u0443\u0431\u043b\u0438\u043a\u0435-\u0421\u0440\u043f\u0441\u043a\u0435-\u0443-\u0420\u0435\u043f\u0443\u0431\u043b\u0438\u0446\u0438-\u0410\u0443\u0441\u0442\u0440\u0438\u0458\u0438-1.jpg\",\"datePublished\":\"2026-03-05T11:33:40+00:00\",\"dateModified\":\"2026-03-06T11:10:53+00:00\",\"author\":{\"@id\":\"https:\/\/dijasporars.com\/#\/schema\/person\/f5052d53409aef50f7503bd1372c77ca\"},\"description\":\"Stranica za dijasporu RS, ovdje mo\u017eete prona\u0107i sve informacije, pomo\u0107 i savjete na jednom mjestu.\",\"breadcrumb\":{\"@id\":\"https:\/\/dijasporars.com\/prijem-u-becu-povodom-prglasenja-prvog-ustava-republike-srpske\/#breadcrumb\"},\"inLanguage\":\"en-US\",\"potentialAction\":[{\"@type\":\"ReadAction\",\"target\":[\"https:\/\/dijasporars.com\/prijem-u-becu-povodom-prglasenja-prvog-ustava-republike-srpske\/\"]}]},{\"@type\":\"ImageObject\",\"inLanguage\":\"en-US\",\"@id\":\"https:\/\/dijasporars.com\/prijem-u-becu-povodom-prglasenja-prvog-ustava-republike-srpske\/#primaryimage\",\"url\":\"https:\/\/dijasporars.com\/wp-content\/uploads\/2026\/03\/\u0424\u043e\u0442\u043e-\u041f\u0440\u0435\u0434\u0441\u0442\u0430\u0432\u043d\u0438\u0448\u0442\u0432\u043e-\u0420\u0435\u043f\u0443\u0431\u043b\u0438\u043a\u0435-\u0421\u0440\u043f\u0441\u043a\u0435-\u0443-\u0420\u0435\u043f\u0443\u0431\u043b\u0438\u0446\u0438-\u0410\u0443\u0441\u0442\u0440\u0438\u0458\u0438-1.jpg\",\"contentUrl\":\"https:\/\/dijasporars.com\/wp-content\/uploads\/2026\/03\/\u0424\u043e\u0442\u043e-\u041f\u0440\u0435\u0434\u0441\u0442\u0430\u0432\u043d\u0438\u0448\u0442\u0432\u043e-\u0420\u0435\u043f\u0443\u0431\u043b\u0438\u043a\u0435-\u0421\u0440\u043f\u0441\u043a\u0435-\u0443-\u0420\u0435\u043f\u0443\u0431\u043b\u0438\u0446\u0438-\u0410\u0443\u0441\u0442\u0440\u0438\u0458\u0438-1.jpg\",\"width\":2048,\"height\":1365},{\"@type\":\"BreadcrumbList\",\"@id\":\"https:\/\/dijasporars.com\/prijem-u-becu-povodom-prglasenja-prvog-ustava-republike-srpske\/#breadcrumb\",\"itemListElement\":[{\"@type\":\"ListItem\",\"position\":1,\"name\":\"\u041f\u043e\u0447\u0435\u0442\u043d\u0430\",\"item\":\"https:\/\/dijasporars.com\/\"},{\"@type\":\"ListItem\",\"position\":2,\"name\":\"\u041f\u0440\u0438\u0458\u0435\u043c \u0443 \u0411\u0435\u0447\u0443 \u043f\u043e\u0432\u043e\u0434\u043e\u043c \u043f\u0440\u043e\u0433\u043b\u0430\u0448\u0435\u045a\u0430 \u043f\u0440\u0432\u043e\u0433 \u0423\u0441\u0442\u0430\u0432\u0430 \u0420\u0435\u043f\u0443\u0431\u043b\u0438\u043a\u0435 \u0421\u0440\u043f\u0441\u043a\u0435\"}]},{\"@type\":\"WebSite\",\"@id\":\"https:\/\/dijasporars.com\/#website\",\"url\":\"https:\/\/dijasporars.com\/\",\"name\":\"\u0420\u0435\u043f\u0443\u0431\u043b\u0438\u043a\u0430 \u0421\u0440\u043f\u0441\u043a\u0430 \u0438 \u0434\u0438\u0458\u0430\u0441\u043f\u043e\u0440\u0430\",\"description\":\"\",\"potentialAction\":[{\"@type\":\"SearchAction\",\"target\":{\"@type\":\"EntryPoint\",\"urlTemplate\":\"https:\/\/dijasporars.com\/?s={search_term_string}\"},\"query-input\":{\"@type\":\"PropertyValueSpecification\",\"valueRequired\":true,\"valueName\":\"search_term_string\"}}],\"inLanguage\":\"en-US\"},{\"@type\":\"Person\",\"@id\":\"https:\/\/dijasporars.com\/#\/schema\/person\/f5052d53409aef50f7503bd1372c77ca\",\"name\":\"dijasporars\",\"image\":{\"@type\":\"ImageObject\",\"inLanguage\":\"en-US\",\"@id\":\"https:\/\/dijasporars.com\/#\/schema\/person\/image\/\",\"url\":\"https:\/\/secure.gravatar.com\/avatar\/759212a69df0744fb2be03efd361239831e31095061dacc7496bdf8524e0daf7?s=96&d=mm&r=g\",\"contentUrl\":\"https:\/\/secure.gravatar.com\/avatar\/759212a69df0744fb2be03efd361239831e31095061dacc7496bdf8524e0daf7?s=96&d=mm&r=g\",\"caption\":\"dijasporars\"},\"url\":\"https:\/\/dijasporars.com\/en\/author\/dijasporars\/\"}]}<\/script>\n<!-- \/ Yoast SEO plugin. -->","yoast_head_json":{"title":"\u041f\u0440\u0438\u0458\u0435\u043c \u0443 \u0411\u0435\u0447\u0443 \u043f\u043e\u0432\u043e\u0434\u043e\u043c \u043f\u0440\u043e\u0433\u043b\u0430\u0448\u0435\u045a\u0430 \u043f\u0440\u0432\u043e\u0433 \u0423\u0441\u0442\u0430\u0432\u0430 \u0420\u0435\u043f\u0443\u0431\u043b\u0438\u043a\u0435 \u0421\u0440\u043f\u0441\u043a\u0435 - \u0420\u0435\u043f\u0443\u0431\u043b\u0438\u043a\u0430 \u0421\u0440\u043f\u0441\u043a\u0430 \u0438 \u0434\u0438\u0458\u0430\u0441\u043f\u043e\u0440\u0430","description":"Stranica za dijasporu RS, ovdje mo\u017eete prona\u0107i sve informacije, pomo\u0107 i savjete na jednom mjestu.","robots":{"index":"index","follow":"follow","max-snippet":"max-snippet:-1","max-image-preview":"max-image-preview:large","max-video-preview":"max-video-preview:-1"},"canonical":"https:\/\/dijasporars.com\/en\/prijem-u-becu-povodom-prglasenja-prvog-ustava-republike-srpske\/","og_locale":"en_US","og_type":"article","og_title":"\u041f\u0440\u0438\u0458\u0435\u043c \u0443 \u0411\u0435\u0447\u0443 \u043f\u043e\u0432\u043e\u0434\u043e\u043c \u043f\u0440\u043e\u0433\u043b\u0430\u0448\u0435\u045a\u0430 \u043f\u0440\u0432\u043e\u0433 \u0423\u0441\u0442\u0430\u0432\u0430 \u0420\u0435\u043f\u0443\u0431\u043b\u0438\u043a\u0435 \u0421\u0440\u043f\u0441\u043a\u0435 - \u0420\u0435\u043f\u0443\u0431\u043b\u0438\u043a\u0430 \u0421\u0440\u043f\u0441\u043a\u0430 \u0438 \u0434\u0438\u0458\u0430\u0441\u043f\u043e\u0440\u0430","og_description":"Stranica za dijasporu RS, ovdje mo\u017eete prona\u0107i sve informacije, pomo\u0107 i savjete na jednom mjestu.","og_url":"https:\/\/dijasporars.com\/en\/prijem-u-becu-povodom-prglasenja-prvog-ustava-republike-srpske\/","og_site_name":"\u0420\u0435\u043f\u0443\u0431\u043b\u0438\u043a\u0430 \u0421\u0440\u043f\u0441\u043a\u0430 \u0438 \u0434\u0438\u0458\u0430\u0441\u043f\u043e\u0440\u0430","article_published_time":"2026-03-05T11:33:40+00:00","article_modified_time":"2026-03-06T11:10:53+00:00","og_image":[{"width":2048,"height":1365,"url":"https:\/\/dijasporars.com\/wp-content\/uploads\/2026\/03\/\u0424\u043e\u0442\u043e-\u041f\u0440\u0435\u0434\u0441\u0442\u0430\u0432\u043d\u0438\u0448\u0442\u0432\u043e-\u0420\u0435\u043f\u0443\u0431\u043b\u0438\u043a\u0435-\u0421\u0440\u043f\u0441\u043a\u0435-\u0443-\u0420\u0435\u043f\u0443\u0431\u043b\u0438\u0446\u0438-\u0410\u0443\u0441\u0442\u0440\u0438\u0458\u0438-1.jpg","type":"image\/jpeg"}],"author":"dijasporars","twitter_card":"summary_large_image","twitter_misc":{"Written by":"dijasporars"},"schema":{"@context":"https:\/\/schema.org","@graph":[{"@type":"WebPage","@id":"https:\/\/dijasporars.com\/prijem-u-becu-povodom-prglasenja-prvog-ustava-republike-srpske\/","url":"https:\/\/dijasporars.com\/prijem-u-becu-povodom-prglasenja-prvog-ustava-republike-srpske\/","name":"\u041f\u0440\u0438\u0458\u0435\u043c \u0443 \u0411\u0435\u0447\u0443 \u043f\u043e\u0432\u043e\u0434\u043e\u043c \u043f\u0440\u043e\u0433\u043b\u0430\u0448\u0435\u045a\u0430 \u043f\u0440\u0432\u043e\u0433 \u0423\u0441\u0442\u0430\u0432\u0430 \u0420\u0435\u043f\u0443\u0431\u043b\u0438\u043a\u0435 \u0421\u0440\u043f\u0441\u043a\u0435 - \u0420\u0435\u043f\u0443\u0431\u043b\u0438\u043a\u0430 \u0421\u0440\u043f\u0441\u043a\u0430 \u0438 \u0434\u0438\u0458\u0430\u0441\u043f\u043e\u0440\u0430","isPartOf":{"@id":"https:\/\/dijasporars.com\/#website"},"primaryImageOfPage":{"@id":"https:\/\/dijasporars.com\/prijem-u-becu-povodom-prglasenja-prvog-ustava-republike-srpske\/#primaryimage"},"image":{"@id":"https:\/\/dijasporars.com\/prijem-u-becu-povodom-prglasenja-prvog-ustava-republike-srpske\/#primaryimage"},"thumbnailUrl":"https:\/\/dijasporars.com\/wp-content\/uploads\/2026\/03\/\u0424\u043e\u0442\u043e-\u041f\u0440\u0435\u0434\u0441\u0442\u0430\u0432\u043d\u0438\u0448\u0442\u0432\u043e-\u0420\u0435\u043f\u0443\u0431\u043b\u0438\u043a\u0435-\u0421\u0440\u043f\u0441\u043a\u0435-\u0443-\u0420\u0435\u043f\u0443\u0431\u043b\u0438\u0446\u0438-\u0410\u0443\u0441\u0442\u0440\u0438\u0458\u0438-1.jpg","datePublished":"2026-03-05T11:33:40+00:00","dateModified":"2026-03-06T11:10:53+00:00","author":{"@id":"https:\/\/dijasporars.com\/#\/schema\/person\/f5052d53409aef50f7503bd1372c77ca"},"description":"Stranica za dijasporu RS, ovdje mo\u017eete prona\u0107i sve informacije, pomo\u0107 i savjete na jednom mjestu.","breadcrumb":{"@id":"https:\/\/dijasporars.com\/prijem-u-becu-povodom-prglasenja-prvog-ustava-republike-srpske\/#breadcrumb"},"inLanguage":"en-US","potentialAction":[{"@type":"ReadAction","target":["https:\/\/dijasporars.com\/prijem-u-becu-povodom-prglasenja-prvog-ustava-republike-srpske\/"]}]},{"@type":"ImageObject","inLanguage":"en-US","@id":"https:\/\/dijasporars.com\/prijem-u-becu-povodom-prglasenja-prvog-ustava-republike-srpske\/#primaryimage","url":"https:\/\/dijasporars.com\/wp-content\/uploads\/2026\/03\/\u0424\u043e\u0442\u043e-\u041f\u0440\u0435\u0434\u0441\u0442\u0430\u0432\u043d\u0438\u0448\u0442\u0432\u043e-\u0420\u0435\u043f\u0443\u0431\u043b\u0438\u043a\u0435-\u0421\u0440\u043f\u0441\u043a\u0435-\u0443-\u0420\u0435\u043f\u0443\u0431\u043b\u0438\u0446\u0438-\u0410\u0443\u0441\u0442\u0440\u0438\u0458\u0438-1.jpg","contentUrl":"https:\/\/dijasporars.com\/wp-content\/uploads\/2026\/03\/\u0424\u043e\u0442\u043e-\u041f\u0440\u0435\u0434\u0441\u0442\u0430\u0432\u043d\u0438\u0448\u0442\u0432\u043e-\u0420\u0435\u043f\u0443\u0431\u043b\u0438\u043a\u0435-\u0421\u0440\u043f\u0441\u043a\u0435-\u0443-\u0420\u0435\u043f\u0443\u0431\u043b\u0438\u0446\u0438-\u0410\u0443\u0441\u0442\u0440\u0438\u0458\u0438-1.jpg","width":2048,"height":1365},{"@type":"BreadcrumbList","@id":"https:\/\/dijasporars.com\/prijem-u-becu-povodom-prglasenja-prvog-ustava-republike-srpske\/#breadcrumb","itemListElement":[{"@type":"ListItem","position":1,"name":"\u041f\u043e\u0447\u0435\u0442\u043d\u0430","item":"https:\/\/dijasporars.com\/"},{"@type":"ListItem","position":2,"name":"\u041f\u0440\u0438\u0458\u0435\u043c \u0443 \u0411\u0435\u0447\u0443 \u043f\u043e\u0432\u043e\u0434\u043e\u043c \u043f\u0440\u043e\u0433\u043b\u0430\u0448\u0435\u045a\u0430 \u043f\u0440\u0432\u043e\u0433 \u0423\u0441\u0442\u0430\u0432\u0430 \u0420\u0435\u043f\u0443\u0431\u043b\u0438\u043a\u0435 \u0421\u0440\u043f\u0441\u043a\u0435"}]},{"@type":"WebSite","@id":"https:\/\/dijasporars.com\/#website","url":"https:\/\/dijasporars.com\/","name":"\u0420\u0435\u043f\u0443\u0431\u043b\u0438\u043a\u0430 \u0421\u0440\u043f\u0441\u043a\u0430 \u0438 \u0434\u0438\u0458\u0430\u0441\u043f\u043e\u0440\u0430","description":"","potentialAction":[{"@type":"SearchAction","target":{"@type":"EntryPoint","urlTemplate":"https:\/\/dijasporars.com\/?s={search_term_string}"},"query-input":{"@type":"PropertyValueSpecification","valueRequired":true,"valueName":"search_term_string"}}],"inLanguage":"en-US"},{"@type":"Person","@id":"https:\/\/dijasporars.com\/#\/schema\/person\/f5052d53409aef50f7503bd1372c77ca","name":"dijasporars","image":{"@type":"ImageObject","inLanguage":"en-US","@id":"https:\/\/dijasporars.com\/#\/schema\/person\/image\/","url":"https:\/\/secure.gravatar.com\/avatar\/759212a69df0744fb2be03efd361239831e31095061dacc7496bdf8524e0daf7?s=96&d=mm&r=g","contentUrl":"https:\/\/secure.gravatar.com\/avatar\/759212a69df0744fb2be03efd361239831e31095061dacc7496bdf8524e0daf7?s=96&d=mm&r=g","caption":"dijasporars"},"url":"https:\/\/dijasporars.com\/en\/author\/dijasporars\/"}]}},"_links":{"self":[{"href":"https:\/\/dijasporars.com\/en\/wp-json\/wp\/v2\/posts\/8400","targetHints":{"allow":["GET"]}}],"collection":[{"href":"https:\/\/dijasporars.com\/en\/wp-json\/wp\/v2\/posts"}],"about":[{"href":"https:\/\/dijasporars.com\/en\/wp-json\/wp\/v2\/types\/post"}],"author":[{"embeddable":true,"href":"https:\/\/dijasporars.com\/en\/wp-json\/wp\/v2\/users\/1"}],"replies":[{"embeddable":true,"href":"https:\/\/dijasporars.com\/en\/wp-json\/wp\/v2\/comments?post=8400"}],"version-history":[{"count":2,"href":"https:\/\/dijasporars.com\/en\/wp-json\/wp\/v2\/posts\/8400\/revisions"}],"predecessor-version":[{"id":8403,"href":"https:\/\/dijasporars.com\/en\/wp-json\/wp\/v2\/posts\/8400\/revisions\/8403"}],"wp:featuredmedia":[{"embeddable":true,"href":"https:\/\/dijasporars.com\/en\/wp-json\/wp\/v2\/media\/8401"}],"wp:attachment":[{"href":"https:\/\/dijasporars.com\/en\/wp-json\/wp\/v2\/media?parent=8400"}],"wp:term":[{"taxonomy":"category","embeddable":true,"href":"https:\/\/dijasporars.com\/en\/wp-json\/wp\/v2\/categories?post=8400"},{"taxonomy":"post_tag","embeddable":true,"href":"https:\/\/dijasporars.com\/en\/wp-json\/wp\/v2\/tags?post=8400"}],"curies":[{"name":"wp","href":"https:\/\/api.w.org\/{rel}","templated":true}]}}