{"id":8152,"date":"2025-11-12T11:24:50","date_gmt":"2025-11-12T10:24:50","guid":{"rendered":"https:\/\/dijasporars.com\/?p=8152"},"modified":"2025-11-12T11:25:14","modified_gmt":"2025-11-12T10:25:14","slug":"sastanak-sefa-predstavnista-u-njemackoj-sa-predstavnicima-banje-vrucice","status":"publish","type":"post","link":"https:\/\/dijasporars.com\/en\/sastanak-sefa-predstavnista-u-njemackoj-sa-predstavnicima-banje-vrucice\/","title":{"rendered":"Head of the Representative Office Germany Met Banja Vru\u0107ica Representatives"},"content":{"rendered":"<p>A meeting was held at the premises of the Representative Office of the Republic of Srpska in Stuttgart with Marketing Director Aleksandar Rado\u0161evi\u0107 and Dr Dragan Bogdani\u0107, representatives of the spa and tourist center Banja Vru\u0107ica from Tesli\u0107. During the meeting, the Head of the Representative Office Mi\u0107o \u0106etkovi\u0107 spoke about the possibilities of future cooperation, especially in the field of health tourism and rehabilitation.<\/p>\n<p>One of the topics was the initiative to provide patients in need of quality recovery with the opportunity to stay and receive treatment in the renowned Banja Vru\u0107ica. The participants agreed that there was great potential for joint projects that would contribute to the promotion of health tourism in the Republic of Srpska among our citizens in the diaspora. The Representative Office of the Republic of Srpska will continue to support initiatives that connect economic and health entities from Srpska with our people abroad.<\/p>\n<p>The meeting took place in a constructive atmosphere, with a shared belief that connecting institutions of the Republic of Srpska abroad with domestic health and tourism centers could bring significant benefits to both the citizens and the economy of Srpska.<\/p>\n<p>Source: Republic of Srpska Representative Office in Germany<\/p>\n<p>Photo: Banja Vru\u0107ica<\/p>","protected":false},"excerpt":{"rendered":"<p>A meeting was held at the premises of the Representative Office of the Republic of Srpska in Stuttgart with Marketing Director Aleksandar Rado\u0161evi\u0107 and Dr Dragan Bogdani\u0107, representatives of the spa and tourist center Banja Vru\u0107ica from Tesli\u0107. During the meeting, the Head of the Representative Office Mi\u0107o \u0106etkovi\u0107 spoke about the possibilities of future cooperation, especially in the field of health tourism and rehabilitation.\nOne of the topics was the initiative to provide patients<\/p>","protected":false},"author":1,"featured_media":8153,"comment_status":"closed","ping_status":"closed","sticky":false,"template":"","format":"standard","meta":{"footnotes":""},"categories":[52,76],"tags":[],"class_list":["post-8152","post","type-post","status-publish","format-standard","has-post-thumbnail","hentry","category-vijesti","category-vijesti-dijaspora"],"yoast_head":"<!-- This site is optimized with the Yoast SEO plugin v24.6 - https:\/\/yoast.com\/wordpress\/plugins\/seo\/ -->\n<title>\u0421\u0430\u0441\u0442\u0430\u043d\u0430\u043a \u0448\u0435\u0444\u0430 \u041f\u0440\u0435\u0434\u0441\u0442\u0430\u0432\u043d\u0438\u0448\u0442\u0430 \u0443 \u040a\u0435\u043c\u0430\u0447\u043a\u043e\u0458 \u0441\u0430 \u043f\u0440\u0435\u0434\u0441\u0442\u0430\u0432\u043d\u0438\u0446\u0438\u043c\u0430 \u201e\u0411\u0430\u045a\u0435 \u0412\u0440\u0443\u045b\u0438\u0446\u0435\u201c - \u0420\u0435\u043f\u0443\u0431\u043b\u0438\u043a\u0430 \u0421\u0440\u043f\u0441\u043a\u0430 \u0438 \u0434\u0438\u0458\u0430\u0441\u043f\u043e\u0440\u0430<\/title>\n<meta name=\"description\" content=\"Stranica za dijasporu RS, ovdje mo\u017eete prona\u0107i sve informacije, pomo\u0107 i savjete na jednom mjestu.\" \/>\n<meta name=\"robots\" content=\"index, follow, max-snippet:-1, max-image-preview:large, max-video-preview:-1\" \/>\n<link rel=\"canonical\" href=\"https:\/\/dijasporars.com\/en\/sastanak-sefa-predstavnista-u-njemackoj-sa-predstavnicima-banje-vrucice\/\" \/>\n<meta property=\"og:locale\" content=\"en_US\" \/>\n<meta property=\"og:type\" content=\"article\" \/>\n<meta property=\"og:title\" content=\"\u0421\u0430\u0441\u0442\u0430\u043d\u0430\u043a \u0448\u0435\u0444\u0430 \u041f\u0440\u0435\u0434\u0441\u0442\u0430\u0432\u043d\u0438\u0448\u0442\u0430 \u0443 \u040a\u0435\u043c\u0430\u0447\u043a\u043e\u0458 \u0441\u0430 \u043f\u0440\u0435\u0434\u0441\u0442\u0430\u0432\u043d\u0438\u0446\u0438\u043c\u0430 \u201e\u0411\u0430\u045a\u0435 \u0412\u0440\u0443\u045b\u0438\u0446\u0435\u201c - \u0420\u0435\u043f\u0443\u0431\u043b\u0438\u043a\u0430 \u0421\u0440\u043f\u0441\u043a\u0430 \u0438 \u0434\u0438\u0458\u0430\u0441\u043f\u043e\u0440\u0430\" \/>\n<meta property=\"og:description\" content=\"Stranica za dijasporu RS, ovdje mo\u017eete prona\u0107i sve informacije, pomo\u0107 i savjete na jednom mjestu.\" \/>\n<meta property=\"og:url\" content=\"https:\/\/dijasporars.com\/en\/sastanak-sefa-predstavnista-u-njemackoj-sa-predstavnicima-banje-vrucice\/\" \/>\n<meta property=\"og:site_name\" content=\"\u0420\u0435\u043f\u0443\u0431\u043b\u0438\u043a\u0430 \u0421\u0440\u043f\u0441\u043a\u0430 \u0438 \u0434\u0438\u0458\u0430\u0441\u043f\u043e\u0440\u0430\" \/>\n<meta property=\"article:published_time\" content=\"2025-11-12T10:24:50+00:00\" \/>\n<meta property=\"article:modified_time\" content=\"2025-11-12T10:25:14+00:00\" \/>\n<meta property=\"og:image\" content=\"https:\/\/dijasporars.com\/wp-content\/uploads\/2025\/11\/\u0424\u043e\u0442\u043e-\u0411\u0430\u045a\u0430-\u0412\u0440\u0443\u045b\u0438\u0446\u0430.jpg\" \/>\n\t<meta property=\"og:image:width\" content=\"2048\" \/>\n\t<meta property=\"og:image:height\" content=\"1536\" \/>\n\t<meta property=\"og:image:type\" content=\"image\/jpeg\" \/>\n<meta name=\"author\" content=\"dijasporars\" \/>\n<meta name=\"twitter:card\" content=\"summary_large_image\" \/>\n<meta name=\"twitter:label1\" content=\"Written by\" \/>\n\t<meta name=\"twitter:data1\" content=\"dijasporars\" \/>\n<script type=\"application\/ld+json\" class=\"yoast-schema-graph\">{\"@context\":\"https:\/\/schema.org\",\"@graph\":[{\"@type\":\"WebPage\",\"@id\":\"https:\/\/dijasporars.com\/sastanak-sefa-predstavnista-u-njemackoj-sa-predstavnicima-banje-vrucice\/\",\"url\":\"https:\/\/dijasporars.com\/sastanak-sefa-predstavnista-u-njemackoj-sa-predstavnicima-banje-vrucice\/\",\"name\":\"\u0421\u0430\u0441\u0442\u0430\u043d\u0430\u043a \u0448\u0435\u0444\u0430 \u041f\u0440\u0435\u0434\u0441\u0442\u0430\u0432\u043d\u0438\u0448\u0442\u0430 \u0443 \u040a\u0435\u043c\u0430\u0447\u043a\u043e\u0458 \u0441\u0430 \u043f\u0440\u0435\u0434\u0441\u0442\u0430\u0432\u043d\u0438\u0446\u0438\u043c\u0430 \u201e\u0411\u0430\u045a\u0435 \u0412\u0440\u0443\u045b\u0438\u0446\u0435\u201c - \u0420\u0435\u043f\u0443\u0431\u043b\u0438\u043a\u0430 \u0421\u0440\u043f\u0441\u043a\u0430 \u0438 \u0434\u0438\u0458\u0430\u0441\u043f\u043e\u0440\u0430\",\"isPartOf\":{\"@id\":\"https:\/\/dijasporars.com\/#website\"},\"primaryImageOfPage\":{\"@id\":\"https:\/\/dijasporars.com\/sastanak-sefa-predstavnista-u-njemackoj-sa-predstavnicima-banje-vrucice\/#primaryimage\"},\"image\":{\"@id\":\"https:\/\/dijasporars.com\/sastanak-sefa-predstavnista-u-njemackoj-sa-predstavnicima-banje-vrucice\/#primaryimage\"},\"thumbnailUrl\":\"https:\/\/dijasporars.com\/wp-content\/uploads\/2025\/11\/\u0424\u043e\u0442\u043e-\u0411\u0430\u045a\u0430-\u0412\u0440\u0443\u045b\u0438\u0446\u0430.jpg\",\"datePublished\":\"2025-11-12T10:24:50+00:00\",\"dateModified\":\"2025-11-12T10:25:14+00:00\",\"author\":{\"@id\":\"https:\/\/dijasporars.com\/#\/schema\/person\/f5052d53409aef50f7503bd1372c77ca\"},\"description\":\"Stranica za dijasporu RS, ovdje mo\u017eete prona\u0107i sve informacije, pomo\u0107 i savjete na jednom mjestu.\",\"breadcrumb\":{\"@id\":\"https:\/\/dijasporars.com\/sastanak-sefa-predstavnista-u-njemackoj-sa-predstavnicima-banje-vrucice\/#breadcrumb\"},\"inLanguage\":\"en-US\",\"potentialAction\":[{\"@type\":\"ReadAction\",\"target\":[\"https:\/\/dijasporars.com\/sastanak-sefa-predstavnista-u-njemackoj-sa-predstavnicima-banje-vrucice\/\"]}]},{\"@type\":\"ImageObject\",\"inLanguage\":\"en-US\",\"@id\":\"https:\/\/dijasporars.com\/sastanak-sefa-predstavnista-u-njemackoj-sa-predstavnicima-banje-vrucice\/#primaryimage\",\"url\":\"https:\/\/dijasporars.com\/wp-content\/uploads\/2025\/11\/\u0424\u043e\u0442\u043e-\u0411\u0430\u045a\u0430-\u0412\u0440\u0443\u045b\u0438\u0446\u0430.jpg\",\"contentUrl\":\"https:\/\/dijasporars.com\/wp-content\/uploads\/2025\/11\/\u0424\u043e\u0442\u043e-\u0411\u0430\u045a\u0430-\u0412\u0440\u0443\u045b\u0438\u0446\u0430.jpg\",\"width\":2048,\"height\":1536,\"caption\":\"default\"},{\"@type\":\"BreadcrumbList\",\"@id\":\"https:\/\/dijasporars.com\/sastanak-sefa-predstavnista-u-njemackoj-sa-predstavnicima-banje-vrucice\/#breadcrumb\",\"itemListElement\":[{\"@type\":\"ListItem\",\"position\":1,\"name\":\"\u041f\u043e\u0447\u0435\u0442\u043d\u0430\",\"item\":\"https:\/\/dijasporars.com\/\"},{\"@type\":\"ListItem\",\"position\":2,\"name\":\"\u0421\u0430\u0441\u0442\u0430\u043d\u0430\u043a \u0448\u0435\u0444\u0430 \u041f\u0440\u0435\u0434\u0441\u0442\u0430\u0432\u043d\u0438\u0448\u0442\u0430 \u0443 \u040a\u0435\u043c\u0430\u0447\u043a\u043e\u0458 \u0441\u0430 \u043f\u0440\u0435\u0434\u0441\u0442\u0430\u0432\u043d\u0438\u0446\u0438\u043c\u0430 \u201e\u0411\u0430\u045a\u0435 \u0412\u0440\u0443\u045b\u0438\u0446\u0435\u201c\"}]},{\"@type\":\"WebSite\",\"@id\":\"https:\/\/dijasporars.com\/#website\",\"url\":\"https:\/\/dijasporars.com\/\",\"name\":\"\u0420\u0435\u043f\u0443\u0431\u043b\u0438\u043a\u0430 \u0421\u0440\u043f\u0441\u043a\u0430 \u0438 \u0434\u0438\u0458\u0430\u0441\u043f\u043e\u0440\u0430\",\"description\":\"\",\"potentialAction\":[{\"@type\":\"SearchAction\",\"target\":{\"@type\":\"EntryPoint\",\"urlTemplate\":\"https:\/\/dijasporars.com\/?s={search_term_string}\"},\"query-input\":{\"@type\":\"PropertyValueSpecification\",\"valueRequired\":true,\"valueName\":\"search_term_string\"}}],\"inLanguage\":\"en-US\"},{\"@type\":\"Person\",\"@id\":\"https:\/\/dijasporars.com\/#\/schema\/person\/f5052d53409aef50f7503bd1372c77ca\",\"name\":\"dijasporars\",\"image\":{\"@type\":\"ImageObject\",\"inLanguage\":\"en-US\",\"@id\":\"https:\/\/dijasporars.com\/#\/schema\/person\/image\/\",\"url\":\"https:\/\/secure.gravatar.com\/avatar\/759212a69df0744fb2be03efd361239831e31095061dacc7496bdf8524e0daf7?s=96&d=mm&r=g\",\"contentUrl\":\"https:\/\/secure.gravatar.com\/avatar\/759212a69df0744fb2be03efd361239831e31095061dacc7496bdf8524e0daf7?s=96&d=mm&r=g\",\"caption\":\"dijasporars\"},\"url\":\"https:\/\/dijasporars.com\/en\/author\/dijasporars\/\"}]}<\/script>\n<!-- \/ Yoast SEO plugin. -->","yoast_head_json":{"title":"\u0421\u0430\u0441\u0442\u0430\u043d\u0430\u043a \u0448\u0435\u0444\u0430 \u041f\u0440\u0435\u0434\u0441\u0442\u0430\u0432\u043d\u0438\u0448\u0442\u0430 \u0443 \u040a\u0435\u043c\u0430\u0447\u043a\u043e\u0458 \u0441\u0430 \u043f\u0440\u0435\u0434\u0441\u0442\u0430\u0432\u043d\u0438\u0446\u0438\u043c\u0430 \u201e\u0411\u0430\u045a\u0435 \u0412\u0440\u0443\u045b\u0438\u0446\u0435\u201c - \u0420\u0435\u043f\u0443\u0431\u043b\u0438\u043a\u0430 \u0421\u0440\u043f\u0441\u043a\u0430 \u0438 \u0434\u0438\u0458\u0430\u0441\u043f\u043e\u0440\u0430","description":"Stranica za dijasporu RS, ovdje mo\u017eete prona\u0107i sve informacije, pomo\u0107 i savjete na jednom mjestu.","robots":{"index":"index","follow":"follow","max-snippet":"max-snippet:-1","max-image-preview":"max-image-preview:large","max-video-preview":"max-video-preview:-1"},"canonical":"https:\/\/dijasporars.com\/en\/sastanak-sefa-predstavnista-u-njemackoj-sa-predstavnicima-banje-vrucice\/","og_locale":"en_US","og_type":"article","og_title":"\u0421\u0430\u0441\u0442\u0430\u043d\u0430\u043a \u0448\u0435\u0444\u0430 \u041f\u0440\u0435\u0434\u0441\u0442\u0430\u0432\u043d\u0438\u0448\u0442\u0430 \u0443 \u040a\u0435\u043c\u0430\u0447\u043a\u043e\u0458 \u0441\u0430 \u043f\u0440\u0435\u0434\u0441\u0442\u0430\u0432\u043d\u0438\u0446\u0438\u043c\u0430 \u201e\u0411\u0430\u045a\u0435 \u0412\u0440\u0443\u045b\u0438\u0446\u0435\u201c - \u0420\u0435\u043f\u0443\u0431\u043b\u0438\u043a\u0430 \u0421\u0440\u043f\u0441\u043a\u0430 \u0438 \u0434\u0438\u0458\u0430\u0441\u043f\u043e\u0440\u0430","og_description":"Stranica za dijasporu RS, ovdje mo\u017eete prona\u0107i sve informacije, pomo\u0107 i savjete na jednom mjestu.","og_url":"https:\/\/dijasporars.com\/en\/sastanak-sefa-predstavnista-u-njemackoj-sa-predstavnicima-banje-vrucice\/","og_site_name":"\u0420\u0435\u043f\u0443\u0431\u043b\u0438\u043a\u0430 \u0421\u0440\u043f\u0441\u043a\u0430 \u0438 \u0434\u0438\u0458\u0430\u0441\u043f\u043e\u0440\u0430","article_published_time":"2025-11-12T10:24:50+00:00","article_modified_time":"2025-11-12T10:25:14+00:00","og_image":[{"width":2048,"height":1536,"url":"https:\/\/dijasporars.com\/wp-content\/uploads\/2025\/11\/\u0424\u043e\u0442\u043e-\u0411\u0430\u045a\u0430-\u0412\u0440\u0443\u045b\u0438\u0446\u0430.jpg","type":"image\/jpeg"}],"author":"dijasporars","twitter_card":"summary_large_image","twitter_misc":{"Written by":"dijasporars"},"schema":{"@context":"https:\/\/schema.org","@graph":[{"@type":"WebPage","@id":"https:\/\/dijasporars.com\/sastanak-sefa-predstavnista-u-njemackoj-sa-predstavnicima-banje-vrucice\/","url":"https:\/\/dijasporars.com\/sastanak-sefa-predstavnista-u-njemackoj-sa-predstavnicima-banje-vrucice\/","name":"\u0421\u0430\u0441\u0442\u0430\u043d\u0430\u043a \u0448\u0435\u0444\u0430 \u041f\u0440\u0435\u0434\u0441\u0442\u0430\u0432\u043d\u0438\u0448\u0442\u0430 \u0443 \u040a\u0435\u043c\u0430\u0447\u043a\u043e\u0458 \u0441\u0430 \u043f\u0440\u0435\u0434\u0441\u0442\u0430\u0432\u043d\u0438\u0446\u0438\u043c\u0430 \u201e\u0411\u0430\u045a\u0435 \u0412\u0440\u0443\u045b\u0438\u0446\u0435\u201c - \u0420\u0435\u043f\u0443\u0431\u043b\u0438\u043a\u0430 \u0421\u0440\u043f\u0441\u043a\u0430 \u0438 \u0434\u0438\u0458\u0430\u0441\u043f\u043e\u0440\u0430","isPartOf":{"@id":"https:\/\/dijasporars.com\/#website"},"primaryImageOfPage":{"@id":"https:\/\/dijasporars.com\/sastanak-sefa-predstavnista-u-njemackoj-sa-predstavnicima-banje-vrucice\/#primaryimage"},"image":{"@id":"https:\/\/dijasporars.com\/sastanak-sefa-predstavnista-u-njemackoj-sa-predstavnicima-banje-vrucice\/#primaryimage"},"thumbnailUrl":"https:\/\/dijasporars.com\/wp-content\/uploads\/2025\/11\/\u0424\u043e\u0442\u043e-\u0411\u0430\u045a\u0430-\u0412\u0440\u0443\u045b\u0438\u0446\u0430.jpg","datePublished":"2025-11-12T10:24:50+00:00","dateModified":"2025-11-12T10:25:14+00:00","author":{"@id":"https:\/\/dijasporars.com\/#\/schema\/person\/f5052d53409aef50f7503bd1372c77ca"},"description":"Stranica za dijasporu RS, ovdje mo\u017eete prona\u0107i sve informacije, pomo\u0107 i savjete na jednom mjestu.","breadcrumb":{"@id":"https:\/\/dijasporars.com\/sastanak-sefa-predstavnista-u-njemackoj-sa-predstavnicima-banje-vrucice\/#breadcrumb"},"inLanguage":"en-US","potentialAction":[{"@type":"ReadAction","target":["https:\/\/dijasporars.com\/sastanak-sefa-predstavnista-u-njemackoj-sa-predstavnicima-banje-vrucice\/"]}]},{"@type":"ImageObject","inLanguage":"en-US","@id":"https:\/\/dijasporars.com\/sastanak-sefa-predstavnista-u-njemackoj-sa-predstavnicima-banje-vrucice\/#primaryimage","url":"https:\/\/dijasporars.com\/wp-content\/uploads\/2025\/11\/\u0424\u043e\u0442\u043e-\u0411\u0430\u045a\u0430-\u0412\u0440\u0443\u045b\u0438\u0446\u0430.jpg","contentUrl":"https:\/\/dijasporars.com\/wp-content\/uploads\/2025\/11\/\u0424\u043e\u0442\u043e-\u0411\u0430\u045a\u0430-\u0412\u0440\u0443\u045b\u0438\u0446\u0430.jpg","width":2048,"height":1536,"caption":"default"},{"@type":"BreadcrumbList","@id":"https:\/\/dijasporars.com\/sastanak-sefa-predstavnista-u-njemackoj-sa-predstavnicima-banje-vrucice\/#breadcrumb","itemListElement":[{"@type":"ListItem","position":1,"name":"\u041f\u043e\u0447\u0435\u0442\u043d\u0430","item":"https:\/\/dijasporars.com\/"},{"@type":"ListItem","position":2,"name":"\u0421\u0430\u0441\u0442\u0430\u043d\u0430\u043a \u0448\u0435\u0444\u0430 \u041f\u0440\u0435\u0434\u0441\u0442\u0430\u0432\u043d\u0438\u0448\u0442\u0430 \u0443 \u040a\u0435\u043c\u0430\u0447\u043a\u043e\u0458 \u0441\u0430 \u043f\u0440\u0435\u0434\u0441\u0442\u0430\u0432\u043d\u0438\u0446\u0438\u043c\u0430 \u201e\u0411\u0430\u045a\u0435 \u0412\u0440\u0443\u045b\u0438\u0446\u0435\u201c"}]},{"@type":"WebSite","@id":"https:\/\/dijasporars.com\/#website","url":"https:\/\/dijasporars.com\/","name":"\u0420\u0435\u043f\u0443\u0431\u043b\u0438\u043a\u0430 \u0421\u0440\u043f\u0441\u043a\u0430 \u0438 \u0434\u0438\u0458\u0430\u0441\u043f\u043e\u0440\u0430","description":"","potentialAction":[{"@type":"SearchAction","target":{"@type":"EntryPoint","urlTemplate":"https:\/\/dijasporars.com\/?s={search_term_string}"},"query-input":{"@type":"PropertyValueSpecification","valueRequired":true,"valueName":"search_term_string"}}],"inLanguage":"en-US"},{"@type":"Person","@id":"https:\/\/dijasporars.com\/#\/schema\/person\/f5052d53409aef50f7503bd1372c77ca","name":"dijasporars","image":{"@type":"ImageObject","inLanguage":"en-US","@id":"https:\/\/dijasporars.com\/#\/schema\/person\/image\/","url":"https:\/\/secure.gravatar.com\/avatar\/759212a69df0744fb2be03efd361239831e31095061dacc7496bdf8524e0daf7?s=96&d=mm&r=g","contentUrl":"https:\/\/secure.gravatar.com\/avatar\/759212a69df0744fb2be03efd361239831e31095061dacc7496bdf8524e0daf7?s=96&d=mm&r=g","caption":"dijasporars"},"url":"https:\/\/dijasporars.com\/en\/author\/dijasporars\/"}]}},"_links":{"self":[{"href":"https:\/\/dijasporars.com\/en\/wp-json\/wp\/v2\/posts\/8152","targetHints":{"allow":["GET"]}}],"collection":[{"href":"https:\/\/dijasporars.com\/en\/wp-json\/wp\/v2\/posts"}],"about":[{"href":"https:\/\/dijasporars.com\/en\/wp-json\/wp\/v2\/types\/post"}],"author":[{"embeddable":true,"href":"https:\/\/dijasporars.com\/en\/wp-json\/wp\/v2\/users\/1"}],"replies":[{"embeddable":true,"href":"https:\/\/dijasporars.com\/en\/wp-json\/wp\/v2\/comments?post=8152"}],"version-history":[{"count":1,"href":"https:\/\/dijasporars.com\/en\/wp-json\/wp\/v2\/posts\/8152\/revisions"}],"predecessor-version":[{"id":8154,"href":"https:\/\/dijasporars.com\/en\/wp-json\/wp\/v2\/posts\/8152\/revisions\/8154"}],"wp:featuredmedia":[{"embeddable":true,"href":"https:\/\/dijasporars.com\/en\/wp-json\/wp\/v2\/media\/8153"}],"wp:attachment":[{"href":"https:\/\/dijasporars.com\/en\/wp-json\/wp\/v2\/media?parent=8152"}],"wp:term":[{"taxonomy":"category","embeddable":true,"href":"https:\/\/dijasporars.com\/en\/wp-json\/wp\/v2\/categories?post=8152"},{"taxonomy":"post_tag","embeddable":true,"href":"https:\/\/dijasporars.com\/en\/wp-json\/wp\/v2\/tags?post=8152"}],"curies":[{"name":"wp","href":"https:\/\/api.w.org\/{rel}","templated":true}]}}