{"id":7683,"date":"2025-03-26T11:13:59","date_gmt":"2025-03-26T10:13:59","guid":{"rendered":"https:\/\/dijasporars.com\/?p=7683"},"modified":"2025-03-26T11:36:01","modified_gmt":"2025-03-26T10:36:01","slug":"cicovic-susreti-srpskih-zemalja-organizovani-u-cilju-jacanja-jedinstva-srpskog-naroda","status":"publish","type":"post","link":"https:\/\/dijasporars.com\/en\/cicovic-susreti-srpskih-zemalja-organizovani-u-cilju-jacanja-jedinstva-srpskog-naroda\/","title":{"rendered":"Cicovi\u0107: Meetings of Serbian Countries Organized to Strengthen Unity of Serbian People"},"content":{"rendered":"<p>The traditional cultural and sports event Meetings of Serbian Countries will take place on Jahorina from Thursday, 27 March, to Sunday, 30 March, bringing together more than 300 participants from Serbia, Republic of Srpska, Montenegro, North Macedonia and Croatia.<\/p>\n<p>The Meetings are organized by the Dobrica Eri\u0107 Association for the Defense of the Cyrillic Alphabet in cooperation with the Representative Office of the Republic of Srpska in Serbia, with the support of the Office of the President of the Republic of Srpska and assistance of long-term friends of the event.<\/p>\n<p>This year\u2019s event is held under the slogan One Flag, One State, with the purpose of preserving and promoting Serbian culture, language and identity, and strengthening ties between Serbian communities around the world.<\/p>\n<p>The Head of the Republic of Srpska Representation in Serbia, Mla\u0111en Cicovi\u0107, said that they had been actively involved in the preparation of the program to be held on Jahorina, in Isto\u010dno Sarajevo, Isto\u010dna Ilid\u017ea and Pale.<\/p>\n<p>\u2013 We were actively involved in program preparation, so we think that this year the event will reach an even higher level in terms of preserving our identity, our culture, our traditions and our customs \u2013 said Cicovi\u0107.<\/p>\n<p>The President of the Dobrica Eri\u0107 Association for the Defense of the Cyrillic Alphabet, Ljubinko Stojanovi\u0107 said that a large number of visitors had announced their coming to the event.<\/p>\n<p>\u2013 This year we really tried to bring people from remoter parts of Serbia to gather with us on our beautiful Jahorina. They are coming from Ulcinj, Kumanovo, Vukovar, Novi Banovci, Banja Luka, \u010ca\u010dak etc. \u2013 said Stojanovi\u0107.<\/p>\n<p>He stated that the participants would include about ten cultural and artistic societies, Serbian Orthodox chanters, headed by the national ensembles Kolo and Venac.<\/p>\n<p>On Thursday, 27 March, together with the Pale Veterans\u2019 Organization, event participants will visit the Mali Zejtinlik cemetery near Sokolac, lay wreaths and have a history lesson.<\/p>\n<p>The organizers will present award for the preservation of the Serbian language, script and Cyrillic alphabet, which bears the name of Dobrica Eri\u0107, while the Srbija Orthodox Sports Association will take eight children in the running for the award to Corfu for 14 days.<\/p>\n<p>Event program is available here: <a href=\"https:\/\/predstavnistvorsbg.rs\/pdf_dokumenti\/2025\/program_z_igre_2025.pdf?fbclid=IwZXh0bgNhZW0CMTAAAR3EBf2vRSOxQVjcrml2kv4iYykIN1xi13zYfDRVk4mKA5DouA0WpgOiGvs_aem_lgpRAxci6T6LGWxrpUNhxg\"><strong>https:\/\/predstavnistvorsbg.rs\/\u2026\/program_z_igre_2025.pdf<\/strong><\/a><\/p>\n<p>Source: Republic of Srpska Representative Office in Serbia \u2013 RTRS<\/p>\n<p>Photo: Republic of Srpska Representative Office in Serbia<\/p>","protected":false},"excerpt":{"rendered":"<p>The traditional cultural and sports event Meetings of Serbian Countries will take place on Jahorina from Thursday, 27 March, to Sunday, 30 March, bringing together more than 300 participants from Serbia, Republic of Srpska, Montenegro, North Macedonia and Croatia. The Meetings are organized by the Dobrica Eri\u0107 Association for the Defense of the Cyrillic Alphabet in cooperation with the Representative Office of the Republic of Srpska in Serbia, with the support of the Office of the President of the Republic of Srpska<\/p>","protected":false},"author":1,"featured_media":7684,"comment_status":"closed","ping_status":"closed","sticky":false,"template":"","format":"standard","meta":{"footnotes":""},"categories":[52,76,77],"tags":[],"class_list":["post-7683","post","type-post","status-publish","format-standard","has-post-thumbnail","hentry","category-vijesti","category-vijesti-dijaspora","category-vijesti-republika-srpska"],"yoast_head":"<!-- This site is optimized with the Yoast SEO plugin v24.6 - https:\/\/yoast.com\/wordpress\/plugins\/seo\/ -->\n<title>\u0426\u0438\u0446\u043e\u0432\u0438\u045b: \u201e\u0421\u0443\u0441\u0440\u0435\u0442\u0438 \u0441\u0440\u043f\u0441\u043a\u0438\u0445 \u0437\u0435\u043c\u0430\u0459\u0430\u201c \u043e\u0440\u0433\u0430\u043d\u0438\u0437\u043e\u0432\u0430\u043d\u0438 \u0443 \u0446\u0438\u0459\u0443 \u0458\u0430\u0447\u0430\u045a\u0430 \u0458\u0435\u0434\u0438\u043d\u0441\u0442\u0432\u0430 \u0441\u0440\u043f\u0441\u043a\u043e\u0433 \u043d\u0430\u0440\u043e\u0434\u0430 - \u0420\u0435\u043f\u0443\u0431\u043b\u0438\u043a\u0430 \u0421\u0440\u043f\u0441\u043a\u0430 \u0438 \u0434\u0438\u0458\u0430\u0441\u043f\u043e\u0440\u0430<\/title>\n<meta name=\"description\" content=\"Stranica za dijasporu RS, ovdje mo\u017eete prona\u0107i sve informacije, pomo\u0107 i savjete na jednom mjestu.\" \/>\n<meta name=\"robots\" content=\"index, follow, max-snippet:-1, max-image-preview:large, max-video-preview:-1\" \/>\n<link rel=\"canonical\" href=\"https:\/\/dijasporars.com\/en\/cicovic-susreti-srpskih-zemalja-organizovani-u-cilju-jacanja-jedinstva-srpskog-naroda\/\" \/>\n<meta property=\"og:locale\" content=\"en_US\" \/>\n<meta property=\"og:type\" content=\"article\" \/>\n<meta property=\"og:title\" content=\"\u0426\u0438\u0446\u043e\u0432\u0438\u045b: \u201e\u0421\u0443\u0441\u0440\u0435\u0442\u0438 \u0441\u0440\u043f\u0441\u043a\u0438\u0445 \u0437\u0435\u043c\u0430\u0459\u0430\u201c \u043e\u0440\u0433\u0430\u043d\u0438\u0437\u043e\u0432\u0430\u043d\u0438 \u0443 \u0446\u0438\u0459\u0443 \u0458\u0430\u0447\u0430\u045a\u0430 \u0458\u0435\u0434\u0438\u043d\u0441\u0442\u0432\u0430 \u0441\u0440\u043f\u0441\u043a\u043e\u0433 \u043d\u0430\u0440\u043e\u0434\u0430 - \u0420\u0435\u043f\u0443\u0431\u043b\u0438\u043a\u0430 \u0421\u0440\u043f\u0441\u043a\u0430 \u0438 \u0434\u0438\u0458\u0430\u0441\u043f\u043e\u0440\u0430\" \/>\n<meta property=\"og:description\" content=\"Stranica za dijasporu RS, ovdje mo\u017eete prona\u0107i sve informacije, pomo\u0107 i savjete na jednom mjestu.\" \/>\n<meta property=\"og:url\" content=\"https:\/\/dijasporars.com\/en\/cicovic-susreti-srpskih-zemalja-organizovani-u-cilju-jacanja-jedinstva-srpskog-naroda\/\" \/>\n<meta property=\"og:site_name\" content=\"\u0420\u0435\u043f\u0443\u0431\u043b\u0438\u043a\u0430 \u0421\u0440\u043f\u0441\u043a\u0430 \u0438 \u0434\u0438\u0458\u0430\u0441\u043f\u043e\u0440\u0430\" \/>\n<meta property=\"article:published_time\" content=\"2025-03-26T10:13:59+00:00\" \/>\n<meta property=\"article:modified_time\" content=\"2025-03-26T10:36:01+00:00\" \/>\n<meta property=\"og:image\" content=\"https:\/\/dijasporars.com\/wp-content\/uploads\/2025\/03\/\u0424\u043e\u0442\u043e-\u041f\u0440\u0435\u0434\u0441\u0442\u0430\u0432\u043d\u0438\u0448\u0442\u0432\u043e-\u0420\u0435\u043f\u0443\u0431\u043b\u0438\u043a\u0435-\u0421\u0440\u043f\u0441\u043a\u0435-\u0443-\u0421\u0440\u0431\u0438\u0458\u0438.jpg\" \/>\n\t<meta property=\"og:image:width\" content=\"1440\" \/>\n\t<meta property=\"og:image:height\" content=\"1071\" \/>\n\t<meta property=\"og:image:type\" content=\"image\/jpeg\" \/>\n<meta name=\"author\" content=\"dijasporars\" \/>\n<meta name=\"twitter:card\" content=\"summary_large_image\" \/>\n<meta name=\"twitter:label1\" content=\"Written by\" \/>\n\t<meta name=\"twitter:data1\" content=\"dijasporars\" \/>\n<script type=\"application\/ld+json\" class=\"yoast-schema-graph\">{\"@context\":\"https:\/\/schema.org\",\"@graph\":[{\"@type\":\"WebPage\",\"@id\":\"https:\/\/dijasporars.com\/cicovic-susreti-srpskih-zemalja-organizovani-u-cilju-jacanja-jedinstva-srpskog-naroda\/\",\"url\":\"https:\/\/dijasporars.com\/cicovic-susreti-srpskih-zemalja-organizovani-u-cilju-jacanja-jedinstva-srpskog-naroda\/\",\"name\":\"\u0426\u0438\u0446\u043e\u0432\u0438\u045b: \u201e\u0421\u0443\u0441\u0440\u0435\u0442\u0438 \u0441\u0440\u043f\u0441\u043a\u0438\u0445 \u0437\u0435\u043c\u0430\u0459\u0430\u201c \u043e\u0440\u0433\u0430\u043d\u0438\u0437\u043e\u0432\u0430\u043d\u0438 \u0443 \u0446\u0438\u0459\u0443 \u0458\u0430\u0447\u0430\u045a\u0430 \u0458\u0435\u0434\u0438\u043d\u0441\u0442\u0432\u0430 \u0441\u0440\u043f\u0441\u043a\u043e\u0433 \u043d\u0430\u0440\u043e\u0434\u0430 - \u0420\u0435\u043f\u0443\u0431\u043b\u0438\u043a\u0430 \u0421\u0440\u043f\u0441\u043a\u0430 \u0438 \u0434\u0438\u0458\u0430\u0441\u043f\u043e\u0440\u0430\",\"isPartOf\":{\"@id\":\"https:\/\/dijasporars.com\/#website\"},\"primaryImageOfPage\":{\"@id\":\"https:\/\/dijasporars.com\/cicovic-susreti-srpskih-zemalja-organizovani-u-cilju-jacanja-jedinstva-srpskog-naroda\/#primaryimage\"},\"image\":{\"@id\":\"https:\/\/dijasporars.com\/cicovic-susreti-srpskih-zemalja-organizovani-u-cilju-jacanja-jedinstva-srpskog-naroda\/#primaryimage\"},\"thumbnailUrl\":\"https:\/\/dijasporars.com\/wp-content\/uploads\/2025\/03\/\u0424\u043e\u0442\u043e-\u041f\u0440\u0435\u0434\u0441\u0442\u0430\u0432\u043d\u0438\u0448\u0442\u0432\u043e-\u0420\u0435\u043f\u0443\u0431\u043b\u0438\u043a\u0435-\u0421\u0440\u043f\u0441\u043a\u0435-\u0443-\u0421\u0440\u0431\u0438\u0458\u0438.jpg\",\"datePublished\":\"2025-03-26T10:13:59+00:00\",\"dateModified\":\"2025-03-26T10:36:01+00:00\",\"author\":{\"@id\":\"https:\/\/dijasporars.com\/#\/schema\/person\/f5052d53409aef50f7503bd1372c77ca\"},\"description\":\"Stranica za dijasporu RS, ovdje mo\u017eete prona\u0107i sve informacije, pomo\u0107 i savjete na jednom mjestu.\",\"breadcrumb\":{\"@id\":\"https:\/\/dijasporars.com\/cicovic-susreti-srpskih-zemalja-organizovani-u-cilju-jacanja-jedinstva-srpskog-naroda\/#breadcrumb\"},\"inLanguage\":\"en-US\",\"potentialAction\":[{\"@type\":\"ReadAction\",\"target\":[\"https:\/\/dijasporars.com\/cicovic-susreti-srpskih-zemalja-organizovani-u-cilju-jacanja-jedinstva-srpskog-naroda\/\"]}]},{\"@type\":\"ImageObject\",\"inLanguage\":\"en-US\",\"@id\":\"https:\/\/dijasporars.com\/cicovic-susreti-srpskih-zemalja-organizovani-u-cilju-jacanja-jedinstva-srpskog-naroda\/#primaryimage\",\"url\":\"https:\/\/dijasporars.com\/wp-content\/uploads\/2025\/03\/\u0424\u043e\u0442\u043e-\u041f\u0440\u0435\u0434\u0441\u0442\u0430\u0432\u043d\u0438\u0448\u0442\u0432\u043e-\u0420\u0435\u043f\u0443\u0431\u043b\u0438\u043a\u0435-\u0421\u0440\u043f\u0441\u043a\u0435-\u0443-\u0421\u0440\u0431\u0438\u0458\u0438.jpg\",\"contentUrl\":\"https:\/\/dijasporars.com\/wp-content\/uploads\/2025\/03\/\u0424\u043e\u0442\u043e-\u041f\u0440\u0435\u0434\u0441\u0442\u0430\u0432\u043d\u0438\u0448\u0442\u0432\u043e-\u0420\u0435\u043f\u0443\u0431\u043b\u0438\u043a\u0435-\u0421\u0440\u043f\u0441\u043a\u0435-\u0443-\u0421\u0440\u0431\u0438\u0458\u0438.jpg\",\"width\":1440,\"height\":1071},{\"@type\":\"BreadcrumbList\",\"@id\":\"https:\/\/dijasporars.com\/cicovic-susreti-srpskih-zemalja-organizovani-u-cilju-jacanja-jedinstva-srpskog-naroda\/#breadcrumb\",\"itemListElement\":[{\"@type\":\"ListItem\",\"position\":1,\"name\":\"\u041f\u043e\u0447\u0435\u0442\u043d\u0430\",\"item\":\"https:\/\/dijasporars.com\/\"},{\"@type\":\"ListItem\",\"position\":2,\"name\":\"\u0426\u0438\u0446\u043e\u0432\u0438\u045b: \u201e\u0421\u0443\u0441\u0440\u0435\u0442\u0438 \u0441\u0440\u043f\u0441\u043a\u0438\u0445 \u0437\u0435\u043c\u0430\u0459\u0430\u201c \u043e\u0440\u0433\u0430\u043d\u0438\u0437\u043e\u0432\u0430\u043d\u0438 \u0443 \u0446\u0438\u0459\u0443 \u0458\u0430\u0447\u0430\u045a\u0430 \u0458\u0435\u0434\u0438\u043d\u0441\u0442\u0432\u0430 \u0441\u0440\u043f\u0441\u043a\u043e\u0433 \u043d\u0430\u0440\u043e\u0434\u0430\"}]},{\"@type\":\"WebSite\",\"@id\":\"https:\/\/dijasporars.com\/#website\",\"url\":\"https:\/\/dijasporars.com\/\",\"name\":\"\u0420\u0435\u043f\u0443\u0431\u043b\u0438\u043a\u0430 \u0421\u0440\u043f\u0441\u043a\u0430 \u0438 \u0434\u0438\u0458\u0430\u0441\u043f\u043e\u0440\u0430\",\"description\":\"\",\"potentialAction\":[{\"@type\":\"SearchAction\",\"target\":{\"@type\":\"EntryPoint\",\"urlTemplate\":\"https:\/\/dijasporars.com\/?s={search_term_string}\"},\"query-input\":{\"@type\":\"PropertyValueSpecification\",\"valueRequired\":true,\"valueName\":\"search_term_string\"}}],\"inLanguage\":\"en-US\"},{\"@type\":\"Person\",\"@id\":\"https:\/\/dijasporars.com\/#\/schema\/person\/f5052d53409aef50f7503bd1372c77ca\",\"name\":\"dijasporars\",\"image\":{\"@type\":\"ImageObject\",\"inLanguage\":\"en-US\",\"@id\":\"https:\/\/dijasporars.com\/#\/schema\/person\/image\/\",\"url\":\"https:\/\/secure.gravatar.com\/avatar\/759212a69df0744fb2be03efd361239831e31095061dacc7496bdf8524e0daf7?s=96&d=mm&r=g\",\"contentUrl\":\"https:\/\/secure.gravatar.com\/avatar\/759212a69df0744fb2be03efd361239831e31095061dacc7496bdf8524e0daf7?s=96&d=mm&r=g\",\"caption\":\"dijasporars\"},\"url\":\"https:\/\/dijasporars.com\/en\/author\/dijasporars\/\"}]}<\/script>\n<!-- \/ Yoast SEO plugin. -->","yoast_head_json":{"title":"\u0426\u0438\u0446\u043e\u0432\u0438\u045b: \u201e\u0421\u0443\u0441\u0440\u0435\u0442\u0438 \u0441\u0440\u043f\u0441\u043a\u0438\u0445 \u0437\u0435\u043c\u0430\u0459\u0430\u201c \u043e\u0440\u0433\u0430\u043d\u0438\u0437\u043e\u0432\u0430\u043d\u0438 \u0443 \u0446\u0438\u0459\u0443 \u0458\u0430\u0447\u0430\u045a\u0430 \u0458\u0435\u0434\u0438\u043d\u0441\u0442\u0432\u0430 \u0441\u0440\u043f\u0441\u043a\u043e\u0433 \u043d\u0430\u0440\u043e\u0434\u0430 - \u0420\u0435\u043f\u0443\u0431\u043b\u0438\u043a\u0430 \u0421\u0440\u043f\u0441\u043a\u0430 \u0438 \u0434\u0438\u0458\u0430\u0441\u043f\u043e\u0440\u0430","description":"Stranica za dijasporu RS, ovdje mo\u017eete prona\u0107i sve informacije, pomo\u0107 i savjete na jednom mjestu.","robots":{"index":"index","follow":"follow","max-snippet":"max-snippet:-1","max-image-preview":"max-image-preview:large","max-video-preview":"max-video-preview:-1"},"canonical":"https:\/\/dijasporars.com\/en\/cicovic-susreti-srpskih-zemalja-organizovani-u-cilju-jacanja-jedinstva-srpskog-naroda\/","og_locale":"en_US","og_type":"article","og_title":"\u0426\u0438\u0446\u043e\u0432\u0438\u045b: \u201e\u0421\u0443\u0441\u0440\u0435\u0442\u0438 \u0441\u0440\u043f\u0441\u043a\u0438\u0445 \u0437\u0435\u043c\u0430\u0459\u0430\u201c \u043e\u0440\u0433\u0430\u043d\u0438\u0437\u043e\u0432\u0430\u043d\u0438 \u0443 \u0446\u0438\u0459\u0443 \u0458\u0430\u0447\u0430\u045a\u0430 \u0458\u0435\u0434\u0438\u043d\u0441\u0442\u0432\u0430 \u0441\u0440\u043f\u0441\u043a\u043e\u0433 \u043d\u0430\u0440\u043e\u0434\u0430 - \u0420\u0435\u043f\u0443\u0431\u043b\u0438\u043a\u0430 \u0421\u0440\u043f\u0441\u043a\u0430 \u0438 \u0434\u0438\u0458\u0430\u0441\u043f\u043e\u0440\u0430","og_description":"Stranica za dijasporu RS, ovdje mo\u017eete prona\u0107i sve informacije, pomo\u0107 i savjete na jednom mjestu.","og_url":"https:\/\/dijasporars.com\/en\/cicovic-susreti-srpskih-zemalja-organizovani-u-cilju-jacanja-jedinstva-srpskog-naroda\/","og_site_name":"\u0420\u0435\u043f\u0443\u0431\u043b\u0438\u043a\u0430 \u0421\u0440\u043f\u0441\u043a\u0430 \u0438 \u0434\u0438\u0458\u0430\u0441\u043f\u043e\u0440\u0430","article_published_time":"2025-03-26T10:13:59+00:00","article_modified_time":"2025-03-26T10:36:01+00:00","og_image":[{"width":1440,"height":1071,"url":"https:\/\/dijasporars.com\/wp-content\/uploads\/2025\/03\/\u0424\u043e\u0442\u043e-\u041f\u0440\u0435\u0434\u0441\u0442\u0430\u0432\u043d\u0438\u0448\u0442\u0432\u043e-\u0420\u0435\u043f\u0443\u0431\u043b\u0438\u043a\u0435-\u0421\u0440\u043f\u0441\u043a\u0435-\u0443-\u0421\u0440\u0431\u0438\u0458\u0438.jpg","type":"image\/jpeg"}],"author":"dijasporars","twitter_card":"summary_large_image","twitter_misc":{"Written by":"dijasporars"},"schema":{"@context":"https:\/\/schema.org","@graph":[{"@type":"WebPage","@id":"https:\/\/dijasporars.com\/cicovic-susreti-srpskih-zemalja-organizovani-u-cilju-jacanja-jedinstva-srpskog-naroda\/","url":"https:\/\/dijasporars.com\/cicovic-susreti-srpskih-zemalja-organizovani-u-cilju-jacanja-jedinstva-srpskog-naroda\/","name":"\u0426\u0438\u0446\u043e\u0432\u0438\u045b: \u201e\u0421\u0443\u0441\u0440\u0435\u0442\u0438 \u0441\u0440\u043f\u0441\u043a\u0438\u0445 \u0437\u0435\u043c\u0430\u0459\u0430\u201c \u043e\u0440\u0433\u0430\u043d\u0438\u0437\u043e\u0432\u0430\u043d\u0438 \u0443 \u0446\u0438\u0459\u0443 \u0458\u0430\u0447\u0430\u045a\u0430 \u0458\u0435\u0434\u0438\u043d\u0441\u0442\u0432\u0430 \u0441\u0440\u043f\u0441\u043a\u043e\u0433 \u043d\u0430\u0440\u043e\u0434\u0430 - \u0420\u0435\u043f\u0443\u0431\u043b\u0438\u043a\u0430 \u0421\u0440\u043f\u0441\u043a\u0430 \u0438 \u0434\u0438\u0458\u0430\u0441\u043f\u043e\u0440\u0430","isPartOf":{"@id":"https:\/\/dijasporars.com\/#website"},"primaryImageOfPage":{"@id":"https:\/\/dijasporars.com\/cicovic-susreti-srpskih-zemalja-organizovani-u-cilju-jacanja-jedinstva-srpskog-naroda\/#primaryimage"},"image":{"@id":"https:\/\/dijasporars.com\/cicovic-susreti-srpskih-zemalja-organizovani-u-cilju-jacanja-jedinstva-srpskog-naroda\/#primaryimage"},"thumbnailUrl":"https:\/\/dijasporars.com\/wp-content\/uploads\/2025\/03\/\u0424\u043e\u0442\u043e-\u041f\u0440\u0435\u0434\u0441\u0442\u0430\u0432\u043d\u0438\u0448\u0442\u0432\u043e-\u0420\u0435\u043f\u0443\u0431\u043b\u0438\u043a\u0435-\u0421\u0440\u043f\u0441\u043a\u0435-\u0443-\u0421\u0440\u0431\u0438\u0458\u0438.jpg","datePublished":"2025-03-26T10:13:59+00:00","dateModified":"2025-03-26T10:36:01+00:00","author":{"@id":"https:\/\/dijasporars.com\/#\/schema\/person\/f5052d53409aef50f7503bd1372c77ca"},"description":"Stranica za dijasporu RS, ovdje mo\u017eete prona\u0107i sve informacije, pomo\u0107 i savjete na jednom mjestu.","breadcrumb":{"@id":"https:\/\/dijasporars.com\/cicovic-susreti-srpskih-zemalja-organizovani-u-cilju-jacanja-jedinstva-srpskog-naroda\/#breadcrumb"},"inLanguage":"en-US","potentialAction":[{"@type":"ReadAction","target":["https:\/\/dijasporars.com\/cicovic-susreti-srpskih-zemalja-organizovani-u-cilju-jacanja-jedinstva-srpskog-naroda\/"]}]},{"@type":"ImageObject","inLanguage":"en-US","@id":"https:\/\/dijasporars.com\/cicovic-susreti-srpskih-zemalja-organizovani-u-cilju-jacanja-jedinstva-srpskog-naroda\/#primaryimage","url":"https:\/\/dijasporars.com\/wp-content\/uploads\/2025\/03\/\u0424\u043e\u0442\u043e-\u041f\u0440\u0435\u0434\u0441\u0442\u0430\u0432\u043d\u0438\u0448\u0442\u0432\u043e-\u0420\u0435\u043f\u0443\u0431\u043b\u0438\u043a\u0435-\u0421\u0440\u043f\u0441\u043a\u0435-\u0443-\u0421\u0440\u0431\u0438\u0458\u0438.jpg","contentUrl":"https:\/\/dijasporars.com\/wp-content\/uploads\/2025\/03\/\u0424\u043e\u0442\u043e-\u041f\u0440\u0435\u0434\u0441\u0442\u0430\u0432\u043d\u0438\u0448\u0442\u0432\u043e-\u0420\u0435\u043f\u0443\u0431\u043b\u0438\u043a\u0435-\u0421\u0440\u043f\u0441\u043a\u0435-\u0443-\u0421\u0440\u0431\u0438\u0458\u0438.jpg","width":1440,"height":1071},{"@type":"BreadcrumbList","@id":"https:\/\/dijasporars.com\/cicovic-susreti-srpskih-zemalja-organizovani-u-cilju-jacanja-jedinstva-srpskog-naroda\/#breadcrumb","itemListElement":[{"@type":"ListItem","position":1,"name":"\u041f\u043e\u0447\u0435\u0442\u043d\u0430","item":"https:\/\/dijasporars.com\/"},{"@type":"ListItem","position":2,"name":"\u0426\u0438\u0446\u043e\u0432\u0438\u045b: \u201e\u0421\u0443\u0441\u0440\u0435\u0442\u0438 \u0441\u0440\u043f\u0441\u043a\u0438\u0445 \u0437\u0435\u043c\u0430\u0459\u0430\u201c \u043e\u0440\u0433\u0430\u043d\u0438\u0437\u043e\u0432\u0430\u043d\u0438 \u0443 \u0446\u0438\u0459\u0443 \u0458\u0430\u0447\u0430\u045a\u0430 \u0458\u0435\u0434\u0438\u043d\u0441\u0442\u0432\u0430 \u0441\u0440\u043f\u0441\u043a\u043e\u0433 \u043d\u0430\u0440\u043e\u0434\u0430"}]},{"@type":"WebSite","@id":"https:\/\/dijasporars.com\/#website","url":"https:\/\/dijasporars.com\/","name":"\u0420\u0435\u043f\u0443\u0431\u043b\u0438\u043a\u0430 \u0421\u0440\u043f\u0441\u043a\u0430 \u0438 \u0434\u0438\u0458\u0430\u0441\u043f\u043e\u0440\u0430","description":"","potentialAction":[{"@type":"SearchAction","target":{"@type":"EntryPoint","urlTemplate":"https:\/\/dijasporars.com\/?s={search_term_string}"},"query-input":{"@type":"PropertyValueSpecification","valueRequired":true,"valueName":"search_term_string"}}],"inLanguage":"en-US"},{"@type":"Person","@id":"https:\/\/dijasporars.com\/#\/schema\/person\/f5052d53409aef50f7503bd1372c77ca","name":"dijasporars","image":{"@type":"ImageObject","inLanguage":"en-US","@id":"https:\/\/dijasporars.com\/#\/schema\/person\/image\/","url":"https:\/\/secure.gravatar.com\/avatar\/759212a69df0744fb2be03efd361239831e31095061dacc7496bdf8524e0daf7?s=96&d=mm&r=g","contentUrl":"https:\/\/secure.gravatar.com\/avatar\/759212a69df0744fb2be03efd361239831e31095061dacc7496bdf8524e0daf7?s=96&d=mm&r=g","caption":"dijasporars"},"url":"https:\/\/dijasporars.com\/en\/author\/dijasporars\/"}]}},"_links":{"self":[{"href":"https:\/\/dijasporars.com\/en\/wp-json\/wp\/v2\/posts\/7683","targetHints":{"allow":["GET"]}}],"collection":[{"href":"https:\/\/dijasporars.com\/en\/wp-json\/wp\/v2\/posts"}],"about":[{"href":"https:\/\/dijasporars.com\/en\/wp-json\/wp\/v2\/types\/post"}],"author":[{"embeddable":true,"href":"https:\/\/dijasporars.com\/en\/wp-json\/wp\/v2\/users\/1"}],"replies":[{"embeddable":true,"href":"https:\/\/dijasporars.com\/en\/wp-json\/wp\/v2\/comments?post=7683"}],"version-history":[{"count":2,"href":"https:\/\/dijasporars.com\/en\/wp-json\/wp\/v2\/posts\/7683\/revisions"}],"predecessor-version":[{"id":7686,"href":"https:\/\/dijasporars.com\/en\/wp-json\/wp\/v2\/posts\/7683\/revisions\/7686"}],"wp:featuredmedia":[{"embeddable":true,"href":"https:\/\/dijasporars.com\/en\/wp-json\/wp\/v2\/media\/7684"}],"wp:attachment":[{"href":"https:\/\/dijasporars.com\/en\/wp-json\/wp\/v2\/media?parent=7683"}],"wp:term":[{"taxonomy":"category","embeddable":true,"href":"https:\/\/dijasporars.com\/en\/wp-json\/wp\/v2\/categories?post=7683"},{"taxonomy":"post_tag","embeddable":true,"href":"https:\/\/dijasporars.com\/en\/wp-json\/wp\/v2\/tags?post=7683"}],"curies":[{"name":"wp","href":"https:\/\/api.w.org\/{rel}","templated":true}]}}