{"id":7650,"date":"2025-03-07T10:55:32","date_gmt":"2025-03-07T09:55:32","guid":{"rendered":"https:\/\/dijasporars.com\/?p=7650"},"modified":"2025-03-07T10:56:13","modified_gmt":"2025-03-07T09:56:13","slug":"odrzana-2-decija-evropska-smotra-srpskog-folklora-dijaspore","status":"publish","type":"post","link":"https:\/\/dijasporars.com\/en\/odrzana-2-decija-evropska-smotra-srpskog-folklora-dijaspore\/","title":{"rendered":"2nd Children\u2019s European Festival of Serbian Diaspora Folklore"},"content":{"rendered":"<p>The Second Children\u2019s European Festival of Serbian Diaspora Folklore was held on Saturday, 1 March, in the Swiss town of Dietikon. The Festival was organized by the Association of Serbian Diaspora Folklore (ASDF), and hosted by the Association of Serbian Folklore of Switzerland (ASFS). The competition part of the Festival program saw participation of 22 children\u2019s folklore ensembles from 19 societies. The participating societies came from Switzerland, Germany, Austria and Slovenia.<\/p>\n<p>The participants were divided into three competition groups, junior, mixed and senior with a total of 615 folklore dancers.<\/p>\n<p>The best junior category folklore ensemble is Zavi\u010daj Cultural and Artistic Society from Winterthur, Switzerland.<\/p>\n<p>The best mixed group ensemble is the V. S. Karad\u017ei\u0107 Serbian Cultural and Artistic Society from Sch\u00f6nenwerd, Switzerland. The best seniors ensemble in the competition is Sloga Cultural and Artistic Society from Zurich, Switzerland.<\/p>\n<p>The Festival was overseen by a three-member jury consisting of Mirjana Drobac, MA ethnomusicology, Vilma Ni\u0161kanovi\u0107, ethnologist, and choreographer Velimir Agovski.<\/p>\n<p>Source and photo: Association of Serbian Diaspora Folklore\/ASDF<\/p>","protected":false},"excerpt":{"rendered":"<p>The Second Children\u2019s European Festival of Serbian Diaspora Folklore was held on Saturday, 1 March, in the Swiss town of Dietikon. The Festival was organized by the Association of Serbian Diaspora Folklore (ASDF), and hosted by the Association of Serbian Folklore of Switzerland (ASFS). The competition part of the Festival program saw participation of 22 children\u2019s folklore ensembles from 19 societies. The participating societies came from Switzerland, Germany,<\/p>","protected":false},"author":1,"featured_media":7651,"comment_status":"closed","ping_status":"closed","sticky":false,"template":"","format":"standard","meta":{"footnotes":""},"categories":[52,76],"tags":[],"class_list":["post-7650","post","type-post","status-publish","format-standard","has-post-thumbnail","hentry","category-vijesti","category-vijesti-dijaspora"],"yoast_head":"<!-- This site is optimized with the Yoast SEO plugin v24.6 - https:\/\/yoast.com\/wordpress\/plugins\/seo\/ -->\n<title>\u041e\u0434\u0440\u0436\u0430\u043d\u0430 2. \u0414\u0435\u0447\u0438\u0458\u0430 \u0435\u0432\u0440\u043e\u043f\u0441\u043a\u0430 \u0441\u043c\u043e\u0442\u0440\u0430 \u0441\u0440\u043f\u0441\u043a\u043e\u0433 \u0444\u043e\u043b\u043a\u043b\u043e\u0440\u0430 \u0434\u0438\u0458\u0430\u0441\u043f\u043e\u0440\u0435 - \u0420\u0435\u043f\u0443\u0431\u043b\u0438\u043a\u0430 \u0421\u0440\u043f\u0441\u043a\u0430 \u0438 \u0434\u0438\u0458\u0430\u0441\u043f\u043e\u0440\u0430<\/title>\n<meta name=\"description\" content=\"Stranica za dijasporu RS, ovdje mo\u017eete prona\u0107i sve informacije, pomo\u0107 i savjete na jednom mjestu.\" \/>\n<meta name=\"robots\" content=\"index, follow, max-snippet:-1, max-image-preview:large, max-video-preview:-1\" \/>\n<link rel=\"canonical\" href=\"https:\/\/dijasporars.com\/en\/odrzana-2-decija-evropska-smotra-srpskog-folklora-dijaspore\/\" \/>\n<meta property=\"og:locale\" content=\"en_US\" \/>\n<meta property=\"og:type\" content=\"article\" \/>\n<meta property=\"og:title\" content=\"\u041e\u0434\u0440\u0436\u0430\u043d\u0430 2. \u0414\u0435\u0447\u0438\u0458\u0430 \u0435\u0432\u0440\u043e\u043f\u0441\u043a\u0430 \u0441\u043c\u043e\u0442\u0440\u0430 \u0441\u0440\u043f\u0441\u043a\u043e\u0433 \u0444\u043e\u043b\u043a\u043b\u043e\u0440\u0430 \u0434\u0438\u0458\u0430\u0441\u043f\u043e\u0440\u0435 - \u0420\u0435\u043f\u0443\u0431\u043b\u0438\u043a\u0430 \u0421\u0440\u043f\u0441\u043a\u0430 \u0438 \u0434\u0438\u0458\u0430\u0441\u043f\u043e\u0440\u0430\" \/>\n<meta property=\"og:description\" content=\"Stranica za dijasporu RS, ovdje mo\u017eete prona\u0107i sve informacije, pomo\u0107 i savjete na jednom mjestu.\" \/>\n<meta property=\"og:url\" content=\"https:\/\/dijasporars.com\/en\/odrzana-2-decija-evropska-smotra-srpskog-folklora-dijaspore\/\" \/>\n<meta property=\"og:site_name\" content=\"\u0420\u0435\u043f\u0443\u0431\u043b\u0438\u043a\u0430 \u0421\u0440\u043f\u0441\u043a\u0430 \u0438 \u0434\u0438\u0458\u0430\u0441\u043f\u043e\u0440\u0430\" \/>\n<meta property=\"article:published_time\" content=\"2025-03-07T09:55:32+00:00\" \/>\n<meta property=\"article:modified_time\" content=\"2025-03-07T09:56:13+00:00\" \/>\n<meta property=\"og:image\" content=\"https:\/\/dijasporars.com\/wp-content\/uploads\/2025\/03\/\u0424\u043e\u0442\u043e-\u0410\u0441\u043e\u0446\u0438\u0458\u0430\u0446\u0438\u0458\u0430-\u0441\u0440\u043f\u0441\u043a\u043e\u0433-\u0444\u043e\u043b\u043a\u043b\u043e\u0440\u0430-\u0434\u0438\u0458\u0430\u0441\u043f\u043e\u0440\u0435-\u0410\u0421\u0424\u0414.jpg\" \/>\n\t<meta property=\"og:image:width\" content=\"1080\" \/>\n\t<meta property=\"og:image:height\" content=\"1469\" \/>\n\t<meta property=\"og:image:type\" content=\"image\/jpeg\" \/>\n<meta name=\"author\" content=\"dijasporars\" \/>\n<meta name=\"twitter:card\" content=\"summary_large_image\" \/>\n<meta name=\"twitter:label1\" content=\"Written by\" \/>\n\t<meta name=\"twitter:data1\" content=\"dijasporars\" \/>\n<script type=\"application\/ld+json\" class=\"yoast-schema-graph\">{\"@context\":\"https:\/\/schema.org\",\"@graph\":[{\"@type\":\"WebPage\",\"@id\":\"https:\/\/dijasporars.com\/odrzana-2-decija-evropska-smotra-srpskog-folklora-dijaspore\/\",\"url\":\"https:\/\/dijasporars.com\/odrzana-2-decija-evropska-smotra-srpskog-folklora-dijaspore\/\",\"name\":\"\u041e\u0434\u0440\u0436\u0430\u043d\u0430 2. \u0414\u0435\u0447\u0438\u0458\u0430 \u0435\u0432\u0440\u043e\u043f\u0441\u043a\u0430 \u0441\u043c\u043e\u0442\u0440\u0430 \u0441\u0440\u043f\u0441\u043a\u043e\u0433 \u0444\u043e\u043b\u043a\u043b\u043e\u0440\u0430 \u0434\u0438\u0458\u0430\u0441\u043f\u043e\u0440\u0435 - \u0420\u0435\u043f\u0443\u0431\u043b\u0438\u043a\u0430 \u0421\u0440\u043f\u0441\u043a\u0430 \u0438 \u0434\u0438\u0458\u0430\u0441\u043f\u043e\u0440\u0430\",\"isPartOf\":{\"@id\":\"https:\/\/dijasporars.com\/#website\"},\"primaryImageOfPage\":{\"@id\":\"https:\/\/dijasporars.com\/odrzana-2-decija-evropska-smotra-srpskog-folklora-dijaspore\/#primaryimage\"},\"image\":{\"@id\":\"https:\/\/dijasporars.com\/odrzana-2-decija-evropska-smotra-srpskog-folklora-dijaspore\/#primaryimage\"},\"thumbnailUrl\":\"https:\/\/dijasporars.com\/wp-content\/uploads\/2025\/03\/\u0424\u043e\u0442\u043e-\u0410\u0441\u043e\u0446\u0438\u0458\u0430\u0446\u0438\u0458\u0430-\u0441\u0440\u043f\u0441\u043a\u043e\u0433-\u0444\u043e\u043b\u043a\u043b\u043e\u0440\u0430-\u0434\u0438\u0458\u0430\u0441\u043f\u043e\u0440\u0435-\u0410\u0421\u0424\u0414.jpg\",\"datePublished\":\"2025-03-07T09:55:32+00:00\",\"dateModified\":\"2025-03-07T09:56:13+00:00\",\"author\":{\"@id\":\"https:\/\/dijasporars.com\/#\/schema\/person\/f5052d53409aef50f7503bd1372c77ca\"},\"description\":\"Stranica za dijasporu RS, ovdje mo\u017eete prona\u0107i sve informacije, pomo\u0107 i savjete na jednom mjestu.\",\"breadcrumb\":{\"@id\":\"https:\/\/dijasporars.com\/odrzana-2-decija-evropska-smotra-srpskog-folklora-dijaspore\/#breadcrumb\"},\"inLanguage\":\"en-US\",\"potentialAction\":[{\"@type\":\"ReadAction\",\"target\":[\"https:\/\/dijasporars.com\/odrzana-2-decija-evropska-smotra-srpskog-folklora-dijaspore\/\"]}]},{\"@type\":\"ImageObject\",\"inLanguage\":\"en-US\",\"@id\":\"https:\/\/dijasporars.com\/odrzana-2-decija-evropska-smotra-srpskog-folklora-dijaspore\/#primaryimage\",\"url\":\"https:\/\/dijasporars.com\/wp-content\/uploads\/2025\/03\/\u0424\u043e\u0442\u043e-\u0410\u0441\u043e\u0446\u0438\u0458\u0430\u0446\u0438\u0458\u0430-\u0441\u0440\u043f\u0441\u043a\u043e\u0433-\u0444\u043e\u043b\u043a\u043b\u043e\u0440\u0430-\u0434\u0438\u0458\u0430\u0441\u043f\u043e\u0440\u0435-\u0410\u0421\u0424\u0414.jpg\",\"contentUrl\":\"https:\/\/dijasporars.com\/wp-content\/uploads\/2025\/03\/\u0424\u043e\u0442\u043e-\u0410\u0441\u043e\u0446\u0438\u0458\u0430\u0446\u0438\u0458\u0430-\u0441\u0440\u043f\u0441\u043a\u043e\u0433-\u0444\u043e\u043b\u043a\u043b\u043e\u0440\u0430-\u0434\u0438\u0458\u0430\u0441\u043f\u043e\u0440\u0435-\u0410\u0421\u0424\u0414.jpg\",\"width\":1080,\"height\":1469},{\"@type\":\"BreadcrumbList\",\"@id\":\"https:\/\/dijasporars.com\/odrzana-2-decija-evropska-smotra-srpskog-folklora-dijaspore\/#breadcrumb\",\"itemListElement\":[{\"@type\":\"ListItem\",\"position\":1,\"name\":\"\u041f\u043e\u0447\u0435\u0442\u043d\u0430\",\"item\":\"https:\/\/dijasporars.com\/\"},{\"@type\":\"ListItem\",\"position\":2,\"name\":\"\u041e\u0434\u0440\u0436\u0430\u043d\u0430 2. \u0414\u0435\u0447\u0438\u0458\u0430 \u0435\u0432\u0440\u043e\u043f\u0441\u043a\u0430 \u0441\u043c\u043e\u0442\u0440\u0430 \u0441\u0440\u043f\u0441\u043a\u043e\u0433 \u0444\u043e\u043b\u043a\u043b\u043e\u0440\u0430 \u0434\u0438\u0458\u0430\u0441\u043f\u043e\u0440\u0435\"}]},{\"@type\":\"WebSite\",\"@id\":\"https:\/\/dijasporars.com\/#website\",\"url\":\"https:\/\/dijasporars.com\/\",\"name\":\"\u0420\u0435\u043f\u0443\u0431\u043b\u0438\u043a\u0430 \u0421\u0440\u043f\u0441\u043a\u0430 \u0438 \u0434\u0438\u0458\u0430\u0441\u043f\u043e\u0440\u0430\",\"description\":\"\",\"potentialAction\":[{\"@type\":\"SearchAction\",\"target\":{\"@type\":\"EntryPoint\",\"urlTemplate\":\"https:\/\/dijasporars.com\/?s={search_term_string}\"},\"query-input\":{\"@type\":\"PropertyValueSpecification\",\"valueRequired\":true,\"valueName\":\"search_term_string\"}}],\"inLanguage\":\"en-US\"},{\"@type\":\"Person\",\"@id\":\"https:\/\/dijasporars.com\/#\/schema\/person\/f5052d53409aef50f7503bd1372c77ca\",\"name\":\"dijasporars\",\"image\":{\"@type\":\"ImageObject\",\"inLanguage\":\"en-US\",\"@id\":\"https:\/\/dijasporars.com\/#\/schema\/person\/image\/\",\"url\":\"https:\/\/secure.gravatar.com\/avatar\/759212a69df0744fb2be03efd361239831e31095061dacc7496bdf8524e0daf7?s=96&d=mm&r=g\",\"contentUrl\":\"https:\/\/secure.gravatar.com\/avatar\/759212a69df0744fb2be03efd361239831e31095061dacc7496bdf8524e0daf7?s=96&d=mm&r=g\",\"caption\":\"dijasporars\"},\"url\":\"https:\/\/dijasporars.com\/en\/author\/dijasporars\/\"}]}<\/script>\n<!-- \/ Yoast SEO plugin. -->","yoast_head_json":{"title":"\u041e\u0434\u0440\u0436\u0430\u043d\u0430 2. \u0414\u0435\u0447\u0438\u0458\u0430 \u0435\u0432\u0440\u043e\u043f\u0441\u043a\u0430 \u0441\u043c\u043e\u0442\u0440\u0430 \u0441\u0440\u043f\u0441\u043a\u043e\u0433 \u0444\u043e\u043b\u043a\u043b\u043e\u0440\u0430 \u0434\u0438\u0458\u0430\u0441\u043f\u043e\u0440\u0435 - \u0420\u0435\u043f\u0443\u0431\u043b\u0438\u043a\u0430 \u0421\u0440\u043f\u0441\u043a\u0430 \u0438 \u0434\u0438\u0458\u0430\u0441\u043f\u043e\u0440\u0430","description":"Stranica za dijasporu RS, ovdje mo\u017eete prona\u0107i sve informacije, pomo\u0107 i savjete na jednom mjestu.","robots":{"index":"index","follow":"follow","max-snippet":"max-snippet:-1","max-image-preview":"max-image-preview:large","max-video-preview":"max-video-preview:-1"},"canonical":"https:\/\/dijasporars.com\/en\/odrzana-2-decija-evropska-smotra-srpskog-folklora-dijaspore\/","og_locale":"en_US","og_type":"article","og_title":"\u041e\u0434\u0440\u0436\u0430\u043d\u0430 2. \u0414\u0435\u0447\u0438\u0458\u0430 \u0435\u0432\u0440\u043e\u043f\u0441\u043a\u0430 \u0441\u043c\u043e\u0442\u0440\u0430 \u0441\u0440\u043f\u0441\u043a\u043e\u0433 \u0444\u043e\u043b\u043a\u043b\u043e\u0440\u0430 \u0434\u0438\u0458\u0430\u0441\u043f\u043e\u0440\u0435 - \u0420\u0435\u043f\u0443\u0431\u043b\u0438\u043a\u0430 \u0421\u0440\u043f\u0441\u043a\u0430 \u0438 \u0434\u0438\u0458\u0430\u0441\u043f\u043e\u0440\u0430","og_description":"Stranica za dijasporu RS, ovdje mo\u017eete prona\u0107i sve informacije, pomo\u0107 i savjete na jednom mjestu.","og_url":"https:\/\/dijasporars.com\/en\/odrzana-2-decija-evropska-smotra-srpskog-folklora-dijaspore\/","og_site_name":"\u0420\u0435\u043f\u0443\u0431\u043b\u0438\u043a\u0430 \u0421\u0440\u043f\u0441\u043a\u0430 \u0438 \u0434\u0438\u0458\u0430\u0441\u043f\u043e\u0440\u0430","article_published_time":"2025-03-07T09:55:32+00:00","article_modified_time":"2025-03-07T09:56:13+00:00","og_image":[{"width":1080,"height":1469,"url":"https:\/\/dijasporars.com\/wp-content\/uploads\/2025\/03\/\u0424\u043e\u0442\u043e-\u0410\u0441\u043e\u0446\u0438\u0458\u0430\u0446\u0438\u0458\u0430-\u0441\u0440\u043f\u0441\u043a\u043e\u0433-\u0444\u043e\u043b\u043a\u043b\u043e\u0440\u0430-\u0434\u0438\u0458\u0430\u0441\u043f\u043e\u0440\u0435-\u0410\u0421\u0424\u0414.jpg","type":"image\/jpeg"}],"author":"dijasporars","twitter_card":"summary_large_image","twitter_misc":{"Written by":"dijasporars"},"schema":{"@context":"https:\/\/schema.org","@graph":[{"@type":"WebPage","@id":"https:\/\/dijasporars.com\/odrzana-2-decija-evropska-smotra-srpskog-folklora-dijaspore\/","url":"https:\/\/dijasporars.com\/odrzana-2-decija-evropska-smotra-srpskog-folklora-dijaspore\/","name":"\u041e\u0434\u0440\u0436\u0430\u043d\u0430 2. \u0414\u0435\u0447\u0438\u0458\u0430 \u0435\u0432\u0440\u043e\u043f\u0441\u043a\u0430 \u0441\u043c\u043e\u0442\u0440\u0430 \u0441\u0440\u043f\u0441\u043a\u043e\u0433 \u0444\u043e\u043b\u043a\u043b\u043e\u0440\u0430 \u0434\u0438\u0458\u0430\u0441\u043f\u043e\u0440\u0435 - \u0420\u0435\u043f\u0443\u0431\u043b\u0438\u043a\u0430 \u0421\u0440\u043f\u0441\u043a\u0430 \u0438 \u0434\u0438\u0458\u0430\u0441\u043f\u043e\u0440\u0430","isPartOf":{"@id":"https:\/\/dijasporars.com\/#website"},"primaryImageOfPage":{"@id":"https:\/\/dijasporars.com\/odrzana-2-decija-evropska-smotra-srpskog-folklora-dijaspore\/#primaryimage"},"image":{"@id":"https:\/\/dijasporars.com\/odrzana-2-decija-evropska-smotra-srpskog-folklora-dijaspore\/#primaryimage"},"thumbnailUrl":"https:\/\/dijasporars.com\/wp-content\/uploads\/2025\/03\/\u0424\u043e\u0442\u043e-\u0410\u0441\u043e\u0446\u0438\u0458\u0430\u0446\u0438\u0458\u0430-\u0441\u0440\u043f\u0441\u043a\u043e\u0433-\u0444\u043e\u043b\u043a\u043b\u043e\u0440\u0430-\u0434\u0438\u0458\u0430\u0441\u043f\u043e\u0440\u0435-\u0410\u0421\u0424\u0414.jpg","datePublished":"2025-03-07T09:55:32+00:00","dateModified":"2025-03-07T09:56:13+00:00","author":{"@id":"https:\/\/dijasporars.com\/#\/schema\/person\/f5052d53409aef50f7503bd1372c77ca"},"description":"Stranica za dijasporu RS, ovdje mo\u017eete prona\u0107i sve informacije, pomo\u0107 i savjete na jednom mjestu.","breadcrumb":{"@id":"https:\/\/dijasporars.com\/odrzana-2-decija-evropska-smotra-srpskog-folklora-dijaspore\/#breadcrumb"},"inLanguage":"en-US","potentialAction":[{"@type":"ReadAction","target":["https:\/\/dijasporars.com\/odrzana-2-decija-evropska-smotra-srpskog-folklora-dijaspore\/"]}]},{"@type":"ImageObject","inLanguage":"en-US","@id":"https:\/\/dijasporars.com\/odrzana-2-decija-evropska-smotra-srpskog-folklora-dijaspore\/#primaryimage","url":"https:\/\/dijasporars.com\/wp-content\/uploads\/2025\/03\/\u0424\u043e\u0442\u043e-\u0410\u0441\u043e\u0446\u0438\u0458\u0430\u0446\u0438\u0458\u0430-\u0441\u0440\u043f\u0441\u043a\u043e\u0433-\u0444\u043e\u043b\u043a\u043b\u043e\u0440\u0430-\u0434\u0438\u0458\u0430\u0441\u043f\u043e\u0440\u0435-\u0410\u0421\u0424\u0414.jpg","contentUrl":"https:\/\/dijasporars.com\/wp-content\/uploads\/2025\/03\/\u0424\u043e\u0442\u043e-\u0410\u0441\u043e\u0446\u0438\u0458\u0430\u0446\u0438\u0458\u0430-\u0441\u0440\u043f\u0441\u043a\u043e\u0433-\u0444\u043e\u043b\u043a\u043b\u043e\u0440\u0430-\u0434\u0438\u0458\u0430\u0441\u043f\u043e\u0440\u0435-\u0410\u0421\u0424\u0414.jpg","width":1080,"height":1469},{"@type":"BreadcrumbList","@id":"https:\/\/dijasporars.com\/odrzana-2-decija-evropska-smotra-srpskog-folklora-dijaspore\/#breadcrumb","itemListElement":[{"@type":"ListItem","position":1,"name":"\u041f\u043e\u0447\u0435\u0442\u043d\u0430","item":"https:\/\/dijasporars.com\/"},{"@type":"ListItem","position":2,"name":"\u041e\u0434\u0440\u0436\u0430\u043d\u0430 2. \u0414\u0435\u0447\u0438\u0458\u0430 \u0435\u0432\u0440\u043e\u043f\u0441\u043a\u0430 \u0441\u043c\u043e\u0442\u0440\u0430 \u0441\u0440\u043f\u0441\u043a\u043e\u0433 \u0444\u043e\u043b\u043a\u043b\u043e\u0440\u0430 \u0434\u0438\u0458\u0430\u0441\u043f\u043e\u0440\u0435"}]},{"@type":"WebSite","@id":"https:\/\/dijasporars.com\/#website","url":"https:\/\/dijasporars.com\/","name":"\u0420\u0435\u043f\u0443\u0431\u043b\u0438\u043a\u0430 \u0421\u0440\u043f\u0441\u043a\u0430 \u0438 \u0434\u0438\u0458\u0430\u0441\u043f\u043e\u0440\u0430","description":"","potentialAction":[{"@type":"SearchAction","target":{"@type":"EntryPoint","urlTemplate":"https:\/\/dijasporars.com\/?s={search_term_string}"},"query-input":{"@type":"PropertyValueSpecification","valueRequired":true,"valueName":"search_term_string"}}],"inLanguage":"en-US"},{"@type":"Person","@id":"https:\/\/dijasporars.com\/#\/schema\/person\/f5052d53409aef50f7503bd1372c77ca","name":"dijasporars","image":{"@type":"ImageObject","inLanguage":"en-US","@id":"https:\/\/dijasporars.com\/#\/schema\/person\/image\/","url":"https:\/\/secure.gravatar.com\/avatar\/759212a69df0744fb2be03efd361239831e31095061dacc7496bdf8524e0daf7?s=96&d=mm&r=g","contentUrl":"https:\/\/secure.gravatar.com\/avatar\/759212a69df0744fb2be03efd361239831e31095061dacc7496bdf8524e0daf7?s=96&d=mm&r=g","caption":"dijasporars"},"url":"https:\/\/dijasporars.com\/en\/author\/dijasporars\/"}]}},"_links":{"self":[{"href":"https:\/\/dijasporars.com\/en\/wp-json\/wp\/v2\/posts\/7650","targetHints":{"allow":["GET"]}}],"collection":[{"href":"https:\/\/dijasporars.com\/en\/wp-json\/wp\/v2\/posts"}],"about":[{"href":"https:\/\/dijasporars.com\/en\/wp-json\/wp\/v2\/types\/post"}],"author":[{"embeddable":true,"href":"https:\/\/dijasporars.com\/en\/wp-json\/wp\/v2\/users\/1"}],"replies":[{"embeddable":true,"href":"https:\/\/dijasporars.com\/en\/wp-json\/wp\/v2\/comments?post=7650"}],"version-history":[{"count":1,"href":"https:\/\/dijasporars.com\/en\/wp-json\/wp\/v2\/posts\/7650\/revisions"}],"predecessor-version":[{"id":7652,"href":"https:\/\/dijasporars.com\/en\/wp-json\/wp\/v2\/posts\/7650\/revisions\/7652"}],"wp:featuredmedia":[{"embeddable":true,"href":"https:\/\/dijasporars.com\/en\/wp-json\/wp\/v2\/media\/7651"}],"wp:attachment":[{"href":"https:\/\/dijasporars.com\/en\/wp-json\/wp\/v2\/media?parent=7650"}],"wp:term":[{"taxonomy":"category","embeddable":true,"href":"https:\/\/dijasporars.com\/en\/wp-json\/wp\/v2\/categories?post=7650"},{"taxonomy":"post_tag","embeddable":true,"href":"https:\/\/dijasporars.com\/en\/wp-json\/wp\/v2\/tags?post=7650"}],"curies":[{"name":"wp","href":"https:\/\/api.w.org\/{rel}","templated":true}]}}