{"id":7645,"date":"2025-03-06T11:03:02","date_gmt":"2025-03-06T10:03:02","guid":{"rendered":"https:\/\/dijasporars.com\/?p=7645"},"modified":"2025-03-06T11:51:40","modified_gmt":"2025-03-06T10:51:40","slug":"savez-srba-u-austriji-na-inicijativu-odbora-za-pomoc-kim-pokrece-kampanju-svaki-srbin-jedan-evro","status":"publish","type":"post","link":"https:\/\/dijasporars.com\/en\/savez-srba-u-austriji-na-inicijativu-odbora-za-pomoc-kim-pokrece-kampanju-svaki-srbin-jedan-evro\/","title":{"rendered":"At KiM Aid Committee Initiative, Alliance of Serbs in Austria Launches Each Serb One Euro Campaign"},"content":{"rendered":"<p>At the initiative of the Kosovo and Metohija Aid Committee, the Alliance of Serbs in Austria is launching the Each Serb One Euro campaign to finance humanitarian projects, help vulnerable families, public and religious institutions and organizations preserving Serbian tradition and culture.<\/p>\n<p>The President of the Banja Luka-based Committee for Aid to Kosovo and Metohija, Milorad Arlov, met in Vienna with the Head of the Republic of Srpska Representative Office, Mladen Filipovi\u0107, and this project coordinator at the Alliance of Serbs in Austria, Jovana Ga\u010di\u0107.<\/p>\n<p>As stated, the previously agreed Each Serb One Euro project will start by the end of March and unfold on a monthly basis for Serbian children and Serbs in Kosovo and Metohija, to be implemented by the Republic of Srpska Representation and the Alliance of Serbs in Austria.<\/p>\n<p>This project will involve the numerous Serbian clubs and associations in Austria, which, by contributing one euro per month, will demonstrate humanity, but also Serbian sobornost for KiM.<\/p>\n<p>This project has been planned and agreed to be long lasting, and its beginning will target the Podr\u017ei me \u2013 9 January Day Center in Kosovska Mitrovica for children and youth with developmental difficulties, for center operation, van purchase and fire protection installation.<\/p>\n<p>Discussions also covered other projects of the Committee and assistance to the Serbian people in Kosovo and Metohija planned for the coming period.<\/p>\n<p>Arlov and Filipovi\u0107 agreed that the Kosovo and Metohija Aid Committee, through the Republic of Srpska Representations in Austria, would jointly include Serbian children from Austria this year in the large project Let\u2019s Unite the Children of Kosovo and Metohija and the Republic of Srpska.<\/p>\n<p>Around 50 Serbian children from Austria, aged 10 to 15, will be guests of their peers for several days in one of the cities of Srpska from 19 to 22 June this year.<\/p>\n<p>The young Banja Luka singing group Beli An\u0111eo, which had delighted many distinguished guests in Vienna with its performance and patriotic songs and brightened the celebration of the anniversary of the first Constitution of the Republic of Srpska, expressed its willingness to always participate in Committee\u2019s humanitarian events, which was reiterated by the group founder, Professor Dejana Vru\u0107ini\u0107, and the secretary, Isidora Sekuli\u0107.<\/p>\n<p>The young Kosovska Kamenica singing group Kameni\u010dki biseri and its leader and founder, Professor Jadranka Vasi\u0107, confirmed their affection and readiness for humanitarian support.<\/p>\n<p>Source: RTRS<\/p>\n<p>Photo: Courtesy photo<\/p>","protected":false},"excerpt":{"rendered":"<p>At the initiative of the Kosovo and Metohija Aid Committee, the Alliance of Serbs in Austria is launching the Each Serb One Euro campaign to finance humanitarian projects, help vulnerable families, public and religious institutions and organizations preserving Serbian tradition and culture. \nThe President of the Banja Luka-based Committee for Aid to Kosovo and Metohija, Milorad Arlov, met in Vienna with the Head of the Republic of Srpska Representative Office<\/p>","protected":false},"author":1,"featured_media":7646,"comment_status":"closed","ping_status":"closed","sticky":false,"template":"","format":"standard","meta":{"footnotes":""},"categories":[52,76],"tags":[],"class_list":["post-7645","post","type-post","status-publish","format-standard","has-post-thumbnail","hentry","category-vijesti","category-vijesti-dijaspora"],"yoast_head":"<!-- This site is optimized with the Yoast SEO plugin v24.6 - https:\/\/yoast.com\/wordpress\/plugins\/seo\/ -->\n<title>\u0421\u0430\u0432\u0435\u0437 \u0421\u0440\u0431\u0430 \u0443 \u0410\u0443\u0441\u0442\u0440\u0438\u0458\u0438 \u043d\u0430 \u0438\u043d\u0438\u0446\u0438\u0458\u0430\u0442\u0438\u0432\u0443 \u041e\u0434\u0431\u043e\u0440\u0430 \u0437\u0430 \u043f\u043e\u043c\u043e\u045b \u041a\u0438\u041c \u043f\u043e\u043a\u0440\u0435\u045b\u0435 \u043a\u0430\u043c\u043f\u0430\u045a\u0443 \u201e\u0421\u0432\u0430\u043a\u0438 \u0421\u0440\u0431\u0438\u043d \u0458\u0435\u0434\u0430\u043d \u0435\u0432\u0440\u043e\u201c - \u0420\u0435\u043f\u0443\u0431\u043b\u0438\u043a\u0430 \u0421\u0440\u043f\u0441\u043a\u0430 \u0438 \u0434\u0438\u0458\u0430\u0441\u043f\u043e\u0440\u0430<\/title>\n<meta name=\"description\" content=\"Stranica za dijasporu RS, ovdje mo\u017eete prona\u0107i sve informacije, pomo\u0107 i savjete na jednom mjestu.\" \/>\n<meta name=\"robots\" content=\"index, follow, max-snippet:-1, max-image-preview:large, max-video-preview:-1\" \/>\n<link rel=\"canonical\" href=\"https:\/\/dijasporars.com\/en\/savez-srba-u-austriji-na-inicijativu-odbora-za-pomoc-kim-pokrece-kampanju-svaki-srbin-jedan-evro\/\" \/>\n<meta property=\"og:locale\" content=\"en_US\" \/>\n<meta property=\"og:type\" content=\"article\" \/>\n<meta property=\"og:title\" content=\"\u0421\u0430\u0432\u0435\u0437 \u0421\u0440\u0431\u0430 \u0443 \u0410\u0443\u0441\u0442\u0440\u0438\u0458\u0438 \u043d\u0430 \u0438\u043d\u0438\u0446\u0438\u0458\u0430\u0442\u0438\u0432\u0443 \u041e\u0434\u0431\u043e\u0440\u0430 \u0437\u0430 \u043f\u043e\u043c\u043e\u045b \u041a\u0438\u041c \u043f\u043e\u043a\u0440\u0435\u045b\u0435 \u043a\u0430\u043c\u043f\u0430\u045a\u0443 \u201e\u0421\u0432\u0430\u043a\u0438 \u0421\u0440\u0431\u0438\u043d \u0458\u0435\u0434\u0430\u043d \u0435\u0432\u0440\u043e\u201c - \u0420\u0435\u043f\u0443\u0431\u043b\u0438\u043a\u0430 \u0421\u0440\u043f\u0441\u043a\u0430 \u0438 \u0434\u0438\u0458\u0430\u0441\u043f\u043e\u0440\u0430\" \/>\n<meta property=\"og:description\" content=\"Stranica za dijasporu RS, ovdje mo\u017eete prona\u0107i sve informacije, pomo\u0107 i savjete na jednom mjestu.\" \/>\n<meta property=\"og:url\" content=\"https:\/\/dijasporars.com\/en\/savez-srba-u-austriji-na-inicijativu-odbora-za-pomoc-kim-pokrece-kampanju-svaki-srbin-jedan-evro\/\" \/>\n<meta property=\"og:site_name\" content=\"\u0420\u0435\u043f\u0443\u0431\u043b\u0438\u043a\u0430 \u0421\u0440\u043f\u0441\u043a\u0430 \u0438 \u0434\u0438\u0458\u0430\u0441\u043f\u043e\u0440\u0430\" \/>\n<meta property=\"article:published_time\" content=\"2025-03-06T10:03:02+00:00\" \/>\n<meta property=\"article:modified_time\" content=\"2025-03-06T10:51:40+00:00\" \/>\n<meta property=\"og:image\" content=\"https:\/\/dijasporars.com\/wp-content\/uploads\/2025\/03\/\u0424\u043e\u0442\u043e-\u0423\u0441\u0442\u0443\u043f\u0459\u0435\u043d\u0430-\u0444\u043e\u0442\u043e\u0433\u0440\u0430\u0444\u0438\u0458\u0430.jpg\" \/>\n\t<meta property=\"og:image:width\" content=\"658\" \/>\n\t<meta property=\"og:image:height\" content=\"493\" \/>\n\t<meta property=\"og:image:type\" content=\"image\/jpeg\" \/>\n<meta name=\"author\" content=\"dijasporars\" \/>\n<meta name=\"twitter:card\" content=\"summary_large_image\" \/>\n<meta name=\"twitter:label1\" content=\"Written by\" \/>\n\t<meta name=\"twitter:data1\" content=\"dijasporars\" \/>\n<script type=\"application\/ld+json\" class=\"yoast-schema-graph\">{\"@context\":\"https:\/\/schema.org\",\"@graph\":[{\"@type\":\"WebPage\",\"@id\":\"https:\/\/dijasporars.com\/savez-srba-u-austriji-na-inicijativu-odbora-za-pomoc-kim-pokrece-kampanju-svaki-srbin-jedan-evro\/\",\"url\":\"https:\/\/dijasporars.com\/savez-srba-u-austriji-na-inicijativu-odbora-za-pomoc-kim-pokrece-kampanju-svaki-srbin-jedan-evro\/\",\"name\":\"\u0421\u0430\u0432\u0435\u0437 \u0421\u0440\u0431\u0430 \u0443 \u0410\u0443\u0441\u0442\u0440\u0438\u0458\u0438 \u043d\u0430 \u0438\u043d\u0438\u0446\u0438\u0458\u0430\u0442\u0438\u0432\u0443 \u041e\u0434\u0431\u043e\u0440\u0430 \u0437\u0430 \u043f\u043e\u043c\u043e\u045b \u041a\u0438\u041c \u043f\u043e\u043a\u0440\u0435\u045b\u0435 \u043a\u0430\u043c\u043f\u0430\u045a\u0443 \u201e\u0421\u0432\u0430\u043a\u0438 \u0421\u0440\u0431\u0438\u043d \u0458\u0435\u0434\u0430\u043d \u0435\u0432\u0440\u043e\u201c - \u0420\u0435\u043f\u0443\u0431\u043b\u0438\u043a\u0430 \u0421\u0440\u043f\u0441\u043a\u0430 \u0438 \u0434\u0438\u0458\u0430\u0441\u043f\u043e\u0440\u0430\",\"isPartOf\":{\"@id\":\"https:\/\/dijasporars.com\/#website\"},\"primaryImageOfPage\":{\"@id\":\"https:\/\/dijasporars.com\/savez-srba-u-austriji-na-inicijativu-odbora-za-pomoc-kim-pokrece-kampanju-svaki-srbin-jedan-evro\/#primaryimage\"},\"image\":{\"@id\":\"https:\/\/dijasporars.com\/savez-srba-u-austriji-na-inicijativu-odbora-za-pomoc-kim-pokrece-kampanju-svaki-srbin-jedan-evro\/#primaryimage\"},\"thumbnailUrl\":\"https:\/\/dijasporars.com\/wp-content\/uploads\/2025\/03\/\u0424\u043e\u0442\u043e-\u0423\u0441\u0442\u0443\u043f\u0459\u0435\u043d\u0430-\u0444\u043e\u0442\u043e\u0433\u0440\u0430\u0444\u0438\u0458\u0430.jpg\",\"datePublished\":\"2025-03-06T10:03:02+00:00\",\"dateModified\":\"2025-03-06T10:51:40+00:00\",\"author\":{\"@id\":\"https:\/\/dijasporars.com\/#\/schema\/person\/f5052d53409aef50f7503bd1372c77ca\"},\"description\":\"Stranica za dijasporu RS, ovdje mo\u017eete prona\u0107i sve informacije, pomo\u0107 i savjete na jednom mjestu.\",\"breadcrumb\":{\"@id\":\"https:\/\/dijasporars.com\/savez-srba-u-austriji-na-inicijativu-odbora-za-pomoc-kim-pokrece-kampanju-svaki-srbin-jedan-evro\/#breadcrumb\"},\"inLanguage\":\"en-US\",\"potentialAction\":[{\"@type\":\"ReadAction\",\"target\":[\"https:\/\/dijasporars.com\/savez-srba-u-austriji-na-inicijativu-odbora-za-pomoc-kim-pokrece-kampanju-svaki-srbin-jedan-evro\/\"]}]},{\"@type\":\"ImageObject\",\"inLanguage\":\"en-US\",\"@id\":\"https:\/\/dijasporars.com\/savez-srba-u-austriji-na-inicijativu-odbora-za-pomoc-kim-pokrece-kampanju-svaki-srbin-jedan-evro\/#primaryimage\",\"url\":\"https:\/\/dijasporars.com\/wp-content\/uploads\/2025\/03\/\u0424\u043e\u0442\u043e-\u0423\u0441\u0442\u0443\u043f\u0459\u0435\u043d\u0430-\u0444\u043e\u0442\u043e\u0433\u0440\u0430\u0444\u0438\u0458\u0430.jpg\",\"contentUrl\":\"https:\/\/dijasporars.com\/wp-content\/uploads\/2025\/03\/\u0424\u043e\u0442\u043e-\u0423\u0441\u0442\u0443\u043f\u0459\u0435\u043d\u0430-\u0444\u043e\u0442\u043e\u0433\u0440\u0430\u0444\u0438\u0458\u0430.jpg\",\"width\":658,\"height\":493},{\"@type\":\"BreadcrumbList\",\"@id\":\"https:\/\/dijasporars.com\/savez-srba-u-austriji-na-inicijativu-odbora-za-pomoc-kim-pokrece-kampanju-svaki-srbin-jedan-evro\/#breadcrumb\",\"itemListElement\":[{\"@type\":\"ListItem\",\"position\":1,\"name\":\"\u041f\u043e\u0447\u0435\u0442\u043d\u0430\",\"item\":\"https:\/\/dijasporars.com\/\"},{\"@type\":\"ListItem\",\"position\":2,\"name\":\"\u0421\u0430\u0432\u0435\u0437 \u0421\u0440\u0431\u0430 \u0443 \u0410\u0443\u0441\u0442\u0440\u0438\u0458\u0438 \u043d\u0430 \u0438\u043d\u0438\u0446\u0438\u0458\u0430\u0442\u0438\u0432\u0443 \u041e\u0434\u0431\u043e\u0440\u0430 \u0437\u0430 \u043f\u043e\u043c\u043e\u045b \u041a\u0438\u041c \u043f\u043e\u043a\u0440\u0435\u045b\u0435 \u043a\u0430\u043c\u043f\u0430\u045a\u0443 \u201e\u0421\u0432\u0430\u043a\u0438 \u0421\u0440\u0431\u0438\u043d \u0458\u0435\u0434\u0430\u043d \u0435\u0432\u0440\u043e\u201c\"}]},{\"@type\":\"WebSite\",\"@id\":\"https:\/\/dijasporars.com\/#website\",\"url\":\"https:\/\/dijasporars.com\/\",\"name\":\"\u0420\u0435\u043f\u0443\u0431\u043b\u0438\u043a\u0430 \u0421\u0440\u043f\u0441\u043a\u0430 \u0438 \u0434\u0438\u0458\u0430\u0441\u043f\u043e\u0440\u0430\",\"description\":\"\",\"potentialAction\":[{\"@type\":\"SearchAction\",\"target\":{\"@type\":\"EntryPoint\",\"urlTemplate\":\"https:\/\/dijasporars.com\/?s={search_term_string}\"},\"query-input\":{\"@type\":\"PropertyValueSpecification\",\"valueRequired\":true,\"valueName\":\"search_term_string\"}}],\"inLanguage\":\"en-US\"},{\"@type\":\"Person\",\"@id\":\"https:\/\/dijasporars.com\/#\/schema\/person\/f5052d53409aef50f7503bd1372c77ca\",\"name\":\"dijasporars\",\"image\":{\"@type\":\"ImageObject\",\"inLanguage\":\"en-US\",\"@id\":\"https:\/\/dijasporars.com\/#\/schema\/person\/image\/\",\"url\":\"https:\/\/secure.gravatar.com\/avatar\/759212a69df0744fb2be03efd361239831e31095061dacc7496bdf8524e0daf7?s=96&d=mm&r=g\",\"contentUrl\":\"https:\/\/secure.gravatar.com\/avatar\/759212a69df0744fb2be03efd361239831e31095061dacc7496bdf8524e0daf7?s=96&d=mm&r=g\",\"caption\":\"dijasporars\"},\"url\":\"https:\/\/dijasporars.com\/en\/author\/dijasporars\/\"}]}<\/script>\n<!-- \/ Yoast SEO plugin. -->","yoast_head_json":{"title":"\u0421\u0430\u0432\u0435\u0437 \u0421\u0440\u0431\u0430 \u0443 \u0410\u0443\u0441\u0442\u0440\u0438\u0458\u0438 \u043d\u0430 \u0438\u043d\u0438\u0446\u0438\u0458\u0430\u0442\u0438\u0432\u0443 \u041e\u0434\u0431\u043e\u0440\u0430 \u0437\u0430 \u043f\u043e\u043c\u043e\u045b \u041a\u0438\u041c \u043f\u043e\u043a\u0440\u0435\u045b\u0435 \u043a\u0430\u043c\u043f\u0430\u045a\u0443 \u201e\u0421\u0432\u0430\u043a\u0438 \u0421\u0440\u0431\u0438\u043d \u0458\u0435\u0434\u0430\u043d \u0435\u0432\u0440\u043e\u201c - \u0420\u0435\u043f\u0443\u0431\u043b\u0438\u043a\u0430 \u0421\u0440\u043f\u0441\u043a\u0430 \u0438 \u0434\u0438\u0458\u0430\u0441\u043f\u043e\u0440\u0430","description":"Stranica za dijasporu RS, ovdje mo\u017eete prona\u0107i sve informacije, pomo\u0107 i savjete na jednom mjestu.","robots":{"index":"index","follow":"follow","max-snippet":"max-snippet:-1","max-image-preview":"max-image-preview:large","max-video-preview":"max-video-preview:-1"},"canonical":"https:\/\/dijasporars.com\/en\/savez-srba-u-austriji-na-inicijativu-odbora-za-pomoc-kim-pokrece-kampanju-svaki-srbin-jedan-evro\/","og_locale":"en_US","og_type":"article","og_title":"\u0421\u0430\u0432\u0435\u0437 \u0421\u0440\u0431\u0430 \u0443 \u0410\u0443\u0441\u0442\u0440\u0438\u0458\u0438 \u043d\u0430 \u0438\u043d\u0438\u0446\u0438\u0458\u0430\u0442\u0438\u0432\u0443 \u041e\u0434\u0431\u043e\u0440\u0430 \u0437\u0430 \u043f\u043e\u043c\u043e\u045b \u041a\u0438\u041c \u043f\u043e\u043a\u0440\u0435\u045b\u0435 \u043a\u0430\u043c\u043f\u0430\u045a\u0443 \u201e\u0421\u0432\u0430\u043a\u0438 \u0421\u0440\u0431\u0438\u043d \u0458\u0435\u0434\u0430\u043d \u0435\u0432\u0440\u043e\u201c - \u0420\u0435\u043f\u0443\u0431\u043b\u0438\u043a\u0430 \u0421\u0440\u043f\u0441\u043a\u0430 \u0438 \u0434\u0438\u0458\u0430\u0441\u043f\u043e\u0440\u0430","og_description":"Stranica za dijasporu RS, ovdje mo\u017eete prona\u0107i sve informacije, pomo\u0107 i savjete na jednom mjestu.","og_url":"https:\/\/dijasporars.com\/en\/savez-srba-u-austriji-na-inicijativu-odbora-za-pomoc-kim-pokrece-kampanju-svaki-srbin-jedan-evro\/","og_site_name":"\u0420\u0435\u043f\u0443\u0431\u043b\u0438\u043a\u0430 \u0421\u0440\u043f\u0441\u043a\u0430 \u0438 \u0434\u0438\u0458\u0430\u0441\u043f\u043e\u0440\u0430","article_published_time":"2025-03-06T10:03:02+00:00","article_modified_time":"2025-03-06T10:51:40+00:00","og_image":[{"width":658,"height":493,"url":"https:\/\/dijasporars.com\/wp-content\/uploads\/2025\/03\/\u0424\u043e\u0442\u043e-\u0423\u0441\u0442\u0443\u043f\u0459\u0435\u043d\u0430-\u0444\u043e\u0442\u043e\u0433\u0440\u0430\u0444\u0438\u0458\u0430.jpg","type":"image\/jpeg"}],"author":"dijasporars","twitter_card":"summary_large_image","twitter_misc":{"Written by":"dijasporars"},"schema":{"@context":"https:\/\/schema.org","@graph":[{"@type":"WebPage","@id":"https:\/\/dijasporars.com\/savez-srba-u-austriji-na-inicijativu-odbora-za-pomoc-kim-pokrece-kampanju-svaki-srbin-jedan-evro\/","url":"https:\/\/dijasporars.com\/savez-srba-u-austriji-na-inicijativu-odbora-za-pomoc-kim-pokrece-kampanju-svaki-srbin-jedan-evro\/","name":"\u0421\u0430\u0432\u0435\u0437 \u0421\u0440\u0431\u0430 \u0443 \u0410\u0443\u0441\u0442\u0440\u0438\u0458\u0438 \u043d\u0430 \u0438\u043d\u0438\u0446\u0438\u0458\u0430\u0442\u0438\u0432\u0443 \u041e\u0434\u0431\u043e\u0440\u0430 \u0437\u0430 \u043f\u043e\u043c\u043e\u045b \u041a\u0438\u041c \u043f\u043e\u043a\u0440\u0435\u045b\u0435 \u043a\u0430\u043c\u043f\u0430\u045a\u0443 \u201e\u0421\u0432\u0430\u043a\u0438 \u0421\u0440\u0431\u0438\u043d \u0458\u0435\u0434\u0430\u043d \u0435\u0432\u0440\u043e\u201c - \u0420\u0435\u043f\u0443\u0431\u043b\u0438\u043a\u0430 \u0421\u0440\u043f\u0441\u043a\u0430 \u0438 \u0434\u0438\u0458\u0430\u0441\u043f\u043e\u0440\u0430","isPartOf":{"@id":"https:\/\/dijasporars.com\/#website"},"primaryImageOfPage":{"@id":"https:\/\/dijasporars.com\/savez-srba-u-austriji-na-inicijativu-odbora-za-pomoc-kim-pokrece-kampanju-svaki-srbin-jedan-evro\/#primaryimage"},"image":{"@id":"https:\/\/dijasporars.com\/savez-srba-u-austriji-na-inicijativu-odbora-za-pomoc-kim-pokrece-kampanju-svaki-srbin-jedan-evro\/#primaryimage"},"thumbnailUrl":"https:\/\/dijasporars.com\/wp-content\/uploads\/2025\/03\/\u0424\u043e\u0442\u043e-\u0423\u0441\u0442\u0443\u043f\u0459\u0435\u043d\u0430-\u0444\u043e\u0442\u043e\u0433\u0440\u0430\u0444\u0438\u0458\u0430.jpg","datePublished":"2025-03-06T10:03:02+00:00","dateModified":"2025-03-06T10:51:40+00:00","author":{"@id":"https:\/\/dijasporars.com\/#\/schema\/person\/f5052d53409aef50f7503bd1372c77ca"},"description":"Stranica za dijasporu RS, ovdje mo\u017eete prona\u0107i sve informacije, pomo\u0107 i savjete na jednom mjestu.","breadcrumb":{"@id":"https:\/\/dijasporars.com\/savez-srba-u-austriji-na-inicijativu-odbora-za-pomoc-kim-pokrece-kampanju-svaki-srbin-jedan-evro\/#breadcrumb"},"inLanguage":"en-US","potentialAction":[{"@type":"ReadAction","target":["https:\/\/dijasporars.com\/savez-srba-u-austriji-na-inicijativu-odbora-za-pomoc-kim-pokrece-kampanju-svaki-srbin-jedan-evro\/"]}]},{"@type":"ImageObject","inLanguage":"en-US","@id":"https:\/\/dijasporars.com\/savez-srba-u-austriji-na-inicijativu-odbora-za-pomoc-kim-pokrece-kampanju-svaki-srbin-jedan-evro\/#primaryimage","url":"https:\/\/dijasporars.com\/wp-content\/uploads\/2025\/03\/\u0424\u043e\u0442\u043e-\u0423\u0441\u0442\u0443\u043f\u0459\u0435\u043d\u0430-\u0444\u043e\u0442\u043e\u0433\u0440\u0430\u0444\u0438\u0458\u0430.jpg","contentUrl":"https:\/\/dijasporars.com\/wp-content\/uploads\/2025\/03\/\u0424\u043e\u0442\u043e-\u0423\u0441\u0442\u0443\u043f\u0459\u0435\u043d\u0430-\u0444\u043e\u0442\u043e\u0433\u0440\u0430\u0444\u0438\u0458\u0430.jpg","width":658,"height":493},{"@type":"BreadcrumbList","@id":"https:\/\/dijasporars.com\/savez-srba-u-austriji-na-inicijativu-odbora-za-pomoc-kim-pokrece-kampanju-svaki-srbin-jedan-evro\/#breadcrumb","itemListElement":[{"@type":"ListItem","position":1,"name":"\u041f\u043e\u0447\u0435\u0442\u043d\u0430","item":"https:\/\/dijasporars.com\/"},{"@type":"ListItem","position":2,"name":"\u0421\u0430\u0432\u0435\u0437 \u0421\u0440\u0431\u0430 \u0443 \u0410\u0443\u0441\u0442\u0440\u0438\u0458\u0438 \u043d\u0430 \u0438\u043d\u0438\u0446\u0438\u0458\u0430\u0442\u0438\u0432\u0443 \u041e\u0434\u0431\u043e\u0440\u0430 \u0437\u0430 \u043f\u043e\u043c\u043e\u045b \u041a\u0438\u041c \u043f\u043e\u043a\u0440\u0435\u045b\u0435 \u043a\u0430\u043c\u043f\u0430\u045a\u0443 \u201e\u0421\u0432\u0430\u043a\u0438 \u0421\u0440\u0431\u0438\u043d \u0458\u0435\u0434\u0430\u043d \u0435\u0432\u0440\u043e\u201c"}]},{"@type":"WebSite","@id":"https:\/\/dijasporars.com\/#website","url":"https:\/\/dijasporars.com\/","name":"\u0420\u0435\u043f\u0443\u0431\u043b\u0438\u043a\u0430 \u0421\u0440\u043f\u0441\u043a\u0430 \u0438 \u0434\u0438\u0458\u0430\u0441\u043f\u043e\u0440\u0430","description":"","potentialAction":[{"@type":"SearchAction","target":{"@type":"EntryPoint","urlTemplate":"https:\/\/dijasporars.com\/?s={search_term_string}"},"query-input":{"@type":"PropertyValueSpecification","valueRequired":true,"valueName":"search_term_string"}}],"inLanguage":"en-US"},{"@type":"Person","@id":"https:\/\/dijasporars.com\/#\/schema\/person\/f5052d53409aef50f7503bd1372c77ca","name":"dijasporars","image":{"@type":"ImageObject","inLanguage":"en-US","@id":"https:\/\/dijasporars.com\/#\/schema\/person\/image\/","url":"https:\/\/secure.gravatar.com\/avatar\/759212a69df0744fb2be03efd361239831e31095061dacc7496bdf8524e0daf7?s=96&d=mm&r=g","contentUrl":"https:\/\/secure.gravatar.com\/avatar\/759212a69df0744fb2be03efd361239831e31095061dacc7496bdf8524e0daf7?s=96&d=mm&r=g","caption":"dijasporars"},"url":"https:\/\/dijasporars.com\/en\/author\/dijasporars\/"}]}},"_links":{"self":[{"href":"https:\/\/dijasporars.com\/en\/wp-json\/wp\/v2\/posts\/7645","targetHints":{"allow":["GET"]}}],"collection":[{"href":"https:\/\/dijasporars.com\/en\/wp-json\/wp\/v2\/posts"}],"about":[{"href":"https:\/\/dijasporars.com\/en\/wp-json\/wp\/v2\/types\/post"}],"author":[{"embeddable":true,"href":"https:\/\/dijasporars.com\/en\/wp-json\/wp\/v2\/users\/1"}],"replies":[{"embeddable":true,"href":"https:\/\/dijasporars.com\/en\/wp-json\/wp\/v2\/comments?post=7645"}],"version-history":[{"count":3,"href":"https:\/\/dijasporars.com\/en\/wp-json\/wp\/v2\/posts\/7645\/revisions"}],"predecessor-version":[{"id":7649,"href":"https:\/\/dijasporars.com\/en\/wp-json\/wp\/v2\/posts\/7645\/revisions\/7649"}],"wp:featuredmedia":[{"embeddable":true,"href":"https:\/\/dijasporars.com\/en\/wp-json\/wp\/v2\/media\/7646"}],"wp:attachment":[{"href":"https:\/\/dijasporars.com\/en\/wp-json\/wp\/v2\/media?parent=7645"}],"wp:term":[{"taxonomy":"category","embeddable":true,"href":"https:\/\/dijasporars.com\/en\/wp-json\/wp\/v2\/categories?post=7645"},{"taxonomy":"post_tag","embeddable":true,"href":"https:\/\/dijasporars.com\/en\/wp-json\/wp\/v2\/tags?post=7645"}],"curies":[{"name":"wp","href":"https:\/\/api.w.org\/{rel}","templated":true}]}}