{"id":7567,"date":"2025-02-06T11:05:15","date_gmt":"2025-02-06T10:05:15","guid":{"rendered":"https:\/\/dijasporars.com\/?p=7567"},"modified":"2025-02-06T11:08:37","modified_gmt":"2025-02-06T10:08:37","slug":"objavljen-poziv-za-poslovno-povezivanje-privrednika-iz-republike-srpske-i-austrije","status":"publish","type":"post","link":"https:\/\/dijasporars.com\/en\/objavljen-poziv-za-poslovno-povezivanje-privrednika-iz-republike-srpske-i-austrije\/","title":{"rendered":"Call for Republic of Srpska-Austria Business Networking Published"},"content":{"rendered":"<p>WIFI International, departments of the Chamber of Commerce Vienna, in cooperation with the Representative Office of the Republic of Srpska in Austria, Innovation Center Banja Luka, Investment Development Bank of the Republic of Srpska and Chamber of Commerce of the RS has issued a call to all interested companies to apply for the project of networking companies from the Republic of Srpska with businessmen in Austria.<\/p>\n<p>Business networking is intended for management and representatives of the companies interested in establishing business cooperation with companies from Austria, and having an<strong>\u00a0interest to enter into a partnership relationship and cooperation in the following fields: export, import, representation, joint venture, etc.<\/strong><\/p>\n<p>The networking project will be organized in Banja Luka and Vienna in two phases as follows: preparatory training of selected companies from the Republic of Srpska in two modules, and the second phase where, after successful training completion, participants will have the opportunity to participate in an organized study trip to Austria from 2 to 5 June 2025, during which the Austrian Chamber of Commerce, in cooperation with the Republic of Srpska Representation in Austria, will organize business meetings for all program participants.<\/p>\n<p><strong>The deadline to apply for the program is 3 March 2025.<\/strong><\/p>\n<p>Please apply to: <strong>pr@rep-srpska.at<\/strong>, contact persons: Mladen Filipovi\u0107 and An\u0111ela \u0110uri\u0107, Tel. +43 6776265126.<\/p>\n<p>More details about the planned programs and the call are available at <strong><a href=\"https:\/\/icbl.ba\/2025\/02\/04\/poziv-za-preduzeca-wifi-international-projekat-povezivanja-preduzeca-iz-rs-sa-privrednicima-u-austriji-2\/\" target=\"_blank\" rel=\"noopener\">the ICBL website<\/a><\/strong>.<\/p>\n<p>Companies:<\/p>\n<p>https:\/\/ba.ekapija.com\/company\/8010938\/predstavnistvo-republike-srpske-u-republici-austriji<\/p>\n<p>https:\/\/ba.ekapija.com\/company\/5086068\/icbl-banja-luka<\/p>\n<p>https:\/\/ba.ekapija.com\/company\/101300\/investiciona-razvojna-banka-rs-banja-luka<\/p>\n<p>https:\/\/ba.ekapija.com\/company\/92541\/privredna-komora-rs<\/p>\n<p>Source: eKapija<\/p>\n<p>Photo:  Edhar\/shutterstock.com<\/p>","protected":false},"excerpt":{"rendered":"<p>WIFI International, departments of the Chamber of Commerce Vienna, in cooperation with the Representative Office of the Republic of Srpska in Austria, Innovation Center Banja Luka, Investment Development Bank of the Republic of Srpska and Chamber of Commerce of the RS has issued a call to all interested companies to apply for the project of networking companies from the Republic of Srpska with businessmen in Austria. Business networking is intended for management and representatives of the companies<\/p>","protected":false},"author":1,"featured_media":7568,"comment_status":"closed","ping_status":"closed","sticky":false,"template":"","format":"standard","meta":{"footnotes":""},"categories":[52,76],"tags":[],"class_list":["post-7567","post","type-post","status-publish","format-standard","has-post-thumbnail","hentry","category-vijesti","category-vijesti-dijaspora"],"yoast_head":"<!-- This site is optimized with the Yoast SEO plugin v24.6 - https:\/\/yoast.com\/wordpress\/plugins\/seo\/ -->\n<title>\u041e\u0431\u0458\u0430\u0432\u0459\u0435\u043d \u043f\u043e\u0437\u0438\u0432 \u0437\u0430 \u043f\u043e\u0441\u043b\u043e\u0432\u043d\u043e \u043f\u043e\u0432\u0435\u0437\u0438\u0432\u0430\u045a\u0435 \u043f\u0440\u0438\u0432\u0440\u0435\u0434\u043d\u0438\u043a\u0430 \u0438\u0437 \u0420\u0435\u043f\u0443\u0431\u043b\u0438\u043a\u0435 \u0421\u0440\u043f\u0441\u043a\u0435 \u0438 \u0410\u0443\u0441\u0442\u0440\u0438\u0458\u0435 - \u0420\u0435\u043f\u0443\u0431\u043b\u0438\u043a\u0430 \u0421\u0440\u043f\u0441\u043a\u0430 \u0438 \u0434\u0438\u0458\u0430\u0441\u043f\u043e\u0440\u0430<\/title>\n<meta name=\"description\" content=\"Stranica za dijasporu RS, ovdje mo\u017eete prona\u0107i sve informacije, pomo\u0107 i savjete na jednom mjestu.\" \/>\n<meta name=\"robots\" content=\"index, follow, max-snippet:-1, max-image-preview:large, max-video-preview:-1\" \/>\n<link rel=\"canonical\" href=\"https:\/\/dijasporars.com\/en\/objavljen-poziv-za-poslovno-povezivanje-privrednika-iz-republike-srpske-i-austrije\/\" \/>\n<meta property=\"og:locale\" content=\"en_US\" \/>\n<meta property=\"og:type\" content=\"article\" \/>\n<meta property=\"og:title\" content=\"\u041e\u0431\u0458\u0430\u0432\u0459\u0435\u043d \u043f\u043e\u0437\u0438\u0432 \u0437\u0430 \u043f\u043e\u0441\u043b\u043e\u0432\u043d\u043e \u043f\u043e\u0432\u0435\u0437\u0438\u0432\u0430\u045a\u0435 \u043f\u0440\u0438\u0432\u0440\u0435\u0434\u043d\u0438\u043a\u0430 \u0438\u0437 \u0420\u0435\u043f\u0443\u0431\u043b\u0438\u043a\u0435 \u0421\u0440\u043f\u0441\u043a\u0435 \u0438 \u0410\u0443\u0441\u0442\u0440\u0438\u0458\u0435 - \u0420\u0435\u043f\u0443\u0431\u043b\u0438\u043a\u0430 \u0421\u0440\u043f\u0441\u043a\u0430 \u0438 \u0434\u0438\u0458\u0430\u0441\u043f\u043e\u0440\u0430\" \/>\n<meta property=\"og:description\" content=\"Stranica za dijasporu RS, ovdje mo\u017eete prona\u0107i sve informacije, pomo\u0107 i savjete na jednom mjestu.\" \/>\n<meta property=\"og:url\" content=\"https:\/\/dijasporars.com\/en\/objavljen-poziv-za-poslovno-povezivanje-privrednika-iz-republike-srpske-i-austrije\/\" \/>\n<meta property=\"og:site_name\" content=\"\u0420\u0435\u043f\u0443\u0431\u043b\u0438\u043a\u0430 \u0421\u0440\u043f\u0441\u043a\u0430 \u0438 \u0434\u0438\u0458\u0430\u0441\u043f\u043e\u0440\u0430\" \/>\n<meta property=\"article:published_time\" content=\"2025-02-06T10:05:15+00:00\" \/>\n<meta property=\"article:modified_time\" content=\"2025-02-06T10:08:37+00:00\" \/>\n<meta property=\"og:image\" content=\"https:\/\/dijasporars.com\/wp-content\/uploads\/2025\/02\/\u0424\u043e\u0442\u043e-Edhar-shutterstock-com.jpg\" \/>\n\t<meta property=\"og:image:width\" content=\"1024\" \/>\n\t<meta property=\"og:image:height\" content=\"768\" \/>\n\t<meta property=\"og:image:type\" content=\"image\/jpeg\" \/>\n<meta name=\"author\" content=\"dijasporars\" \/>\n<meta name=\"twitter:card\" content=\"summary_large_image\" \/>\n<meta name=\"twitter:label1\" content=\"Written by\" \/>\n\t<meta name=\"twitter:data1\" content=\"dijasporars\" \/>\n<script type=\"application\/ld+json\" class=\"yoast-schema-graph\">{\"@context\":\"https:\/\/schema.org\",\"@graph\":[{\"@type\":\"WebPage\",\"@id\":\"https:\/\/dijasporars.com\/objavljen-poziv-za-poslovno-povezivanje-privrednika-iz-republike-srpske-i-austrije\/\",\"url\":\"https:\/\/dijasporars.com\/objavljen-poziv-za-poslovno-povezivanje-privrednika-iz-republike-srpske-i-austrije\/\",\"name\":\"\u041e\u0431\u0458\u0430\u0432\u0459\u0435\u043d \u043f\u043e\u0437\u0438\u0432 \u0437\u0430 \u043f\u043e\u0441\u043b\u043e\u0432\u043d\u043e \u043f\u043e\u0432\u0435\u0437\u0438\u0432\u0430\u045a\u0435 \u043f\u0440\u0438\u0432\u0440\u0435\u0434\u043d\u0438\u043a\u0430 \u0438\u0437 \u0420\u0435\u043f\u0443\u0431\u043b\u0438\u043a\u0435 \u0421\u0440\u043f\u0441\u043a\u0435 \u0438 \u0410\u0443\u0441\u0442\u0440\u0438\u0458\u0435 - \u0420\u0435\u043f\u0443\u0431\u043b\u0438\u043a\u0430 \u0421\u0440\u043f\u0441\u043a\u0430 \u0438 \u0434\u0438\u0458\u0430\u0441\u043f\u043e\u0440\u0430\",\"isPartOf\":{\"@id\":\"https:\/\/dijasporars.com\/#website\"},\"primaryImageOfPage\":{\"@id\":\"https:\/\/dijasporars.com\/objavljen-poziv-za-poslovno-povezivanje-privrednika-iz-republike-srpske-i-austrije\/#primaryimage\"},\"image\":{\"@id\":\"https:\/\/dijasporars.com\/objavljen-poziv-za-poslovno-povezivanje-privrednika-iz-republike-srpske-i-austrije\/#primaryimage\"},\"thumbnailUrl\":\"https:\/\/dijasporars.com\/wp-content\/uploads\/2025\/02\/\u0424\u043e\u0442\u043e-Edhar-shutterstock-com.jpg\",\"datePublished\":\"2025-02-06T10:05:15+00:00\",\"dateModified\":\"2025-02-06T10:08:37+00:00\",\"author\":{\"@id\":\"https:\/\/dijasporars.com\/#\/schema\/person\/f5052d53409aef50f7503bd1372c77ca\"},\"description\":\"Stranica za dijasporu RS, ovdje mo\u017eete prona\u0107i sve informacije, pomo\u0107 i savjete na jednom mjestu.\",\"breadcrumb\":{\"@id\":\"https:\/\/dijasporars.com\/objavljen-poziv-za-poslovno-povezivanje-privrednika-iz-republike-srpske-i-austrije\/#breadcrumb\"},\"inLanguage\":\"en-US\",\"potentialAction\":[{\"@type\":\"ReadAction\",\"target\":[\"https:\/\/dijasporars.com\/objavljen-poziv-za-poslovno-povezivanje-privrednika-iz-republike-srpske-i-austrije\/\"]}]},{\"@type\":\"ImageObject\",\"inLanguage\":\"en-US\",\"@id\":\"https:\/\/dijasporars.com\/objavljen-poziv-za-poslovno-povezivanje-privrednika-iz-republike-srpske-i-austrije\/#primaryimage\",\"url\":\"https:\/\/dijasporars.com\/wp-content\/uploads\/2025\/02\/\u0424\u043e\u0442\u043e-Edhar-shutterstock-com.jpg\",\"contentUrl\":\"https:\/\/dijasporars.com\/wp-content\/uploads\/2025\/02\/\u0424\u043e\u0442\u043e-Edhar-shutterstock-com.jpg\",\"width\":1024,\"height\":768},{\"@type\":\"BreadcrumbList\",\"@id\":\"https:\/\/dijasporars.com\/objavljen-poziv-za-poslovno-povezivanje-privrednika-iz-republike-srpske-i-austrije\/#breadcrumb\",\"itemListElement\":[{\"@type\":\"ListItem\",\"position\":1,\"name\":\"\u041f\u043e\u0447\u0435\u0442\u043d\u0430\",\"item\":\"https:\/\/dijasporars.com\/\"},{\"@type\":\"ListItem\",\"position\":2,\"name\":\"\u041e\u0431\u0458\u0430\u0432\u0459\u0435\u043d \u043f\u043e\u0437\u0438\u0432 \u0437\u0430 \u043f\u043e\u0441\u043b\u043e\u0432\u043d\u043e \u043f\u043e\u0432\u0435\u0437\u0438\u0432\u0430\u045a\u0435 \u043f\u0440\u0438\u0432\u0440\u0435\u0434\u043d\u0438\u043a\u0430 \u0438\u0437 \u0420\u0435\u043f\u0443\u0431\u043b\u0438\u043a\u0435 \u0421\u0440\u043f\u0441\u043a\u0435 \u0438 \u0410\u0443\u0441\u0442\u0440\u0438\u0458\u0435\"}]},{\"@type\":\"WebSite\",\"@id\":\"https:\/\/dijasporars.com\/#website\",\"url\":\"https:\/\/dijasporars.com\/\",\"name\":\"\u0420\u0435\u043f\u0443\u0431\u043b\u0438\u043a\u0430 \u0421\u0440\u043f\u0441\u043a\u0430 \u0438 \u0434\u0438\u0458\u0430\u0441\u043f\u043e\u0440\u0430\",\"description\":\"\",\"potentialAction\":[{\"@type\":\"SearchAction\",\"target\":{\"@type\":\"EntryPoint\",\"urlTemplate\":\"https:\/\/dijasporars.com\/?s={search_term_string}\"},\"query-input\":{\"@type\":\"PropertyValueSpecification\",\"valueRequired\":true,\"valueName\":\"search_term_string\"}}],\"inLanguage\":\"en-US\"},{\"@type\":\"Person\",\"@id\":\"https:\/\/dijasporars.com\/#\/schema\/person\/f5052d53409aef50f7503bd1372c77ca\",\"name\":\"dijasporars\",\"image\":{\"@type\":\"ImageObject\",\"inLanguage\":\"en-US\",\"@id\":\"https:\/\/dijasporars.com\/#\/schema\/person\/image\/\",\"url\":\"https:\/\/secure.gravatar.com\/avatar\/759212a69df0744fb2be03efd361239831e31095061dacc7496bdf8524e0daf7?s=96&d=mm&r=g\",\"contentUrl\":\"https:\/\/secure.gravatar.com\/avatar\/759212a69df0744fb2be03efd361239831e31095061dacc7496bdf8524e0daf7?s=96&d=mm&r=g\",\"caption\":\"dijasporars\"},\"url\":\"https:\/\/dijasporars.com\/en\/author\/dijasporars\/\"}]}<\/script>\n<!-- \/ Yoast SEO plugin. -->","yoast_head_json":{"title":"\u041e\u0431\u0458\u0430\u0432\u0459\u0435\u043d \u043f\u043e\u0437\u0438\u0432 \u0437\u0430 \u043f\u043e\u0441\u043b\u043e\u0432\u043d\u043e \u043f\u043e\u0432\u0435\u0437\u0438\u0432\u0430\u045a\u0435 \u043f\u0440\u0438\u0432\u0440\u0435\u0434\u043d\u0438\u043a\u0430 \u0438\u0437 \u0420\u0435\u043f\u0443\u0431\u043b\u0438\u043a\u0435 \u0421\u0440\u043f\u0441\u043a\u0435 \u0438 \u0410\u0443\u0441\u0442\u0440\u0438\u0458\u0435 - \u0420\u0435\u043f\u0443\u0431\u043b\u0438\u043a\u0430 \u0421\u0440\u043f\u0441\u043a\u0430 \u0438 \u0434\u0438\u0458\u0430\u0441\u043f\u043e\u0440\u0430","description":"Stranica za dijasporu RS, ovdje mo\u017eete prona\u0107i sve informacije, pomo\u0107 i savjete na jednom mjestu.","robots":{"index":"index","follow":"follow","max-snippet":"max-snippet:-1","max-image-preview":"max-image-preview:large","max-video-preview":"max-video-preview:-1"},"canonical":"https:\/\/dijasporars.com\/en\/objavljen-poziv-za-poslovno-povezivanje-privrednika-iz-republike-srpske-i-austrije\/","og_locale":"en_US","og_type":"article","og_title":"\u041e\u0431\u0458\u0430\u0432\u0459\u0435\u043d \u043f\u043e\u0437\u0438\u0432 \u0437\u0430 \u043f\u043e\u0441\u043b\u043e\u0432\u043d\u043e \u043f\u043e\u0432\u0435\u0437\u0438\u0432\u0430\u045a\u0435 \u043f\u0440\u0438\u0432\u0440\u0435\u0434\u043d\u0438\u043a\u0430 \u0438\u0437 \u0420\u0435\u043f\u0443\u0431\u043b\u0438\u043a\u0435 \u0421\u0440\u043f\u0441\u043a\u0435 \u0438 \u0410\u0443\u0441\u0442\u0440\u0438\u0458\u0435 - \u0420\u0435\u043f\u0443\u0431\u043b\u0438\u043a\u0430 \u0421\u0440\u043f\u0441\u043a\u0430 \u0438 \u0434\u0438\u0458\u0430\u0441\u043f\u043e\u0440\u0430","og_description":"Stranica za dijasporu RS, ovdje mo\u017eete prona\u0107i sve informacije, pomo\u0107 i savjete na jednom mjestu.","og_url":"https:\/\/dijasporars.com\/en\/objavljen-poziv-za-poslovno-povezivanje-privrednika-iz-republike-srpske-i-austrije\/","og_site_name":"\u0420\u0435\u043f\u0443\u0431\u043b\u0438\u043a\u0430 \u0421\u0440\u043f\u0441\u043a\u0430 \u0438 \u0434\u0438\u0458\u0430\u0441\u043f\u043e\u0440\u0430","article_published_time":"2025-02-06T10:05:15+00:00","article_modified_time":"2025-02-06T10:08:37+00:00","og_image":[{"width":1024,"height":768,"url":"https:\/\/dijasporars.com\/wp-content\/uploads\/2025\/02\/\u0424\u043e\u0442\u043e-Edhar-shutterstock-com.jpg","type":"image\/jpeg"}],"author":"dijasporars","twitter_card":"summary_large_image","twitter_misc":{"Written by":"dijasporars"},"schema":{"@context":"https:\/\/schema.org","@graph":[{"@type":"WebPage","@id":"https:\/\/dijasporars.com\/objavljen-poziv-za-poslovno-povezivanje-privrednika-iz-republike-srpske-i-austrije\/","url":"https:\/\/dijasporars.com\/objavljen-poziv-za-poslovno-povezivanje-privrednika-iz-republike-srpske-i-austrije\/","name":"\u041e\u0431\u0458\u0430\u0432\u0459\u0435\u043d \u043f\u043e\u0437\u0438\u0432 \u0437\u0430 \u043f\u043e\u0441\u043b\u043e\u0432\u043d\u043e \u043f\u043e\u0432\u0435\u0437\u0438\u0432\u0430\u045a\u0435 \u043f\u0440\u0438\u0432\u0440\u0435\u0434\u043d\u0438\u043a\u0430 \u0438\u0437 \u0420\u0435\u043f\u0443\u0431\u043b\u0438\u043a\u0435 \u0421\u0440\u043f\u0441\u043a\u0435 \u0438 \u0410\u0443\u0441\u0442\u0440\u0438\u0458\u0435 - \u0420\u0435\u043f\u0443\u0431\u043b\u0438\u043a\u0430 \u0421\u0440\u043f\u0441\u043a\u0430 \u0438 \u0434\u0438\u0458\u0430\u0441\u043f\u043e\u0440\u0430","isPartOf":{"@id":"https:\/\/dijasporars.com\/#website"},"primaryImageOfPage":{"@id":"https:\/\/dijasporars.com\/objavljen-poziv-za-poslovno-povezivanje-privrednika-iz-republike-srpske-i-austrije\/#primaryimage"},"image":{"@id":"https:\/\/dijasporars.com\/objavljen-poziv-za-poslovno-povezivanje-privrednika-iz-republike-srpske-i-austrije\/#primaryimage"},"thumbnailUrl":"https:\/\/dijasporars.com\/wp-content\/uploads\/2025\/02\/\u0424\u043e\u0442\u043e-Edhar-shutterstock-com.jpg","datePublished":"2025-02-06T10:05:15+00:00","dateModified":"2025-02-06T10:08:37+00:00","author":{"@id":"https:\/\/dijasporars.com\/#\/schema\/person\/f5052d53409aef50f7503bd1372c77ca"},"description":"Stranica za dijasporu RS, ovdje mo\u017eete prona\u0107i sve informacije, pomo\u0107 i savjete na jednom mjestu.","breadcrumb":{"@id":"https:\/\/dijasporars.com\/objavljen-poziv-za-poslovno-povezivanje-privrednika-iz-republike-srpske-i-austrije\/#breadcrumb"},"inLanguage":"en-US","potentialAction":[{"@type":"ReadAction","target":["https:\/\/dijasporars.com\/objavljen-poziv-za-poslovno-povezivanje-privrednika-iz-republike-srpske-i-austrije\/"]}]},{"@type":"ImageObject","inLanguage":"en-US","@id":"https:\/\/dijasporars.com\/objavljen-poziv-za-poslovno-povezivanje-privrednika-iz-republike-srpske-i-austrije\/#primaryimage","url":"https:\/\/dijasporars.com\/wp-content\/uploads\/2025\/02\/\u0424\u043e\u0442\u043e-Edhar-shutterstock-com.jpg","contentUrl":"https:\/\/dijasporars.com\/wp-content\/uploads\/2025\/02\/\u0424\u043e\u0442\u043e-Edhar-shutterstock-com.jpg","width":1024,"height":768},{"@type":"BreadcrumbList","@id":"https:\/\/dijasporars.com\/objavljen-poziv-za-poslovno-povezivanje-privrednika-iz-republike-srpske-i-austrije\/#breadcrumb","itemListElement":[{"@type":"ListItem","position":1,"name":"\u041f\u043e\u0447\u0435\u0442\u043d\u0430","item":"https:\/\/dijasporars.com\/"},{"@type":"ListItem","position":2,"name":"\u041e\u0431\u0458\u0430\u0432\u0459\u0435\u043d \u043f\u043e\u0437\u0438\u0432 \u0437\u0430 \u043f\u043e\u0441\u043b\u043e\u0432\u043d\u043e \u043f\u043e\u0432\u0435\u0437\u0438\u0432\u0430\u045a\u0435 \u043f\u0440\u0438\u0432\u0440\u0435\u0434\u043d\u0438\u043a\u0430 \u0438\u0437 \u0420\u0435\u043f\u0443\u0431\u043b\u0438\u043a\u0435 \u0421\u0440\u043f\u0441\u043a\u0435 \u0438 \u0410\u0443\u0441\u0442\u0440\u0438\u0458\u0435"}]},{"@type":"WebSite","@id":"https:\/\/dijasporars.com\/#website","url":"https:\/\/dijasporars.com\/","name":"\u0420\u0435\u043f\u0443\u0431\u043b\u0438\u043a\u0430 \u0421\u0440\u043f\u0441\u043a\u0430 \u0438 \u0434\u0438\u0458\u0430\u0441\u043f\u043e\u0440\u0430","description":"","potentialAction":[{"@type":"SearchAction","target":{"@type":"EntryPoint","urlTemplate":"https:\/\/dijasporars.com\/?s={search_term_string}"},"query-input":{"@type":"PropertyValueSpecification","valueRequired":true,"valueName":"search_term_string"}}],"inLanguage":"en-US"},{"@type":"Person","@id":"https:\/\/dijasporars.com\/#\/schema\/person\/f5052d53409aef50f7503bd1372c77ca","name":"dijasporars","image":{"@type":"ImageObject","inLanguage":"en-US","@id":"https:\/\/dijasporars.com\/#\/schema\/person\/image\/","url":"https:\/\/secure.gravatar.com\/avatar\/759212a69df0744fb2be03efd361239831e31095061dacc7496bdf8524e0daf7?s=96&d=mm&r=g","contentUrl":"https:\/\/secure.gravatar.com\/avatar\/759212a69df0744fb2be03efd361239831e31095061dacc7496bdf8524e0daf7?s=96&d=mm&r=g","caption":"dijasporars"},"url":"https:\/\/dijasporars.com\/en\/author\/dijasporars\/"}]}},"_links":{"self":[{"href":"https:\/\/dijasporars.com\/en\/wp-json\/wp\/v2\/posts\/7567","targetHints":{"allow":["GET"]}}],"collection":[{"href":"https:\/\/dijasporars.com\/en\/wp-json\/wp\/v2\/posts"}],"about":[{"href":"https:\/\/dijasporars.com\/en\/wp-json\/wp\/v2\/types\/post"}],"author":[{"embeddable":true,"href":"https:\/\/dijasporars.com\/en\/wp-json\/wp\/v2\/users\/1"}],"replies":[{"embeddable":true,"href":"https:\/\/dijasporars.com\/en\/wp-json\/wp\/v2\/comments?post=7567"}],"version-history":[{"count":3,"href":"https:\/\/dijasporars.com\/en\/wp-json\/wp\/v2\/posts\/7567\/revisions"}],"predecessor-version":[{"id":7571,"href":"https:\/\/dijasporars.com\/en\/wp-json\/wp\/v2\/posts\/7567\/revisions\/7571"}],"wp:featuredmedia":[{"embeddable":true,"href":"https:\/\/dijasporars.com\/en\/wp-json\/wp\/v2\/media\/7568"}],"wp:attachment":[{"href":"https:\/\/dijasporars.com\/en\/wp-json\/wp\/v2\/media?parent=7567"}],"wp:term":[{"taxonomy":"category","embeddable":true,"href":"https:\/\/dijasporars.com\/en\/wp-json\/wp\/v2\/categories?post=7567"},{"taxonomy":"post_tag","embeddable":true,"href":"https:\/\/dijasporars.com\/en\/wp-json\/wp\/v2\/tags?post=7567"}],"curies":[{"name":"wp","href":"https:\/\/api.w.org\/{rel}","templated":true}]}}