{"id":7234,"date":"2024-09-16T10:54:49","date_gmt":"2024-09-16T08:54:49","guid":{"rendered":"https:\/\/dijasporars.com\/?p=7234"},"modified":"2024-09-16T10:55:06","modified_gmt":"2024-09-16T08:55:06","slug":"u-minhenu-obiljezen-dan-srpskog-jedinstva-srbi-su-prolazili-golgote-ali-nikada-nisu-dali-slobodu","status":"publish","type":"post","link":"https:\/\/dijasporars.com\/en\/u-minhenu-obiljezen-dan-srpskog-jedinstva-srbi-su-prolazili-golgote-ali-nikada-nisu-dali-slobodu\/","title":{"rendered":"Serbian Unity Day Celebrated in Munich; Serbs Survived Golgotha, but Never Gave up Freedom"},"content":{"rendered":"<p>Yesterday at the celebration of the Day of Serbian Unity, Freedom and the National Flag in Munich, the Minister of European Integration and International Cooperation of the Republic of Srpska, Zlatan Kloki\u0107, said that this holiday was one of the most important for the Serbian people as a whole, and noted the importance of Serbian unity, because the Serbs had survived Golgotha, but never given up the freedom that they could not live without.<\/p>\n<p>Kloki\u0107 recalled the timeless verses of the great poet Jovan Jovanovi\u0107 Zmaj \u2018Every bird is in its flock, each aspires to its brother\u2019, saying that they best described the Serbs\u2019 desire for unity, but also the strength that this unity could produce.<\/p>\n<p>\u2013 By celebrating the Day of Serbian Unity, Freedom and the National Flag, be it in Belgrade, Ni\u0161, Banja Luka or as it is tonight \u2013 in Munich, we should proudly point out our origin, historical victories, but also the difficult moments that our nation has gone through \u2013 Kloki\u0107 said.<\/p>\n<p>He stated it was important for the world to hear that the Serbs had always walked with their heads held high, unified and united no matter how big the evil facing them, and that it was this unity that had given them the strength to heroically fight for freedom under their tricolor.<\/p>\n<p>\u2013 I feel proud and pleased that we have succeeded in our mission to gather you in such numbers tonight. As a representative of the Government of the Republic of Srpska, I would like to take the opportunity to thank the minister without portfolio in the Government of Serbia in charge of the diaspora, \u0110or\u0111e Mili\u0107evi\u0107, who made a great effort jointly with us, to bring us all together. A big thank you also goes to you who are gracing this event with your presence and standing under the same flag together with us \u2013 said Kloki\u0107.<\/p>\n<p>He noted the importance of unity and harmony of all Serbs for their salvation and survival.<\/p>\n<p>\u2013 Let us put all divisions aside. We need unity, especially on important national issues. Let us unite in this divided world which is on the verge of cataclysm and chaos with the wars that are currently being fought. No matter what happens, we have to understand that in the end we are left on our own and that is why we have to save and preserve ourselves, and salvation requires exactly that \u2013 the unity of all Serbs \u2013 said Kloki\u0107.<\/p>\n<p>He pointed out the importance of celebrating the Day of Serbian Unity, Freedom and the National Flag, emphasizing that Serbs thus respected their freedom.<\/p>\n<p>\u2013 Therefore, Serbian brothers and sisters \u2013 stay united, together and unified, wherever you are. Long live Serbia, long live the Republic of Srpska! \u2013 said Kloki\u0107.<\/p>\n<p>The celebration of the Day of Serbian Unity, Freedom and the National Flag in Munich was organized by the office of Minister Mili\u0107evi\u0107, the Ministry of European Integration and International Cooperation of the Republic of Srpska and the Consulate General of Serbia in Munich.<\/p>\n<p>The Day of Serbian Unity, Freedom and National Flag, 15 September, is jointly celebrated by Serbia and the Republic of Srpska. This holiday was established in 2020, to commemorate the day of the Salonika Front breakthrough in the First World War.<\/p>\n<p>Source: RTRS \u2013 SRNA<\/p>\n<p>Photo: Ministry of European Integration and International Cooperation<\/p>","protected":false},"excerpt":{"rendered":"<p>Yesterday at the celebration of the Day of Serbian Unity, Freedom and the National Flag in Munich, the Minister of European Integration and International Cooperation of the Republic of Srpska, Zlatan Kloki\u0107, said that this holiday was one of the most important for the Serbian people as a whole, and noted the importance of Serbian unity, because the Serbs had survived Golgotha, but never given up the freedom that they could not<\/p>","protected":false},"author":1,"featured_media":7235,"comment_status":"closed","ping_status":"closed","sticky":false,"template":"","format":"standard","meta":{"footnotes":""},"categories":[52,76],"tags":[],"class_list":["post-7234","post","type-post","status-publish","format-standard","has-post-thumbnail","hentry","category-vijesti","category-vijesti-dijaspora"],"yoast_head":"<!-- This site is optimized with the Yoast SEO plugin v24.6 - https:\/\/yoast.com\/wordpress\/plugins\/seo\/ -->\n<title>\u0423 \u041c\u0438\u043d\u0445\u0435\u043d\u0443 \u043e\u0431\u0438\u0459\u0435\u0436\u0435\u043d \u0414\u0430\u043d \u0441\u0440\u043f\u0441\u043a\u043e\u0433 \u0458\u0435\u0434\u0438\u043d\u0441\u0442\u0432\u0430; \u0421\u0440\u0431\u0438 \u0441\u0443 \u043f\u0440\u043e\u043b\u0430\u0437\u0438\u043b\u0438 \u0433\u043e\u043b\u0433\u043e\u0442\u0435, \u0430\u043b\u0438 \u043d\u0438\u043a\u0430\u0434\u0430 \u043d\u0438\u0441\u0443 \u0434\u0430\u043b\u0438 \u0441\u043b\u043e\u0431\u043e\u0434\u0443 - \u0420\u0435\u043f\u0443\u0431\u043b\u0438\u043a\u0430 \u0421\u0440\u043f\u0441\u043a\u0430 \u0438 \u0434\u0438\u0458\u0430\u0441\u043f\u043e\u0440\u0430<\/title>\n<meta name=\"description\" content=\"Stranica za dijasporu RS, ovdje mo\u017eete prona\u0107i sve informacije, pomo\u0107 i savjete na jednom mjestu.\" \/>\n<meta name=\"robots\" content=\"index, follow, max-snippet:-1, max-image-preview:large, max-video-preview:-1\" \/>\n<link rel=\"canonical\" href=\"https:\/\/dijasporars.com\/en\/u-minhenu-obiljezen-dan-srpskog-jedinstva-srbi-su-prolazili-golgote-ali-nikada-nisu-dali-slobodu\/\" \/>\n<meta property=\"og:locale\" content=\"en_US\" \/>\n<meta property=\"og:type\" content=\"article\" \/>\n<meta property=\"og:title\" content=\"\u0423 \u041c\u0438\u043d\u0445\u0435\u043d\u0443 \u043e\u0431\u0438\u0459\u0435\u0436\u0435\u043d \u0414\u0430\u043d \u0441\u0440\u043f\u0441\u043a\u043e\u0433 \u0458\u0435\u0434\u0438\u043d\u0441\u0442\u0432\u0430; \u0421\u0440\u0431\u0438 \u0441\u0443 \u043f\u0440\u043e\u043b\u0430\u0437\u0438\u043b\u0438 \u0433\u043e\u043b\u0433\u043e\u0442\u0435, \u0430\u043b\u0438 \u043d\u0438\u043a\u0430\u0434\u0430 \u043d\u0438\u0441\u0443 \u0434\u0430\u043b\u0438 \u0441\u043b\u043e\u0431\u043e\u0434\u0443 - \u0420\u0435\u043f\u0443\u0431\u043b\u0438\u043a\u0430 \u0421\u0440\u043f\u0441\u043a\u0430 \u0438 \u0434\u0438\u0458\u0430\u0441\u043f\u043e\u0440\u0430\" \/>\n<meta property=\"og:description\" content=\"Stranica za dijasporu RS, ovdje mo\u017eete prona\u0107i sve informacije, pomo\u0107 i savjete na jednom mjestu.\" \/>\n<meta property=\"og:url\" content=\"https:\/\/dijasporars.com\/en\/u-minhenu-obiljezen-dan-srpskog-jedinstva-srbi-su-prolazili-golgote-ali-nikada-nisu-dali-slobodu\/\" \/>\n<meta property=\"og:site_name\" content=\"\u0420\u0435\u043f\u0443\u0431\u043b\u0438\u043a\u0430 \u0421\u0440\u043f\u0441\u043a\u0430 \u0438 \u0434\u0438\u0458\u0430\u0441\u043f\u043e\u0440\u0430\" \/>\n<meta property=\"article:published_time\" content=\"2024-09-16T08:54:49+00:00\" \/>\n<meta property=\"article:modified_time\" content=\"2024-09-16T08:55:06+00:00\" \/>\n<meta property=\"og:image\" content=\"https:\/\/dijasporars.com\/wp-content\/uploads\/2024\/09\/\u0424\u043e\u0442\u043e-\u041c\u0438\u043d\u0438\u0441\u0442\u0430\u0440\u0441\u0442\u0432\u043e-\u0437\u0430-\u0435\u0432\u0440\u043e\u043f\u0441\u043a\u0435-\u0438\u043d\u0442\u0435\u0433\u0440\u0430\u0446\u0438\u0458\u0435-\u0438-\u043c\u0435\u0452\u0443\u043d\u0430\u0440\u043e\u0434\u043d\u0443-\u0441\u0430\u0440\u0430\u0434\u045a\u0443.jpg\" \/>\n\t<meta property=\"og:image:width\" content=\"2048\" \/>\n\t<meta property=\"og:image:height\" content=\"1365\" \/>\n\t<meta property=\"og:image:type\" content=\"image\/jpeg\" \/>\n<meta name=\"author\" content=\"dijasporars\" \/>\n<meta name=\"twitter:card\" content=\"summary_large_image\" \/>\n<meta name=\"twitter:label1\" content=\"Written by\" \/>\n\t<meta name=\"twitter:data1\" content=\"dijasporars\" \/>\n<script type=\"application\/ld+json\" class=\"yoast-schema-graph\">{\"@context\":\"https:\/\/schema.org\",\"@graph\":[{\"@type\":\"WebPage\",\"@id\":\"https:\/\/dijasporars.com\/u-minhenu-obiljezen-dan-srpskog-jedinstva-srbi-su-prolazili-golgote-ali-nikada-nisu-dali-slobodu\/\",\"url\":\"https:\/\/dijasporars.com\/u-minhenu-obiljezen-dan-srpskog-jedinstva-srbi-su-prolazili-golgote-ali-nikada-nisu-dali-slobodu\/\",\"name\":\"\u0423 \u041c\u0438\u043d\u0445\u0435\u043d\u0443 \u043e\u0431\u0438\u0459\u0435\u0436\u0435\u043d \u0414\u0430\u043d \u0441\u0440\u043f\u0441\u043a\u043e\u0433 \u0458\u0435\u0434\u0438\u043d\u0441\u0442\u0432\u0430; \u0421\u0440\u0431\u0438 \u0441\u0443 \u043f\u0440\u043e\u043b\u0430\u0437\u0438\u043b\u0438 \u0433\u043e\u043b\u0433\u043e\u0442\u0435, \u0430\u043b\u0438 \u043d\u0438\u043a\u0430\u0434\u0430 \u043d\u0438\u0441\u0443 \u0434\u0430\u043b\u0438 \u0441\u043b\u043e\u0431\u043e\u0434\u0443 - \u0420\u0435\u043f\u0443\u0431\u043b\u0438\u043a\u0430 \u0421\u0440\u043f\u0441\u043a\u0430 \u0438 \u0434\u0438\u0458\u0430\u0441\u043f\u043e\u0440\u0430\",\"isPartOf\":{\"@id\":\"https:\/\/dijasporars.com\/#website\"},\"primaryImageOfPage\":{\"@id\":\"https:\/\/dijasporars.com\/u-minhenu-obiljezen-dan-srpskog-jedinstva-srbi-su-prolazili-golgote-ali-nikada-nisu-dali-slobodu\/#primaryimage\"},\"image\":{\"@id\":\"https:\/\/dijasporars.com\/u-minhenu-obiljezen-dan-srpskog-jedinstva-srbi-su-prolazili-golgote-ali-nikada-nisu-dali-slobodu\/#primaryimage\"},\"thumbnailUrl\":\"https:\/\/dijasporars.com\/wp-content\/uploads\/2024\/09\/\u0424\u043e\u0442\u043e-\u041c\u0438\u043d\u0438\u0441\u0442\u0430\u0440\u0441\u0442\u0432\u043e-\u0437\u0430-\u0435\u0432\u0440\u043e\u043f\u0441\u043a\u0435-\u0438\u043d\u0442\u0435\u0433\u0440\u0430\u0446\u0438\u0458\u0435-\u0438-\u043c\u0435\u0452\u0443\u043d\u0430\u0440\u043e\u0434\u043d\u0443-\u0441\u0430\u0440\u0430\u0434\u045a\u0443.jpg\",\"datePublished\":\"2024-09-16T08:54:49+00:00\",\"dateModified\":\"2024-09-16T08:55:06+00:00\",\"author\":{\"@id\":\"https:\/\/dijasporars.com\/#\/schema\/person\/f5052d53409aef50f7503bd1372c77ca\"},\"description\":\"Stranica za dijasporu RS, ovdje mo\u017eete prona\u0107i sve informacije, pomo\u0107 i savjete na jednom mjestu.\",\"breadcrumb\":{\"@id\":\"https:\/\/dijasporars.com\/u-minhenu-obiljezen-dan-srpskog-jedinstva-srbi-su-prolazili-golgote-ali-nikada-nisu-dali-slobodu\/#breadcrumb\"},\"inLanguage\":\"en-US\",\"potentialAction\":[{\"@type\":\"ReadAction\",\"target\":[\"https:\/\/dijasporars.com\/u-minhenu-obiljezen-dan-srpskog-jedinstva-srbi-su-prolazili-golgote-ali-nikada-nisu-dali-slobodu\/\"]}]},{\"@type\":\"ImageObject\",\"inLanguage\":\"en-US\",\"@id\":\"https:\/\/dijasporars.com\/u-minhenu-obiljezen-dan-srpskog-jedinstva-srbi-su-prolazili-golgote-ali-nikada-nisu-dali-slobodu\/#primaryimage\",\"url\":\"https:\/\/dijasporars.com\/wp-content\/uploads\/2024\/09\/\u0424\u043e\u0442\u043e-\u041c\u0438\u043d\u0438\u0441\u0442\u0430\u0440\u0441\u0442\u0432\u043e-\u0437\u0430-\u0435\u0432\u0440\u043e\u043f\u0441\u043a\u0435-\u0438\u043d\u0442\u0435\u0433\u0440\u0430\u0446\u0438\u0458\u0435-\u0438-\u043c\u0435\u0452\u0443\u043d\u0430\u0440\u043e\u0434\u043d\u0443-\u0441\u0430\u0440\u0430\u0434\u045a\u0443.jpg\",\"contentUrl\":\"https:\/\/dijasporars.com\/wp-content\/uploads\/2024\/09\/\u0424\u043e\u0442\u043e-\u041c\u0438\u043d\u0438\u0441\u0442\u0430\u0440\u0441\u0442\u0432\u043e-\u0437\u0430-\u0435\u0432\u0440\u043e\u043f\u0441\u043a\u0435-\u0438\u043d\u0442\u0435\u0433\u0440\u0430\u0446\u0438\u0458\u0435-\u0438-\u043c\u0435\u0452\u0443\u043d\u0430\u0440\u043e\u0434\u043d\u0443-\u0441\u0430\u0440\u0430\u0434\u045a\u0443.jpg\",\"width\":2048,\"height\":1365},{\"@type\":\"BreadcrumbList\",\"@id\":\"https:\/\/dijasporars.com\/u-minhenu-obiljezen-dan-srpskog-jedinstva-srbi-su-prolazili-golgote-ali-nikada-nisu-dali-slobodu\/#breadcrumb\",\"itemListElement\":[{\"@type\":\"ListItem\",\"position\":1,\"name\":\"\u041f\u043e\u0447\u0435\u0442\u043d\u0430\",\"item\":\"https:\/\/dijasporars.com\/\"},{\"@type\":\"ListItem\",\"position\":2,\"name\":\"\u0423 \u041c\u0438\u043d\u0445\u0435\u043d\u0443 \u043e\u0431\u0438\u0459\u0435\u0436\u0435\u043d \u0414\u0430\u043d \u0441\u0440\u043f\u0441\u043a\u043e\u0433 \u0458\u0435\u0434\u0438\u043d\u0441\u0442\u0432\u0430; \u0421\u0440\u0431\u0438 \u0441\u0443 \u043f\u0440\u043e\u043b\u0430\u0437\u0438\u043b\u0438 \u0433\u043e\u043b\u0433\u043e\u0442\u0435, \u0430\u043b\u0438 \u043d\u0438\u043a\u0430\u0434\u0430 \u043d\u0438\u0441\u0443 \u0434\u0430\u043b\u0438 \u0441\u043b\u043e\u0431\u043e\u0434\u0443\"}]},{\"@type\":\"WebSite\",\"@id\":\"https:\/\/dijasporars.com\/#website\",\"url\":\"https:\/\/dijasporars.com\/\",\"name\":\"\u0420\u0435\u043f\u0443\u0431\u043b\u0438\u043a\u0430 \u0421\u0440\u043f\u0441\u043a\u0430 \u0438 \u0434\u0438\u0458\u0430\u0441\u043f\u043e\u0440\u0430\",\"description\":\"\",\"potentialAction\":[{\"@type\":\"SearchAction\",\"target\":{\"@type\":\"EntryPoint\",\"urlTemplate\":\"https:\/\/dijasporars.com\/?s={search_term_string}\"},\"query-input\":{\"@type\":\"PropertyValueSpecification\",\"valueRequired\":true,\"valueName\":\"search_term_string\"}}],\"inLanguage\":\"en-US\"},{\"@type\":\"Person\",\"@id\":\"https:\/\/dijasporars.com\/#\/schema\/person\/f5052d53409aef50f7503bd1372c77ca\",\"name\":\"dijasporars\",\"image\":{\"@type\":\"ImageObject\",\"inLanguage\":\"en-US\",\"@id\":\"https:\/\/dijasporars.com\/#\/schema\/person\/image\/\",\"url\":\"https:\/\/secure.gravatar.com\/avatar\/759212a69df0744fb2be03efd361239831e31095061dacc7496bdf8524e0daf7?s=96&d=mm&r=g\",\"contentUrl\":\"https:\/\/secure.gravatar.com\/avatar\/759212a69df0744fb2be03efd361239831e31095061dacc7496bdf8524e0daf7?s=96&d=mm&r=g\",\"caption\":\"dijasporars\"},\"url\":\"https:\/\/dijasporars.com\/en\/author\/dijasporars\/\"}]}<\/script>\n<!-- \/ Yoast SEO plugin. -->","yoast_head_json":{"title":"\u0423 \u041c\u0438\u043d\u0445\u0435\u043d\u0443 \u043e\u0431\u0438\u0459\u0435\u0436\u0435\u043d \u0414\u0430\u043d \u0441\u0440\u043f\u0441\u043a\u043e\u0433 \u0458\u0435\u0434\u0438\u043d\u0441\u0442\u0432\u0430; \u0421\u0440\u0431\u0438 \u0441\u0443 \u043f\u0440\u043e\u043b\u0430\u0437\u0438\u043b\u0438 \u0433\u043e\u043b\u0433\u043e\u0442\u0435, \u0430\u043b\u0438 \u043d\u0438\u043a\u0430\u0434\u0430 \u043d\u0438\u0441\u0443 \u0434\u0430\u043b\u0438 \u0441\u043b\u043e\u0431\u043e\u0434\u0443 - \u0420\u0435\u043f\u0443\u0431\u043b\u0438\u043a\u0430 \u0421\u0440\u043f\u0441\u043a\u0430 \u0438 \u0434\u0438\u0458\u0430\u0441\u043f\u043e\u0440\u0430","description":"Stranica za dijasporu RS, ovdje mo\u017eete prona\u0107i sve informacije, pomo\u0107 i savjete na jednom mjestu.","robots":{"index":"index","follow":"follow","max-snippet":"max-snippet:-1","max-image-preview":"max-image-preview:large","max-video-preview":"max-video-preview:-1"},"canonical":"https:\/\/dijasporars.com\/en\/u-minhenu-obiljezen-dan-srpskog-jedinstva-srbi-su-prolazili-golgote-ali-nikada-nisu-dali-slobodu\/","og_locale":"en_US","og_type":"article","og_title":"\u0423 \u041c\u0438\u043d\u0445\u0435\u043d\u0443 \u043e\u0431\u0438\u0459\u0435\u0436\u0435\u043d \u0414\u0430\u043d \u0441\u0440\u043f\u0441\u043a\u043e\u0433 \u0458\u0435\u0434\u0438\u043d\u0441\u0442\u0432\u0430; \u0421\u0440\u0431\u0438 \u0441\u0443 \u043f\u0440\u043e\u043b\u0430\u0437\u0438\u043b\u0438 \u0433\u043e\u043b\u0433\u043e\u0442\u0435, \u0430\u043b\u0438 \u043d\u0438\u043a\u0430\u0434\u0430 \u043d\u0438\u0441\u0443 \u0434\u0430\u043b\u0438 \u0441\u043b\u043e\u0431\u043e\u0434\u0443 - \u0420\u0435\u043f\u0443\u0431\u043b\u0438\u043a\u0430 \u0421\u0440\u043f\u0441\u043a\u0430 \u0438 \u0434\u0438\u0458\u0430\u0441\u043f\u043e\u0440\u0430","og_description":"Stranica za dijasporu RS, ovdje mo\u017eete prona\u0107i sve informacije, pomo\u0107 i savjete na jednom mjestu.","og_url":"https:\/\/dijasporars.com\/en\/u-minhenu-obiljezen-dan-srpskog-jedinstva-srbi-su-prolazili-golgote-ali-nikada-nisu-dali-slobodu\/","og_site_name":"\u0420\u0435\u043f\u0443\u0431\u043b\u0438\u043a\u0430 \u0421\u0440\u043f\u0441\u043a\u0430 \u0438 \u0434\u0438\u0458\u0430\u0441\u043f\u043e\u0440\u0430","article_published_time":"2024-09-16T08:54:49+00:00","article_modified_time":"2024-09-16T08:55:06+00:00","og_image":[{"width":2048,"height":1365,"url":"https:\/\/dijasporars.com\/wp-content\/uploads\/2024\/09\/\u0424\u043e\u0442\u043e-\u041c\u0438\u043d\u0438\u0441\u0442\u0430\u0440\u0441\u0442\u0432\u043e-\u0437\u0430-\u0435\u0432\u0440\u043e\u043f\u0441\u043a\u0435-\u0438\u043d\u0442\u0435\u0433\u0440\u0430\u0446\u0438\u0458\u0435-\u0438-\u043c\u0435\u0452\u0443\u043d\u0430\u0440\u043e\u0434\u043d\u0443-\u0441\u0430\u0440\u0430\u0434\u045a\u0443.jpg","type":"image\/jpeg"}],"author":"dijasporars","twitter_card":"summary_large_image","twitter_misc":{"Written by":"dijasporars"},"schema":{"@context":"https:\/\/schema.org","@graph":[{"@type":"WebPage","@id":"https:\/\/dijasporars.com\/u-minhenu-obiljezen-dan-srpskog-jedinstva-srbi-su-prolazili-golgote-ali-nikada-nisu-dali-slobodu\/","url":"https:\/\/dijasporars.com\/u-minhenu-obiljezen-dan-srpskog-jedinstva-srbi-su-prolazili-golgote-ali-nikada-nisu-dali-slobodu\/","name":"\u0423 \u041c\u0438\u043d\u0445\u0435\u043d\u0443 \u043e\u0431\u0438\u0459\u0435\u0436\u0435\u043d \u0414\u0430\u043d \u0441\u0440\u043f\u0441\u043a\u043e\u0433 \u0458\u0435\u0434\u0438\u043d\u0441\u0442\u0432\u0430; \u0421\u0440\u0431\u0438 \u0441\u0443 \u043f\u0440\u043e\u043b\u0430\u0437\u0438\u043b\u0438 \u0433\u043e\u043b\u0433\u043e\u0442\u0435, \u0430\u043b\u0438 \u043d\u0438\u043a\u0430\u0434\u0430 \u043d\u0438\u0441\u0443 \u0434\u0430\u043b\u0438 \u0441\u043b\u043e\u0431\u043e\u0434\u0443 - \u0420\u0435\u043f\u0443\u0431\u043b\u0438\u043a\u0430 \u0421\u0440\u043f\u0441\u043a\u0430 \u0438 \u0434\u0438\u0458\u0430\u0441\u043f\u043e\u0440\u0430","isPartOf":{"@id":"https:\/\/dijasporars.com\/#website"},"primaryImageOfPage":{"@id":"https:\/\/dijasporars.com\/u-minhenu-obiljezen-dan-srpskog-jedinstva-srbi-su-prolazili-golgote-ali-nikada-nisu-dali-slobodu\/#primaryimage"},"image":{"@id":"https:\/\/dijasporars.com\/u-minhenu-obiljezen-dan-srpskog-jedinstva-srbi-su-prolazili-golgote-ali-nikada-nisu-dali-slobodu\/#primaryimage"},"thumbnailUrl":"https:\/\/dijasporars.com\/wp-content\/uploads\/2024\/09\/\u0424\u043e\u0442\u043e-\u041c\u0438\u043d\u0438\u0441\u0442\u0430\u0440\u0441\u0442\u0432\u043e-\u0437\u0430-\u0435\u0432\u0440\u043e\u043f\u0441\u043a\u0435-\u0438\u043d\u0442\u0435\u0433\u0440\u0430\u0446\u0438\u0458\u0435-\u0438-\u043c\u0435\u0452\u0443\u043d\u0430\u0440\u043e\u0434\u043d\u0443-\u0441\u0430\u0440\u0430\u0434\u045a\u0443.jpg","datePublished":"2024-09-16T08:54:49+00:00","dateModified":"2024-09-16T08:55:06+00:00","author":{"@id":"https:\/\/dijasporars.com\/#\/schema\/person\/f5052d53409aef50f7503bd1372c77ca"},"description":"Stranica za dijasporu RS, ovdje mo\u017eete prona\u0107i sve informacije, pomo\u0107 i savjete na jednom mjestu.","breadcrumb":{"@id":"https:\/\/dijasporars.com\/u-minhenu-obiljezen-dan-srpskog-jedinstva-srbi-su-prolazili-golgote-ali-nikada-nisu-dali-slobodu\/#breadcrumb"},"inLanguage":"en-US","potentialAction":[{"@type":"ReadAction","target":["https:\/\/dijasporars.com\/u-minhenu-obiljezen-dan-srpskog-jedinstva-srbi-su-prolazili-golgote-ali-nikada-nisu-dali-slobodu\/"]}]},{"@type":"ImageObject","inLanguage":"en-US","@id":"https:\/\/dijasporars.com\/u-minhenu-obiljezen-dan-srpskog-jedinstva-srbi-su-prolazili-golgote-ali-nikada-nisu-dali-slobodu\/#primaryimage","url":"https:\/\/dijasporars.com\/wp-content\/uploads\/2024\/09\/\u0424\u043e\u0442\u043e-\u041c\u0438\u043d\u0438\u0441\u0442\u0430\u0440\u0441\u0442\u0432\u043e-\u0437\u0430-\u0435\u0432\u0440\u043e\u043f\u0441\u043a\u0435-\u0438\u043d\u0442\u0435\u0433\u0440\u0430\u0446\u0438\u0458\u0435-\u0438-\u043c\u0435\u0452\u0443\u043d\u0430\u0440\u043e\u0434\u043d\u0443-\u0441\u0430\u0440\u0430\u0434\u045a\u0443.jpg","contentUrl":"https:\/\/dijasporars.com\/wp-content\/uploads\/2024\/09\/\u0424\u043e\u0442\u043e-\u041c\u0438\u043d\u0438\u0441\u0442\u0430\u0440\u0441\u0442\u0432\u043e-\u0437\u0430-\u0435\u0432\u0440\u043e\u043f\u0441\u043a\u0435-\u0438\u043d\u0442\u0435\u0433\u0440\u0430\u0446\u0438\u0458\u0435-\u0438-\u043c\u0435\u0452\u0443\u043d\u0430\u0440\u043e\u0434\u043d\u0443-\u0441\u0430\u0440\u0430\u0434\u045a\u0443.jpg","width":2048,"height":1365},{"@type":"BreadcrumbList","@id":"https:\/\/dijasporars.com\/u-minhenu-obiljezen-dan-srpskog-jedinstva-srbi-su-prolazili-golgote-ali-nikada-nisu-dali-slobodu\/#breadcrumb","itemListElement":[{"@type":"ListItem","position":1,"name":"\u041f\u043e\u0447\u0435\u0442\u043d\u0430","item":"https:\/\/dijasporars.com\/"},{"@type":"ListItem","position":2,"name":"\u0423 \u041c\u0438\u043d\u0445\u0435\u043d\u0443 \u043e\u0431\u0438\u0459\u0435\u0436\u0435\u043d \u0414\u0430\u043d \u0441\u0440\u043f\u0441\u043a\u043e\u0433 \u0458\u0435\u0434\u0438\u043d\u0441\u0442\u0432\u0430; \u0421\u0440\u0431\u0438 \u0441\u0443 \u043f\u0440\u043e\u043b\u0430\u0437\u0438\u043b\u0438 \u0433\u043e\u043b\u0433\u043e\u0442\u0435, \u0430\u043b\u0438 \u043d\u0438\u043a\u0430\u0434\u0430 \u043d\u0438\u0441\u0443 \u0434\u0430\u043b\u0438 \u0441\u043b\u043e\u0431\u043e\u0434\u0443"}]},{"@type":"WebSite","@id":"https:\/\/dijasporars.com\/#website","url":"https:\/\/dijasporars.com\/","name":"\u0420\u0435\u043f\u0443\u0431\u043b\u0438\u043a\u0430 \u0421\u0440\u043f\u0441\u043a\u0430 \u0438 \u0434\u0438\u0458\u0430\u0441\u043f\u043e\u0440\u0430","description":"","potentialAction":[{"@type":"SearchAction","target":{"@type":"EntryPoint","urlTemplate":"https:\/\/dijasporars.com\/?s={search_term_string}"},"query-input":{"@type":"PropertyValueSpecification","valueRequired":true,"valueName":"search_term_string"}}],"inLanguage":"en-US"},{"@type":"Person","@id":"https:\/\/dijasporars.com\/#\/schema\/person\/f5052d53409aef50f7503bd1372c77ca","name":"dijasporars","image":{"@type":"ImageObject","inLanguage":"en-US","@id":"https:\/\/dijasporars.com\/#\/schema\/person\/image\/","url":"https:\/\/secure.gravatar.com\/avatar\/759212a69df0744fb2be03efd361239831e31095061dacc7496bdf8524e0daf7?s=96&d=mm&r=g","contentUrl":"https:\/\/secure.gravatar.com\/avatar\/759212a69df0744fb2be03efd361239831e31095061dacc7496bdf8524e0daf7?s=96&d=mm&r=g","caption":"dijasporars"},"url":"https:\/\/dijasporars.com\/en\/author\/dijasporars\/"}]}},"_links":{"self":[{"href":"https:\/\/dijasporars.com\/en\/wp-json\/wp\/v2\/posts\/7234","targetHints":{"allow":["GET"]}}],"collection":[{"href":"https:\/\/dijasporars.com\/en\/wp-json\/wp\/v2\/posts"}],"about":[{"href":"https:\/\/dijasporars.com\/en\/wp-json\/wp\/v2\/types\/post"}],"author":[{"embeddable":true,"href":"https:\/\/dijasporars.com\/en\/wp-json\/wp\/v2\/users\/1"}],"replies":[{"embeddable":true,"href":"https:\/\/dijasporars.com\/en\/wp-json\/wp\/v2\/comments?post=7234"}],"version-history":[{"count":1,"href":"https:\/\/dijasporars.com\/en\/wp-json\/wp\/v2\/posts\/7234\/revisions"}],"predecessor-version":[{"id":7236,"href":"https:\/\/dijasporars.com\/en\/wp-json\/wp\/v2\/posts\/7234\/revisions\/7236"}],"wp:featuredmedia":[{"embeddable":true,"href":"https:\/\/dijasporars.com\/en\/wp-json\/wp\/v2\/media\/7235"}],"wp:attachment":[{"href":"https:\/\/dijasporars.com\/en\/wp-json\/wp\/v2\/media?parent=7234"}],"wp:term":[{"taxonomy":"category","embeddable":true,"href":"https:\/\/dijasporars.com\/en\/wp-json\/wp\/v2\/categories?post=7234"},{"taxonomy":"post_tag","embeddable":true,"href":"https:\/\/dijasporars.com\/en\/wp-json\/wp\/v2\/tags?post=7234"}],"curies":[{"name":"wp","href":"https:\/\/api.w.org\/{rel}","templated":true}]}}