{"id":7125,"date":"2024-08-08T14:07:09","date_gmt":"2024-08-08T12:07:09","guid":{"rendered":"https:\/\/dijasporars.com\/?p=7125"},"modified":"2024-08-13T11:24:08","modified_gmt":"2024-08-13T09:24:08","slug":"u-sapcu-se-odrzava-kamp-za-mlade-iz-rasijanja-i-regiona","status":"publish","type":"post","link":"https:\/\/dijasporars.com\/en\/u-sapcu-se-odrzava-kamp-za-mlade-iz-rasijanja-i-regiona\/","title":{"rendered":"Diaspora and Region Youth Camp Held in \u0160abac"},"content":{"rendered":"<p>A cultural and educational camp for youth from the diaspora and region is underway in \u0160abac, aiming to bring children together for the purpose of preserving and nurturing the tradition of folklore and folk creativity. Program host is the Jevrem Obrenovi\u0107 Center for Culture and Tradition Preservation from \u0160abac. The participants include 150 children from the Republic of Srpska and Austria, aged between 11 and 15, who are members of Serbian cultural and artistic societies, in addition to cultural and artistic societies from Prnjavor, Skupljen, Mladenovac and Sopot.<\/p>\n<p>During their seven-day stay in \u0160abac, the guests will learn about the cultural, historical and natural sights of Ma\u010dva and also strengthen mutual ties and improve their knowledge of the Cyrillic alphabet and the Serbian language. Investing in youth is investing in our shared future. United wherever you are, said the minister without portfolio in charge of relations with the diaspora and Serbs in the region, \u0110or\u0111e Mili\u0107evi\u0107, and the Mayor of \u0160abac, Aleksandar Paji\u0107, who opened this camp.<\/p>\n<p>Representatives of the Most cultural and artistic society Bratunac, Joco Savi\u0107 Ili\u0107ka cultural and artistic society Br\u010dko, Jovan Jovanovi\u0107 Zmaj cultural and artistic society Feldkirch, Austria, and Di\u0161a Ati\u0107 cultural and artistic society Skupljen had the opportunity today to see the museum exhibition Battle on Mi\u0161ar and to visit the memorial complex on Mi\u0161ar.<\/p>\n<p>Source: Rasejanje.info<\/p>\n<p>Photo: Jevrem Obrenovi\u0107 Center for Culture and Tradition Preservation<\/p>","protected":false},"excerpt":{"rendered":"<p>A cultural and educational camp for youth from the diaspora and region is underway in \u0160abac, aiming to bring children together for the purpose of preserving and nurturing the tradition of folklore and folk creativity. Program host is the Jevrem Obrenovi\u0107 Center for Culture and Tradition Preservation from \u0160abac. The participants include 150 children from the Republic of Srpska and Austria, aged between 11 and 15, who<\/p>","protected":false},"author":1,"featured_media":7126,"comment_status":"closed","ping_status":"closed","sticky":false,"template":"","format":"standard","meta":{"footnotes":""},"categories":[52,76,77],"tags":[],"class_list":["post-7125","post","type-post","status-publish","format-standard","has-post-thumbnail","hentry","category-vijesti","category-vijesti-dijaspora","category-vijesti-republika-srpska"],"yoast_head":"<!-- This site is optimized with the Yoast SEO plugin v24.6 - https:\/\/yoast.com\/wordpress\/plugins\/seo\/ -->\n<title>\u0423 \u0428\u0430\u043f\u0446\u0443 \u0441\u0435 \u043e\u0434\u0440\u0436\u0430\u0432\u0430 \u043a\u0430\u043c\u043f \u0437\u0430 \u043c\u043b\u0430\u0434\u0435 \u0438\u0437 \u0440\u0430\u0441\u0438\u0458\u0430\u045a\u0430 \u0438 \u0440\u0435\u0433\u0438\u043e\u043d\u0430 - \u0420\u0435\u043f\u0443\u0431\u043b\u0438\u043a\u0430 \u0421\u0440\u043f\u0441\u043a\u0430 \u0438 \u0434\u0438\u0458\u0430\u0441\u043f\u043e\u0440\u0430<\/title>\n<meta name=\"description\" content=\"Stranica za dijasporu RS, ovdje mo\u017eete prona\u0107i sve informacije, pomo\u0107 i savjete na jednom mjestu.\" \/>\n<meta name=\"robots\" content=\"index, follow, max-snippet:-1, max-image-preview:large, max-video-preview:-1\" \/>\n<link rel=\"canonical\" href=\"https:\/\/dijasporars.com\/en\/u-sapcu-se-odrzava-kamp-za-mlade-iz-rasijanja-i-regiona\/\" \/>\n<meta property=\"og:locale\" content=\"en_US\" \/>\n<meta property=\"og:type\" content=\"article\" \/>\n<meta property=\"og:title\" content=\"\u0423 \u0428\u0430\u043f\u0446\u0443 \u0441\u0435 \u043e\u0434\u0440\u0436\u0430\u0432\u0430 \u043a\u0430\u043c\u043f \u0437\u0430 \u043c\u043b\u0430\u0434\u0435 \u0438\u0437 \u0440\u0430\u0441\u0438\u0458\u0430\u045a\u0430 \u0438 \u0440\u0435\u0433\u0438\u043e\u043d\u0430 - \u0420\u0435\u043f\u0443\u0431\u043b\u0438\u043a\u0430 \u0421\u0440\u043f\u0441\u043a\u0430 \u0438 \u0434\u0438\u0458\u0430\u0441\u043f\u043e\u0440\u0430\" \/>\n<meta property=\"og:description\" content=\"Stranica za dijasporu RS, ovdje mo\u017eete prona\u0107i sve informacije, pomo\u0107 i savjete na jednom mjestu.\" \/>\n<meta property=\"og:url\" content=\"https:\/\/dijasporars.com\/en\/u-sapcu-se-odrzava-kamp-za-mlade-iz-rasijanja-i-regiona\/\" \/>\n<meta property=\"og:site_name\" content=\"\u0420\u0435\u043f\u0443\u0431\u043b\u0438\u043a\u0430 \u0421\u0440\u043f\u0441\u043a\u0430 \u0438 \u0434\u0438\u0458\u0430\u0441\u043f\u043e\u0440\u0430\" \/>\n<meta property=\"article:published_time\" content=\"2024-08-08T12:07:09+00:00\" \/>\n<meta property=\"article:modified_time\" content=\"2024-08-13T09:24:08+00:00\" \/>\n<meta property=\"og:image\" content=\"https:\/\/dijasporars.com\/wp-content\/uploads\/2024\/08\/cer-deca-02.jpg\" \/>\n\t<meta property=\"og:image:width\" content=\"900\" \/>\n\t<meta property=\"og:image:height\" content=\"900\" \/>\n\t<meta property=\"og:image:type\" content=\"image\/jpeg\" \/>\n<meta name=\"author\" content=\"dijasporars\" \/>\n<meta name=\"twitter:card\" content=\"summary_large_image\" \/>\n<meta name=\"twitter:label1\" content=\"Written by\" \/>\n\t<meta name=\"twitter:data1\" content=\"dijasporars\" \/>\n<script type=\"application\/ld+json\" class=\"yoast-schema-graph\">{\"@context\":\"https:\/\/schema.org\",\"@graph\":[{\"@type\":\"WebPage\",\"@id\":\"https:\/\/dijasporars.com\/u-sapcu-se-odrzava-kamp-za-mlade-iz-rasijanja-i-regiona\/\",\"url\":\"https:\/\/dijasporars.com\/u-sapcu-se-odrzava-kamp-za-mlade-iz-rasijanja-i-regiona\/\",\"name\":\"\u0423 \u0428\u0430\u043f\u0446\u0443 \u0441\u0435 \u043e\u0434\u0440\u0436\u0430\u0432\u0430 \u043a\u0430\u043c\u043f \u0437\u0430 \u043c\u043b\u0430\u0434\u0435 \u0438\u0437 \u0440\u0430\u0441\u0438\u0458\u0430\u045a\u0430 \u0438 \u0440\u0435\u0433\u0438\u043e\u043d\u0430 - \u0420\u0435\u043f\u0443\u0431\u043b\u0438\u043a\u0430 \u0421\u0440\u043f\u0441\u043a\u0430 \u0438 \u0434\u0438\u0458\u0430\u0441\u043f\u043e\u0440\u0430\",\"isPartOf\":{\"@id\":\"https:\/\/dijasporars.com\/#website\"},\"primaryImageOfPage\":{\"@id\":\"https:\/\/dijasporars.com\/u-sapcu-se-odrzava-kamp-za-mlade-iz-rasijanja-i-regiona\/#primaryimage\"},\"image\":{\"@id\":\"https:\/\/dijasporars.com\/u-sapcu-se-odrzava-kamp-za-mlade-iz-rasijanja-i-regiona\/#primaryimage\"},\"thumbnailUrl\":\"https:\/\/dijasporars.com\/wp-content\/uploads\/2024\/08\/cer-deca-02.jpg\",\"datePublished\":\"2024-08-08T12:07:09+00:00\",\"dateModified\":\"2024-08-13T09:24:08+00:00\",\"author\":{\"@id\":\"https:\/\/dijasporars.com\/#\/schema\/person\/f5052d53409aef50f7503bd1372c77ca\"},\"description\":\"Stranica za dijasporu RS, ovdje mo\u017eete prona\u0107i sve informacije, pomo\u0107 i savjete na jednom mjestu.\",\"breadcrumb\":{\"@id\":\"https:\/\/dijasporars.com\/u-sapcu-se-odrzava-kamp-za-mlade-iz-rasijanja-i-regiona\/#breadcrumb\"},\"inLanguage\":\"en-US\",\"potentialAction\":[{\"@type\":\"ReadAction\",\"target\":[\"https:\/\/dijasporars.com\/u-sapcu-se-odrzava-kamp-za-mlade-iz-rasijanja-i-regiona\/\"]}]},{\"@type\":\"ImageObject\",\"inLanguage\":\"en-US\",\"@id\":\"https:\/\/dijasporars.com\/u-sapcu-se-odrzava-kamp-za-mlade-iz-rasijanja-i-regiona\/#primaryimage\",\"url\":\"https:\/\/dijasporars.com\/wp-content\/uploads\/2024\/08\/cer-deca-02.jpg\",\"contentUrl\":\"https:\/\/dijasporars.com\/wp-content\/uploads\/2024\/08\/cer-deca-02.jpg\",\"width\":900,\"height\":900},{\"@type\":\"BreadcrumbList\",\"@id\":\"https:\/\/dijasporars.com\/u-sapcu-se-odrzava-kamp-za-mlade-iz-rasijanja-i-regiona\/#breadcrumb\",\"itemListElement\":[{\"@type\":\"ListItem\",\"position\":1,\"name\":\"\u041f\u043e\u0447\u0435\u0442\u043d\u0430\",\"item\":\"https:\/\/dijasporars.com\/\"},{\"@type\":\"ListItem\",\"position\":2,\"name\":\"\u0423 \u0428\u0430\u043f\u0446\u0443 \u0441\u0435 \u043e\u0434\u0440\u0436\u0430\u0432\u0430 \u043a\u0430\u043c\u043f \u0437\u0430 \u043c\u043b\u0430\u0434\u0435 \u0438\u0437 \u0440\u0430\u0441\u0438\u0458\u0430\u045a\u0430 \u0438 \u0440\u0435\u0433\u0438\u043e\u043d\u0430\"}]},{\"@type\":\"WebSite\",\"@id\":\"https:\/\/dijasporars.com\/#website\",\"url\":\"https:\/\/dijasporars.com\/\",\"name\":\"\u0420\u0435\u043f\u0443\u0431\u043b\u0438\u043a\u0430 \u0421\u0440\u043f\u0441\u043a\u0430 \u0438 \u0434\u0438\u0458\u0430\u0441\u043f\u043e\u0440\u0430\",\"description\":\"\",\"potentialAction\":[{\"@type\":\"SearchAction\",\"target\":{\"@type\":\"EntryPoint\",\"urlTemplate\":\"https:\/\/dijasporars.com\/?s={search_term_string}\"},\"query-input\":{\"@type\":\"PropertyValueSpecification\",\"valueRequired\":true,\"valueName\":\"search_term_string\"}}],\"inLanguage\":\"en-US\"},{\"@type\":\"Person\",\"@id\":\"https:\/\/dijasporars.com\/#\/schema\/person\/f5052d53409aef50f7503bd1372c77ca\",\"name\":\"dijasporars\",\"image\":{\"@type\":\"ImageObject\",\"inLanguage\":\"en-US\",\"@id\":\"https:\/\/dijasporars.com\/#\/schema\/person\/image\/\",\"url\":\"https:\/\/secure.gravatar.com\/avatar\/759212a69df0744fb2be03efd361239831e31095061dacc7496bdf8524e0daf7?s=96&d=mm&r=g\",\"contentUrl\":\"https:\/\/secure.gravatar.com\/avatar\/759212a69df0744fb2be03efd361239831e31095061dacc7496bdf8524e0daf7?s=96&d=mm&r=g\",\"caption\":\"dijasporars\"},\"url\":\"https:\/\/dijasporars.com\/en\/author\/dijasporars\/\"}]}<\/script>\n<!-- \/ Yoast SEO plugin. -->","yoast_head_json":{"title":"\u0423 \u0428\u0430\u043f\u0446\u0443 \u0441\u0435 \u043e\u0434\u0440\u0436\u0430\u0432\u0430 \u043a\u0430\u043c\u043f \u0437\u0430 \u043c\u043b\u0430\u0434\u0435 \u0438\u0437 \u0440\u0430\u0441\u0438\u0458\u0430\u045a\u0430 \u0438 \u0440\u0435\u0433\u0438\u043e\u043d\u0430 - \u0420\u0435\u043f\u0443\u0431\u043b\u0438\u043a\u0430 \u0421\u0440\u043f\u0441\u043a\u0430 \u0438 \u0434\u0438\u0458\u0430\u0441\u043f\u043e\u0440\u0430","description":"Stranica za dijasporu RS, ovdje mo\u017eete prona\u0107i sve informacije, pomo\u0107 i savjete na jednom mjestu.","robots":{"index":"index","follow":"follow","max-snippet":"max-snippet:-1","max-image-preview":"max-image-preview:large","max-video-preview":"max-video-preview:-1"},"canonical":"https:\/\/dijasporars.com\/en\/u-sapcu-se-odrzava-kamp-za-mlade-iz-rasijanja-i-regiona\/","og_locale":"en_US","og_type":"article","og_title":"\u0423 \u0428\u0430\u043f\u0446\u0443 \u0441\u0435 \u043e\u0434\u0440\u0436\u0430\u0432\u0430 \u043a\u0430\u043c\u043f \u0437\u0430 \u043c\u043b\u0430\u0434\u0435 \u0438\u0437 \u0440\u0430\u0441\u0438\u0458\u0430\u045a\u0430 \u0438 \u0440\u0435\u0433\u0438\u043e\u043d\u0430 - \u0420\u0435\u043f\u0443\u0431\u043b\u0438\u043a\u0430 \u0421\u0440\u043f\u0441\u043a\u0430 \u0438 \u0434\u0438\u0458\u0430\u0441\u043f\u043e\u0440\u0430","og_description":"Stranica za dijasporu RS, ovdje mo\u017eete prona\u0107i sve informacije, pomo\u0107 i savjete na jednom mjestu.","og_url":"https:\/\/dijasporars.com\/en\/u-sapcu-se-odrzava-kamp-za-mlade-iz-rasijanja-i-regiona\/","og_site_name":"\u0420\u0435\u043f\u0443\u0431\u043b\u0438\u043a\u0430 \u0421\u0440\u043f\u0441\u043a\u0430 \u0438 \u0434\u0438\u0458\u0430\u0441\u043f\u043e\u0440\u0430","article_published_time":"2024-08-08T12:07:09+00:00","article_modified_time":"2024-08-13T09:24:08+00:00","og_image":[{"width":900,"height":900,"url":"https:\/\/dijasporars.com\/wp-content\/uploads\/2024\/08\/cer-deca-02.jpg","type":"image\/jpeg"}],"author":"dijasporars","twitter_card":"summary_large_image","twitter_misc":{"Written by":"dijasporars"},"schema":{"@context":"https:\/\/schema.org","@graph":[{"@type":"WebPage","@id":"https:\/\/dijasporars.com\/u-sapcu-se-odrzava-kamp-za-mlade-iz-rasijanja-i-regiona\/","url":"https:\/\/dijasporars.com\/u-sapcu-se-odrzava-kamp-za-mlade-iz-rasijanja-i-regiona\/","name":"\u0423 \u0428\u0430\u043f\u0446\u0443 \u0441\u0435 \u043e\u0434\u0440\u0436\u0430\u0432\u0430 \u043a\u0430\u043c\u043f \u0437\u0430 \u043c\u043b\u0430\u0434\u0435 \u0438\u0437 \u0440\u0430\u0441\u0438\u0458\u0430\u045a\u0430 \u0438 \u0440\u0435\u0433\u0438\u043e\u043d\u0430 - \u0420\u0435\u043f\u0443\u0431\u043b\u0438\u043a\u0430 \u0421\u0440\u043f\u0441\u043a\u0430 \u0438 \u0434\u0438\u0458\u0430\u0441\u043f\u043e\u0440\u0430","isPartOf":{"@id":"https:\/\/dijasporars.com\/#website"},"primaryImageOfPage":{"@id":"https:\/\/dijasporars.com\/u-sapcu-se-odrzava-kamp-za-mlade-iz-rasijanja-i-regiona\/#primaryimage"},"image":{"@id":"https:\/\/dijasporars.com\/u-sapcu-se-odrzava-kamp-za-mlade-iz-rasijanja-i-regiona\/#primaryimage"},"thumbnailUrl":"https:\/\/dijasporars.com\/wp-content\/uploads\/2024\/08\/cer-deca-02.jpg","datePublished":"2024-08-08T12:07:09+00:00","dateModified":"2024-08-13T09:24:08+00:00","author":{"@id":"https:\/\/dijasporars.com\/#\/schema\/person\/f5052d53409aef50f7503bd1372c77ca"},"description":"Stranica za dijasporu RS, ovdje mo\u017eete prona\u0107i sve informacije, pomo\u0107 i savjete na jednom mjestu.","breadcrumb":{"@id":"https:\/\/dijasporars.com\/u-sapcu-se-odrzava-kamp-za-mlade-iz-rasijanja-i-regiona\/#breadcrumb"},"inLanguage":"en-US","potentialAction":[{"@type":"ReadAction","target":["https:\/\/dijasporars.com\/u-sapcu-se-odrzava-kamp-za-mlade-iz-rasijanja-i-regiona\/"]}]},{"@type":"ImageObject","inLanguage":"en-US","@id":"https:\/\/dijasporars.com\/u-sapcu-se-odrzava-kamp-za-mlade-iz-rasijanja-i-regiona\/#primaryimage","url":"https:\/\/dijasporars.com\/wp-content\/uploads\/2024\/08\/cer-deca-02.jpg","contentUrl":"https:\/\/dijasporars.com\/wp-content\/uploads\/2024\/08\/cer-deca-02.jpg","width":900,"height":900},{"@type":"BreadcrumbList","@id":"https:\/\/dijasporars.com\/u-sapcu-se-odrzava-kamp-za-mlade-iz-rasijanja-i-regiona\/#breadcrumb","itemListElement":[{"@type":"ListItem","position":1,"name":"\u041f\u043e\u0447\u0435\u0442\u043d\u0430","item":"https:\/\/dijasporars.com\/"},{"@type":"ListItem","position":2,"name":"\u0423 \u0428\u0430\u043f\u0446\u0443 \u0441\u0435 \u043e\u0434\u0440\u0436\u0430\u0432\u0430 \u043a\u0430\u043c\u043f \u0437\u0430 \u043c\u043b\u0430\u0434\u0435 \u0438\u0437 \u0440\u0430\u0441\u0438\u0458\u0430\u045a\u0430 \u0438 \u0440\u0435\u0433\u0438\u043e\u043d\u0430"}]},{"@type":"WebSite","@id":"https:\/\/dijasporars.com\/#website","url":"https:\/\/dijasporars.com\/","name":"\u0420\u0435\u043f\u0443\u0431\u043b\u0438\u043a\u0430 \u0421\u0440\u043f\u0441\u043a\u0430 \u0438 \u0434\u0438\u0458\u0430\u0441\u043f\u043e\u0440\u0430","description":"","potentialAction":[{"@type":"SearchAction","target":{"@type":"EntryPoint","urlTemplate":"https:\/\/dijasporars.com\/?s={search_term_string}"},"query-input":{"@type":"PropertyValueSpecification","valueRequired":true,"valueName":"search_term_string"}}],"inLanguage":"en-US"},{"@type":"Person","@id":"https:\/\/dijasporars.com\/#\/schema\/person\/f5052d53409aef50f7503bd1372c77ca","name":"dijasporars","image":{"@type":"ImageObject","inLanguage":"en-US","@id":"https:\/\/dijasporars.com\/#\/schema\/person\/image\/","url":"https:\/\/secure.gravatar.com\/avatar\/759212a69df0744fb2be03efd361239831e31095061dacc7496bdf8524e0daf7?s=96&d=mm&r=g","contentUrl":"https:\/\/secure.gravatar.com\/avatar\/759212a69df0744fb2be03efd361239831e31095061dacc7496bdf8524e0daf7?s=96&d=mm&r=g","caption":"dijasporars"},"url":"https:\/\/dijasporars.com\/en\/author\/dijasporars\/"}]}},"_links":{"self":[{"href":"https:\/\/dijasporars.com\/en\/wp-json\/wp\/v2\/posts\/7125","targetHints":{"allow":["GET"]}}],"collection":[{"href":"https:\/\/dijasporars.com\/en\/wp-json\/wp\/v2\/posts"}],"about":[{"href":"https:\/\/dijasporars.com\/en\/wp-json\/wp\/v2\/types\/post"}],"author":[{"embeddable":true,"href":"https:\/\/dijasporars.com\/en\/wp-json\/wp\/v2\/users\/1"}],"replies":[{"embeddable":true,"href":"https:\/\/dijasporars.com\/en\/wp-json\/wp\/v2\/comments?post=7125"}],"version-history":[{"count":1,"href":"https:\/\/dijasporars.com\/en\/wp-json\/wp\/v2\/posts\/7125\/revisions"}],"predecessor-version":[{"id":7127,"href":"https:\/\/dijasporars.com\/en\/wp-json\/wp\/v2\/posts\/7125\/revisions\/7127"}],"wp:featuredmedia":[{"embeddable":true,"href":"https:\/\/dijasporars.com\/en\/wp-json\/wp\/v2\/media\/7126"}],"wp:attachment":[{"href":"https:\/\/dijasporars.com\/en\/wp-json\/wp\/v2\/media?parent=7125"}],"wp:term":[{"taxonomy":"category","embeddable":true,"href":"https:\/\/dijasporars.com\/en\/wp-json\/wp\/v2\/categories?post=7125"},{"taxonomy":"post_tag","embeddable":true,"href":"https:\/\/dijasporars.com\/en\/wp-json\/wp\/v2\/tags?post=7125"}],"curies":[{"name":"wp","href":"https:\/\/api.w.org\/{rel}","templated":true}]}}