{"id":7063,"date":"2024-07-11T12:03:53","date_gmt":"2024-07-11T10:03:53","guid":{"rendered":"https:\/\/dijasporars.com\/?p=7063"},"modified":"2024-07-11T12:53:32","modified_gmt":"2024-07-11T10:53:32","slug":"vidovdan-okupio-srbe-u-rasijanju","status":"publish","type":"post","link":"https:\/\/dijasporars.com\/en\/vidovdan-okupio-srbe-u-rasijanju\/","title":{"rendered":"Vidovdan Gathered Serbs in Diaspora"},"content":{"rendered":"<p>The first ceremonial Vidovdan Academy organized by the Eparchy of Western Europe was held on Vidovdan in the Church of Saint Sava in Paris.<\/p>\n<p>On this great holiday, the St Sava church hall gathered the French capital\u2019s Serbian community for the first time including representatives of the church, state, school, unions and Serb associations.<\/p>\n<p>\u2018The main message from this Vidovdan was strong and clear! The Serbian nation is small (nation) in the family of European nations, but proud and defiant, and cherishes its history, heritage and culture, and thus its identity and right to exist,\u2019 said the Western Europe Eparchy.<\/p>\n<p>At the end, Bishop Justin thanked all the distinguished guests, and especially the participants of the Academy: the concept designer and organizer of the program, Marko Mati\u0107, the St Simeon the Myroblyte Eparchy Choir and the conductor Marija Raki\u0107evi\u0107, the Orchestra of the cultural and artistic society Izvor and the reciters.<\/p>\n<p>The evening was graced by the presence of Serbia\u2019s first lady, Tamara Vu\u010di\u0107, Serbian ambassador to Paris, Ana Hrustanovi\u0107, ambassador of Bosnia and Herzegovina, Bojana Kondi\u0107-Pani\u0107, director of the Serbian Cultural Center, Natali Beljanski, coordinator of Serbian supplementary schools in France, Italy, Slovenia and Malta, Marija Praizovi\u0107, president of the Union of Serbs of France, David Jakovljevi\u0107, president of the Serbian Folklore Union of France, Bojan Stefanovi\u0107, and representatives of the cultural and artistic societies: Biseri, Mladost, Oro and Izvor.<\/p>\n<p>The humanitarian organization Serbs for Serbs, Malta branch, held the fifth Vidovdan Assembly of Serbs in Malta.<\/p>\n<p>The program included address by the charg\u00e9 d\u2019affaires of the Embassy of the Republic of Serbia, Bo\u0161ko \u0160uki\u0107.<\/p>\n<p>This event raised 16,850 euros of aid for socially vulnerable families throughout the Balkans with the help of contestants, sponsors and donors. Great gratitude was expressed to all the event\u2019s sponsors, participants and visitors. The organizer also thanked other institutions for their help, Serbian Orthodox Church in Malta, members of the Circle of Serbian Sisters, cultural and artistic society Dukat, Office of the Embassy of the Republic of Serbia, Serbian-Maltese community, and Serbian supplementary school St Helen of Anjou.<\/p>\n<p>The program ended with the performance of Dukat cultural and artistic society.<\/p>\n<p>Students of two Prosvjeta schools of the Serbian language \u2013 F\u00fcgen and Kufstein shared the end of the 2023\/2024 school year together. On 30 June 2024, the Kufstein parish organized a Vidovdan event on the theme My Grandfatherland.<\/p>\n<p>A teacher prepared a group recitation by 32 students from F\u00fcgen.<\/p>\n<p>There were 62 students with a teacher from Kufstein School.<\/p>\n<p>Source: Radio Television of Serbia \u2013 Rasejanje.info \u2013 Alliance of Serbs in Austria<\/p>\n<p>Photo: Eparchy of Western Europe<\/p>","protected":false},"excerpt":{"rendered":"<p>The first ceremonial Vidovdan Academy organized by the Eparchy of Western Europe was held on Vidovdan in the Church of Saint Sava in Paris. On this great holiday, the St Sava church hall gathered the French capital\u2019s Serbian community for the first time including representatives of the church, state, school, unions and Serb associations. \u2018The main message from this Vidovdan was strong and clear!<\/p>","protected":false},"author":1,"featured_media":7069,"comment_status":"closed","ping_status":"closed","sticky":false,"template":"","format":"standard","meta":{"footnotes":""},"categories":[52,76],"tags":[],"class_list":["post-7063","post","type-post","status-publish","format-standard","has-post-thumbnail","hentry","category-vijesti","category-vijesti-dijaspora"],"yoast_head":"<!-- This site is optimized with the Yoast SEO plugin v24.6 - https:\/\/yoast.com\/wordpress\/plugins\/seo\/ -->\n<title>\u0412\u0438\u0434\u043e\u0432\u0434\u0430\u043d \u043e\u043a\u0443\u043f\u0438\u043e \u0421\u0440\u0431\u0435 \u0443 \u0440\u0430\u0441\u0438\u0458\u0430\u045a\u0443 - \u0420\u0435\u043f\u0443\u0431\u043b\u0438\u043a\u0430 \u0421\u0440\u043f\u0441\u043a\u0430 \u0438 \u0434\u0438\u0458\u0430\u0441\u043f\u043e\u0440\u0430<\/title>\n<meta name=\"description\" content=\"Stranica za dijasporu RS, ovdje mo\u017eete prona\u0107i sve informacije, pomo\u0107 i savjete na jednom mjestu.\" \/>\n<meta name=\"robots\" content=\"index, follow, max-snippet:-1, max-image-preview:large, max-video-preview:-1\" \/>\n<link rel=\"canonical\" href=\"https:\/\/dijasporars.com\/en\/vidovdan-okupio-srbe-u-rasijanju\/\" \/>\n<meta property=\"og:locale\" content=\"en_US\" \/>\n<meta property=\"og:type\" content=\"article\" \/>\n<meta property=\"og:title\" content=\"\u0412\u0438\u0434\u043e\u0432\u0434\u0430\u043d \u043e\u043a\u0443\u043f\u0438\u043e \u0421\u0440\u0431\u0435 \u0443 \u0440\u0430\u0441\u0438\u0458\u0430\u045a\u0443 - \u0420\u0435\u043f\u0443\u0431\u043b\u0438\u043a\u0430 \u0421\u0440\u043f\u0441\u043a\u0430 \u0438 \u0434\u0438\u0458\u0430\u0441\u043f\u043e\u0440\u0430\" \/>\n<meta property=\"og:description\" content=\"Stranica za dijasporu RS, ovdje mo\u017eete prona\u0107i sve informacije, pomo\u0107 i savjete na jednom mjestu.\" \/>\n<meta property=\"og:url\" content=\"https:\/\/dijasporars.com\/en\/vidovdan-okupio-srbe-u-rasijanju\/\" \/>\n<meta property=\"og:site_name\" content=\"\u0420\u0435\u043f\u0443\u0431\u043b\u0438\u043a\u0430 \u0421\u0440\u043f\u0441\u043a\u0430 \u0438 \u0434\u0438\u0458\u0430\u0441\u043f\u043e\u0440\u0430\" \/>\n<meta property=\"article:published_time\" content=\"2024-07-11T10:03:53+00:00\" \/>\n<meta property=\"article:modified_time\" content=\"2024-07-11T10:53:32+00:00\" \/>\n<meta property=\"og:image\" content=\"https:\/\/dijasporars.com\/wp-content\/uploads\/2024\/07\/\u0440.jpg\" \/>\n\t<meta property=\"og:image:width\" content=\"2560\" \/>\n\t<meta property=\"og:image:height\" content=\"1700\" \/>\n\t<meta property=\"og:image:type\" content=\"image\/jpeg\" \/>\n<meta name=\"author\" content=\"dijasporars\" \/>\n<meta name=\"twitter:card\" content=\"summary_large_image\" \/>\n<meta name=\"twitter:label1\" content=\"Written by\" \/>\n\t<meta name=\"twitter:data1\" content=\"dijasporars\" \/>\n<script type=\"application\/ld+json\" class=\"yoast-schema-graph\">{\"@context\":\"https:\/\/schema.org\",\"@graph\":[{\"@type\":\"WebPage\",\"@id\":\"https:\/\/dijasporars.com\/vidovdan-okupio-srbe-u-rasijanju\/\",\"url\":\"https:\/\/dijasporars.com\/vidovdan-okupio-srbe-u-rasijanju\/\",\"name\":\"\u0412\u0438\u0434\u043e\u0432\u0434\u0430\u043d \u043e\u043a\u0443\u043f\u0438\u043e \u0421\u0440\u0431\u0435 \u0443 \u0440\u0430\u0441\u0438\u0458\u0430\u045a\u0443 - \u0420\u0435\u043f\u0443\u0431\u043b\u0438\u043a\u0430 \u0421\u0440\u043f\u0441\u043a\u0430 \u0438 \u0434\u0438\u0458\u0430\u0441\u043f\u043e\u0440\u0430\",\"isPartOf\":{\"@id\":\"https:\/\/dijasporars.com\/#website\"},\"primaryImageOfPage\":{\"@id\":\"https:\/\/dijasporars.com\/vidovdan-okupio-srbe-u-rasijanju\/#primaryimage\"},\"image\":{\"@id\":\"https:\/\/dijasporars.com\/vidovdan-okupio-srbe-u-rasijanju\/#primaryimage\"},\"thumbnailUrl\":\"https:\/\/dijasporars.com\/wp-content\/uploads\/2024\/07\/\u0440.jpg\",\"datePublished\":\"2024-07-11T10:03:53+00:00\",\"dateModified\":\"2024-07-11T10:53:32+00:00\",\"author\":{\"@id\":\"https:\/\/dijasporars.com\/#\/schema\/person\/f5052d53409aef50f7503bd1372c77ca\"},\"description\":\"Stranica za dijasporu RS, ovdje mo\u017eete prona\u0107i sve informacije, pomo\u0107 i savjete na jednom mjestu.\",\"breadcrumb\":{\"@id\":\"https:\/\/dijasporars.com\/vidovdan-okupio-srbe-u-rasijanju\/#breadcrumb\"},\"inLanguage\":\"en-US\",\"potentialAction\":[{\"@type\":\"ReadAction\",\"target\":[\"https:\/\/dijasporars.com\/vidovdan-okupio-srbe-u-rasijanju\/\"]}]},{\"@type\":\"ImageObject\",\"inLanguage\":\"en-US\",\"@id\":\"https:\/\/dijasporars.com\/vidovdan-okupio-srbe-u-rasijanju\/#primaryimage\",\"url\":\"https:\/\/dijasporars.com\/wp-content\/uploads\/2024\/07\/\u0440.jpg\",\"contentUrl\":\"https:\/\/dijasporars.com\/wp-content\/uploads\/2024\/07\/\u0440.jpg\",\"width\":2560,\"height\":1700},{\"@type\":\"BreadcrumbList\",\"@id\":\"https:\/\/dijasporars.com\/vidovdan-okupio-srbe-u-rasijanju\/#breadcrumb\",\"itemListElement\":[{\"@type\":\"ListItem\",\"position\":1,\"name\":\"\u041f\u043e\u0447\u0435\u0442\u043d\u0430\",\"item\":\"https:\/\/dijasporars.com\/\"},{\"@type\":\"ListItem\",\"position\":2,\"name\":\"\u0412\u0438\u0434\u043e\u0432\u0434\u0430\u043d \u043e\u043a\u0443\u043f\u0438\u043e \u0421\u0440\u0431\u0435 \u0443 \u0440\u0430\u0441\u0438\u0458\u0430\u045a\u0443\"}]},{\"@type\":\"WebSite\",\"@id\":\"https:\/\/dijasporars.com\/#website\",\"url\":\"https:\/\/dijasporars.com\/\",\"name\":\"\u0420\u0435\u043f\u0443\u0431\u043b\u0438\u043a\u0430 \u0421\u0440\u043f\u0441\u043a\u0430 \u0438 \u0434\u0438\u0458\u0430\u0441\u043f\u043e\u0440\u0430\",\"description\":\"\",\"potentialAction\":[{\"@type\":\"SearchAction\",\"target\":{\"@type\":\"EntryPoint\",\"urlTemplate\":\"https:\/\/dijasporars.com\/?s={search_term_string}\"},\"query-input\":{\"@type\":\"PropertyValueSpecification\",\"valueRequired\":true,\"valueName\":\"search_term_string\"}}],\"inLanguage\":\"en-US\"},{\"@type\":\"Person\",\"@id\":\"https:\/\/dijasporars.com\/#\/schema\/person\/f5052d53409aef50f7503bd1372c77ca\",\"name\":\"dijasporars\",\"image\":{\"@type\":\"ImageObject\",\"inLanguage\":\"en-US\",\"@id\":\"https:\/\/dijasporars.com\/#\/schema\/person\/image\/\",\"url\":\"https:\/\/secure.gravatar.com\/avatar\/759212a69df0744fb2be03efd361239831e31095061dacc7496bdf8524e0daf7?s=96&d=mm&r=g\",\"contentUrl\":\"https:\/\/secure.gravatar.com\/avatar\/759212a69df0744fb2be03efd361239831e31095061dacc7496bdf8524e0daf7?s=96&d=mm&r=g\",\"caption\":\"dijasporars\"},\"url\":\"https:\/\/dijasporars.com\/en\/author\/dijasporars\/\"}]}<\/script>\n<!-- \/ Yoast SEO plugin. -->","yoast_head_json":{"title":"\u0412\u0438\u0434\u043e\u0432\u0434\u0430\u043d \u043e\u043a\u0443\u043f\u0438\u043e \u0421\u0440\u0431\u0435 \u0443 \u0440\u0430\u0441\u0438\u0458\u0430\u045a\u0443 - \u0420\u0435\u043f\u0443\u0431\u043b\u0438\u043a\u0430 \u0421\u0440\u043f\u0441\u043a\u0430 \u0438 \u0434\u0438\u0458\u0430\u0441\u043f\u043e\u0440\u0430","description":"Stranica za dijasporu RS, ovdje mo\u017eete prona\u0107i sve informacije, pomo\u0107 i savjete na jednom mjestu.","robots":{"index":"index","follow":"follow","max-snippet":"max-snippet:-1","max-image-preview":"max-image-preview:large","max-video-preview":"max-video-preview:-1"},"canonical":"https:\/\/dijasporars.com\/en\/vidovdan-okupio-srbe-u-rasijanju\/","og_locale":"en_US","og_type":"article","og_title":"\u0412\u0438\u0434\u043e\u0432\u0434\u0430\u043d \u043e\u043a\u0443\u043f\u0438\u043e \u0421\u0440\u0431\u0435 \u0443 \u0440\u0430\u0441\u0438\u0458\u0430\u045a\u0443 - \u0420\u0435\u043f\u0443\u0431\u043b\u0438\u043a\u0430 \u0421\u0440\u043f\u0441\u043a\u0430 \u0438 \u0434\u0438\u0458\u0430\u0441\u043f\u043e\u0440\u0430","og_description":"Stranica za dijasporu RS, ovdje mo\u017eete prona\u0107i sve informacije, pomo\u0107 i savjete na jednom mjestu.","og_url":"https:\/\/dijasporars.com\/en\/vidovdan-okupio-srbe-u-rasijanju\/","og_site_name":"\u0420\u0435\u043f\u0443\u0431\u043b\u0438\u043a\u0430 \u0421\u0440\u043f\u0441\u043a\u0430 \u0438 \u0434\u0438\u0458\u0430\u0441\u043f\u043e\u0440\u0430","article_published_time":"2024-07-11T10:03:53+00:00","article_modified_time":"2024-07-11T10:53:32+00:00","og_image":[{"width":2560,"height":1700,"url":"https:\/\/dijasporars.com\/wp-content\/uploads\/2024\/07\/\u0440.jpg","type":"image\/jpeg"}],"author":"dijasporars","twitter_card":"summary_large_image","twitter_misc":{"Written by":"dijasporars"},"schema":{"@context":"https:\/\/schema.org","@graph":[{"@type":"WebPage","@id":"https:\/\/dijasporars.com\/vidovdan-okupio-srbe-u-rasijanju\/","url":"https:\/\/dijasporars.com\/vidovdan-okupio-srbe-u-rasijanju\/","name":"\u0412\u0438\u0434\u043e\u0432\u0434\u0430\u043d \u043e\u043a\u0443\u043f\u0438\u043e \u0421\u0440\u0431\u0435 \u0443 \u0440\u0430\u0441\u0438\u0458\u0430\u045a\u0443 - \u0420\u0435\u043f\u0443\u0431\u043b\u0438\u043a\u0430 \u0421\u0440\u043f\u0441\u043a\u0430 \u0438 \u0434\u0438\u0458\u0430\u0441\u043f\u043e\u0440\u0430","isPartOf":{"@id":"https:\/\/dijasporars.com\/#website"},"primaryImageOfPage":{"@id":"https:\/\/dijasporars.com\/vidovdan-okupio-srbe-u-rasijanju\/#primaryimage"},"image":{"@id":"https:\/\/dijasporars.com\/vidovdan-okupio-srbe-u-rasijanju\/#primaryimage"},"thumbnailUrl":"https:\/\/dijasporars.com\/wp-content\/uploads\/2024\/07\/\u0440.jpg","datePublished":"2024-07-11T10:03:53+00:00","dateModified":"2024-07-11T10:53:32+00:00","author":{"@id":"https:\/\/dijasporars.com\/#\/schema\/person\/f5052d53409aef50f7503bd1372c77ca"},"description":"Stranica za dijasporu RS, ovdje mo\u017eete prona\u0107i sve informacije, pomo\u0107 i savjete na jednom mjestu.","breadcrumb":{"@id":"https:\/\/dijasporars.com\/vidovdan-okupio-srbe-u-rasijanju\/#breadcrumb"},"inLanguage":"en-US","potentialAction":[{"@type":"ReadAction","target":["https:\/\/dijasporars.com\/vidovdan-okupio-srbe-u-rasijanju\/"]}]},{"@type":"ImageObject","inLanguage":"en-US","@id":"https:\/\/dijasporars.com\/vidovdan-okupio-srbe-u-rasijanju\/#primaryimage","url":"https:\/\/dijasporars.com\/wp-content\/uploads\/2024\/07\/\u0440.jpg","contentUrl":"https:\/\/dijasporars.com\/wp-content\/uploads\/2024\/07\/\u0440.jpg","width":2560,"height":1700},{"@type":"BreadcrumbList","@id":"https:\/\/dijasporars.com\/vidovdan-okupio-srbe-u-rasijanju\/#breadcrumb","itemListElement":[{"@type":"ListItem","position":1,"name":"\u041f\u043e\u0447\u0435\u0442\u043d\u0430","item":"https:\/\/dijasporars.com\/"},{"@type":"ListItem","position":2,"name":"\u0412\u0438\u0434\u043e\u0432\u0434\u0430\u043d \u043e\u043a\u0443\u043f\u0438\u043e \u0421\u0440\u0431\u0435 \u0443 \u0440\u0430\u0441\u0438\u0458\u0430\u045a\u0443"}]},{"@type":"WebSite","@id":"https:\/\/dijasporars.com\/#website","url":"https:\/\/dijasporars.com\/","name":"\u0420\u0435\u043f\u0443\u0431\u043b\u0438\u043a\u0430 \u0421\u0440\u043f\u0441\u043a\u0430 \u0438 \u0434\u0438\u0458\u0430\u0441\u043f\u043e\u0440\u0430","description":"","potentialAction":[{"@type":"SearchAction","target":{"@type":"EntryPoint","urlTemplate":"https:\/\/dijasporars.com\/?s={search_term_string}"},"query-input":{"@type":"PropertyValueSpecification","valueRequired":true,"valueName":"search_term_string"}}],"inLanguage":"en-US"},{"@type":"Person","@id":"https:\/\/dijasporars.com\/#\/schema\/person\/f5052d53409aef50f7503bd1372c77ca","name":"dijasporars","image":{"@type":"ImageObject","inLanguage":"en-US","@id":"https:\/\/dijasporars.com\/#\/schema\/person\/image\/","url":"https:\/\/secure.gravatar.com\/avatar\/759212a69df0744fb2be03efd361239831e31095061dacc7496bdf8524e0daf7?s=96&d=mm&r=g","contentUrl":"https:\/\/secure.gravatar.com\/avatar\/759212a69df0744fb2be03efd361239831e31095061dacc7496bdf8524e0daf7?s=96&d=mm&r=g","caption":"dijasporars"},"url":"https:\/\/dijasporars.com\/en\/author\/dijasporars\/"}]}},"_links":{"self":[{"href":"https:\/\/dijasporars.com\/en\/wp-json\/wp\/v2\/posts\/7063","targetHints":{"allow":["GET"]}}],"collection":[{"href":"https:\/\/dijasporars.com\/en\/wp-json\/wp\/v2\/posts"}],"about":[{"href":"https:\/\/dijasporars.com\/en\/wp-json\/wp\/v2\/types\/post"}],"author":[{"embeddable":true,"href":"https:\/\/dijasporars.com\/en\/wp-json\/wp\/v2\/users\/1"}],"replies":[{"embeddable":true,"href":"https:\/\/dijasporars.com\/en\/wp-json\/wp\/v2\/comments?post=7063"}],"version-history":[{"count":4,"href":"https:\/\/dijasporars.com\/en\/wp-json\/wp\/v2\/posts\/7063\/revisions"}],"predecessor-version":[{"id":7068,"href":"https:\/\/dijasporars.com\/en\/wp-json\/wp\/v2\/posts\/7063\/revisions\/7068"}],"wp:featuredmedia":[{"embeddable":true,"href":"https:\/\/dijasporars.com\/en\/wp-json\/wp\/v2\/media\/7069"}],"wp:attachment":[{"href":"https:\/\/dijasporars.com\/en\/wp-json\/wp\/v2\/media?parent=7063"}],"wp:term":[{"taxonomy":"category","embeddable":true,"href":"https:\/\/dijasporars.com\/en\/wp-json\/wp\/v2\/categories?post=7063"},{"taxonomy":"post_tag","embeddable":true,"href":"https:\/\/dijasporars.com\/en\/wp-json\/wp\/v2\/tags?post=7063"}],"curies":[{"name":"wp","href":"https:\/\/api.w.org\/{rel}","templated":true}]}}