{"id":6960,"date":"2024-06-10T11:02:18","date_gmt":"2024-06-10T09:02:18","guid":{"rendered":"https:\/\/dijasporars.com\/?p=6960"},"modified":"2024-06-10T11:02:40","modified_gmt":"2024-06-10T09:02:40","slug":"memorandum-o-saradnji-izmedju-vlade-republike-srpske-i-vlade-republike-srbije-radi-jacanja-veza-matice-i-pripadnika-dijaspore-sa-teritorije-republike-srbije-i-republike-srpske-potpisan-u-beogradu","status":"publish","type":"post","link":"https:\/\/dijasporars.com\/en\/memorandum-o-saradnji-izmedju-vlade-republike-srpske-i-vlade-republike-srbije-radi-jacanja-veza-matice-i-pripadnika-dijaspore-sa-teritorije-republike-srbije-i-republike-srpske-potpisan-u-beogradu\/","title":{"rendered":"Republic of Srpska-Republic of Serbia Governments Cooperation Memorandum to Strengthen Ties between Motherland and Diaspora Members from Republic of Serbia and Republic of Srpska Territory Signed in Belgrade"},"content":{"rendered":"<p>A memorandum of cooperation between the governments of the Republic of Srpska and the Republic of Serbia for the purpose of strengthening ties of diaspora members with the Republic of Srpska and the Republic of Serbia was signed in Belgrade.<\/p>\n<p>The exchange of signed documents was completed within the first One Nation, One Assembly \u2013 Serbia and Srpska Pan-Serbian Assembly, and the ceremony was attended by the presidents of Serbia and Republic of Srpska, Aleksandar Vu\u010di\u0107 and Milorad Dodik.<\/p>\n<p>The Minister without portfolio \u0110or\u0111e Mili\u0107evi\u0107 and Srpska\u2019s Minister of European Integration and International Cooperation Zlatan Kloki\u0107 exchanged the memorandum of cooperation between the governments of Serbia and Republic of Srpska aimed at strengthening the ties of Serbian diaspora members with Serbia and the Republic of Srpska.<\/p>\n<p>Minister of European Integration Tanja Mi\u0161\u010devi\u0107 and ministers without portfolio \u0110or\u0111e Mili\u0107evi\u0107 and Tatjana Macura, in charge of diaspora and gender equality respectively, spoke with Zlatan Kloki\u0107, the Minister of European Integration and International Cooperation of the Republic of Srpska.<\/p>\n<p>Mili\u0107evi\u0107 noted the successful and intensive previous cooperation in coordinating relations with compatriots living outside Serbia.<\/p>\n<p>\u2013 Our common goal is to bring our compatriots closer to the motherland, to network associations of Serbs outside of Serbia, and to talk more about the human and financial potential of our diaspora \u2013 said Minister Mili\u0107evi\u0107.<\/p>\n<p>Source and photo: Ministry of European Integration and International Cooperation<\/p>","protected":false},"excerpt":{"rendered":"<p>A memorandum of cooperation between the governments of the Republic of Srpska and the Republic of Serbia for the purpose of strengthening ties of diaspora members with the Republic of Srpska and the Republic of Serbia was signed in Belgrade. The exchange of signed documents was completed within the first One Nation, One Assembly \u2013 Serbia and Srpska Pan-Serbian Assembly, and the ceremony was attended by the presidents of Serbia and Republic of Srpska<\/p>","protected":false},"author":1,"featured_media":6961,"comment_status":"closed","ping_status":"closed","sticky":false,"template":"","format":"standard","meta":{"footnotes":""},"categories":[52,76,77],"tags":[],"class_list":["post-6960","post","type-post","status-publish","format-standard","has-post-thumbnail","hentry","category-vijesti","category-vijesti-dijaspora","category-vijesti-republika-srpska"],"yoast_head":"<!-- This site is optimized with the Yoast SEO plugin v24.6 - https:\/\/yoast.com\/wordpress\/plugins\/seo\/ -->\n<title>\u041c\u0435\u043c\u043e\u0440\u0430\u043d\u0434\u0443\u043c \u043e \u0441\u0430\u0440\u0430\u0434\u045a\u0438 \u0438\u0437\u043c\u0435\u0452\u0443 \u0412\u043b\u0430\u0434\u0435 \u0420\u0435\u043f\u0443\u0431\u043b\u0438\u043a\u0435 \u0421\u0440\u043f\u0441\u043a\u0435 \u0438 \u0412\u043b\u0430\u0434\u0435 \u0420\u0435\u043f\u0443\u0431\u043b\u0438\u043a\u0435 \u0421\u0440\u0431\u0438\u0458\u0435 \u0440\u0430\u0434\u0438 \u0458\u0430\u0447\u0430\u045a\u0430 \u0432\u0435\u0437\u0430 \u043c\u0430\u0442\u0438\u0446\u0435 \u0438 \u043f\u0440\u0438\u043f\u0430\u0434\u043d\u0438\u043a\u0430 \u0434\u0438\u0458\u0430\u0441\u043f\u043e\u0440\u0435 \u0441\u0430 \u0442\u0435\u0440\u0438\u0442\u043e\u0440\u0438\u0458\u0435 \u0420\u0435\u043f\u0443\u0431\u043b\u0438\u043a\u0435 \u0421\u0440\u0431\u0438\u0458\u0435 \u0438 \u0420\u0435\u043f\u0443\u0431\u043b\u0438\u043a\u0435 \u0421\u0440\u043f\u0441\u043a\u0435 \u043f\u043e\u0442\u043f\u0438\u0441\u0430\u043d \u0443 \u0411\u0435\u043e\u0433\u0440\u0430\u0434\u0443 - \u0420\u0435\u043f\u0443\u0431\u043b\u0438\u043a\u0430 \u0421\u0440\u043f\u0441\u043a\u0430 \u0438 \u0434\u0438\u0458\u0430\u0441\u043f\u043e\u0440\u0430<\/title>\n<meta name=\"description\" content=\"Stranica za dijasporu RS, ovdje mo\u017eete prona\u0107i sve informacije, pomo\u0107 i savjete na jednom mjestu.\" \/>\n<meta name=\"robots\" content=\"index, follow, max-snippet:-1, max-image-preview:large, max-video-preview:-1\" \/>\n<link rel=\"canonical\" href=\"https:\/\/dijasporars.com\/en\/memorandum-o-saradnji-izmedju-vlade-republike-srpske-i-vlade-republike-srbije-radi-jacanja-veza-matice-i-pripadnika-dijaspore-sa-teritorije-republike-srbije-i-republike-srpske-potpisan-u-beogradu\/\" \/>\n<meta property=\"og:locale\" content=\"en_US\" \/>\n<meta property=\"og:type\" content=\"article\" \/>\n<meta property=\"og:title\" content=\"\u041c\u0435\u043c\u043e\u0440\u0430\u043d\u0434\u0443\u043c \u043e \u0441\u0430\u0440\u0430\u0434\u045a\u0438 \u0438\u0437\u043c\u0435\u0452\u0443 \u0412\u043b\u0430\u0434\u0435 \u0420\u0435\u043f\u0443\u0431\u043b\u0438\u043a\u0435 \u0421\u0440\u043f\u0441\u043a\u0435 \u0438 \u0412\u043b\u0430\u0434\u0435 \u0420\u0435\u043f\u0443\u0431\u043b\u0438\u043a\u0435 \u0421\u0440\u0431\u0438\u0458\u0435 \u0440\u0430\u0434\u0438 \u0458\u0430\u0447\u0430\u045a\u0430 \u0432\u0435\u0437\u0430 \u043c\u0430\u0442\u0438\u0446\u0435 \u0438 \u043f\u0440\u0438\u043f\u0430\u0434\u043d\u0438\u043a\u0430 \u0434\u0438\u0458\u0430\u0441\u043f\u043e\u0440\u0435 \u0441\u0430 \u0442\u0435\u0440\u0438\u0442\u043e\u0440\u0438\u0458\u0435 \u0420\u0435\u043f\u0443\u0431\u043b\u0438\u043a\u0435 \u0421\u0440\u0431\u0438\u0458\u0435 \u0438 \u0420\u0435\u043f\u0443\u0431\u043b\u0438\u043a\u0435 \u0421\u0440\u043f\u0441\u043a\u0435 \u043f\u043e\u0442\u043f\u0438\u0441\u0430\u043d \u0443 \u0411\u0435\u043e\u0433\u0440\u0430\u0434\u0443 - \u0420\u0435\u043f\u0443\u0431\u043b\u0438\u043a\u0430 \u0421\u0440\u043f\u0441\u043a\u0430 \u0438 \u0434\u0438\u0458\u0430\u0441\u043f\u043e\u0440\u0430\" \/>\n<meta property=\"og:description\" content=\"Stranica za dijasporu RS, ovdje mo\u017eete prona\u0107i sve informacije, pomo\u0107 i savjete na jednom mjestu.\" \/>\n<meta property=\"og:url\" content=\"https:\/\/dijasporars.com\/en\/memorandum-o-saradnji-izmedju-vlade-republike-srpske-i-vlade-republike-srbije-radi-jacanja-veza-matice-i-pripadnika-dijaspore-sa-teritorije-republike-srbije-i-republike-srpske-potpisan-u-beogradu\/\" \/>\n<meta property=\"og:site_name\" content=\"\u0420\u0435\u043f\u0443\u0431\u043b\u0438\u043a\u0430 \u0421\u0440\u043f\u0441\u043a\u0430 \u0438 \u0434\u0438\u0458\u0430\u0441\u043f\u043e\u0440\u0430\" \/>\n<meta property=\"article:published_time\" content=\"2024-06-10T09:02:18+00:00\" \/>\n<meta property=\"article:modified_time\" content=\"2024-06-10T09:02:40+00:00\" \/>\n<meta property=\"og:image\" content=\"https:\/\/dijasporars.com\/wp-content\/uploads\/2024\/06\/\u0424\u043e\u0442\u043e-\u041c\u0438\u043d\u0438\u0441\u0442\u0430\u0440\u0441\u0442\u0432\u043e-\u0437\u0430-\u0435\u0432\u0440\u043e\u0441\u043f\u043a\u0435-\u0438\u043d\u0442\u0435\u0433\u0440\u0430\u0446\u0438\u0458\u0435-\u0438-\u043c\u0435\u0452\u0443\u043d\u0430\u0440\u043e\u0434\u043d\u0443-\u0441\u0430\u0440\u0430\u0434\u045a\u0443.jpg\" \/>\n\t<meta property=\"og:image:width\" content=\"1800\" \/>\n\t<meta property=\"og:image:height\" content=\"1199\" \/>\n\t<meta property=\"og:image:type\" content=\"image\/jpeg\" \/>\n<meta name=\"author\" content=\"dijasporars\" \/>\n<meta name=\"twitter:card\" content=\"summary_large_image\" \/>\n<meta name=\"twitter:label1\" content=\"Written by\" \/>\n\t<meta name=\"twitter:data1\" content=\"dijasporars\" \/>\n<script type=\"application\/ld+json\" class=\"yoast-schema-graph\">{\"@context\":\"https:\/\/schema.org\",\"@graph\":[{\"@type\":\"WebPage\",\"@id\":\"https:\/\/dijasporars.com\/memorandum-o-saradnji-izmedju-vlade-republike-srpske-i-vlade-republike-srbije-radi-jacanja-veza-matice-i-pripadnika-dijaspore-sa-teritorije-republike-srbije-i-republike-srpske-potpisan-u-beogradu\/\",\"url\":\"https:\/\/dijasporars.com\/memorandum-o-saradnji-izmedju-vlade-republike-srpske-i-vlade-republike-srbije-radi-jacanja-veza-matice-i-pripadnika-dijaspore-sa-teritorije-republike-srbije-i-republike-srpske-potpisan-u-beogradu\/\",\"name\":\"\u041c\u0435\u043c\u043e\u0440\u0430\u043d\u0434\u0443\u043c \u043e \u0441\u0430\u0440\u0430\u0434\u045a\u0438 \u0438\u0437\u043c\u0435\u0452\u0443 \u0412\u043b\u0430\u0434\u0435 \u0420\u0435\u043f\u0443\u0431\u043b\u0438\u043a\u0435 \u0421\u0440\u043f\u0441\u043a\u0435 \u0438 \u0412\u043b\u0430\u0434\u0435 \u0420\u0435\u043f\u0443\u0431\u043b\u0438\u043a\u0435 \u0421\u0440\u0431\u0438\u0458\u0435 \u0440\u0430\u0434\u0438 \u0458\u0430\u0447\u0430\u045a\u0430 \u0432\u0435\u0437\u0430 \u043c\u0430\u0442\u0438\u0446\u0435 \u0438 \u043f\u0440\u0438\u043f\u0430\u0434\u043d\u0438\u043a\u0430 \u0434\u0438\u0458\u0430\u0441\u043f\u043e\u0440\u0435 \u0441\u0430 \u0442\u0435\u0440\u0438\u0442\u043e\u0440\u0438\u0458\u0435 \u0420\u0435\u043f\u0443\u0431\u043b\u0438\u043a\u0435 \u0421\u0440\u0431\u0438\u0458\u0435 \u0438 \u0420\u0435\u043f\u0443\u0431\u043b\u0438\u043a\u0435 \u0421\u0440\u043f\u0441\u043a\u0435 \u043f\u043e\u0442\u043f\u0438\u0441\u0430\u043d \u0443 \u0411\u0435\u043e\u0433\u0440\u0430\u0434\u0443 - \u0420\u0435\u043f\u0443\u0431\u043b\u0438\u043a\u0430 \u0421\u0440\u043f\u0441\u043a\u0430 \u0438 \u0434\u0438\u0458\u0430\u0441\u043f\u043e\u0440\u0430\",\"isPartOf\":{\"@id\":\"https:\/\/dijasporars.com\/#website\"},\"primaryImageOfPage\":{\"@id\":\"https:\/\/dijasporars.com\/memorandum-o-saradnji-izmedju-vlade-republike-srpske-i-vlade-republike-srbije-radi-jacanja-veza-matice-i-pripadnika-dijaspore-sa-teritorije-republike-srbije-i-republike-srpske-potpisan-u-beogradu\/#primaryimage\"},\"image\":{\"@id\":\"https:\/\/dijasporars.com\/memorandum-o-saradnji-izmedju-vlade-republike-srpske-i-vlade-republike-srbije-radi-jacanja-veza-matice-i-pripadnika-dijaspore-sa-teritorije-republike-srbije-i-republike-srpske-potpisan-u-beogradu\/#primaryimage\"},\"thumbnailUrl\":\"https:\/\/dijasporars.com\/wp-content\/uploads\/2024\/06\/\u0424\u043e\u0442\u043e-\u041c\u0438\u043d\u0438\u0441\u0442\u0430\u0440\u0441\u0442\u0432\u043e-\u0437\u0430-\u0435\u0432\u0440\u043e\u0441\u043f\u043a\u0435-\u0438\u043d\u0442\u0435\u0433\u0440\u0430\u0446\u0438\u0458\u0435-\u0438-\u043c\u0435\u0452\u0443\u043d\u0430\u0440\u043e\u0434\u043d\u0443-\u0441\u0430\u0440\u0430\u0434\u045a\u0443.jpg\",\"datePublished\":\"2024-06-10T09:02:18+00:00\",\"dateModified\":\"2024-06-10T09:02:40+00:00\",\"author\":{\"@id\":\"https:\/\/dijasporars.com\/#\/schema\/person\/f5052d53409aef50f7503bd1372c77ca\"},\"description\":\"Stranica za dijasporu RS, ovdje mo\u017eete prona\u0107i sve informacije, pomo\u0107 i savjete na jednom mjestu.\",\"breadcrumb\":{\"@id\":\"https:\/\/dijasporars.com\/memorandum-o-saradnji-izmedju-vlade-republike-srpske-i-vlade-republike-srbije-radi-jacanja-veza-matice-i-pripadnika-dijaspore-sa-teritorije-republike-srbije-i-republike-srpske-potpisan-u-beogradu\/#breadcrumb\"},\"inLanguage\":\"en-US\",\"potentialAction\":[{\"@type\":\"ReadAction\",\"target\":[\"https:\/\/dijasporars.com\/memorandum-o-saradnji-izmedju-vlade-republike-srpske-i-vlade-republike-srbije-radi-jacanja-veza-matice-i-pripadnika-dijaspore-sa-teritorije-republike-srbije-i-republike-srpske-potpisan-u-beogradu\/\"]}]},{\"@type\":\"ImageObject\",\"inLanguage\":\"en-US\",\"@id\":\"https:\/\/dijasporars.com\/memorandum-o-saradnji-izmedju-vlade-republike-srpske-i-vlade-republike-srbije-radi-jacanja-veza-matice-i-pripadnika-dijaspore-sa-teritorije-republike-srbije-i-republike-srpske-potpisan-u-beogradu\/#primaryimage\",\"url\":\"https:\/\/dijasporars.com\/wp-content\/uploads\/2024\/06\/\u0424\u043e\u0442\u043e-\u041c\u0438\u043d\u0438\u0441\u0442\u0430\u0440\u0441\u0442\u0432\u043e-\u0437\u0430-\u0435\u0432\u0440\u043e\u0441\u043f\u043a\u0435-\u0438\u043d\u0442\u0435\u0433\u0440\u0430\u0446\u0438\u0458\u0435-\u0438-\u043c\u0435\u0452\u0443\u043d\u0430\u0440\u043e\u0434\u043d\u0443-\u0441\u0430\u0440\u0430\u0434\u045a\u0443.jpg\",\"contentUrl\":\"https:\/\/dijasporars.com\/wp-content\/uploads\/2024\/06\/\u0424\u043e\u0442\u043e-\u041c\u0438\u043d\u0438\u0441\u0442\u0430\u0440\u0441\u0442\u0432\u043e-\u0437\u0430-\u0435\u0432\u0440\u043e\u0441\u043f\u043a\u0435-\u0438\u043d\u0442\u0435\u0433\u0440\u0430\u0446\u0438\u0458\u0435-\u0438-\u043c\u0435\u0452\u0443\u043d\u0430\u0440\u043e\u0434\u043d\u0443-\u0441\u0430\u0440\u0430\u0434\u045a\u0443.jpg\",\"width\":1800,\"height\":1199},{\"@type\":\"BreadcrumbList\",\"@id\":\"https:\/\/dijasporars.com\/memorandum-o-saradnji-izmedju-vlade-republike-srpske-i-vlade-republike-srbije-radi-jacanja-veza-matice-i-pripadnika-dijaspore-sa-teritorije-republike-srbije-i-republike-srpske-potpisan-u-beogradu\/#breadcrumb\",\"itemListElement\":[{\"@type\":\"ListItem\",\"position\":1,\"name\":\"\u041f\u043e\u0447\u0435\u0442\u043d\u0430\",\"item\":\"https:\/\/dijasporars.com\/\"},{\"@type\":\"ListItem\",\"position\":2,\"name\":\"\u041c\u0435\u043c\u043e\u0440\u0430\u043d\u0434\u0443\u043c \u043e \u0441\u0430\u0440\u0430\u0434\u045a\u0438 \u0438\u0437\u043c\u0435\u0452\u0443 \u0412\u043b\u0430\u0434\u0435 \u0420\u0435\u043f\u0443\u0431\u043b\u0438\u043a\u0435 \u0421\u0440\u043f\u0441\u043a\u0435 \u0438 \u0412\u043b\u0430\u0434\u0435 \u0420\u0435\u043f\u0443\u0431\u043b\u0438\u043a\u0435 \u0421\u0440\u0431\u0438\u0458\u0435 \u0440\u0430\u0434\u0438 \u0458\u0430\u0447\u0430\u045a\u0430 \u0432\u0435\u0437\u0430 \u043c\u0430\u0442\u0438\u0446\u0435 \u0438 \u043f\u0440\u0438\u043f\u0430\u0434\u043d\u0438\u043a\u0430 \u0434\u0438\u0458\u0430\u0441\u043f\u043e\u0440\u0435 \u0441\u0430 \u0442\u0435\u0440\u0438\u0442\u043e\u0440\u0438\u0458\u0435 \u0420\u0435\u043f\u0443\u0431\u043b\u0438\u043a\u0435 \u0421\u0440\u0431\u0438\u0458\u0435 \u0438 \u0420\u0435\u043f\u0443\u0431\u043b\u0438\u043a\u0435 \u0421\u0440\u043f\u0441\u043a\u0435 \u043f\u043e\u0442\u043f\u0438\u0441\u0430\u043d \u0443 \u0411\u0435\u043e\u0433\u0440\u0430\u0434\u0443\"}]},{\"@type\":\"WebSite\",\"@id\":\"https:\/\/dijasporars.com\/#website\",\"url\":\"https:\/\/dijasporars.com\/\",\"name\":\"\u0420\u0435\u043f\u0443\u0431\u043b\u0438\u043a\u0430 \u0421\u0440\u043f\u0441\u043a\u0430 \u0438 \u0434\u0438\u0458\u0430\u0441\u043f\u043e\u0440\u0430\",\"description\":\"\",\"potentialAction\":[{\"@type\":\"SearchAction\",\"target\":{\"@type\":\"EntryPoint\",\"urlTemplate\":\"https:\/\/dijasporars.com\/?s={search_term_string}\"},\"query-input\":{\"@type\":\"PropertyValueSpecification\",\"valueRequired\":true,\"valueName\":\"search_term_string\"}}],\"inLanguage\":\"en-US\"},{\"@type\":\"Person\",\"@id\":\"https:\/\/dijasporars.com\/#\/schema\/person\/f5052d53409aef50f7503bd1372c77ca\",\"name\":\"dijasporars\",\"image\":{\"@type\":\"ImageObject\",\"inLanguage\":\"en-US\",\"@id\":\"https:\/\/dijasporars.com\/#\/schema\/person\/image\/\",\"url\":\"https:\/\/secure.gravatar.com\/avatar\/759212a69df0744fb2be03efd361239831e31095061dacc7496bdf8524e0daf7?s=96&d=mm&r=g\",\"contentUrl\":\"https:\/\/secure.gravatar.com\/avatar\/759212a69df0744fb2be03efd361239831e31095061dacc7496bdf8524e0daf7?s=96&d=mm&r=g\",\"caption\":\"dijasporars\"},\"url\":\"https:\/\/dijasporars.com\/en\/author\/dijasporars\/\"}]}<\/script>\n<!-- \/ Yoast SEO plugin. -->","yoast_head_json":{"title":"\u041c\u0435\u043c\u043e\u0440\u0430\u043d\u0434\u0443\u043c \u043e \u0441\u0430\u0440\u0430\u0434\u045a\u0438 \u0438\u0437\u043c\u0435\u0452\u0443 \u0412\u043b\u0430\u0434\u0435 \u0420\u0435\u043f\u0443\u0431\u043b\u0438\u043a\u0435 \u0421\u0440\u043f\u0441\u043a\u0435 \u0438 \u0412\u043b\u0430\u0434\u0435 \u0420\u0435\u043f\u0443\u0431\u043b\u0438\u043a\u0435 \u0421\u0440\u0431\u0438\u0458\u0435 \u0440\u0430\u0434\u0438 \u0458\u0430\u0447\u0430\u045a\u0430 \u0432\u0435\u0437\u0430 \u043c\u0430\u0442\u0438\u0446\u0435 \u0438 \u043f\u0440\u0438\u043f\u0430\u0434\u043d\u0438\u043a\u0430 \u0434\u0438\u0458\u0430\u0441\u043f\u043e\u0440\u0435 \u0441\u0430 \u0442\u0435\u0440\u0438\u0442\u043e\u0440\u0438\u0458\u0435 \u0420\u0435\u043f\u0443\u0431\u043b\u0438\u043a\u0435 \u0421\u0440\u0431\u0438\u0458\u0435 \u0438 \u0420\u0435\u043f\u0443\u0431\u043b\u0438\u043a\u0435 \u0421\u0440\u043f\u0441\u043a\u0435 \u043f\u043e\u0442\u043f\u0438\u0441\u0430\u043d \u0443 \u0411\u0435\u043e\u0433\u0440\u0430\u0434\u0443 - \u0420\u0435\u043f\u0443\u0431\u043b\u0438\u043a\u0430 \u0421\u0440\u043f\u0441\u043a\u0430 \u0438 \u0434\u0438\u0458\u0430\u0441\u043f\u043e\u0440\u0430","description":"Stranica za dijasporu RS, ovdje mo\u017eete prona\u0107i sve informacije, pomo\u0107 i savjete na jednom mjestu.","robots":{"index":"index","follow":"follow","max-snippet":"max-snippet:-1","max-image-preview":"max-image-preview:large","max-video-preview":"max-video-preview:-1"},"canonical":"https:\/\/dijasporars.com\/en\/memorandum-o-saradnji-izmedju-vlade-republike-srpske-i-vlade-republike-srbije-radi-jacanja-veza-matice-i-pripadnika-dijaspore-sa-teritorije-republike-srbije-i-republike-srpske-potpisan-u-beogradu\/","og_locale":"en_US","og_type":"article","og_title":"\u041c\u0435\u043c\u043e\u0440\u0430\u043d\u0434\u0443\u043c \u043e \u0441\u0430\u0440\u0430\u0434\u045a\u0438 \u0438\u0437\u043c\u0435\u0452\u0443 \u0412\u043b\u0430\u0434\u0435 \u0420\u0435\u043f\u0443\u0431\u043b\u0438\u043a\u0435 \u0421\u0440\u043f\u0441\u043a\u0435 \u0438 \u0412\u043b\u0430\u0434\u0435 \u0420\u0435\u043f\u0443\u0431\u043b\u0438\u043a\u0435 \u0421\u0440\u0431\u0438\u0458\u0435 \u0440\u0430\u0434\u0438 \u0458\u0430\u0447\u0430\u045a\u0430 \u0432\u0435\u0437\u0430 \u043c\u0430\u0442\u0438\u0446\u0435 \u0438 \u043f\u0440\u0438\u043f\u0430\u0434\u043d\u0438\u043a\u0430 \u0434\u0438\u0458\u0430\u0441\u043f\u043e\u0440\u0435 \u0441\u0430 \u0442\u0435\u0440\u0438\u0442\u043e\u0440\u0438\u0458\u0435 \u0420\u0435\u043f\u0443\u0431\u043b\u0438\u043a\u0435 \u0421\u0440\u0431\u0438\u0458\u0435 \u0438 \u0420\u0435\u043f\u0443\u0431\u043b\u0438\u043a\u0435 \u0421\u0440\u043f\u0441\u043a\u0435 \u043f\u043e\u0442\u043f\u0438\u0441\u0430\u043d \u0443 \u0411\u0435\u043e\u0433\u0440\u0430\u0434\u0443 - \u0420\u0435\u043f\u0443\u0431\u043b\u0438\u043a\u0430 \u0421\u0440\u043f\u0441\u043a\u0430 \u0438 \u0434\u0438\u0458\u0430\u0441\u043f\u043e\u0440\u0430","og_description":"Stranica za dijasporu RS, ovdje mo\u017eete prona\u0107i sve informacije, pomo\u0107 i savjete na jednom mjestu.","og_url":"https:\/\/dijasporars.com\/en\/memorandum-o-saradnji-izmedju-vlade-republike-srpske-i-vlade-republike-srbije-radi-jacanja-veza-matice-i-pripadnika-dijaspore-sa-teritorije-republike-srbije-i-republike-srpske-potpisan-u-beogradu\/","og_site_name":"\u0420\u0435\u043f\u0443\u0431\u043b\u0438\u043a\u0430 \u0421\u0440\u043f\u0441\u043a\u0430 \u0438 \u0434\u0438\u0458\u0430\u0441\u043f\u043e\u0440\u0430","article_published_time":"2024-06-10T09:02:18+00:00","article_modified_time":"2024-06-10T09:02:40+00:00","og_image":[{"width":1800,"height":1199,"url":"https:\/\/dijasporars.com\/wp-content\/uploads\/2024\/06\/\u0424\u043e\u0442\u043e-\u041c\u0438\u043d\u0438\u0441\u0442\u0430\u0440\u0441\u0442\u0432\u043e-\u0437\u0430-\u0435\u0432\u0440\u043e\u0441\u043f\u043a\u0435-\u0438\u043d\u0442\u0435\u0433\u0440\u0430\u0446\u0438\u0458\u0435-\u0438-\u043c\u0435\u0452\u0443\u043d\u0430\u0440\u043e\u0434\u043d\u0443-\u0441\u0430\u0440\u0430\u0434\u045a\u0443.jpg","type":"image\/jpeg"}],"author":"dijasporars","twitter_card":"summary_large_image","twitter_misc":{"Written by":"dijasporars"},"schema":{"@context":"https:\/\/schema.org","@graph":[{"@type":"WebPage","@id":"https:\/\/dijasporars.com\/memorandum-o-saradnji-izmedju-vlade-republike-srpske-i-vlade-republike-srbije-radi-jacanja-veza-matice-i-pripadnika-dijaspore-sa-teritorije-republike-srbije-i-republike-srpske-potpisan-u-beogradu\/","url":"https:\/\/dijasporars.com\/memorandum-o-saradnji-izmedju-vlade-republike-srpske-i-vlade-republike-srbije-radi-jacanja-veza-matice-i-pripadnika-dijaspore-sa-teritorije-republike-srbije-i-republike-srpske-potpisan-u-beogradu\/","name":"\u041c\u0435\u043c\u043e\u0440\u0430\u043d\u0434\u0443\u043c \u043e \u0441\u0430\u0440\u0430\u0434\u045a\u0438 \u0438\u0437\u043c\u0435\u0452\u0443 \u0412\u043b\u0430\u0434\u0435 \u0420\u0435\u043f\u0443\u0431\u043b\u0438\u043a\u0435 \u0421\u0440\u043f\u0441\u043a\u0435 \u0438 \u0412\u043b\u0430\u0434\u0435 \u0420\u0435\u043f\u0443\u0431\u043b\u0438\u043a\u0435 \u0421\u0440\u0431\u0438\u0458\u0435 \u0440\u0430\u0434\u0438 \u0458\u0430\u0447\u0430\u045a\u0430 \u0432\u0435\u0437\u0430 \u043c\u0430\u0442\u0438\u0446\u0435 \u0438 \u043f\u0440\u0438\u043f\u0430\u0434\u043d\u0438\u043a\u0430 \u0434\u0438\u0458\u0430\u0441\u043f\u043e\u0440\u0435 \u0441\u0430 \u0442\u0435\u0440\u0438\u0442\u043e\u0440\u0438\u0458\u0435 \u0420\u0435\u043f\u0443\u0431\u043b\u0438\u043a\u0435 \u0421\u0440\u0431\u0438\u0458\u0435 \u0438 \u0420\u0435\u043f\u0443\u0431\u043b\u0438\u043a\u0435 \u0421\u0440\u043f\u0441\u043a\u0435 \u043f\u043e\u0442\u043f\u0438\u0441\u0430\u043d \u0443 \u0411\u0435\u043e\u0433\u0440\u0430\u0434\u0443 - \u0420\u0435\u043f\u0443\u0431\u043b\u0438\u043a\u0430 \u0421\u0440\u043f\u0441\u043a\u0430 \u0438 \u0434\u0438\u0458\u0430\u0441\u043f\u043e\u0440\u0430","isPartOf":{"@id":"https:\/\/dijasporars.com\/#website"},"primaryImageOfPage":{"@id":"https:\/\/dijasporars.com\/memorandum-o-saradnji-izmedju-vlade-republike-srpske-i-vlade-republike-srbije-radi-jacanja-veza-matice-i-pripadnika-dijaspore-sa-teritorije-republike-srbije-i-republike-srpske-potpisan-u-beogradu\/#primaryimage"},"image":{"@id":"https:\/\/dijasporars.com\/memorandum-o-saradnji-izmedju-vlade-republike-srpske-i-vlade-republike-srbije-radi-jacanja-veza-matice-i-pripadnika-dijaspore-sa-teritorije-republike-srbije-i-republike-srpske-potpisan-u-beogradu\/#primaryimage"},"thumbnailUrl":"https:\/\/dijasporars.com\/wp-content\/uploads\/2024\/06\/\u0424\u043e\u0442\u043e-\u041c\u0438\u043d\u0438\u0441\u0442\u0430\u0440\u0441\u0442\u0432\u043e-\u0437\u0430-\u0435\u0432\u0440\u043e\u0441\u043f\u043a\u0435-\u0438\u043d\u0442\u0435\u0433\u0440\u0430\u0446\u0438\u0458\u0435-\u0438-\u043c\u0435\u0452\u0443\u043d\u0430\u0440\u043e\u0434\u043d\u0443-\u0441\u0430\u0440\u0430\u0434\u045a\u0443.jpg","datePublished":"2024-06-10T09:02:18+00:00","dateModified":"2024-06-10T09:02:40+00:00","author":{"@id":"https:\/\/dijasporars.com\/#\/schema\/person\/f5052d53409aef50f7503bd1372c77ca"},"description":"Stranica za dijasporu RS, ovdje mo\u017eete prona\u0107i sve informacije, pomo\u0107 i savjete na jednom mjestu.","breadcrumb":{"@id":"https:\/\/dijasporars.com\/memorandum-o-saradnji-izmedju-vlade-republike-srpske-i-vlade-republike-srbije-radi-jacanja-veza-matice-i-pripadnika-dijaspore-sa-teritorije-republike-srbije-i-republike-srpske-potpisan-u-beogradu\/#breadcrumb"},"inLanguage":"en-US","potentialAction":[{"@type":"ReadAction","target":["https:\/\/dijasporars.com\/memorandum-o-saradnji-izmedju-vlade-republike-srpske-i-vlade-republike-srbije-radi-jacanja-veza-matice-i-pripadnika-dijaspore-sa-teritorije-republike-srbije-i-republike-srpske-potpisan-u-beogradu\/"]}]},{"@type":"ImageObject","inLanguage":"en-US","@id":"https:\/\/dijasporars.com\/memorandum-o-saradnji-izmedju-vlade-republike-srpske-i-vlade-republike-srbije-radi-jacanja-veza-matice-i-pripadnika-dijaspore-sa-teritorije-republike-srbije-i-republike-srpske-potpisan-u-beogradu\/#primaryimage","url":"https:\/\/dijasporars.com\/wp-content\/uploads\/2024\/06\/\u0424\u043e\u0442\u043e-\u041c\u0438\u043d\u0438\u0441\u0442\u0430\u0440\u0441\u0442\u0432\u043e-\u0437\u0430-\u0435\u0432\u0440\u043e\u0441\u043f\u043a\u0435-\u0438\u043d\u0442\u0435\u0433\u0440\u0430\u0446\u0438\u0458\u0435-\u0438-\u043c\u0435\u0452\u0443\u043d\u0430\u0440\u043e\u0434\u043d\u0443-\u0441\u0430\u0440\u0430\u0434\u045a\u0443.jpg","contentUrl":"https:\/\/dijasporars.com\/wp-content\/uploads\/2024\/06\/\u0424\u043e\u0442\u043e-\u041c\u0438\u043d\u0438\u0441\u0442\u0430\u0440\u0441\u0442\u0432\u043e-\u0437\u0430-\u0435\u0432\u0440\u043e\u0441\u043f\u043a\u0435-\u0438\u043d\u0442\u0435\u0433\u0440\u0430\u0446\u0438\u0458\u0435-\u0438-\u043c\u0435\u0452\u0443\u043d\u0430\u0440\u043e\u0434\u043d\u0443-\u0441\u0430\u0440\u0430\u0434\u045a\u0443.jpg","width":1800,"height":1199},{"@type":"BreadcrumbList","@id":"https:\/\/dijasporars.com\/memorandum-o-saradnji-izmedju-vlade-republike-srpske-i-vlade-republike-srbije-radi-jacanja-veza-matice-i-pripadnika-dijaspore-sa-teritorije-republike-srbije-i-republike-srpske-potpisan-u-beogradu\/#breadcrumb","itemListElement":[{"@type":"ListItem","position":1,"name":"\u041f\u043e\u0447\u0435\u0442\u043d\u0430","item":"https:\/\/dijasporars.com\/"},{"@type":"ListItem","position":2,"name":"\u041c\u0435\u043c\u043e\u0440\u0430\u043d\u0434\u0443\u043c \u043e \u0441\u0430\u0440\u0430\u0434\u045a\u0438 \u0438\u0437\u043c\u0435\u0452\u0443 \u0412\u043b\u0430\u0434\u0435 \u0420\u0435\u043f\u0443\u0431\u043b\u0438\u043a\u0435 \u0421\u0440\u043f\u0441\u043a\u0435 \u0438 \u0412\u043b\u0430\u0434\u0435 \u0420\u0435\u043f\u0443\u0431\u043b\u0438\u043a\u0435 \u0421\u0440\u0431\u0438\u0458\u0435 \u0440\u0430\u0434\u0438 \u0458\u0430\u0447\u0430\u045a\u0430 \u0432\u0435\u0437\u0430 \u043c\u0430\u0442\u0438\u0446\u0435 \u0438 \u043f\u0440\u0438\u043f\u0430\u0434\u043d\u0438\u043a\u0430 \u0434\u0438\u0458\u0430\u0441\u043f\u043e\u0440\u0435 \u0441\u0430 \u0442\u0435\u0440\u0438\u0442\u043e\u0440\u0438\u0458\u0435 \u0420\u0435\u043f\u0443\u0431\u043b\u0438\u043a\u0435 \u0421\u0440\u0431\u0438\u0458\u0435 \u0438 \u0420\u0435\u043f\u0443\u0431\u043b\u0438\u043a\u0435 \u0421\u0440\u043f\u0441\u043a\u0435 \u043f\u043e\u0442\u043f\u0438\u0441\u0430\u043d \u0443 \u0411\u0435\u043e\u0433\u0440\u0430\u0434\u0443"}]},{"@type":"WebSite","@id":"https:\/\/dijasporars.com\/#website","url":"https:\/\/dijasporars.com\/","name":"\u0420\u0435\u043f\u0443\u0431\u043b\u0438\u043a\u0430 \u0421\u0440\u043f\u0441\u043a\u0430 \u0438 \u0434\u0438\u0458\u0430\u0441\u043f\u043e\u0440\u0430","description":"","potentialAction":[{"@type":"SearchAction","target":{"@type":"EntryPoint","urlTemplate":"https:\/\/dijasporars.com\/?s={search_term_string}"},"query-input":{"@type":"PropertyValueSpecification","valueRequired":true,"valueName":"search_term_string"}}],"inLanguage":"en-US"},{"@type":"Person","@id":"https:\/\/dijasporars.com\/#\/schema\/person\/f5052d53409aef50f7503bd1372c77ca","name":"dijasporars","image":{"@type":"ImageObject","inLanguage":"en-US","@id":"https:\/\/dijasporars.com\/#\/schema\/person\/image\/","url":"https:\/\/secure.gravatar.com\/avatar\/759212a69df0744fb2be03efd361239831e31095061dacc7496bdf8524e0daf7?s=96&d=mm&r=g","contentUrl":"https:\/\/secure.gravatar.com\/avatar\/759212a69df0744fb2be03efd361239831e31095061dacc7496bdf8524e0daf7?s=96&d=mm&r=g","caption":"dijasporars"},"url":"https:\/\/dijasporars.com\/en\/author\/dijasporars\/"}]}},"_links":{"self":[{"href":"https:\/\/dijasporars.com\/en\/wp-json\/wp\/v2\/posts\/6960","targetHints":{"allow":["GET"]}}],"collection":[{"href":"https:\/\/dijasporars.com\/en\/wp-json\/wp\/v2\/posts"}],"about":[{"href":"https:\/\/dijasporars.com\/en\/wp-json\/wp\/v2\/types\/post"}],"author":[{"embeddable":true,"href":"https:\/\/dijasporars.com\/en\/wp-json\/wp\/v2\/users\/1"}],"replies":[{"embeddable":true,"href":"https:\/\/dijasporars.com\/en\/wp-json\/wp\/v2\/comments?post=6960"}],"version-history":[{"count":1,"href":"https:\/\/dijasporars.com\/en\/wp-json\/wp\/v2\/posts\/6960\/revisions"}],"predecessor-version":[{"id":6962,"href":"https:\/\/dijasporars.com\/en\/wp-json\/wp\/v2\/posts\/6960\/revisions\/6962"}],"wp:featuredmedia":[{"embeddable":true,"href":"https:\/\/dijasporars.com\/en\/wp-json\/wp\/v2\/media\/6961"}],"wp:attachment":[{"href":"https:\/\/dijasporars.com\/en\/wp-json\/wp\/v2\/media?parent=6960"}],"wp:term":[{"taxonomy":"category","embeddable":true,"href":"https:\/\/dijasporars.com\/en\/wp-json\/wp\/v2\/categories?post=6960"},{"taxonomy":"post_tag","embeddable":true,"href":"https:\/\/dijasporars.com\/en\/wp-json\/wp\/v2\/tags?post=6960"}],"curies":[{"name":"wp","href":"https:\/\/api.w.org\/{rel}","templated":true}]}}