{"id":6947,"date":"2024-06-06T12:51:47","date_gmt":"2024-06-06T10:51:47","guid":{"rendered":"https:\/\/dijasporars.com\/?p=6947"},"modified":"2024-06-06T12:52:14","modified_gmt":"2024-06-06T10:52:14","slug":"beograd-je-u-subotu-centar-srpskog-svijeta","status":"publish","type":"post","link":"https:\/\/dijasporars.com\/en\/beograd-je-u-subotu-centar-srpskog-svijeta\/","title":{"rendered":"Belgrade to Be Center of Serbian World on Saturday"},"content":{"rendered":"<p>We expect the Pan-Serbian Assembly to yield continuation of good cooperation and confirmation of our unity, said the Serb Member of the BiH Presidency, \u017deljka Cvijanovi\u0107.<\/p>\n<p>Cvijanovi\u0107 noted that \u2018good relations are something we are already living and have experienced.\u2019<\/p>\n<p>\u2013 Naturally, we expect these relations to be increasingly better and meaningful. In the past years, they have already been filled in the best possible way. I think it will be a manifestation of exactly that \u2013 our unity and our commitment to work together and build our future \u2013 said Cvijanovi\u0107.<\/p>\n<p>Cvijanovi\u0107 noted that it is \u2018our commitment to cooperate, but also a confirmation that we are actually people striving for the same goals, people with a shared history, belonging to the same nation and people who love and promote peace, cooperation, shared living, good relations with everyone in the region.\u2019<\/p>\n<p>\u2013 I think that is actually the main indicator. Naturally, we also have expectations regarding continuation of good cooperation on a concrete level, regarding implementation of various projects, infrastructure connectivity, connectivity through energy projects, connectivity in every possible way, in all possible areas ranging from sports, culture, or all that binds us \u2013 said Cvijanovi\u0107.<\/p>\n<p>Cvijanovi\u0107 stated that \u2018such gatherings are very important.\u2019<\/p>\n<p>\u2013 I think these are complex times, and of course in such complex times you look for different forms to show that you are people who want to and can work together, who are focused on the same goals and who feel close to each other in a way that is only a natural connection, so nothing else. This is a pure idea based on pure love, pure brotherly relations, pure family relations and pure national relations. I must say that they happen with an open and full heart and that they are always a sign of our love that we have for each other and finally our commitment to keep it that way in the future. We also support each other, we share the same values, the same aspirations, I would say that we have the same fears concerning the future, but also the same wounds regarding the past \u2013 said Cvijanovi\u0107.<\/p>\n<p>Cvijanovi\u0107 noted that \u2018we are connected in so many ways that we are a single organic tissue and this is something that will also manifest now.\u2019<\/p>\n<p>The Minister of Energy and Mining of the Republic of Srpska, Petar \u0110oki\u0107, said yesterday in Belgrade that the upcoming Pan-Serbian Assembly was not a threat to anyone, but only a manifestation of Serbian unity, Serbian harmony and even Serbian strength, which should be understood as such by everyone in the region.<\/p>\n<p>\u0110oki\u0107 noted that the Assembly, to be held on Saturday, 8 June, in Belgrade aimed to establish a new relationship of mutual communication between Serbia and Republic of Srpska and the way in which they would consider all important issues of interest for the Serbian people, but also for other nations living in Serbia and Srpska.<\/p>\n<p>\u2013 With this assembly, we confirm our firm orientation to stay together, that in the future we will share both difficult and joyful moments and that we will have more coordination and more joint activities, which will lead to the prosperity of the Serbian people as a whole. This Assembly is building on all our previous activities we have had regarding cooperation between Serbia and Republic of Srpska. The Assembly creates a new dimension of our common relations and our shared future \u2013 stated \u0110oki\u0107.<\/p>\n<section>The session of the two governments, meetings of ministers and directors of state-owned enterprises from both sides of the Drina, where important decisions will be made, and performances by cultural and artistic societies from Serbia and Srpska are just some of the events that will take place on Saturday in Belgrade at the Pan-Serbian Assembly of the Republic of Srpska and Serbia, where the unity of the Serbian people will be confirmed.<\/p>\n<p>In addition to the capital, programs are planned throughout Serbia.<\/p>\n<p>The day begins with a moleben in the Church of St Sava, continues with meetings of the presidents, governments, but also businessmen, representatives of various associations, cultural institutions of Serbia and Republic of Srpska.<\/p>\n<p><strong>Everyone Is Invited<\/strong><\/p>\n<p>Serbian President Aleksandar Vu\u010di\u0107 said that around 10,000 people from the Republic of Srpska were expected at the Pan-Serbian Assembly.<\/p>\n<p><strong>Memorandum<\/strong><\/p>\n<p>Ministers in the Government of Srpska state that the Pan-Serbian Assembly is not a threat to anyone, but a manifestation of Serbian unity, Serbian harmony, and even Serbian strength, which should be understood as such by everyone in the region.<\/p>\n<p>The Ministries of Education and Culture of Srpska and Serbia have already announced signing of a Memorandum of Cooperation in the field of film art and other audiovisual creativity on Saturday.<\/p>\n<p>The Minister of European Integration and International Cooperation of the Republic of Srpska, Zlatan Kloki\u0107, met today (25 April 2024) in his office with \u0110or\u0111e Mili\u0107evi\u0107, the minister without portfolio in charge of coordinating activities and measures in the field of relations between the Republic of Serbia and the diaspora.<\/p>\n<p>\u2013 The memorandum aims to establish stronger cooperation in the field of diaspora. Also, the day before holding of the Assembly, we will have meetings with the minister in charge of European integration in the Government of Serbia. The meeting will discuss Serbia\u2019s assistance in this context, given that Serbia is several steps ahead in the process compared to BiH. There will be meetings with some other ministers \u2013 said Kloki\u0107.<\/p>\n<p>\u2013 We will have a meeting with the management of the Serbian Railways to discuss joint projects in addition to those announced \u2013 said the director of the Republic of Srpska Railways, Sla\u0111an Jovi\u0107.<\/p>\n<p><strong>Kolo on Trg Republike<\/strong><\/p>\n<p>For the first time, almost all folklore ensembles of Serbia and Republic of Srpska will gather in one place. About 2,500 dancers from as many as 48 cultural and artistic societies will perform a medley of Serbian folk dances at Belgrade\u2019s Trg Republike.<\/p>\n<p>The president of the Association of Amateur Cultural and Artistic Societies of the Republic of Srpska, Nemanja Kne\u017eevi\u0107, said that 20 cultural and artistic societies and ensembles from 16 local communities of Srpska would perform in Belgrade on Saturday.<\/p>\n<p>\u2013 There will be 800 to 1,000 participants from the Republic of Srpska at the Pan-Serbian Assembly. We are traveling to Belgrade on Friday. We are all looking forward to this important event for the Serbian people \u2013 said Kne\u017eevi\u0107 and stated that the republic federation he headed was a partner of the National Ensemble Kolo and the Government of Serbia in holding the Pan-Serbian Assembly in Belgrade.<\/p>\n<p>He said that members of the cultural and artistic societies would perform in several locations and that Kalemegdan was one of them.<\/p>\n<p>\u2013 Also, the performances will take place in front of the Belgrade City Assembly. There will be stages with cultural and artistic societies from Srpska on one side, and those from the Republic of Serbia on the other. Then, as a parade, we will all go to Trg Republike, where a large joint kolo will be formed, danced by 20 societies from Srpska and about 30 from the Republic of Serbia \u2013 concluded Kne\u017eevi\u0107.<\/p>\n<p>Source: RTRS \u2013 SRNA \u2013 Glas Srpske<\/p>\n<p>Photo: Marko Edge<\/p>\n<\/section>","protected":false},"excerpt":{"rendered":"<p>We expect the Pan-Serbian Assembly to yield continuation of good cooperation and confirmation of our unity, said the Serb Member of the BiH Presidency, \u017deljka Cvijanovi\u0107. Cvijanovi\u0107 noted that \u2018good relations are something we are already living and have experienced.\u2019 \u2013 Naturally, we expect these relations to be increasingly better and meaningful. \nIn the past years, they have already been filled in the best possible<\/p>","protected":false},"author":1,"featured_media":6948,"comment_status":"closed","ping_status":"closed","sticky":false,"template":"","format":"standard","meta":{"footnotes":""},"categories":[52,76,77],"tags":[],"class_list":["post-6947","post","type-post","status-publish","format-standard","has-post-thumbnail","hentry","category-vijesti","category-vijesti-dijaspora","category-vijesti-republika-srpska"],"yoast_head":"<!-- This site is optimized with the Yoast SEO plugin v24.6 - https:\/\/yoast.com\/wordpress\/plugins\/seo\/ -->\n<title>\u0411\u0435\u043e\u0433\u0440\u0430\u0434 \u0458\u0435 \u0443 \u0441\u0443\u0431\u043e\u0442\u0443 \u0446\u0435\u043d\u0442\u0430\u0440 \u0441\u0440\u043f\u0441\u043a\u043e\u0433 \u0441\u0432\u0438\u0458\u0435\u0442\u0430 - \u0420\u0435\u043f\u0443\u0431\u043b\u0438\u043a\u0430 \u0421\u0440\u043f\u0441\u043a\u0430 \u0438 \u0434\u0438\u0458\u0430\u0441\u043f\u043e\u0440\u0430<\/title>\n<meta name=\"description\" content=\"Stranica za dijasporu RS, ovdje mo\u017eete prona\u0107i sve informacije, pomo\u0107 i savjete na jednom mjestu.\" \/>\n<meta name=\"robots\" content=\"index, follow, max-snippet:-1, max-image-preview:large, max-video-preview:-1\" \/>\n<link rel=\"canonical\" href=\"https:\/\/dijasporars.com\/en\/beograd-je-u-subotu-centar-srpskog-svijeta\/\" \/>\n<meta property=\"og:locale\" content=\"en_US\" \/>\n<meta property=\"og:type\" content=\"article\" \/>\n<meta property=\"og:title\" content=\"\u0411\u0435\u043e\u0433\u0440\u0430\u0434 \u0458\u0435 \u0443 \u0441\u0443\u0431\u043e\u0442\u0443 \u0446\u0435\u043d\u0442\u0430\u0440 \u0441\u0440\u043f\u0441\u043a\u043e\u0433 \u0441\u0432\u0438\u0458\u0435\u0442\u0430 - \u0420\u0435\u043f\u0443\u0431\u043b\u0438\u043a\u0430 \u0421\u0440\u043f\u0441\u043a\u0430 \u0438 \u0434\u0438\u0458\u0430\u0441\u043f\u043e\u0440\u0430\" \/>\n<meta property=\"og:description\" content=\"Stranica za dijasporu RS, ovdje mo\u017eete prona\u0107i sve informacije, pomo\u0107 i savjete na jednom mjestu.\" \/>\n<meta property=\"og:url\" content=\"https:\/\/dijasporars.com\/en\/beograd-je-u-subotu-centar-srpskog-svijeta\/\" \/>\n<meta property=\"og:site_name\" content=\"\u0420\u0435\u043f\u0443\u0431\u043b\u0438\u043a\u0430 \u0421\u0440\u043f\u0441\u043a\u0430 \u0438 \u0434\u0438\u0458\u0430\u0441\u043f\u043e\u0440\u0430\" \/>\n<meta property=\"article:published_time\" content=\"2024-06-06T10:51:47+00:00\" \/>\n<meta property=\"article:modified_time\" content=\"2024-06-06T10:52:14+00:00\" \/>\n<meta property=\"og:image\" content=\"https:\/\/dijasporars.com\/wp-content\/uploads\/2024\/06\/\u0424\u043e\u0442\u043e-Marko-Edge.jpg\" \/>\n\t<meta property=\"og:image:width\" content=\"833\" \/>\n\t<meta property=\"og:image:height\" content=\"600\" \/>\n\t<meta property=\"og:image:type\" content=\"image\/jpeg\" \/>\n<meta name=\"author\" content=\"dijasporars\" \/>\n<meta name=\"twitter:card\" content=\"summary_large_image\" \/>\n<meta name=\"twitter:label1\" content=\"Written by\" \/>\n\t<meta name=\"twitter:data1\" content=\"dijasporars\" \/>\n<script type=\"application\/ld+json\" class=\"yoast-schema-graph\">{\"@context\":\"https:\/\/schema.org\",\"@graph\":[{\"@type\":\"WebPage\",\"@id\":\"https:\/\/dijasporars.com\/beograd-je-u-subotu-centar-srpskog-svijeta\/\",\"url\":\"https:\/\/dijasporars.com\/beograd-je-u-subotu-centar-srpskog-svijeta\/\",\"name\":\"\u0411\u0435\u043e\u0433\u0440\u0430\u0434 \u0458\u0435 \u0443 \u0441\u0443\u0431\u043e\u0442\u0443 \u0446\u0435\u043d\u0442\u0430\u0440 \u0441\u0440\u043f\u0441\u043a\u043e\u0433 \u0441\u0432\u0438\u0458\u0435\u0442\u0430 - \u0420\u0435\u043f\u0443\u0431\u043b\u0438\u043a\u0430 \u0421\u0440\u043f\u0441\u043a\u0430 \u0438 \u0434\u0438\u0458\u0430\u0441\u043f\u043e\u0440\u0430\",\"isPartOf\":{\"@id\":\"https:\/\/dijasporars.com\/#website\"},\"primaryImageOfPage\":{\"@id\":\"https:\/\/dijasporars.com\/beograd-je-u-subotu-centar-srpskog-svijeta\/#primaryimage\"},\"image\":{\"@id\":\"https:\/\/dijasporars.com\/beograd-je-u-subotu-centar-srpskog-svijeta\/#primaryimage\"},\"thumbnailUrl\":\"https:\/\/dijasporars.com\/wp-content\/uploads\/2024\/06\/\u0424\u043e\u0442\u043e-Marko-Edge.jpg\",\"datePublished\":\"2024-06-06T10:51:47+00:00\",\"dateModified\":\"2024-06-06T10:52:14+00:00\",\"author\":{\"@id\":\"https:\/\/dijasporars.com\/#\/schema\/person\/f5052d53409aef50f7503bd1372c77ca\"},\"description\":\"Stranica za dijasporu RS, ovdje mo\u017eete prona\u0107i sve informacije, pomo\u0107 i savjete na jednom mjestu.\",\"breadcrumb\":{\"@id\":\"https:\/\/dijasporars.com\/beograd-je-u-subotu-centar-srpskog-svijeta\/#breadcrumb\"},\"inLanguage\":\"en-US\",\"potentialAction\":[{\"@type\":\"ReadAction\",\"target\":[\"https:\/\/dijasporars.com\/beograd-je-u-subotu-centar-srpskog-svijeta\/\"]}]},{\"@type\":\"ImageObject\",\"inLanguage\":\"en-US\",\"@id\":\"https:\/\/dijasporars.com\/beograd-je-u-subotu-centar-srpskog-svijeta\/#primaryimage\",\"url\":\"https:\/\/dijasporars.com\/wp-content\/uploads\/2024\/06\/\u0424\u043e\u0442\u043e-Marko-Edge.jpg\",\"contentUrl\":\"https:\/\/dijasporars.com\/wp-content\/uploads\/2024\/06\/\u0424\u043e\u0442\u043e-Marko-Edge.jpg\",\"width\":833,\"height\":600},{\"@type\":\"BreadcrumbList\",\"@id\":\"https:\/\/dijasporars.com\/beograd-je-u-subotu-centar-srpskog-svijeta\/#breadcrumb\",\"itemListElement\":[{\"@type\":\"ListItem\",\"position\":1,\"name\":\"\u041f\u043e\u0447\u0435\u0442\u043d\u0430\",\"item\":\"https:\/\/dijasporars.com\/\"},{\"@type\":\"ListItem\",\"position\":2,\"name\":\"\u0411\u0435\u043e\u0433\u0440\u0430\u0434 \u0458\u0435 \u0443 \u0441\u0443\u0431\u043e\u0442\u0443 \u0446\u0435\u043d\u0442\u0430\u0440 \u0441\u0440\u043f\u0441\u043a\u043e\u0433 \u0441\u0432\u0438\u0458\u0435\u0442\u0430\"}]},{\"@type\":\"WebSite\",\"@id\":\"https:\/\/dijasporars.com\/#website\",\"url\":\"https:\/\/dijasporars.com\/\",\"name\":\"\u0420\u0435\u043f\u0443\u0431\u043b\u0438\u043a\u0430 \u0421\u0440\u043f\u0441\u043a\u0430 \u0438 \u0434\u0438\u0458\u0430\u0441\u043f\u043e\u0440\u0430\",\"description\":\"\",\"potentialAction\":[{\"@type\":\"SearchAction\",\"target\":{\"@type\":\"EntryPoint\",\"urlTemplate\":\"https:\/\/dijasporars.com\/?s={search_term_string}\"},\"query-input\":{\"@type\":\"PropertyValueSpecification\",\"valueRequired\":true,\"valueName\":\"search_term_string\"}}],\"inLanguage\":\"en-US\"},{\"@type\":\"Person\",\"@id\":\"https:\/\/dijasporars.com\/#\/schema\/person\/f5052d53409aef50f7503bd1372c77ca\",\"name\":\"dijasporars\",\"image\":{\"@type\":\"ImageObject\",\"inLanguage\":\"en-US\",\"@id\":\"https:\/\/dijasporars.com\/#\/schema\/person\/image\/\",\"url\":\"https:\/\/secure.gravatar.com\/avatar\/759212a69df0744fb2be03efd361239831e31095061dacc7496bdf8524e0daf7?s=96&d=mm&r=g\",\"contentUrl\":\"https:\/\/secure.gravatar.com\/avatar\/759212a69df0744fb2be03efd361239831e31095061dacc7496bdf8524e0daf7?s=96&d=mm&r=g\",\"caption\":\"dijasporars\"},\"url\":\"https:\/\/dijasporars.com\/en\/author\/dijasporars\/\"}]}<\/script>\n<!-- \/ Yoast SEO plugin. -->","yoast_head_json":{"title":"\u0411\u0435\u043e\u0433\u0440\u0430\u0434 \u0458\u0435 \u0443 \u0441\u0443\u0431\u043e\u0442\u0443 \u0446\u0435\u043d\u0442\u0430\u0440 \u0441\u0440\u043f\u0441\u043a\u043e\u0433 \u0441\u0432\u0438\u0458\u0435\u0442\u0430 - \u0420\u0435\u043f\u0443\u0431\u043b\u0438\u043a\u0430 \u0421\u0440\u043f\u0441\u043a\u0430 \u0438 \u0434\u0438\u0458\u0430\u0441\u043f\u043e\u0440\u0430","description":"Stranica za dijasporu RS, ovdje mo\u017eete prona\u0107i sve informacije, pomo\u0107 i savjete na jednom mjestu.","robots":{"index":"index","follow":"follow","max-snippet":"max-snippet:-1","max-image-preview":"max-image-preview:large","max-video-preview":"max-video-preview:-1"},"canonical":"https:\/\/dijasporars.com\/en\/beograd-je-u-subotu-centar-srpskog-svijeta\/","og_locale":"en_US","og_type":"article","og_title":"\u0411\u0435\u043e\u0433\u0440\u0430\u0434 \u0458\u0435 \u0443 \u0441\u0443\u0431\u043e\u0442\u0443 \u0446\u0435\u043d\u0442\u0430\u0440 \u0441\u0440\u043f\u0441\u043a\u043e\u0433 \u0441\u0432\u0438\u0458\u0435\u0442\u0430 - \u0420\u0435\u043f\u0443\u0431\u043b\u0438\u043a\u0430 \u0421\u0440\u043f\u0441\u043a\u0430 \u0438 \u0434\u0438\u0458\u0430\u0441\u043f\u043e\u0440\u0430","og_description":"Stranica za dijasporu RS, ovdje mo\u017eete prona\u0107i sve informacije, pomo\u0107 i savjete na jednom mjestu.","og_url":"https:\/\/dijasporars.com\/en\/beograd-je-u-subotu-centar-srpskog-svijeta\/","og_site_name":"\u0420\u0435\u043f\u0443\u0431\u043b\u0438\u043a\u0430 \u0421\u0440\u043f\u0441\u043a\u0430 \u0438 \u0434\u0438\u0458\u0430\u0441\u043f\u043e\u0440\u0430","article_published_time":"2024-06-06T10:51:47+00:00","article_modified_time":"2024-06-06T10:52:14+00:00","og_image":[{"width":833,"height":600,"url":"https:\/\/dijasporars.com\/wp-content\/uploads\/2024\/06\/\u0424\u043e\u0442\u043e-Marko-Edge.jpg","type":"image\/jpeg"}],"author":"dijasporars","twitter_card":"summary_large_image","twitter_misc":{"Written by":"dijasporars"},"schema":{"@context":"https:\/\/schema.org","@graph":[{"@type":"WebPage","@id":"https:\/\/dijasporars.com\/beograd-je-u-subotu-centar-srpskog-svijeta\/","url":"https:\/\/dijasporars.com\/beograd-je-u-subotu-centar-srpskog-svijeta\/","name":"\u0411\u0435\u043e\u0433\u0440\u0430\u0434 \u0458\u0435 \u0443 \u0441\u0443\u0431\u043e\u0442\u0443 \u0446\u0435\u043d\u0442\u0430\u0440 \u0441\u0440\u043f\u0441\u043a\u043e\u0433 \u0441\u0432\u0438\u0458\u0435\u0442\u0430 - \u0420\u0435\u043f\u0443\u0431\u043b\u0438\u043a\u0430 \u0421\u0440\u043f\u0441\u043a\u0430 \u0438 \u0434\u0438\u0458\u0430\u0441\u043f\u043e\u0440\u0430","isPartOf":{"@id":"https:\/\/dijasporars.com\/#website"},"primaryImageOfPage":{"@id":"https:\/\/dijasporars.com\/beograd-je-u-subotu-centar-srpskog-svijeta\/#primaryimage"},"image":{"@id":"https:\/\/dijasporars.com\/beograd-je-u-subotu-centar-srpskog-svijeta\/#primaryimage"},"thumbnailUrl":"https:\/\/dijasporars.com\/wp-content\/uploads\/2024\/06\/\u0424\u043e\u0442\u043e-Marko-Edge.jpg","datePublished":"2024-06-06T10:51:47+00:00","dateModified":"2024-06-06T10:52:14+00:00","author":{"@id":"https:\/\/dijasporars.com\/#\/schema\/person\/f5052d53409aef50f7503bd1372c77ca"},"description":"Stranica za dijasporu RS, ovdje mo\u017eete prona\u0107i sve informacije, pomo\u0107 i savjete na jednom mjestu.","breadcrumb":{"@id":"https:\/\/dijasporars.com\/beograd-je-u-subotu-centar-srpskog-svijeta\/#breadcrumb"},"inLanguage":"en-US","potentialAction":[{"@type":"ReadAction","target":["https:\/\/dijasporars.com\/beograd-je-u-subotu-centar-srpskog-svijeta\/"]}]},{"@type":"ImageObject","inLanguage":"en-US","@id":"https:\/\/dijasporars.com\/beograd-je-u-subotu-centar-srpskog-svijeta\/#primaryimage","url":"https:\/\/dijasporars.com\/wp-content\/uploads\/2024\/06\/\u0424\u043e\u0442\u043e-Marko-Edge.jpg","contentUrl":"https:\/\/dijasporars.com\/wp-content\/uploads\/2024\/06\/\u0424\u043e\u0442\u043e-Marko-Edge.jpg","width":833,"height":600},{"@type":"BreadcrumbList","@id":"https:\/\/dijasporars.com\/beograd-je-u-subotu-centar-srpskog-svijeta\/#breadcrumb","itemListElement":[{"@type":"ListItem","position":1,"name":"\u041f\u043e\u0447\u0435\u0442\u043d\u0430","item":"https:\/\/dijasporars.com\/"},{"@type":"ListItem","position":2,"name":"\u0411\u0435\u043e\u0433\u0440\u0430\u0434 \u0458\u0435 \u0443 \u0441\u0443\u0431\u043e\u0442\u0443 \u0446\u0435\u043d\u0442\u0430\u0440 \u0441\u0440\u043f\u0441\u043a\u043e\u0433 \u0441\u0432\u0438\u0458\u0435\u0442\u0430"}]},{"@type":"WebSite","@id":"https:\/\/dijasporars.com\/#website","url":"https:\/\/dijasporars.com\/","name":"\u0420\u0435\u043f\u0443\u0431\u043b\u0438\u043a\u0430 \u0421\u0440\u043f\u0441\u043a\u0430 \u0438 \u0434\u0438\u0458\u0430\u0441\u043f\u043e\u0440\u0430","description":"","potentialAction":[{"@type":"SearchAction","target":{"@type":"EntryPoint","urlTemplate":"https:\/\/dijasporars.com\/?s={search_term_string}"},"query-input":{"@type":"PropertyValueSpecification","valueRequired":true,"valueName":"search_term_string"}}],"inLanguage":"en-US"},{"@type":"Person","@id":"https:\/\/dijasporars.com\/#\/schema\/person\/f5052d53409aef50f7503bd1372c77ca","name":"dijasporars","image":{"@type":"ImageObject","inLanguage":"en-US","@id":"https:\/\/dijasporars.com\/#\/schema\/person\/image\/","url":"https:\/\/secure.gravatar.com\/avatar\/759212a69df0744fb2be03efd361239831e31095061dacc7496bdf8524e0daf7?s=96&d=mm&r=g","contentUrl":"https:\/\/secure.gravatar.com\/avatar\/759212a69df0744fb2be03efd361239831e31095061dacc7496bdf8524e0daf7?s=96&d=mm&r=g","caption":"dijasporars"},"url":"https:\/\/dijasporars.com\/en\/author\/dijasporars\/"}]}},"_links":{"self":[{"href":"https:\/\/dijasporars.com\/en\/wp-json\/wp\/v2\/posts\/6947","targetHints":{"allow":["GET"]}}],"collection":[{"href":"https:\/\/dijasporars.com\/en\/wp-json\/wp\/v2\/posts"}],"about":[{"href":"https:\/\/dijasporars.com\/en\/wp-json\/wp\/v2\/types\/post"}],"author":[{"embeddable":true,"href":"https:\/\/dijasporars.com\/en\/wp-json\/wp\/v2\/users\/1"}],"replies":[{"embeddable":true,"href":"https:\/\/dijasporars.com\/en\/wp-json\/wp\/v2\/comments?post=6947"}],"version-history":[{"count":1,"href":"https:\/\/dijasporars.com\/en\/wp-json\/wp\/v2\/posts\/6947\/revisions"}],"predecessor-version":[{"id":6949,"href":"https:\/\/dijasporars.com\/en\/wp-json\/wp\/v2\/posts\/6947\/revisions\/6949"}],"wp:featuredmedia":[{"embeddable":true,"href":"https:\/\/dijasporars.com\/en\/wp-json\/wp\/v2\/media\/6948"}],"wp:attachment":[{"href":"https:\/\/dijasporars.com\/en\/wp-json\/wp\/v2\/media?parent=6947"}],"wp:term":[{"taxonomy":"category","embeddable":true,"href":"https:\/\/dijasporars.com\/en\/wp-json\/wp\/v2\/categories?post=6947"},{"taxonomy":"post_tag","embeddable":true,"href":"https:\/\/dijasporars.com\/en\/wp-json\/wp\/v2\/tags?post=6947"}],"curies":[{"name":"wp","href":"https:\/\/api.w.org\/{rel}","templated":true}]}}