{"id":5875,"date":"2023-09-01T09:34:29","date_gmt":"2023-09-01T07:34:29","guid":{"rendered":"https:\/\/dijasporars.com\/?p=5875"},"modified":"2023-09-01T09:36:52","modified_gmt":"2023-09-01T07:36:52","slug":"ministar-klokic-sa-zamjenikom-sefa-misije-ambasade-rumunije-u-bih","status":"publish","type":"post","link":"https:\/\/dijasporars.com\/en\/ministar-klokic-sa-zamjenikom-sefa-misije-ambasade-rumunije-u-bih\/","title":{"rendered":"Minister Kloki\u0107 with Deputy Head of Mission of Romanian Embassy to BiH"},"content":{"rendered":"<p>Minister Kloki\u0107 joined a meeting yesterday held by the president of the Banja Luka Regional Chamber of Commerce, which was attended also by Dr Mih\u0103i\u021b\u0103 Ene, Deputy Head of Mission for Political, Consular and Economic Affairs at the Embassy of Romania in Bosnia and Herzegovina.<\/p>\n<p>The main topic of the meeting was the expansion of economic relations between these two countries, and the attendees also touched on the current foreign trade.<\/p>\n<p>Minister Kloki\u0107 said that relations between Romania and Republic of Srpska were good, and that we had no open political issues.<\/p>\n<p>President Ra\u010di\u0107 noted the cooperation with the Chambers of Romania, Ploie\u0219ti and Bucharest, and that there was room for economic cooperation.<\/p>\n<p>According to Ene, there is concrete interest in importing our products to Romania, specifically in the IT sector, wood, processing, food and textile industries, as well as the defense industry (weapons, ammunition, overhaul). Also, Romanian investors are interested in the conditions for investing in the Republic of Srpska in the field of construction industry and renewable energy sources.<\/p>\n<p>Source: Ministry of European Integration and International Cooperation \u2013 Chamber of Commerce of the Republic of Srpska Regional Chamber of Commerce Banja Luka<\/p>\n<p>Photo: Ministry of European Integration and International Cooperation<\/p>","protected":false},"excerpt":{"rendered":"<p>Minister Kloki\u0107 joined a meeting yesterday held by the president of the Banja Luka Regional Chamber of Commerce, which was attended also by Dr Mih\u0103i\u021b\u0103 Ene, Deputy Head of Mission for Political, Consular and Economic Affairs at the Embassy of Romania in Bosnia and Herzegovina. The main topic of the meeting was the expansion of economic relations between these two countries, and the attendees also touched<\/p>","protected":false},"author":1,"featured_media":5876,"comment_status":"closed","ping_status":"closed","sticky":false,"template":"","format":"standard","meta":{"footnotes":""},"categories":[52,77],"tags":[],"class_list":["post-5875","post","type-post","status-publish","format-standard","has-post-thumbnail","hentry","category-vijesti","category-vijesti-republika-srpska"],"yoast_head":"<!-- This site is optimized with the Yoast SEO plugin v24.6 - https:\/\/yoast.com\/wordpress\/plugins\/seo\/ -->\n<title>\u041c\u0438\u043d\u0438\u0441\u0442\u0430\u0440 \u041a\u043b\u043e\u043a\u0438\u045b \u0441\u0430 \u0437\u0430\u043c\u0458\u0435\u043d\u0438\u043a\u043e\u043c \u0448\u0435\u0444\u0430 \u043c\u0438\u0441\u0438\u0458\u0435 \u0410\u043c\u0431\u0430\u0441\u0430\u0434\u0435 \u0420\u0443\u043c\u0443\u043d\u0438\u0458\u0435 \u0443 \u0411\u0438\u0425 - \u0420\u0435\u043f\u0443\u0431\u043b\u0438\u043a\u0430 \u0421\u0440\u043f\u0441\u043a\u0430 \u0438 \u0434\u0438\u0458\u0430\u0441\u043f\u043e\u0440\u0430<\/title>\n<meta name=\"description\" content=\"Stranica za dijasporu RS, ovdje mo\u017eete prona\u0107i sve informacije, pomo\u0107 i savjete na jednom mjestu.\" \/>\n<meta name=\"robots\" content=\"index, follow, max-snippet:-1, max-image-preview:large, max-video-preview:-1\" \/>\n<link rel=\"canonical\" href=\"https:\/\/dijasporars.com\/en\/ministar-klokic-sa-zamjenikom-sefa-misije-ambasade-rumunije-u-bih\/\" \/>\n<meta property=\"og:locale\" content=\"en_US\" \/>\n<meta property=\"og:type\" content=\"article\" \/>\n<meta property=\"og:title\" content=\"\u041c\u0438\u043d\u0438\u0441\u0442\u0430\u0440 \u041a\u043b\u043e\u043a\u0438\u045b \u0441\u0430 \u0437\u0430\u043c\u0458\u0435\u043d\u0438\u043a\u043e\u043c \u0448\u0435\u0444\u0430 \u043c\u0438\u0441\u0438\u0458\u0435 \u0410\u043c\u0431\u0430\u0441\u0430\u0434\u0435 \u0420\u0443\u043c\u0443\u043d\u0438\u0458\u0435 \u0443 \u0411\u0438\u0425 - \u0420\u0435\u043f\u0443\u0431\u043b\u0438\u043a\u0430 \u0421\u0440\u043f\u0441\u043a\u0430 \u0438 \u0434\u0438\u0458\u0430\u0441\u043f\u043e\u0440\u0430\" \/>\n<meta property=\"og:description\" content=\"Stranica za dijasporu RS, ovdje mo\u017eete prona\u0107i sve informacije, pomo\u0107 i savjete na jednom mjestu.\" \/>\n<meta property=\"og:url\" content=\"https:\/\/dijasporars.com\/en\/ministar-klokic-sa-zamjenikom-sefa-misije-ambasade-rumunije-u-bih\/\" \/>\n<meta property=\"og:site_name\" content=\"\u0420\u0435\u043f\u0443\u0431\u043b\u0438\u043a\u0430 \u0421\u0440\u043f\u0441\u043a\u0430 \u0438 \u0434\u0438\u0458\u0430\u0441\u043f\u043e\u0440\u0430\" \/>\n<meta property=\"article:published_time\" content=\"2023-09-01T07:34:29+00:00\" \/>\n<meta property=\"article:modified_time\" content=\"2023-09-01T07:36:52+00:00\" \/>\n<meta property=\"og:image\" content=\"https:\/\/dijasporars.com\/wp-content\/uploads\/2023\/09\/\u0424\u043e\u0442\u043e-\u041c\u0438\u043d\u0438\u0441\u0442\u0430\u0440\u0441\u0442\u0432\u043e-\u0437\u0430-\u0435\u0432\u0440\u043e\u043f\u0441\u043a\u0435-\u0438\u043d\u0442\u0435\u0433\u0440\u0430\u0446\u0438\u0458\u0435-\u0438-\u043c\u0435\u0452\u0443\u043d\u0430\u0440\u043e\u0434\u043d\u0443-\u0441\u0430\u0440\u0430\u0434\u045a\u0443.jpg\" \/>\n\t<meta property=\"og:image:width\" content=\"2048\" \/>\n\t<meta property=\"og:image:height\" content=\"1153\" \/>\n\t<meta property=\"og:image:type\" content=\"image\/jpeg\" \/>\n<meta name=\"author\" content=\"dijasporars\" \/>\n<meta name=\"twitter:card\" content=\"summary_large_image\" \/>\n<meta name=\"twitter:label1\" content=\"Written by\" \/>\n\t<meta name=\"twitter:data1\" content=\"dijasporars\" \/>\n<script type=\"application\/ld+json\" class=\"yoast-schema-graph\">{\"@context\":\"https:\/\/schema.org\",\"@graph\":[{\"@type\":\"WebPage\",\"@id\":\"https:\/\/dijasporars.com\/ministar-klokic-sa-zamjenikom-sefa-misije-ambasade-rumunije-u-bih\/\",\"url\":\"https:\/\/dijasporars.com\/ministar-klokic-sa-zamjenikom-sefa-misije-ambasade-rumunije-u-bih\/\",\"name\":\"\u041c\u0438\u043d\u0438\u0441\u0442\u0430\u0440 \u041a\u043b\u043e\u043a\u0438\u045b \u0441\u0430 \u0437\u0430\u043c\u0458\u0435\u043d\u0438\u043a\u043e\u043c \u0448\u0435\u0444\u0430 \u043c\u0438\u0441\u0438\u0458\u0435 \u0410\u043c\u0431\u0430\u0441\u0430\u0434\u0435 \u0420\u0443\u043c\u0443\u043d\u0438\u0458\u0435 \u0443 \u0411\u0438\u0425 - \u0420\u0435\u043f\u0443\u0431\u043b\u0438\u043a\u0430 \u0421\u0440\u043f\u0441\u043a\u0430 \u0438 \u0434\u0438\u0458\u0430\u0441\u043f\u043e\u0440\u0430\",\"isPartOf\":{\"@id\":\"https:\/\/dijasporars.com\/#website\"},\"primaryImageOfPage\":{\"@id\":\"https:\/\/dijasporars.com\/ministar-klokic-sa-zamjenikom-sefa-misije-ambasade-rumunije-u-bih\/#primaryimage\"},\"image\":{\"@id\":\"https:\/\/dijasporars.com\/ministar-klokic-sa-zamjenikom-sefa-misije-ambasade-rumunije-u-bih\/#primaryimage\"},\"thumbnailUrl\":\"https:\/\/dijasporars.com\/wp-content\/uploads\/2023\/09\/\u0424\u043e\u0442\u043e-\u041c\u0438\u043d\u0438\u0441\u0442\u0430\u0440\u0441\u0442\u0432\u043e-\u0437\u0430-\u0435\u0432\u0440\u043e\u043f\u0441\u043a\u0435-\u0438\u043d\u0442\u0435\u0433\u0440\u0430\u0446\u0438\u0458\u0435-\u0438-\u043c\u0435\u0452\u0443\u043d\u0430\u0440\u043e\u0434\u043d\u0443-\u0441\u0430\u0440\u0430\u0434\u045a\u0443.jpg\",\"datePublished\":\"2023-09-01T07:34:29+00:00\",\"dateModified\":\"2023-09-01T07:36:52+00:00\",\"author\":{\"@id\":\"https:\/\/dijasporars.com\/#\/schema\/person\/f5052d53409aef50f7503bd1372c77ca\"},\"description\":\"Stranica za dijasporu RS, ovdje mo\u017eete prona\u0107i sve informacije, pomo\u0107 i savjete na jednom mjestu.\",\"breadcrumb\":{\"@id\":\"https:\/\/dijasporars.com\/ministar-klokic-sa-zamjenikom-sefa-misije-ambasade-rumunije-u-bih\/#breadcrumb\"},\"inLanguage\":\"en-US\",\"potentialAction\":[{\"@type\":\"ReadAction\",\"target\":[\"https:\/\/dijasporars.com\/ministar-klokic-sa-zamjenikom-sefa-misije-ambasade-rumunije-u-bih\/\"]}]},{\"@type\":\"ImageObject\",\"inLanguage\":\"en-US\",\"@id\":\"https:\/\/dijasporars.com\/ministar-klokic-sa-zamjenikom-sefa-misije-ambasade-rumunije-u-bih\/#primaryimage\",\"url\":\"https:\/\/dijasporars.com\/wp-content\/uploads\/2023\/09\/\u0424\u043e\u0442\u043e-\u041c\u0438\u043d\u0438\u0441\u0442\u0430\u0440\u0441\u0442\u0432\u043e-\u0437\u0430-\u0435\u0432\u0440\u043e\u043f\u0441\u043a\u0435-\u0438\u043d\u0442\u0435\u0433\u0440\u0430\u0446\u0438\u0458\u0435-\u0438-\u043c\u0435\u0452\u0443\u043d\u0430\u0440\u043e\u0434\u043d\u0443-\u0441\u0430\u0440\u0430\u0434\u045a\u0443.jpg\",\"contentUrl\":\"https:\/\/dijasporars.com\/wp-content\/uploads\/2023\/09\/\u0424\u043e\u0442\u043e-\u041c\u0438\u043d\u0438\u0441\u0442\u0430\u0440\u0441\u0442\u0432\u043e-\u0437\u0430-\u0435\u0432\u0440\u043e\u043f\u0441\u043a\u0435-\u0438\u043d\u0442\u0435\u0433\u0440\u0430\u0446\u0438\u0458\u0435-\u0438-\u043c\u0435\u0452\u0443\u043d\u0430\u0440\u043e\u0434\u043d\u0443-\u0441\u0430\u0440\u0430\u0434\u045a\u0443.jpg\",\"width\":2048,\"height\":1153},{\"@type\":\"BreadcrumbList\",\"@id\":\"https:\/\/dijasporars.com\/ministar-klokic-sa-zamjenikom-sefa-misije-ambasade-rumunije-u-bih\/#breadcrumb\",\"itemListElement\":[{\"@type\":\"ListItem\",\"position\":1,\"name\":\"\u041f\u043e\u0447\u0435\u0442\u043d\u0430\",\"item\":\"https:\/\/dijasporars.com\/\"},{\"@type\":\"ListItem\",\"position\":2,\"name\":\"\u041c\u0438\u043d\u0438\u0441\u0442\u0430\u0440 \u041a\u043b\u043e\u043a\u0438\u045b \u0441\u0430 \u0437\u0430\u043c\u0458\u0435\u043d\u0438\u043a\u043e\u043c \u0448\u0435\u0444\u0430 \u043c\u0438\u0441\u0438\u0458\u0435 \u0410\u043c\u0431\u0430\u0441\u0430\u0434\u0435 \u0420\u0443\u043c\u0443\u043d\u0438\u0458\u0435 \u0443 \u0411\u0438\u0425\"}]},{\"@type\":\"WebSite\",\"@id\":\"https:\/\/dijasporars.com\/#website\",\"url\":\"https:\/\/dijasporars.com\/\",\"name\":\"\u0420\u0435\u043f\u0443\u0431\u043b\u0438\u043a\u0430 \u0421\u0440\u043f\u0441\u043a\u0430 \u0438 \u0434\u0438\u0458\u0430\u0441\u043f\u043e\u0440\u0430\",\"description\":\"\",\"potentialAction\":[{\"@type\":\"SearchAction\",\"target\":{\"@type\":\"EntryPoint\",\"urlTemplate\":\"https:\/\/dijasporars.com\/?s={search_term_string}\"},\"query-input\":{\"@type\":\"PropertyValueSpecification\",\"valueRequired\":true,\"valueName\":\"search_term_string\"}}],\"inLanguage\":\"en-US\"},{\"@type\":\"Person\",\"@id\":\"https:\/\/dijasporars.com\/#\/schema\/person\/f5052d53409aef50f7503bd1372c77ca\",\"name\":\"dijasporars\",\"image\":{\"@type\":\"ImageObject\",\"inLanguage\":\"en-US\",\"@id\":\"https:\/\/dijasporars.com\/#\/schema\/person\/image\/\",\"url\":\"https:\/\/secure.gravatar.com\/avatar\/759212a69df0744fb2be03efd361239831e31095061dacc7496bdf8524e0daf7?s=96&d=mm&r=g\",\"contentUrl\":\"https:\/\/secure.gravatar.com\/avatar\/759212a69df0744fb2be03efd361239831e31095061dacc7496bdf8524e0daf7?s=96&d=mm&r=g\",\"caption\":\"dijasporars\"},\"url\":\"https:\/\/dijasporars.com\/en\/author\/dijasporars\/\"}]}<\/script>\n<!-- \/ Yoast SEO plugin. -->","yoast_head_json":{"title":"\u041c\u0438\u043d\u0438\u0441\u0442\u0430\u0440 \u041a\u043b\u043e\u043a\u0438\u045b \u0441\u0430 \u0437\u0430\u043c\u0458\u0435\u043d\u0438\u043a\u043e\u043c \u0448\u0435\u0444\u0430 \u043c\u0438\u0441\u0438\u0458\u0435 \u0410\u043c\u0431\u0430\u0441\u0430\u0434\u0435 \u0420\u0443\u043c\u0443\u043d\u0438\u0458\u0435 \u0443 \u0411\u0438\u0425 - \u0420\u0435\u043f\u0443\u0431\u043b\u0438\u043a\u0430 \u0421\u0440\u043f\u0441\u043a\u0430 \u0438 \u0434\u0438\u0458\u0430\u0441\u043f\u043e\u0440\u0430","description":"Stranica za dijasporu RS, ovdje mo\u017eete prona\u0107i sve informacije, pomo\u0107 i savjete na jednom mjestu.","robots":{"index":"index","follow":"follow","max-snippet":"max-snippet:-1","max-image-preview":"max-image-preview:large","max-video-preview":"max-video-preview:-1"},"canonical":"https:\/\/dijasporars.com\/en\/ministar-klokic-sa-zamjenikom-sefa-misije-ambasade-rumunije-u-bih\/","og_locale":"en_US","og_type":"article","og_title":"\u041c\u0438\u043d\u0438\u0441\u0442\u0430\u0440 \u041a\u043b\u043e\u043a\u0438\u045b \u0441\u0430 \u0437\u0430\u043c\u0458\u0435\u043d\u0438\u043a\u043e\u043c \u0448\u0435\u0444\u0430 \u043c\u0438\u0441\u0438\u0458\u0435 \u0410\u043c\u0431\u0430\u0441\u0430\u0434\u0435 \u0420\u0443\u043c\u0443\u043d\u0438\u0458\u0435 \u0443 \u0411\u0438\u0425 - \u0420\u0435\u043f\u0443\u0431\u043b\u0438\u043a\u0430 \u0421\u0440\u043f\u0441\u043a\u0430 \u0438 \u0434\u0438\u0458\u0430\u0441\u043f\u043e\u0440\u0430","og_description":"Stranica za dijasporu RS, ovdje mo\u017eete prona\u0107i sve informacije, pomo\u0107 i savjete na jednom mjestu.","og_url":"https:\/\/dijasporars.com\/en\/ministar-klokic-sa-zamjenikom-sefa-misije-ambasade-rumunije-u-bih\/","og_site_name":"\u0420\u0435\u043f\u0443\u0431\u043b\u0438\u043a\u0430 \u0421\u0440\u043f\u0441\u043a\u0430 \u0438 \u0434\u0438\u0458\u0430\u0441\u043f\u043e\u0440\u0430","article_published_time":"2023-09-01T07:34:29+00:00","article_modified_time":"2023-09-01T07:36:52+00:00","og_image":[{"width":2048,"height":1153,"url":"https:\/\/dijasporars.com\/wp-content\/uploads\/2023\/09\/\u0424\u043e\u0442\u043e-\u041c\u0438\u043d\u0438\u0441\u0442\u0430\u0440\u0441\u0442\u0432\u043e-\u0437\u0430-\u0435\u0432\u0440\u043e\u043f\u0441\u043a\u0435-\u0438\u043d\u0442\u0435\u0433\u0440\u0430\u0446\u0438\u0458\u0435-\u0438-\u043c\u0435\u0452\u0443\u043d\u0430\u0440\u043e\u0434\u043d\u0443-\u0441\u0430\u0440\u0430\u0434\u045a\u0443.jpg","type":"image\/jpeg"}],"author":"dijasporars","twitter_card":"summary_large_image","twitter_misc":{"Written by":"dijasporars"},"schema":{"@context":"https:\/\/schema.org","@graph":[{"@type":"WebPage","@id":"https:\/\/dijasporars.com\/ministar-klokic-sa-zamjenikom-sefa-misije-ambasade-rumunije-u-bih\/","url":"https:\/\/dijasporars.com\/ministar-klokic-sa-zamjenikom-sefa-misije-ambasade-rumunije-u-bih\/","name":"\u041c\u0438\u043d\u0438\u0441\u0442\u0430\u0440 \u041a\u043b\u043e\u043a\u0438\u045b \u0441\u0430 \u0437\u0430\u043c\u0458\u0435\u043d\u0438\u043a\u043e\u043c \u0448\u0435\u0444\u0430 \u043c\u0438\u0441\u0438\u0458\u0435 \u0410\u043c\u0431\u0430\u0441\u0430\u0434\u0435 \u0420\u0443\u043c\u0443\u043d\u0438\u0458\u0435 \u0443 \u0411\u0438\u0425 - \u0420\u0435\u043f\u0443\u0431\u043b\u0438\u043a\u0430 \u0421\u0440\u043f\u0441\u043a\u0430 \u0438 \u0434\u0438\u0458\u0430\u0441\u043f\u043e\u0440\u0430","isPartOf":{"@id":"https:\/\/dijasporars.com\/#website"},"primaryImageOfPage":{"@id":"https:\/\/dijasporars.com\/ministar-klokic-sa-zamjenikom-sefa-misije-ambasade-rumunije-u-bih\/#primaryimage"},"image":{"@id":"https:\/\/dijasporars.com\/ministar-klokic-sa-zamjenikom-sefa-misije-ambasade-rumunije-u-bih\/#primaryimage"},"thumbnailUrl":"https:\/\/dijasporars.com\/wp-content\/uploads\/2023\/09\/\u0424\u043e\u0442\u043e-\u041c\u0438\u043d\u0438\u0441\u0442\u0430\u0440\u0441\u0442\u0432\u043e-\u0437\u0430-\u0435\u0432\u0440\u043e\u043f\u0441\u043a\u0435-\u0438\u043d\u0442\u0435\u0433\u0440\u0430\u0446\u0438\u0458\u0435-\u0438-\u043c\u0435\u0452\u0443\u043d\u0430\u0440\u043e\u0434\u043d\u0443-\u0441\u0430\u0440\u0430\u0434\u045a\u0443.jpg","datePublished":"2023-09-01T07:34:29+00:00","dateModified":"2023-09-01T07:36:52+00:00","author":{"@id":"https:\/\/dijasporars.com\/#\/schema\/person\/f5052d53409aef50f7503bd1372c77ca"},"description":"Stranica za dijasporu RS, ovdje mo\u017eete prona\u0107i sve informacije, pomo\u0107 i savjete na jednom mjestu.","breadcrumb":{"@id":"https:\/\/dijasporars.com\/ministar-klokic-sa-zamjenikom-sefa-misije-ambasade-rumunije-u-bih\/#breadcrumb"},"inLanguage":"en-US","potentialAction":[{"@type":"ReadAction","target":["https:\/\/dijasporars.com\/ministar-klokic-sa-zamjenikom-sefa-misije-ambasade-rumunije-u-bih\/"]}]},{"@type":"ImageObject","inLanguage":"en-US","@id":"https:\/\/dijasporars.com\/ministar-klokic-sa-zamjenikom-sefa-misije-ambasade-rumunije-u-bih\/#primaryimage","url":"https:\/\/dijasporars.com\/wp-content\/uploads\/2023\/09\/\u0424\u043e\u0442\u043e-\u041c\u0438\u043d\u0438\u0441\u0442\u0430\u0440\u0441\u0442\u0432\u043e-\u0437\u0430-\u0435\u0432\u0440\u043e\u043f\u0441\u043a\u0435-\u0438\u043d\u0442\u0435\u0433\u0440\u0430\u0446\u0438\u0458\u0435-\u0438-\u043c\u0435\u0452\u0443\u043d\u0430\u0440\u043e\u0434\u043d\u0443-\u0441\u0430\u0440\u0430\u0434\u045a\u0443.jpg","contentUrl":"https:\/\/dijasporars.com\/wp-content\/uploads\/2023\/09\/\u0424\u043e\u0442\u043e-\u041c\u0438\u043d\u0438\u0441\u0442\u0430\u0440\u0441\u0442\u0432\u043e-\u0437\u0430-\u0435\u0432\u0440\u043e\u043f\u0441\u043a\u0435-\u0438\u043d\u0442\u0435\u0433\u0440\u0430\u0446\u0438\u0458\u0435-\u0438-\u043c\u0435\u0452\u0443\u043d\u0430\u0440\u043e\u0434\u043d\u0443-\u0441\u0430\u0440\u0430\u0434\u045a\u0443.jpg","width":2048,"height":1153},{"@type":"BreadcrumbList","@id":"https:\/\/dijasporars.com\/ministar-klokic-sa-zamjenikom-sefa-misije-ambasade-rumunije-u-bih\/#breadcrumb","itemListElement":[{"@type":"ListItem","position":1,"name":"\u041f\u043e\u0447\u0435\u0442\u043d\u0430","item":"https:\/\/dijasporars.com\/"},{"@type":"ListItem","position":2,"name":"\u041c\u0438\u043d\u0438\u0441\u0442\u0430\u0440 \u041a\u043b\u043e\u043a\u0438\u045b \u0441\u0430 \u0437\u0430\u043c\u0458\u0435\u043d\u0438\u043a\u043e\u043c \u0448\u0435\u0444\u0430 \u043c\u0438\u0441\u0438\u0458\u0435 \u0410\u043c\u0431\u0430\u0441\u0430\u0434\u0435 \u0420\u0443\u043c\u0443\u043d\u0438\u0458\u0435 \u0443 \u0411\u0438\u0425"}]},{"@type":"WebSite","@id":"https:\/\/dijasporars.com\/#website","url":"https:\/\/dijasporars.com\/","name":"\u0420\u0435\u043f\u0443\u0431\u043b\u0438\u043a\u0430 \u0421\u0440\u043f\u0441\u043a\u0430 \u0438 \u0434\u0438\u0458\u0430\u0441\u043f\u043e\u0440\u0430","description":"","potentialAction":[{"@type":"SearchAction","target":{"@type":"EntryPoint","urlTemplate":"https:\/\/dijasporars.com\/?s={search_term_string}"},"query-input":{"@type":"PropertyValueSpecification","valueRequired":true,"valueName":"search_term_string"}}],"inLanguage":"en-US"},{"@type":"Person","@id":"https:\/\/dijasporars.com\/#\/schema\/person\/f5052d53409aef50f7503bd1372c77ca","name":"dijasporars","image":{"@type":"ImageObject","inLanguage":"en-US","@id":"https:\/\/dijasporars.com\/#\/schema\/person\/image\/","url":"https:\/\/secure.gravatar.com\/avatar\/759212a69df0744fb2be03efd361239831e31095061dacc7496bdf8524e0daf7?s=96&d=mm&r=g","contentUrl":"https:\/\/secure.gravatar.com\/avatar\/759212a69df0744fb2be03efd361239831e31095061dacc7496bdf8524e0daf7?s=96&d=mm&r=g","caption":"dijasporars"},"url":"https:\/\/dijasporars.com\/en\/author\/dijasporars\/"}]}},"_links":{"self":[{"href":"https:\/\/dijasporars.com\/en\/wp-json\/wp\/v2\/posts\/5875","targetHints":{"allow":["GET"]}}],"collection":[{"href":"https:\/\/dijasporars.com\/en\/wp-json\/wp\/v2\/posts"}],"about":[{"href":"https:\/\/dijasporars.com\/en\/wp-json\/wp\/v2\/types\/post"}],"author":[{"embeddable":true,"href":"https:\/\/dijasporars.com\/en\/wp-json\/wp\/v2\/users\/1"}],"replies":[{"embeddable":true,"href":"https:\/\/dijasporars.com\/en\/wp-json\/wp\/v2\/comments?post=5875"}],"version-history":[{"count":2,"href":"https:\/\/dijasporars.com\/en\/wp-json\/wp\/v2\/posts\/5875\/revisions"}],"predecessor-version":[{"id":5878,"href":"https:\/\/dijasporars.com\/en\/wp-json\/wp\/v2\/posts\/5875\/revisions\/5878"}],"wp:featuredmedia":[{"embeddable":true,"href":"https:\/\/dijasporars.com\/en\/wp-json\/wp\/v2\/media\/5876"}],"wp:attachment":[{"href":"https:\/\/dijasporars.com\/en\/wp-json\/wp\/v2\/media?parent=5875"}],"wp:term":[{"taxonomy":"category","embeddable":true,"href":"https:\/\/dijasporars.com\/en\/wp-json\/wp\/v2\/categories?post=5875"},{"taxonomy":"post_tag","embeddable":true,"href":"https:\/\/dijasporars.com\/en\/wp-json\/wp\/v2\/tags?post=5875"}],"curies":[{"name":"wp","href":"https:\/\/api.w.org\/{rel}","templated":true}]}}