{"id":5795,"date":"2023-07-31T10:20:13","date_gmt":"2023-07-31T08:20:13","guid":{"rendered":"https:\/\/dijasporars.com\/?p=5795"},"modified":"2023-07-31T10:20:39","modified_gmt":"2023-07-31T08:20:39","slug":"jos-jedna-veoma-uspjesna-skolska-godina-u-sloveniji","status":"publish","type":"post","link":"https:\/\/dijasporars.com\/en\/jos-jedna-veoma-uspjesna-skolska-godina-u-sloveniji\/","title":{"rendered":"Another Very Successful School Year in Slovenia"},"content":{"rendered":"<p>Another school year, filled with various activities until the very end, has ended in satisfaction with students\u2019 achievements, collaboration with parents, the Embassy of the Republic of Serbia, the Serbian Orthodox Church and numerous associations.<br \/>\nThe first online meeting of students of supplementary classes in Serbian from Kranj and students of Sveti Sava Elementary School from Bijeljina was held within the Identity Serbia project. The motto of the meeting was \u2018Get to know me to understand me\u2019.<br \/>\nWe can also boast of visiting various cultural events, as well as participating in some of them. The students attending supplementary classes at Martin Krpan Elementary School, Ljubljana, recited verses of the contemporary Serbian poetess Dragana Mladenovi\u0107 at the celebration of the fortieth anniversary of the founding of their school. The students from Ljubljana participated in the celebration of the Day of Serbian-Slovenian Friendship, organized by the Mihajlo Pupin cultural society, they made drawings about the friendship of the two peoples and friendship in general and prepared several performances for the event.<br \/>\nThe minister in charge of the diaspora, \u0110or\u0111e Mili\u0107evi\u0107, brought 350 primers to Ljubljana at the initiative of the Association of Serbs of Slovenia. Some primers were distributed immediately, and we will use the rest to delight our new first-graders in September. A library of the Serbian supplementary school has been established in Koper.<br \/>\nAfter the end of the school year, improving the Serbian language and deepening the knowledge about Serbian culture and tradition continue in summer camps, through various language, creative, sports and performance activities. There were thirty-nine children at the Summer in Tr\u0161i\u0107 language camp, thirty-two of them from Slovenia. Our students had the opportunity to spend time with children from Italy, France, Greece, Spain and Australia. Language, folklore, music and drama workshops were organized during the day, followed by sports and recreational activities and parties. They visited Vuk\u2019s house, Banja Kovilja\u010da, Sun\u010dana Reka ethno-village, Trono\u0161a monastery.<\/p>\n<p>Source: Rasejanje.info<br \/>\nPhoto: Serbian School in Slovenia<\/p>","protected":false},"excerpt":{"rendered":"<p>Another school year, filled with various activities until the very end, has ended in satisfaction with students\u2019 achievements, collaboration with parents, the Embassy of the Republic of Serbia, the Serbian Orthodox Church and numerous associations.\nThe first online meeting of students of supplementary classes in Serbian from Kranj and students of Sveti Sava Elementary School from Bijeljina was held within the Identity Serbia project. The motto of the meeting was \u2018Get to know me to understand me\u2019.<\/p>","protected":false},"author":1,"featured_media":5796,"comment_status":"closed","ping_status":"closed","sticky":false,"template":"","format":"standard","meta":{"footnotes":""},"categories":[76],"tags":[],"class_list":["post-5795","post","type-post","status-publish","format-standard","has-post-thumbnail","hentry","category-vijesti-dijaspora"],"yoast_head":"<!-- This site is optimized with the Yoast SEO plugin v24.6 - https:\/\/yoast.com\/wordpress\/plugins\/seo\/ -->\n<title>\u0408\u043e\u0448 \u0458\u0435\u0434\u043d\u0430 \u0432\u0435\u043e\u043c\u0430 \u0443\u0441\u043f\u0458\u0435\u0448\u043d\u0430 \u0448\u043a\u043e\u043b\u0441\u043a\u0430 \u0433\u043e\u0434\u0438\u043d\u0430 \u0443 \u0421\u043b\u043e\u0432\u0435\u043d\u0438\u0458\u0438 - \u0420\u0435\u043f\u0443\u0431\u043b\u0438\u043a\u0430 \u0421\u0440\u043f\u0441\u043a\u0430 \u0438 \u0434\u0438\u0458\u0430\u0441\u043f\u043e\u0440\u0430<\/title>\n<meta name=\"description\" content=\"Stranica za dijasporu RS, ovdje mo\u017eete prona\u0107i sve informacije, pomo\u0107 i savjete na jednom mjestu.\" \/>\n<meta name=\"robots\" content=\"index, follow, max-snippet:-1, max-image-preview:large, max-video-preview:-1\" \/>\n<link rel=\"canonical\" href=\"https:\/\/dijasporars.com\/en\/jos-jedna-veoma-uspjesna-skolska-godina-u-sloveniji\/\" \/>\n<meta property=\"og:locale\" content=\"en_US\" \/>\n<meta property=\"og:type\" content=\"article\" \/>\n<meta property=\"og:title\" content=\"\u0408\u043e\u0448 \u0458\u0435\u0434\u043d\u0430 \u0432\u0435\u043e\u043c\u0430 \u0443\u0441\u043f\u0458\u0435\u0448\u043d\u0430 \u0448\u043a\u043e\u043b\u0441\u043a\u0430 \u0433\u043e\u0434\u0438\u043d\u0430 \u0443 \u0421\u043b\u043e\u0432\u0435\u043d\u0438\u0458\u0438 - \u0420\u0435\u043f\u0443\u0431\u043b\u0438\u043a\u0430 \u0421\u0440\u043f\u0441\u043a\u0430 \u0438 \u0434\u0438\u0458\u0430\u0441\u043f\u043e\u0440\u0430\" \/>\n<meta property=\"og:description\" content=\"Stranica za dijasporu RS, ovdje mo\u017eete prona\u0107i sve informacije, pomo\u0107 i savjete na jednom mjestu.\" \/>\n<meta property=\"og:url\" content=\"https:\/\/dijasporars.com\/en\/jos-jedna-veoma-uspjesna-skolska-godina-u-sloveniji\/\" \/>\n<meta property=\"og:site_name\" content=\"\u0420\u0435\u043f\u0443\u0431\u043b\u0438\u043a\u0430 \u0421\u0440\u043f\u0441\u043a\u0430 \u0438 \u0434\u0438\u0458\u0430\u0441\u043f\u043e\u0440\u0430\" \/>\n<meta property=\"article:published_time\" content=\"2023-07-31T08:20:13+00:00\" \/>\n<meta property=\"article:modified_time\" content=\"2023-07-31T08:20:39+00:00\" \/>\n<meta property=\"og:image\" content=\"https:\/\/dijasporars.com\/wp-content\/uploads\/2023\/07\/Srpska-skola-Slovenija.jpg\" \/>\n\t<meta property=\"og:image:width\" content=\"873\" \/>\n\t<meta property=\"og:image:height\" content=\"519\" \/>\n\t<meta property=\"og:image:type\" content=\"image\/jpeg\" \/>\n<meta name=\"author\" content=\"dijasporars\" \/>\n<meta name=\"twitter:card\" content=\"summary_large_image\" \/>\n<meta name=\"twitter:label1\" content=\"Written by\" \/>\n\t<meta name=\"twitter:data1\" content=\"dijasporars\" \/>\n<script type=\"application\/ld+json\" class=\"yoast-schema-graph\">{\"@context\":\"https:\/\/schema.org\",\"@graph\":[{\"@type\":\"WebPage\",\"@id\":\"https:\/\/dijasporars.com\/jos-jedna-veoma-uspjesna-skolska-godina-u-sloveniji\/\",\"url\":\"https:\/\/dijasporars.com\/jos-jedna-veoma-uspjesna-skolska-godina-u-sloveniji\/\",\"name\":\"\u0408\u043e\u0448 \u0458\u0435\u0434\u043d\u0430 \u0432\u0435\u043e\u043c\u0430 \u0443\u0441\u043f\u0458\u0435\u0448\u043d\u0430 \u0448\u043a\u043e\u043b\u0441\u043a\u0430 \u0433\u043e\u0434\u0438\u043d\u0430 \u0443 \u0421\u043b\u043e\u0432\u0435\u043d\u0438\u0458\u0438 - \u0420\u0435\u043f\u0443\u0431\u043b\u0438\u043a\u0430 \u0421\u0440\u043f\u0441\u043a\u0430 \u0438 \u0434\u0438\u0458\u0430\u0441\u043f\u043e\u0440\u0430\",\"isPartOf\":{\"@id\":\"https:\/\/dijasporars.com\/#website\"},\"primaryImageOfPage\":{\"@id\":\"https:\/\/dijasporars.com\/jos-jedna-veoma-uspjesna-skolska-godina-u-sloveniji\/#primaryimage\"},\"image\":{\"@id\":\"https:\/\/dijasporars.com\/jos-jedna-veoma-uspjesna-skolska-godina-u-sloveniji\/#primaryimage\"},\"thumbnailUrl\":\"https:\/\/dijasporars.com\/wp-content\/uploads\/2023\/07\/Srpska-skola-Slovenija.jpg\",\"datePublished\":\"2023-07-31T08:20:13+00:00\",\"dateModified\":\"2023-07-31T08:20:39+00:00\",\"author\":{\"@id\":\"https:\/\/dijasporars.com\/#\/schema\/person\/f5052d53409aef50f7503bd1372c77ca\"},\"description\":\"Stranica za dijasporu RS, ovdje mo\u017eete prona\u0107i sve informacije, pomo\u0107 i savjete na jednom mjestu.\",\"breadcrumb\":{\"@id\":\"https:\/\/dijasporars.com\/jos-jedna-veoma-uspjesna-skolska-godina-u-sloveniji\/#breadcrumb\"},\"inLanguage\":\"en-US\",\"potentialAction\":[{\"@type\":\"ReadAction\",\"target\":[\"https:\/\/dijasporars.com\/jos-jedna-veoma-uspjesna-skolska-godina-u-sloveniji\/\"]}]},{\"@type\":\"ImageObject\",\"inLanguage\":\"en-US\",\"@id\":\"https:\/\/dijasporars.com\/jos-jedna-veoma-uspjesna-skolska-godina-u-sloveniji\/#primaryimage\",\"url\":\"https:\/\/dijasporars.com\/wp-content\/uploads\/2023\/07\/Srpska-skola-Slovenija.jpg\",\"contentUrl\":\"https:\/\/dijasporars.com\/wp-content\/uploads\/2023\/07\/Srpska-skola-Slovenija.jpg\",\"width\":873,\"height\":519},{\"@type\":\"BreadcrumbList\",\"@id\":\"https:\/\/dijasporars.com\/jos-jedna-veoma-uspjesna-skolska-godina-u-sloveniji\/#breadcrumb\",\"itemListElement\":[{\"@type\":\"ListItem\",\"position\":1,\"name\":\"\u041f\u043e\u0447\u0435\u0442\u043d\u0430\",\"item\":\"https:\/\/dijasporars.com\/\"},{\"@type\":\"ListItem\",\"position\":2,\"name\":\"\u0408\u043e\u0448 \u0458\u0435\u0434\u043d\u0430 \u0432\u0435\u043e\u043c\u0430 \u0443\u0441\u043f\u0458\u0435\u0448\u043d\u0430 \u0448\u043a\u043e\u043b\u0441\u043a\u0430 \u0433\u043e\u0434\u0438\u043d\u0430 \u0443 \u0421\u043b\u043e\u0432\u0435\u043d\u0438\u0458\u0438\"}]},{\"@type\":\"WebSite\",\"@id\":\"https:\/\/dijasporars.com\/#website\",\"url\":\"https:\/\/dijasporars.com\/\",\"name\":\"\u0420\u0435\u043f\u0443\u0431\u043b\u0438\u043a\u0430 \u0421\u0440\u043f\u0441\u043a\u0430 \u0438 \u0434\u0438\u0458\u0430\u0441\u043f\u043e\u0440\u0430\",\"description\":\"\",\"potentialAction\":[{\"@type\":\"SearchAction\",\"target\":{\"@type\":\"EntryPoint\",\"urlTemplate\":\"https:\/\/dijasporars.com\/?s={search_term_string}\"},\"query-input\":{\"@type\":\"PropertyValueSpecification\",\"valueRequired\":true,\"valueName\":\"search_term_string\"}}],\"inLanguage\":\"en-US\"},{\"@type\":\"Person\",\"@id\":\"https:\/\/dijasporars.com\/#\/schema\/person\/f5052d53409aef50f7503bd1372c77ca\",\"name\":\"dijasporars\",\"image\":{\"@type\":\"ImageObject\",\"inLanguage\":\"en-US\",\"@id\":\"https:\/\/dijasporars.com\/#\/schema\/person\/image\/\",\"url\":\"https:\/\/secure.gravatar.com\/avatar\/759212a69df0744fb2be03efd361239831e31095061dacc7496bdf8524e0daf7?s=96&d=mm&r=g\",\"contentUrl\":\"https:\/\/secure.gravatar.com\/avatar\/759212a69df0744fb2be03efd361239831e31095061dacc7496bdf8524e0daf7?s=96&d=mm&r=g\",\"caption\":\"dijasporars\"},\"url\":\"https:\/\/dijasporars.com\/en\/author\/dijasporars\/\"}]}<\/script>\n<!-- \/ Yoast SEO plugin. -->","yoast_head_json":{"title":"\u0408\u043e\u0448 \u0458\u0435\u0434\u043d\u0430 \u0432\u0435\u043e\u043c\u0430 \u0443\u0441\u043f\u0458\u0435\u0448\u043d\u0430 \u0448\u043a\u043e\u043b\u0441\u043a\u0430 \u0433\u043e\u0434\u0438\u043d\u0430 \u0443 \u0421\u043b\u043e\u0432\u0435\u043d\u0438\u0458\u0438 - \u0420\u0435\u043f\u0443\u0431\u043b\u0438\u043a\u0430 \u0421\u0440\u043f\u0441\u043a\u0430 \u0438 \u0434\u0438\u0458\u0430\u0441\u043f\u043e\u0440\u0430","description":"Stranica za dijasporu RS, ovdje mo\u017eete prona\u0107i sve informacije, pomo\u0107 i savjete na jednom mjestu.","robots":{"index":"index","follow":"follow","max-snippet":"max-snippet:-1","max-image-preview":"max-image-preview:large","max-video-preview":"max-video-preview:-1"},"canonical":"https:\/\/dijasporars.com\/en\/jos-jedna-veoma-uspjesna-skolska-godina-u-sloveniji\/","og_locale":"en_US","og_type":"article","og_title":"\u0408\u043e\u0448 \u0458\u0435\u0434\u043d\u0430 \u0432\u0435\u043e\u043c\u0430 \u0443\u0441\u043f\u0458\u0435\u0448\u043d\u0430 \u0448\u043a\u043e\u043b\u0441\u043a\u0430 \u0433\u043e\u0434\u0438\u043d\u0430 \u0443 \u0421\u043b\u043e\u0432\u0435\u043d\u0438\u0458\u0438 - \u0420\u0435\u043f\u0443\u0431\u043b\u0438\u043a\u0430 \u0421\u0440\u043f\u0441\u043a\u0430 \u0438 \u0434\u0438\u0458\u0430\u0441\u043f\u043e\u0440\u0430","og_description":"Stranica za dijasporu RS, ovdje mo\u017eete prona\u0107i sve informacije, pomo\u0107 i savjete na jednom mjestu.","og_url":"https:\/\/dijasporars.com\/en\/jos-jedna-veoma-uspjesna-skolska-godina-u-sloveniji\/","og_site_name":"\u0420\u0435\u043f\u0443\u0431\u043b\u0438\u043a\u0430 \u0421\u0440\u043f\u0441\u043a\u0430 \u0438 \u0434\u0438\u0458\u0430\u0441\u043f\u043e\u0440\u0430","article_published_time":"2023-07-31T08:20:13+00:00","article_modified_time":"2023-07-31T08:20:39+00:00","og_image":[{"width":873,"height":519,"url":"https:\/\/dijasporars.com\/wp-content\/uploads\/2023\/07\/Srpska-skola-Slovenija.jpg","type":"image\/jpeg"}],"author":"dijasporars","twitter_card":"summary_large_image","twitter_misc":{"Written by":"dijasporars"},"schema":{"@context":"https:\/\/schema.org","@graph":[{"@type":"WebPage","@id":"https:\/\/dijasporars.com\/jos-jedna-veoma-uspjesna-skolska-godina-u-sloveniji\/","url":"https:\/\/dijasporars.com\/jos-jedna-veoma-uspjesna-skolska-godina-u-sloveniji\/","name":"\u0408\u043e\u0448 \u0458\u0435\u0434\u043d\u0430 \u0432\u0435\u043e\u043c\u0430 \u0443\u0441\u043f\u0458\u0435\u0448\u043d\u0430 \u0448\u043a\u043e\u043b\u0441\u043a\u0430 \u0433\u043e\u0434\u0438\u043d\u0430 \u0443 \u0421\u043b\u043e\u0432\u0435\u043d\u0438\u0458\u0438 - \u0420\u0435\u043f\u0443\u0431\u043b\u0438\u043a\u0430 \u0421\u0440\u043f\u0441\u043a\u0430 \u0438 \u0434\u0438\u0458\u0430\u0441\u043f\u043e\u0440\u0430","isPartOf":{"@id":"https:\/\/dijasporars.com\/#website"},"primaryImageOfPage":{"@id":"https:\/\/dijasporars.com\/jos-jedna-veoma-uspjesna-skolska-godina-u-sloveniji\/#primaryimage"},"image":{"@id":"https:\/\/dijasporars.com\/jos-jedna-veoma-uspjesna-skolska-godina-u-sloveniji\/#primaryimage"},"thumbnailUrl":"https:\/\/dijasporars.com\/wp-content\/uploads\/2023\/07\/Srpska-skola-Slovenija.jpg","datePublished":"2023-07-31T08:20:13+00:00","dateModified":"2023-07-31T08:20:39+00:00","author":{"@id":"https:\/\/dijasporars.com\/#\/schema\/person\/f5052d53409aef50f7503bd1372c77ca"},"description":"Stranica za dijasporu RS, ovdje mo\u017eete prona\u0107i sve informacije, pomo\u0107 i savjete na jednom mjestu.","breadcrumb":{"@id":"https:\/\/dijasporars.com\/jos-jedna-veoma-uspjesna-skolska-godina-u-sloveniji\/#breadcrumb"},"inLanguage":"en-US","potentialAction":[{"@type":"ReadAction","target":["https:\/\/dijasporars.com\/jos-jedna-veoma-uspjesna-skolska-godina-u-sloveniji\/"]}]},{"@type":"ImageObject","inLanguage":"en-US","@id":"https:\/\/dijasporars.com\/jos-jedna-veoma-uspjesna-skolska-godina-u-sloveniji\/#primaryimage","url":"https:\/\/dijasporars.com\/wp-content\/uploads\/2023\/07\/Srpska-skola-Slovenija.jpg","contentUrl":"https:\/\/dijasporars.com\/wp-content\/uploads\/2023\/07\/Srpska-skola-Slovenija.jpg","width":873,"height":519},{"@type":"BreadcrumbList","@id":"https:\/\/dijasporars.com\/jos-jedna-veoma-uspjesna-skolska-godina-u-sloveniji\/#breadcrumb","itemListElement":[{"@type":"ListItem","position":1,"name":"\u041f\u043e\u0447\u0435\u0442\u043d\u0430","item":"https:\/\/dijasporars.com\/"},{"@type":"ListItem","position":2,"name":"\u0408\u043e\u0448 \u0458\u0435\u0434\u043d\u0430 \u0432\u0435\u043e\u043c\u0430 \u0443\u0441\u043f\u0458\u0435\u0448\u043d\u0430 \u0448\u043a\u043e\u043b\u0441\u043a\u0430 \u0433\u043e\u0434\u0438\u043d\u0430 \u0443 \u0421\u043b\u043e\u0432\u0435\u043d\u0438\u0458\u0438"}]},{"@type":"WebSite","@id":"https:\/\/dijasporars.com\/#website","url":"https:\/\/dijasporars.com\/","name":"\u0420\u0435\u043f\u0443\u0431\u043b\u0438\u043a\u0430 \u0421\u0440\u043f\u0441\u043a\u0430 \u0438 \u0434\u0438\u0458\u0430\u0441\u043f\u043e\u0440\u0430","description":"","potentialAction":[{"@type":"SearchAction","target":{"@type":"EntryPoint","urlTemplate":"https:\/\/dijasporars.com\/?s={search_term_string}"},"query-input":{"@type":"PropertyValueSpecification","valueRequired":true,"valueName":"search_term_string"}}],"inLanguage":"en-US"},{"@type":"Person","@id":"https:\/\/dijasporars.com\/#\/schema\/person\/f5052d53409aef50f7503bd1372c77ca","name":"dijasporars","image":{"@type":"ImageObject","inLanguage":"en-US","@id":"https:\/\/dijasporars.com\/#\/schema\/person\/image\/","url":"https:\/\/secure.gravatar.com\/avatar\/759212a69df0744fb2be03efd361239831e31095061dacc7496bdf8524e0daf7?s=96&d=mm&r=g","contentUrl":"https:\/\/secure.gravatar.com\/avatar\/759212a69df0744fb2be03efd361239831e31095061dacc7496bdf8524e0daf7?s=96&d=mm&r=g","caption":"dijasporars"},"url":"https:\/\/dijasporars.com\/en\/author\/dijasporars\/"}]}},"_links":{"self":[{"href":"https:\/\/dijasporars.com\/en\/wp-json\/wp\/v2\/posts\/5795","targetHints":{"allow":["GET"]}}],"collection":[{"href":"https:\/\/dijasporars.com\/en\/wp-json\/wp\/v2\/posts"}],"about":[{"href":"https:\/\/dijasporars.com\/en\/wp-json\/wp\/v2\/types\/post"}],"author":[{"embeddable":true,"href":"https:\/\/dijasporars.com\/en\/wp-json\/wp\/v2\/users\/1"}],"replies":[{"embeddable":true,"href":"https:\/\/dijasporars.com\/en\/wp-json\/wp\/v2\/comments?post=5795"}],"version-history":[{"count":1,"href":"https:\/\/dijasporars.com\/en\/wp-json\/wp\/v2\/posts\/5795\/revisions"}],"predecessor-version":[{"id":5797,"href":"https:\/\/dijasporars.com\/en\/wp-json\/wp\/v2\/posts\/5795\/revisions\/5797"}],"wp:featuredmedia":[{"embeddable":true,"href":"https:\/\/dijasporars.com\/en\/wp-json\/wp\/v2\/media\/5796"}],"wp:attachment":[{"href":"https:\/\/dijasporars.com\/en\/wp-json\/wp\/v2\/media?parent=5795"}],"wp:term":[{"taxonomy":"category","embeddable":true,"href":"https:\/\/dijasporars.com\/en\/wp-json\/wp\/v2\/categories?post=5795"},{"taxonomy":"post_tag","embeddable":true,"href":"https:\/\/dijasporars.com\/en\/wp-json\/wp\/v2\/tags?post=5795"}],"curies":[{"name":"wp","href":"https:\/\/api.w.org\/{rel}","templated":true}]}}