{"id":5792,"date":"2023-07-28T11:51:03","date_gmt":"2023-07-28T09:51:03","guid":{"rendered":"https:\/\/dijasporars.com\/?p=5792"},"modified":"2023-07-28T11:51:45","modified_gmt":"2023-07-28T09:51:45","slug":"milicevic-srbi-iz-srbije-i-srpske-jedni-drugima-nisu-dijaspora","status":"publish","type":"post","link":"https:\/\/dijasporars.com\/en\/milicevic-srbi-iz-srbije-i-srpske-jedni-drugima-nisu-dijaspora\/","title":{"rendered":"Mili\u0107evi\u0107: Serbs from Serbia and Srpska Are Not Diaspora to Each Other"},"content":{"rendered":"<p>Serbs from the Republic of Srpska and Serbia are not each other\u2019s diaspora, nor are they separated by the Drina, said the minister without portfolio in the Government of Serbia in charge of relations with the diaspora, \u0110or\u0111e Mili\u0107evi\u0107, and pointed to the parallel pressure on the Serbian people.<\/p>\n<p>\u2013 We are not each other\u2019s diaspora, the Drina has never been something that separates us, but a backbone that unites us \u2013 said Mili\u0107evi\u0107 and recalled that he had recently met with the President of Srpska Milorad Dodik and the Minister of European Integration and International Cooperation, Zlatan Kloki\u0107, in the Republic of Srpska.<\/p>\n<p>He stated that he had spoken with Kloki\u0107 about strengthening the bond between Serbia and Srpska, the bond between compatriots and their motherland.<\/p>\n<p>\u2013 Back in 2013, a memorandum was signed creating a Srpska-Serbia cooperation mechanism in achieving that goal. I hope we will renew that memorandum in a relatively short period \u2013 said Mili\u0107evi\u0107.<\/p>\n<p>Drawing a parallel between Srpska and Serbia and the pressure of the international community towards them, he said that in the Republic of Srpska, i.e. in BiH, there was \u2018an envoy Schmidt\u2019 trying to appropriate state property, in fact to make it the property of BiH and make his decision have legislative strength.<\/p>\n<p>Mili\u0107evi\u0107 noted that Dodik advocated respect for the Dayton Agreement and the original Dayton, not a modified one.<\/p>\n<p>He pointed out that this was a matter of good neighborly relations and that Serbia and its president Aleksandar Vu\u010di\u0107 were extending a hand to everyone in the region and wanted to strengthen regional cooperation.<\/p>\n<p>Source: RTRS \u2013 SRNA<\/p>\n<p>Photo: \u0110or\u0111e Mili\u0107evi\u0107<\/p>","protected":false},"excerpt":{"rendered":"<p>Serbs from the Republic of Srpska and Serbia are not each other\u2019s diaspora, nor are they separated by the Drina, said the minister without portfolio in the Government of Serbia in charge of relations with the diaspora, \u0110or\u0111e Mili\u0107evi\u0107, and pointed to the parallel pressure on the Serbian people.<\/p>","protected":false},"author":1,"featured_media":5793,"comment_status":"closed","ping_status":"closed","sticky":false,"template":"","format":"standard","meta":{"footnotes":""},"categories":[52,76,77],"tags":[],"class_list":["post-5792","post","type-post","status-publish","format-standard","has-post-thumbnail","hentry","category-vijesti","category-vijesti-dijaspora","category-vijesti-republika-srpska"],"yoast_head":"<!-- This site is optimized with the Yoast SEO plugin v24.6 - https:\/\/yoast.com\/wordpress\/plugins\/seo\/ -->\n<title>\u041c\u0438\u043b\u0438\u045b\u0435\u0432\u0438\u045b: \u0421\u0440\u0431\u0438 \u0438\u0437 \u0421\u0440\u0431\u0438\u0458\u0435 \u0438 \u0421\u0440\u043f\u0441\u043a\u0435 \u0458\u0435\u0434\u043d\u0438 \u0434\u0440\u0443\u0433\u0438\u043c\u0430 \u043d\u0438\u0441\u0443 \u0434\u0438\u0458\u0430\u0441\u043f\u043e\u0440\u0430 - \u0420\u0435\u043f\u0443\u0431\u043b\u0438\u043a\u0430 \u0421\u0440\u043f\u0441\u043a\u0430 \u0438 \u0434\u0438\u0458\u0430\u0441\u043f\u043e\u0440\u0430<\/title>\n<meta name=\"description\" content=\"Stranica za dijasporu RS, ovdje mo\u017eete prona\u0107i sve informacije, pomo\u0107 i savjete na jednom mjestu.\" \/>\n<meta name=\"robots\" content=\"index, follow, max-snippet:-1, max-image-preview:large, max-video-preview:-1\" \/>\n<link rel=\"canonical\" href=\"https:\/\/dijasporars.com\/en\/milicevic-srbi-iz-srbije-i-srpske-jedni-drugima-nisu-dijaspora\/\" \/>\n<meta property=\"og:locale\" content=\"en_US\" \/>\n<meta property=\"og:type\" content=\"article\" \/>\n<meta property=\"og:title\" content=\"\u041c\u0438\u043b\u0438\u045b\u0435\u0432\u0438\u045b: \u0421\u0440\u0431\u0438 \u0438\u0437 \u0421\u0440\u0431\u0438\u0458\u0435 \u0438 \u0421\u0440\u043f\u0441\u043a\u0435 \u0458\u0435\u0434\u043d\u0438 \u0434\u0440\u0443\u0433\u0438\u043c\u0430 \u043d\u0438\u0441\u0443 \u0434\u0438\u0458\u0430\u0441\u043f\u043e\u0440\u0430 - \u0420\u0435\u043f\u0443\u0431\u043b\u0438\u043a\u0430 \u0421\u0440\u043f\u0441\u043a\u0430 \u0438 \u0434\u0438\u0458\u0430\u0441\u043f\u043e\u0440\u0430\" \/>\n<meta property=\"og:description\" content=\"Stranica za dijasporu RS, ovdje mo\u017eete prona\u0107i sve informacije, pomo\u0107 i savjete na jednom mjestu.\" \/>\n<meta property=\"og:url\" content=\"https:\/\/dijasporars.com\/en\/milicevic-srbi-iz-srbije-i-srpske-jedni-drugima-nisu-dijaspora\/\" \/>\n<meta property=\"og:site_name\" content=\"\u0420\u0435\u043f\u0443\u0431\u043b\u0438\u043a\u0430 \u0421\u0440\u043f\u0441\u043a\u0430 \u0438 \u0434\u0438\u0458\u0430\u0441\u043f\u043e\u0440\u0430\" \/>\n<meta property=\"article:published_time\" content=\"2023-07-28T09:51:03+00:00\" \/>\n<meta property=\"article:modified_time\" content=\"2023-07-28T09:51:45+00:00\" \/>\n<meta property=\"og:image\" content=\"https:\/\/dijasporars.com\/wp-content\/uploads\/2023\/07\/\u0424\u043e\u0442\u043e-\u0402\u043e\u0440\u0452\u0435-\u041c\u0438\u043b\u0438\u045b\u0435\u0432\u0438\u045b-1.jpg\" \/>\n\t<meta property=\"og:image:width\" content=\"767\" \/>\n\t<meta property=\"og:image:height\" content=\"414\" \/>\n\t<meta property=\"og:image:type\" content=\"image\/jpeg\" \/>\n<meta name=\"author\" content=\"dijasporars\" \/>\n<meta name=\"twitter:card\" content=\"summary_large_image\" \/>\n<meta name=\"twitter:label1\" content=\"Written by\" \/>\n\t<meta name=\"twitter:data1\" content=\"dijasporars\" \/>\n<script type=\"application\/ld+json\" class=\"yoast-schema-graph\">{\"@context\":\"https:\/\/schema.org\",\"@graph\":[{\"@type\":\"WebPage\",\"@id\":\"https:\/\/dijasporars.com\/milicevic-srbi-iz-srbije-i-srpske-jedni-drugima-nisu-dijaspora\/\",\"url\":\"https:\/\/dijasporars.com\/milicevic-srbi-iz-srbije-i-srpske-jedni-drugima-nisu-dijaspora\/\",\"name\":\"\u041c\u0438\u043b\u0438\u045b\u0435\u0432\u0438\u045b: \u0421\u0440\u0431\u0438 \u0438\u0437 \u0421\u0440\u0431\u0438\u0458\u0435 \u0438 \u0421\u0440\u043f\u0441\u043a\u0435 \u0458\u0435\u0434\u043d\u0438 \u0434\u0440\u0443\u0433\u0438\u043c\u0430 \u043d\u0438\u0441\u0443 \u0434\u0438\u0458\u0430\u0441\u043f\u043e\u0440\u0430 - \u0420\u0435\u043f\u0443\u0431\u043b\u0438\u043a\u0430 \u0421\u0440\u043f\u0441\u043a\u0430 \u0438 \u0434\u0438\u0458\u0430\u0441\u043f\u043e\u0440\u0430\",\"isPartOf\":{\"@id\":\"https:\/\/dijasporars.com\/#website\"},\"primaryImageOfPage\":{\"@id\":\"https:\/\/dijasporars.com\/milicevic-srbi-iz-srbije-i-srpske-jedni-drugima-nisu-dijaspora\/#primaryimage\"},\"image\":{\"@id\":\"https:\/\/dijasporars.com\/milicevic-srbi-iz-srbije-i-srpske-jedni-drugima-nisu-dijaspora\/#primaryimage\"},\"thumbnailUrl\":\"https:\/\/dijasporars.com\/wp-content\/uploads\/2023\/07\/\u0424\u043e\u0442\u043e-\u0402\u043e\u0440\u0452\u0435-\u041c\u0438\u043b\u0438\u045b\u0435\u0432\u0438\u045b-1.jpg\",\"datePublished\":\"2023-07-28T09:51:03+00:00\",\"dateModified\":\"2023-07-28T09:51:45+00:00\",\"author\":{\"@id\":\"https:\/\/dijasporars.com\/#\/schema\/person\/f5052d53409aef50f7503bd1372c77ca\"},\"description\":\"Stranica za dijasporu RS, ovdje mo\u017eete prona\u0107i sve informacije, pomo\u0107 i savjete na jednom mjestu.\",\"breadcrumb\":{\"@id\":\"https:\/\/dijasporars.com\/milicevic-srbi-iz-srbije-i-srpske-jedni-drugima-nisu-dijaspora\/#breadcrumb\"},\"inLanguage\":\"en-US\",\"potentialAction\":[{\"@type\":\"ReadAction\",\"target\":[\"https:\/\/dijasporars.com\/milicevic-srbi-iz-srbije-i-srpske-jedni-drugima-nisu-dijaspora\/\"]}]},{\"@type\":\"ImageObject\",\"inLanguage\":\"en-US\",\"@id\":\"https:\/\/dijasporars.com\/milicevic-srbi-iz-srbije-i-srpske-jedni-drugima-nisu-dijaspora\/#primaryimage\",\"url\":\"https:\/\/dijasporars.com\/wp-content\/uploads\/2023\/07\/\u0424\u043e\u0442\u043e-\u0402\u043e\u0440\u0452\u0435-\u041c\u0438\u043b\u0438\u045b\u0435\u0432\u0438\u045b-1.jpg\",\"contentUrl\":\"https:\/\/dijasporars.com\/wp-content\/uploads\/2023\/07\/\u0424\u043e\u0442\u043e-\u0402\u043e\u0440\u0452\u0435-\u041c\u0438\u043b\u0438\u045b\u0435\u0432\u0438\u045b-1.jpg\",\"width\":767,\"height\":414},{\"@type\":\"BreadcrumbList\",\"@id\":\"https:\/\/dijasporars.com\/milicevic-srbi-iz-srbije-i-srpske-jedni-drugima-nisu-dijaspora\/#breadcrumb\",\"itemListElement\":[{\"@type\":\"ListItem\",\"position\":1,\"name\":\"\u041f\u043e\u0447\u0435\u0442\u043d\u0430\",\"item\":\"https:\/\/dijasporars.com\/\"},{\"@type\":\"ListItem\",\"position\":2,\"name\":\"\u041c\u0438\u043b\u0438\u045b\u0435\u0432\u0438\u045b: \u0421\u0440\u0431\u0438 \u0438\u0437 \u0421\u0440\u0431\u0438\u0458\u0435 \u0438 \u0421\u0440\u043f\u0441\u043a\u0435 \u0458\u0435\u0434\u043d\u0438 \u0434\u0440\u0443\u0433\u0438\u043c\u0430 \u043d\u0438\u0441\u0443 \u0434\u0438\u0458\u0430\u0441\u043f\u043e\u0440\u0430\"}]},{\"@type\":\"WebSite\",\"@id\":\"https:\/\/dijasporars.com\/#website\",\"url\":\"https:\/\/dijasporars.com\/\",\"name\":\"\u0420\u0435\u043f\u0443\u0431\u043b\u0438\u043a\u0430 \u0421\u0440\u043f\u0441\u043a\u0430 \u0438 \u0434\u0438\u0458\u0430\u0441\u043f\u043e\u0440\u0430\",\"description\":\"\",\"potentialAction\":[{\"@type\":\"SearchAction\",\"target\":{\"@type\":\"EntryPoint\",\"urlTemplate\":\"https:\/\/dijasporars.com\/?s={search_term_string}\"},\"query-input\":{\"@type\":\"PropertyValueSpecification\",\"valueRequired\":true,\"valueName\":\"search_term_string\"}}],\"inLanguage\":\"en-US\"},{\"@type\":\"Person\",\"@id\":\"https:\/\/dijasporars.com\/#\/schema\/person\/f5052d53409aef50f7503bd1372c77ca\",\"name\":\"dijasporars\",\"image\":{\"@type\":\"ImageObject\",\"inLanguage\":\"en-US\",\"@id\":\"https:\/\/dijasporars.com\/#\/schema\/person\/image\/\",\"url\":\"https:\/\/secure.gravatar.com\/avatar\/759212a69df0744fb2be03efd361239831e31095061dacc7496bdf8524e0daf7?s=96&d=mm&r=g\",\"contentUrl\":\"https:\/\/secure.gravatar.com\/avatar\/759212a69df0744fb2be03efd361239831e31095061dacc7496bdf8524e0daf7?s=96&d=mm&r=g\",\"caption\":\"dijasporars\"},\"url\":\"https:\/\/dijasporars.com\/en\/author\/dijasporars\/\"}]}<\/script>\n<!-- \/ Yoast SEO plugin. -->","yoast_head_json":{"title":"\u041c\u0438\u043b\u0438\u045b\u0435\u0432\u0438\u045b: \u0421\u0440\u0431\u0438 \u0438\u0437 \u0421\u0440\u0431\u0438\u0458\u0435 \u0438 \u0421\u0440\u043f\u0441\u043a\u0435 \u0458\u0435\u0434\u043d\u0438 \u0434\u0440\u0443\u0433\u0438\u043c\u0430 \u043d\u0438\u0441\u0443 \u0434\u0438\u0458\u0430\u0441\u043f\u043e\u0440\u0430 - \u0420\u0435\u043f\u0443\u0431\u043b\u0438\u043a\u0430 \u0421\u0440\u043f\u0441\u043a\u0430 \u0438 \u0434\u0438\u0458\u0430\u0441\u043f\u043e\u0440\u0430","description":"Stranica za dijasporu RS, ovdje mo\u017eete prona\u0107i sve informacije, pomo\u0107 i savjete na jednom mjestu.","robots":{"index":"index","follow":"follow","max-snippet":"max-snippet:-1","max-image-preview":"max-image-preview:large","max-video-preview":"max-video-preview:-1"},"canonical":"https:\/\/dijasporars.com\/en\/milicevic-srbi-iz-srbije-i-srpske-jedni-drugima-nisu-dijaspora\/","og_locale":"en_US","og_type":"article","og_title":"\u041c\u0438\u043b\u0438\u045b\u0435\u0432\u0438\u045b: \u0421\u0440\u0431\u0438 \u0438\u0437 \u0421\u0440\u0431\u0438\u0458\u0435 \u0438 \u0421\u0440\u043f\u0441\u043a\u0435 \u0458\u0435\u0434\u043d\u0438 \u0434\u0440\u0443\u0433\u0438\u043c\u0430 \u043d\u0438\u0441\u0443 \u0434\u0438\u0458\u0430\u0441\u043f\u043e\u0440\u0430 - \u0420\u0435\u043f\u0443\u0431\u043b\u0438\u043a\u0430 \u0421\u0440\u043f\u0441\u043a\u0430 \u0438 \u0434\u0438\u0458\u0430\u0441\u043f\u043e\u0440\u0430","og_description":"Stranica za dijasporu RS, ovdje mo\u017eete prona\u0107i sve informacije, pomo\u0107 i savjete na jednom mjestu.","og_url":"https:\/\/dijasporars.com\/en\/milicevic-srbi-iz-srbije-i-srpske-jedni-drugima-nisu-dijaspora\/","og_site_name":"\u0420\u0435\u043f\u0443\u0431\u043b\u0438\u043a\u0430 \u0421\u0440\u043f\u0441\u043a\u0430 \u0438 \u0434\u0438\u0458\u0430\u0441\u043f\u043e\u0440\u0430","article_published_time":"2023-07-28T09:51:03+00:00","article_modified_time":"2023-07-28T09:51:45+00:00","og_image":[{"width":767,"height":414,"url":"https:\/\/dijasporars.com\/wp-content\/uploads\/2023\/07\/\u0424\u043e\u0442\u043e-\u0402\u043e\u0440\u0452\u0435-\u041c\u0438\u043b\u0438\u045b\u0435\u0432\u0438\u045b-1.jpg","type":"image\/jpeg"}],"author":"dijasporars","twitter_card":"summary_large_image","twitter_misc":{"Written by":"dijasporars"},"schema":{"@context":"https:\/\/schema.org","@graph":[{"@type":"WebPage","@id":"https:\/\/dijasporars.com\/milicevic-srbi-iz-srbije-i-srpske-jedni-drugima-nisu-dijaspora\/","url":"https:\/\/dijasporars.com\/milicevic-srbi-iz-srbije-i-srpske-jedni-drugima-nisu-dijaspora\/","name":"\u041c\u0438\u043b\u0438\u045b\u0435\u0432\u0438\u045b: \u0421\u0440\u0431\u0438 \u0438\u0437 \u0421\u0440\u0431\u0438\u0458\u0435 \u0438 \u0421\u0440\u043f\u0441\u043a\u0435 \u0458\u0435\u0434\u043d\u0438 \u0434\u0440\u0443\u0433\u0438\u043c\u0430 \u043d\u0438\u0441\u0443 \u0434\u0438\u0458\u0430\u0441\u043f\u043e\u0440\u0430 - \u0420\u0435\u043f\u0443\u0431\u043b\u0438\u043a\u0430 \u0421\u0440\u043f\u0441\u043a\u0430 \u0438 \u0434\u0438\u0458\u0430\u0441\u043f\u043e\u0440\u0430","isPartOf":{"@id":"https:\/\/dijasporars.com\/#website"},"primaryImageOfPage":{"@id":"https:\/\/dijasporars.com\/milicevic-srbi-iz-srbije-i-srpske-jedni-drugima-nisu-dijaspora\/#primaryimage"},"image":{"@id":"https:\/\/dijasporars.com\/milicevic-srbi-iz-srbije-i-srpske-jedni-drugima-nisu-dijaspora\/#primaryimage"},"thumbnailUrl":"https:\/\/dijasporars.com\/wp-content\/uploads\/2023\/07\/\u0424\u043e\u0442\u043e-\u0402\u043e\u0440\u0452\u0435-\u041c\u0438\u043b\u0438\u045b\u0435\u0432\u0438\u045b-1.jpg","datePublished":"2023-07-28T09:51:03+00:00","dateModified":"2023-07-28T09:51:45+00:00","author":{"@id":"https:\/\/dijasporars.com\/#\/schema\/person\/f5052d53409aef50f7503bd1372c77ca"},"description":"Stranica za dijasporu RS, ovdje mo\u017eete prona\u0107i sve informacije, pomo\u0107 i savjete na jednom mjestu.","breadcrumb":{"@id":"https:\/\/dijasporars.com\/milicevic-srbi-iz-srbije-i-srpske-jedni-drugima-nisu-dijaspora\/#breadcrumb"},"inLanguage":"en-US","potentialAction":[{"@type":"ReadAction","target":["https:\/\/dijasporars.com\/milicevic-srbi-iz-srbije-i-srpske-jedni-drugima-nisu-dijaspora\/"]}]},{"@type":"ImageObject","inLanguage":"en-US","@id":"https:\/\/dijasporars.com\/milicevic-srbi-iz-srbije-i-srpske-jedni-drugima-nisu-dijaspora\/#primaryimage","url":"https:\/\/dijasporars.com\/wp-content\/uploads\/2023\/07\/\u0424\u043e\u0442\u043e-\u0402\u043e\u0440\u0452\u0435-\u041c\u0438\u043b\u0438\u045b\u0435\u0432\u0438\u045b-1.jpg","contentUrl":"https:\/\/dijasporars.com\/wp-content\/uploads\/2023\/07\/\u0424\u043e\u0442\u043e-\u0402\u043e\u0440\u0452\u0435-\u041c\u0438\u043b\u0438\u045b\u0435\u0432\u0438\u045b-1.jpg","width":767,"height":414},{"@type":"BreadcrumbList","@id":"https:\/\/dijasporars.com\/milicevic-srbi-iz-srbije-i-srpske-jedni-drugima-nisu-dijaspora\/#breadcrumb","itemListElement":[{"@type":"ListItem","position":1,"name":"\u041f\u043e\u0447\u0435\u0442\u043d\u0430","item":"https:\/\/dijasporars.com\/"},{"@type":"ListItem","position":2,"name":"\u041c\u0438\u043b\u0438\u045b\u0435\u0432\u0438\u045b: \u0421\u0440\u0431\u0438 \u0438\u0437 \u0421\u0440\u0431\u0438\u0458\u0435 \u0438 \u0421\u0440\u043f\u0441\u043a\u0435 \u0458\u0435\u0434\u043d\u0438 \u0434\u0440\u0443\u0433\u0438\u043c\u0430 \u043d\u0438\u0441\u0443 \u0434\u0438\u0458\u0430\u0441\u043f\u043e\u0440\u0430"}]},{"@type":"WebSite","@id":"https:\/\/dijasporars.com\/#website","url":"https:\/\/dijasporars.com\/","name":"\u0420\u0435\u043f\u0443\u0431\u043b\u0438\u043a\u0430 \u0421\u0440\u043f\u0441\u043a\u0430 \u0438 \u0434\u0438\u0458\u0430\u0441\u043f\u043e\u0440\u0430","description":"","potentialAction":[{"@type":"SearchAction","target":{"@type":"EntryPoint","urlTemplate":"https:\/\/dijasporars.com\/?s={search_term_string}"},"query-input":{"@type":"PropertyValueSpecification","valueRequired":true,"valueName":"search_term_string"}}],"inLanguage":"en-US"},{"@type":"Person","@id":"https:\/\/dijasporars.com\/#\/schema\/person\/f5052d53409aef50f7503bd1372c77ca","name":"dijasporars","image":{"@type":"ImageObject","inLanguage":"en-US","@id":"https:\/\/dijasporars.com\/#\/schema\/person\/image\/","url":"https:\/\/secure.gravatar.com\/avatar\/759212a69df0744fb2be03efd361239831e31095061dacc7496bdf8524e0daf7?s=96&d=mm&r=g","contentUrl":"https:\/\/secure.gravatar.com\/avatar\/759212a69df0744fb2be03efd361239831e31095061dacc7496bdf8524e0daf7?s=96&d=mm&r=g","caption":"dijasporars"},"url":"https:\/\/dijasporars.com\/en\/author\/dijasporars\/"}]}},"_links":{"self":[{"href":"https:\/\/dijasporars.com\/en\/wp-json\/wp\/v2\/posts\/5792","targetHints":{"allow":["GET"]}}],"collection":[{"href":"https:\/\/dijasporars.com\/en\/wp-json\/wp\/v2\/posts"}],"about":[{"href":"https:\/\/dijasporars.com\/en\/wp-json\/wp\/v2\/types\/post"}],"author":[{"embeddable":true,"href":"https:\/\/dijasporars.com\/en\/wp-json\/wp\/v2\/users\/1"}],"replies":[{"embeddable":true,"href":"https:\/\/dijasporars.com\/en\/wp-json\/wp\/v2\/comments?post=5792"}],"version-history":[{"count":1,"href":"https:\/\/dijasporars.com\/en\/wp-json\/wp\/v2\/posts\/5792\/revisions"}],"predecessor-version":[{"id":5794,"href":"https:\/\/dijasporars.com\/en\/wp-json\/wp\/v2\/posts\/5792\/revisions\/5794"}],"wp:featuredmedia":[{"embeddable":true,"href":"https:\/\/dijasporars.com\/en\/wp-json\/wp\/v2\/media\/5793"}],"wp:attachment":[{"href":"https:\/\/dijasporars.com\/en\/wp-json\/wp\/v2\/media?parent=5792"}],"wp:term":[{"taxonomy":"category","embeddable":true,"href":"https:\/\/dijasporars.com\/en\/wp-json\/wp\/v2\/categories?post=5792"},{"taxonomy":"post_tag","embeddable":true,"href":"https:\/\/dijasporars.com\/en\/wp-json\/wp\/v2\/tags?post=5792"}],"curies":[{"name":"wp","href":"https:\/\/api.w.org\/{rel}","templated":true}]}}