{"id":5575,"date":"2023-05-25T11:22:04","date_gmt":"2023-05-25T09:22:04","guid":{"rendered":"https:\/\/dijasporars.com\/?p=5575"},"modified":"2023-05-25T11:22:27","modified_gmt":"2023-05-25T09:22:27","slug":"obiljezen-dan-slovenske-pismenosti-i-kulture","status":"publish","type":"post","link":"https:\/\/dijasporars.com\/en\/obiljezen-dan-slovenske-pismenosti-i-kulture\/","title":{"rendered":"Slavic Literacy and Culture Day Celebrated"},"content":{"rendered":"<p>The Day of Slavic Literacy and Culture is celebrated in memory of the Thessaloniki brothers Cyril and Methodius, who are responsible for spreading literacy. It is very important to remember the significance of nurturing the Serbian language and Cyrillic alphabet, to which each of us should contribute.<\/p>\n<p>The love for language and alphabet develops from an early age. This was also confirmed by the competition Moja olovka pi\u0161e \u0107irilicom (My pen writes in Cyrillic), which received around 700 entries. The awardees include \u0110or\u0111e Mihi\u0107 from Bile\u0107a, who won the Golden Pen for Cyrillic penmanship among 254 handwritings in the junior elementary school pupil category.<\/p>\n<p>The greatness of our nation is measured by the extent of our preserving the language \u2013 these are the words of the Serbian language reformer Vuk Karad\u017ei\u0107. These words are a guide also for Jelena Raca, the student of the generation of the Banja Luka Faculty of Philology, who says that Serbian is rather undervalued today.<\/p>\n<p>\u2013 I think that the Cyrillic alphabet is being increasingly neglected and that elementary and secondary school teachers should constantly encourage the pupils and remind them how important it is to know our alphabet \u2013 says Raca.<\/p>\n<p>Serbian should be nurtured by each individual personally, and everything starts from reading culture, according to them.<\/p>\n<p>\u2013 I appeal to every individual engaged in public speaking in all spheres of public language use, to start from their personal home library, because it is the best and most effective way to preserve the language and improve their speaking culture \u2013 said Biljana Babi\u0107, Dean of the Banja Luka Faculty of Philology.<\/p>\n<p>It was from the Banja Luka Philology Faculty, which marked its day, that the initiative was launched earlier to introduce the subject Serbian language in undergraduate studies at all faculties, but a consensus on this has not yet been reached.<\/p>\n<p>\u2013 We in the academic community must insist on the quality of the Serbian language and the use of the Cyrillic alphabet. But not only at faculties, but also in elementary and secondary education \u2013said the rector of the Banja Luka University, Radoslav Gajanin.<\/p>\n<p>In September 2021, the National Assembly of the Republic of Srpska adopted the Law on Protection, Preservation and Use of the Language of the Serb People and the Cyrillic Alphabet, which declared the Serbian language and Cyrillic alphabet a cultural asset of exceptional importance.<\/p>\n<p>Source and photo: RTRS<\/p>","protected":false},"excerpt":{"rendered":"<p>The Day of Slavic Literacy and Culture is celebrated in memory of the Thessaloniki brothers Cyril and Methodius, who are responsible for spreading literacy. It is very important to remember the significance of nurturing the Serbian language and Cyrillic alphabet, to which each of us should contribute. The love for language and alphabet develops from an early age. This was also confirmed<\/p>","protected":false},"author":1,"featured_media":5576,"comment_status":"closed","ping_status":"closed","sticky":false,"template":"","format":"standard","meta":{"footnotes":""},"categories":[52,77],"tags":[],"class_list":["post-5575","post","type-post","status-publish","format-standard","has-post-thumbnail","hentry","category-vijesti","category-vijesti-republika-srpska"],"yoast_head":"<!-- This site is optimized with the Yoast SEO plugin v24.6 - https:\/\/yoast.com\/wordpress\/plugins\/seo\/ -->\n<title>\u041e\u0431\u0438\u0459\u0435\u0436\u0435\u043d \u0414\u0430\u043d \u0441\u043b\u043e\u0432\u0435\u043d\u0441\u043a\u0435 \u043f\u0438\u0441\u043c\u0435\u043d\u043e\u0441\u0442\u0438 \u0438 \u043a\u0443\u043b\u0442\u0443\u0440\u0435 - \u0420\u0435\u043f\u0443\u0431\u043b\u0438\u043a\u0430 \u0421\u0440\u043f\u0441\u043a\u0430 \u0438 \u0434\u0438\u0458\u0430\u0441\u043f\u043e\u0440\u0430<\/title>\n<meta name=\"description\" content=\"Stranica za dijasporu RS, ovdje mo\u017eete prona\u0107i sve informacije, pomo\u0107 i savjete na jednom mjestu.\" \/>\n<meta name=\"robots\" content=\"index, follow, max-snippet:-1, max-image-preview:large, max-video-preview:-1\" \/>\n<link rel=\"canonical\" href=\"https:\/\/dijasporars.com\/en\/obiljezen-dan-slovenske-pismenosti-i-kulture\/\" \/>\n<meta property=\"og:locale\" content=\"en_US\" \/>\n<meta property=\"og:type\" content=\"article\" \/>\n<meta property=\"og:title\" content=\"\u041e\u0431\u0438\u0459\u0435\u0436\u0435\u043d \u0414\u0430\u043d \u0441\u043b\u043e\u0432\u0435\u043d\u0441\u043a\u0435 \u043f\u0438\u0441\u043c\u0435\u043d\u043e\u0441\u0442\u0438 \u0438 \u043a\u0443\u043b\u0442\u0443\u0440\u0435 - \u0420\u0435\u043f\u0443\u0431\u043b\u0438\u043a\u0430 \u0421\u0440\u043f\u0441\u043a\u0430 \u0438 \u0434\u0438\u0458\u0430\u0441\u043f\u043e\u0440\u0430\" \/>\n<meta property=\"og:description\" content=\"Stranica za dijasporu RS, ovdje mo\u017eete prona\u0107i sve informacije, pomo\u0107 i savjete na jednom mjestu.\" \/>\n<meta property=\"og:url\" content=\"https:\/\/dijasporars.com\/en\/obiljezen-dan-slovenske-pismenosti-i-kulture\/\" \/>\n<meta property=\"og:site_name\" content=\"\u0420\u0435\u043f\u0443\u0431\u043b\u0438\u043a\u0430 \u0421\u0440\u043f\u0441\u043a\u0430 \u0438 \u0434\u0438\u0458\u0430\u0441\u043f\u043e\u0440\u0430\" \/>\n<meta property=\"article:published_time\" content=\"2023-05-25T09:22:04+00:00\" \/>\n<meta property=\"article:modified_time\" content=\"2023-05-25T09:22:27+00:00\" \/>\n<meta property=\"og:image\" content=\"https:\/\/dijasporars.com\/wp-content\/uploads\/2023\/05\/\u0424\u043e\u0442\u043e-\u0420\u0422\u0420\u0421-1.jpg\" \/>\n\t<meta property=\"og:image:width\" content=\"658\" \/>\n\t<meta property=\"og:image:height\" content=\"493\" \/>\n\t<meta property=\"og:image:type\" content=\"image\/jpeg\" \/>\n<meta name=\"author\" content=\"dijasporars\" \/>\n<meta name=\"twitter:card\" content=\"summary_large_image\" \/>\n<meta name=\"twitter:label1\" content=\"Written by\" \/>\n\t<meta name=\"twitter:data1\" content=\"dijasporars\" \/>\n<script type=\"application\/ld+json\" class=\"yoast-schema-graph\">{\"@context\":\"https:\/\/schema.org\",\"@graph\":[{\"@type\":\"WebPage\",\"@id\":\"https:\/\/dijasporars.com\/obiljezen-dan-slovenske-pismenosti-i-kulture\/\",\"url\":\"https:\/\/dijasporars.com\/obiljezen-dan-slovenske-pismenosti-i-kulture\/\",\"name\":\"\u041e\u0431\u0438\u0459\u0435\u0436\u0435\u043d \u0414\u0430\u043d \u0441\u043b\u043e\u0432\u0435\u043d\u0441\u043a\u0435 \u043f\u0438\u0441\u043c\u0435\u043d\u043e\u0441\u0442\u0438 \u0438 \u043a\u0443\u043b\u0442\u0443\u0440\u0435 - \u0420\u0435\u043f\u0443\u0431\u043b\u0438\u043a\u0430 \u0421\u0440\u043f\u0441\u043a\u0430 \u0438 \u0434\u0438\u0458\u0430\u0441\u043f\u043e\u0440\u0430\",\"isPartOf\":{\"@id\":\"https:\/\/dijasporars.com\/#website\"},\"primaryImageOfPage\":{\"@id\":\"https:\/\/dijasporars.com\/obiljezen-dan-slovenske-pismenosti-i-kulture\/#primaryimage\"},\"image\":{\"@id\":\"https:\/\/dijasporars.com\/obiljezen-dan-slovenske-pismenosti-i-kulture\/#primaryimage\"},\"thumbnailUrl\":\"https:\/\/dijasporars.com\/wp-content\/uploads\/2023\/05\/\u0424\u043e\u0442\u043e-\u0420\u0422\u0420\u0421-1.jpg\",\"datePublished\":\"2023-05-25T09:22:04+00:00\",\"dateModified\":\"2023-05-25T09:22:27+00:00\",\"author\":{\"@id\":\"https:\/\/dijasporars.com\/#\/schema\/person\/f5052d53409aef50f7503bd1372c77ca\"},\"description\":\"Stranica za dijasporu RS, ovdje mo\u017eete prona\u0107i sve informacije, pomo\u0107 i savjete na jednom mjestu.\",\"breadcrumb\":{\"@id\":\"https:\/\/dijasporars.com\/obiljezen-dan-slovenske-pismenosti-i-kulture\/#breadcrumb\"},\"inLanguage\":\"en-US\",\"potentialAction\":[{\"@type\":\"ReadAction\",\"target\":[\"https:\/\/dijasporars.com\/obiljezen-dan-slovenske-pismenosti-i-kulture\/\"]}]},{\"@type\":\"ImageObject\",\"inLanguage\":\"en-US\",\"@id\":\"https:\/\/dijasporars.com\/obiljezen-dan-slovenske-pismenosti-i-kulture\/#primaryimage\",\"url\":\"https:\/\/dijasporars.com\/wp-content\/uploads\/2023\/05\/\u0424\u043e\u0442\u043e-\u0420\u0422\u0420\u0421-1.jpg\",\"contentUrl\":\"https:\/\/dijasporars.com\/wp-content\/uploads\/2023\/05\/\u0424\u043e\u0442\u043e-\u0420\u0422\u0420\u0421-1.jpg\",\"width\":658,\"height\":493},{\"@type\":\"BreadcrumbList\",\"@id\":\"https:\/\/dijasporars.com\/obiljezen-dan-slovenske-pismenosti-i-kulture\/#breadcrumb\",\"itemListElement\":[{\"@type\":\"ListItem\",\"position\":1,\"name\":\"\u041f\u043e\u0447\u0435\u0442\u043d\u0430\",\"item\":\"https:\/\/dijasporars.com\/\"},{\"@type\":\"ListItem\",\"position\":2,\"name\":\"\u041e\u0431\u0438\u0459\u0435\u0436\u0435\u043d \u0414\u0430\u043d \u0441\u043b\u043e\u0432\u0435\u043d\u0441\u043a\u0435 \u043f\u0438\u0441\u043c\u0435\u043d\u043e\u0441\u0442\u0438 \u0438 \u043a\u0443\u043b\u0442\u0443\u0440\u0435\"}]},{\"@type\":\"WebSite\",\"@id\":\"https:\/\/dijasporars.com\/#website\",\"url\":\"https:\/\/dijasporars.com\/\",\"name\":\"\u0420\u0435\u043f\u0443\u0431\u043b\u0438\u043a\u0430 \u0421\u0440\u043f\u0441\u043a\u0430 \u0438 \u0434\u0438\u0458\u0430\u0441\u043f\u043e\u0440\u0430\",\"description\":\"\",\"potentialAction\":[{\"@type\":\"SearchAction\",\"target\":{\"@type\":\"EntryPoint\",\"urlTemplate\":\"https:\/\/dijasporars.com\/?s={search_term_string}\"},\"query-input\":{\"@type\":\"PropertyValueSpecification\",\"valueRequired\":true,\"valueName\":\"search_term_string\"}}],\"inLanguage\":\"en-US\"},{\"@type\":\"Person\",\"@id\":\"https:\/\/dijasporars.com\/#\/schema\/person\/f5052d53409aef50f7503bd1372c77ca\",\"name\":\"dijasporars\",\"image\":{\"@type\":\"ImageObject\",\"inLanguage\":\"en-US\",\"@id\":\"https:\/\/dijasporars.com\/#\/schema\/person\/image\/\",\"url\":\"https:\/\/secure.gravatar.com\/avatar\/759212a69df0744fb2be03efd361239831e31095061dacc7496bdf8524e0daf7?s=96&d=mm&r=g\",\"contentUrl\":\"https:\/\/secure.gravatar.com\/avatar\/759212a69df0744fb2be03efd361239831e31095061dacc7496bdf8524e0daf7?s=96&d=mm&r=g\",\"caption\":\"dijasporars\"},\"url\":\"https:\/\/dijasporars.com\/en\/author\/dijasporars\/\"}]}<\/script>\n<!-- \/ Yoast SEO plugin. -->","yoast_head_json":{"title":"\u041e\u0431\u0438\u0459\u0435\u0436\u0435\u043d \u0414\u0430\u043d \u0441\u043b\u043e\u0432\u0435\u043d\u0441\u043a\u0435 \u043f\u0438\u0441\u043c\u0435\u043d\u043e\u0441\u0442\u0438 \u0438 \u043a\u0443\u043b\u0442\u0443\u0440\u0435 - \u0420\u0435\u043f\u0443\u0431\u043b\u0438\u043a\u0430 \u0421\u0440\u043f\u0441\u043a\u0430 \u0438 \u0434\u0438\u0458\u0430\u0441\u043f\u043e\u0440\u0430","description":"Stranica za dijasporu RS, ovdje mo\u017eete prona\u0107i sve informacije, pomo\u0107 i savjete na jednom mjestu.","robots":{"index":"index","follow":"follow","max-snippet":"max-snippet:-1","max-image-preview":"max-image-preview:large","max-video-preview":"max-video-preview:-1"},"canonical":"https:\/\/dijasporars.com\/en\/obiljezen-dan-slovenske-pismenosti-i-kulture\/","og_locale":"en_US","og_type":"article","og_title":"\u041e\u0431\u0438\u0459\u0435\u0436\u0435\u043d \u0414\u0430\u043d \u0441\u043b\u043e\u0432\u0435\u043d\u0441\u043a\u0435 \u043f\u0438\u0441\u043c\u0435\u043d\u043e\u0441\u0442\u0438 \u0438 \u043a\u0443\u043b\u0442\u0443\u0440\u0435 - \u0420\u0435\u043f\u0443\u0431\u043b\u0438\u043a\u0430 \u0421\u0440\u043f\u0441\u043a\u0430 \u0438 \u0434\u0438\u0458\u0430\u0441\u043f\u043e\u0440\u0430","og_description":"Stranica za dijasporu RS, ovdje mo\u017eete prona\u0107i sve informacije, pomo\u0107 i savjete na jednom mjestu.","og_url":"https:\/\/dijasporars.com\/en\/obiljezen-dan-slovenske-pismenosti-i-kulture\/","og_site_name":"\u0420\u0435\u043f\u0443\u0431\u043b\u0438\u043a\u0430 \u0421\u0440\u043f\u0441\u043a\u0430 \u0438 \u0434\u0438\u0458\u0430\u0441\u043f\u043e\u0440\u0430","article_published_time":"2023-05-25T09:22:04+00:00","article_modified_time":"2023-05-25T09:22:27+00:00","og_image":[{"width":658,"height":493,"url":"https:\/\/dijasporars.com\/wp-content\/uploads\/2023\/05\/\u0424\u043e\u0442\u043e-\u0420\u0422\u0420\u0421-1.jpg","type":"image\/jpeg"}],"author":"dijasporars","twitter_card":"summary_large_image","twitter_misc":{"Written by":"dijasporars"},"schema":{"@context":"https:\/\/schema.org","@graph":[{"@type":"WebPage","@id":"https:\/\/dijasporars.com\/obiljezen-dan-slovenske-pismenosti-i-kulture\/","url":"https:\/\/dijasporars.com\/obiljezen-dan-slovenske-pismenosti-i-kulture\/","name":"\u041e\u0431\u0438\u0459\u0435\u0436\u0435\u043d \u0414\u0430\u043d \u0441\u043b\u043e\u0432\u0435\u043d\u0441\u043a\u0435 \u043f\u0438\u0441\u043c\u0435\u043d\u043e\u0441\u0442\u0438 \u0438 \u043a\u0443\u043b\u0442\u0443\u0440\u0435 - \u0420\u0435\u043f\u0443\u0431\u043b\u0438\u043a\u0430 \u0421\u0440\u043f\u0441\u043a\u0430 \u0438 \u0434\u0438\u0458\u0430\u0441\u043f\u043e\u0440\u0430","isPartOf":{"@id":"https:\/\/dijasporars.com\/#website"},"primaryImageOfPage":{"@id":"https:\/\/dijasporars.com\/obiljezen-dan-slovenske-pismenosti-i-kulture\/#primaryimage"},"image":{"@id":"https:\/\/dijasporars.com\/obiljezen-dan-slovenske-pismenosti-i-kulture\/#primaryimage"},"thumbnailUrl":"https:\/\/dijasporars.com\/wp-content\/uploads\/2023\/05\/\u0424\u043e\u0442\u043e-\u0420\u0422\u0420\u0421-1.jpg","datePublished":"2023-05-25T09:22:04+00:00","dateModified":"2023-05-25T09:22:27+00:00","author":{"@id":"https:\/\/dijasporars.com\/#\/schema\/person\/f5052d53409aef50f7503bd1372c77ca"},"description":"Stranica za dijasporu RS, ovdje mo\u017eete prona\u0107i sve informacije, pomo\u0107 i savjete na jednom mjestu.","breadcrumb":{"@id":"https:\/\/dijasporars.com\/obiljezen-dan-slovenske-pismenosti-i-kulture\/#breadcrumb"},"inLanguage":"en-US","potentialAction":[{"@type":"ReadAction","target":["https:\/\/dijasporars.com\/obiljezen-dan-slovenske-pismenosti-i-kulture\/"]}]},{"@type":"ImageObject","inLanguage":"en-US","@id":"https:\/\/dijasporars.com\/obiljezen-dan-slovenske-pismenosti-i-kulture\/#primaryimage","url":"https:\/\/dijasporars.com\/wp-content\/uploads\/2023\/05\/\u0424\u043e\u0442\u043e-\u0420\u0422\u0420\u0421-1.jpg","contentUrl":"https:\/\/dijasporars.com\/wp-content\/uploads\/2023\/05\/\u0424\u043e\u0442\u043e-\u0420\u0422\u0420\u0421-1.jpg","width":658,"height":493},{"@type":"BreadcrumbList","@id":"https:\/\/dijasporars.com\/obiljezen-dan-slovenske-pismenosti-i-kulture\/#breadcrumb","itemListElement":[{"@type":"ListItem","position":1,"name":"\u041f\u043e\u0447\u0435\u0442\u043d\u0430","item":"https:\/\/dijasporars.com\/"},{"@type":"ListItem","position":2,"name":"\u041e\u0431\u0438\u0459\u0435\u0436\u0435\u043d \u0414\u0430\u043d \u0441\u043b\u043e\u0432\u0435\u043d\u0441\u043a\u0435 \u043f\u0438\u0441\u043c\u0435\u043d\u043e\u0441\u0442\u0438 \u0438 \u043a\u0443\u043b\u0442\u0443\u0440\u0435"}]},{"@type":"WebSite","@id":"https:\/\/dijasporars.com\/#website","url":"https:\/\/dijasporars.com\/","name":"\u0420\u0435\u043f\u0443\u0431\u043b\u0438\u043a\u0430 \u0421\u0440\u043f\u0441\u043a\u0430 \u0438 \u0434\u0438\u0458\u0430\u0441\u043f\u043e\u0440\u0430","description":"","potentialAction":[{"@type":"SearchAction","target":{"@type":"EntryPoint","urlTemplate":"https:\/\/dijasporars.com\/?s={search_term_string}"},"query-input":{"@type":"PropertyValueSpecification","valueRequired":true,"valueName":"search_term_string"}}],"inLanguage":"en-US"},{"@type":"Person","@id":"https:\/\/dijasporars.com\/#\/schema\/person\/f5052d53409aef50f7503bd1372c77ca","name":"dijasporars","image":{"@type":"ImageObject","inLanguage":"en-US","@id":"https:\/\/dijasporars.com\/#\/schema\/person\/image\/","url":"https:\/\/secure.gravatar.com\/avatar\/759212a69df0744fb2be03efd361239831e31095061dacc7496bdf8524e0daf7?s=96&d=mm&r=g","contentUrl":"https:\/\/secure.gravatar.com\/avatar\/759212a69df0744fb2be03efd361239831e31095061dacc7496bdf8524e0daf7?s=96&d=mm&r=g","caption":"dijasporars"},"url":"https:\/\/dijasporars.com\/en\/author\/dijasporars\/"}]}},"_links":{"self":[{"href":"https:\/\/dijasporars.com\/en\/wp-json\/wp\/v2\/posts\/5575","targetHints":{"allow":["GET"]}}],"collection":[{"href":"https:\/\/dijasporars.com\/en\/wp-json\/wp\/v2\/posts"}],"about":[{"href":"https:\/\/dijasporars.com\/en\/wp-json\/wp\/v2\/types\/post"}],"author":[{"embeddable":true,"href":"https:\/\/dijasporars.com\/en\/wp-json\/wp\/v2\/users\/1"}],"replies":[{"embeddable":true,"href":"https:\/\/dijasporars.com\/en\/wp-json\/wp\/v2\/comments?post=5575"}],"version-history":[{"count":1,"href":"https:\/\/dijasporars.com\/en\/wp-json\/wp\/v2\/posts\/5575\/revisions"}],"predecessor-version":[{"id":5577,"href":"https:\/\/dijasporars.com\/en\/wp-json\/wp\/v2\/posts\/5575\/revisions\/5577"}],"wp:featuredmedia":[{"embeddable":true,"href":"https:\/\/dijasporars.com\/en\/wp-json\/wp\/v2\/media\/5576"}],"wp:attachment":[{"href":"https:\/\/dijasporars.com\/en\/wp-json\/wp\/v2\/media?parent=5575"}],"wp:term":[{"taxonomy":"category","embeddable":true,"href":"https:\/\/dijasporars.com\/en\/wp-json\/wp\/v2\/categories?post=5575"},{"taxonomy":"post_tag","embeddable":true,"href":"https:\/\/dijasporars.com\/en\/wp-json\/wp\/v2\/tags?post=5575"}],"curies":[{"name":"wp","href":"https:\/\/api.w.org\/{rel}","templated":true}]}}