{"id":5382,"date":"2023-03-20T10:58:34","date_gmt":"2023-03-20T09:58:34","guid":{"rendered":"https:\/\/dijasporars.com\/?p=5382"},"modified":"2023-03-20T10:59:05","modified_gmt":"2023-03-20T09:59:05","slug":"banjalucki-daun-sindrom-centar-u-solunu","status":"publish","type":"post","link":"https:\/\/dijasporars.com\/en\/banjalucki-daun-sindrom-centar-u-solunu\/","title":{"rendered":"Banja Luka Down Syndrome Center in Thessaloniki"},"content":{"rendered":"<p>The Banja Luka Down Syndrome Center arrived in Thessaloniki, where they will be marking 21 March, the World Down Syndrome Day from 17 to 22 March, together with the Greek Down Syndrome Center of Greece.<\/p>\n<p>To mark this day, a festive lunch was held for the members of the Down Center, attended also by the Greek President, Katerina Sakellaropoulou, the President of the Banja Luka Center, Zoran Jeli\u0107, the President of the Greek Center, Nikolaos Zaimis, and the Head of the Republic of Srpska Representative Office in Greece, Jelena Jovanovi\u0107.<\/p>\n<p>With the support of the Republic of Srpska Representation in Greece, the city of Thessaloniki, the municipality of Kalamaria and the governorate for Central Macedonia, the five-day visit will include joint activities, i.e. workshops of these two centers, where, among other things, the members of the center will visit Zeitenlik \u2013 the Serbian military cemetery in Thessaloniki.<\/p>\n<p>On 20 March, Greek audience will see the premiere of the film Some New Broadway, directed by Denis Boji\u0107 and produced by the Republic of Srpska Radio Television and Banja Luka Down Syndrome Center, which deals with the problem of social rehabilitation of persons with Down syndrome older than 18 years.<\/p>\n<p>On the World Down Syndrome Day, 21 March, these two centers will sign a twinning memorandum that will contribute to the strengthening of brotherly relations between the two peoples, but also to the planning of joint activities in the coming period.<\/p>\n<p>Source and photo: RTRS<\/p>","protected":false},"excerpt":{"rendered":"<p>The Banja Luka Down Syndrome Center arrived in Thessaloniki, where they will be marking 21 March, the World Down Syndrome Day from 17 to 22 March, together with the Greek Down Syndrome Center of Greece. To mark this day, a festive lunch was held for the members of the Down Center, attended also by the Greek President, Katerina Sakellaropoulou,<\/p>","protected":false},"author":1,"featured_media":5383,"comment_status":"closed","ping_status":"closed","sticky":false,"template":"","format":"standard","meta":{"footnotes":""},"categories":[52,76],"tags":[],"class_list":["post-5382","post","type-post","status-publish","format-standard","has-post-thumbnail","hentry","category-vijesti","category-vijesti-dijaspora"],"yoast_head":"<!-- This site is optimized with the Yoast SEO plugin v24.6 - https:\/\/yoast.com\/wordpress\/plugins\/seo\/ -->\n<title>\u0411\u0430\u045a\u0430\u043b\u0443\u0447\u043a\u0438 \u0414\u0430\u0443\u043d \u0441\u0438\u043d\u0434\u0440\u043e\u043c \u0446\u0435\u043d\u0442\u0430\u0440 \u0443 \u0421\u043e\u043b\u0443\u043d\u0443 - \u0420\u0435\u043f\u0443\u0431\u043b\u0438\u043a\u0430 \u0421\u0440\u043f\u0441\u043a\u0430 \u0438 \u0434\u0438\u0458\u0430\u0441\u043f\u043e\u0440\u0430<\/title>\n<meta name=\"description\" content=\"Stranica za dijasporu RS, ovdje mo\u017eete prona\u0107i sve informacije, pomo\u0107 i savjete na jednom mjestu.\" \/>\n<meta name=\"robots\" content=\"index, follow, max-snippet:-1, max-image-preview:large, max-video-preview:-1\" \/>\n<link rel=\"canonical\" href=\"https:\/\/dijasporars.com\/en\/banjalucki-daun-sindrom-centar-u-solunu\/\" \/>\n<meta property=\"og:locale\" content=\"en_US\" \/>\n<meta property=\"og:type\" content=\"article\" \/>\n<meta property=\"og:title\" content=\"\u0411\u0430\u045a\u0430\u043b\u0443\u0447\u043a\u0438 \u0414\u0430\u0443\u043d \u0441\u0438\u043d\u0434\u0440\u043e\u043c \u0446\u0435\u043d\u0442\u0430\u0440 \u0443 \u0421\u043e\u043b\u0443\u043d\u0443 - \u0420\u0435\u043f\u0443\u0431\u043b\u0438\u043a\u0430 \u0421\u0440\u043f\u0441\u043a\u0430 \u0438 \u0434\u0438\u0458\u0430\u0441\u043f\u043e\u0440\u0430\" \/>\n<meta property=\"og:description\" content=\"Stranica za dijasporu RS, ovdje mo\u017eete prona\u0107i sve informacije, pomo\u0107 i savjete na jednom mjestu.\" \/>\n<meta property=\"og:url\" content=\"https:\/\/dijasporars.com\/en\/banjalucki-daun-sindrom-centar-u-solunu\/\" \/>\n<meta property=\"og:site_name\" content=\"\u0420\u0435\u043f\u0443\u0431\u043b\u0438\u043a\u0430 \u0421\u0440\u043f\u0441\u043a\u0430 \u0438 \u0434\u0438\u0458\u0430\u0441\u043f\u043e\u0440\u0430\" \/>\n<meta property=\"article:published_time\" content=\"2023-03-20T09:58:34+00:00\" \/>\n<meta property=\"article:modified_time\" content=\"2023-03-20T09:59:05+00:00\" \/>\n<meta property=\"og:image\" content=\"https:\/\/dijasporars.com\/wp-content\/uploads\/2023\/03\/\u0424\u043e\u0442\u043e-\u0420\u0422\u0420\u0421-1.jpg\" \/>\n\t<meta property=\"og:image:width\" content=\"658\" \/>\n\t<meta property=\"og:image:height\" content=\"493\" \/>\n\t<meta property=\"og:image:type\" content=\"image\/jpeg\" \/>\n<meta name=\"author\" content=\"dijasporars\" \/>\n<meta name=\"twitter:card\" content=\"summary_large_image\" \/>\n<meta name=\"twitter:label1\" content=\"Written by\" \/>\n\t<meta name=\"twitter:data1\" content=\"dijasporars\" \/>\n<script type=\"application\/ld+json\" class=\"yoast-schema-graph\">{\"@context\":\"https:\/\/schema.org\",\"@graph\":[{\"@type\":\"WebPage\",\"@id\":\"https:\/\/dijasporars.com\/banjalucki-daun-sindrom-centar-u-solunu\/\",\"url\":\"https:\/\/dijasporars.com\/banjalucki-daun-sindrom-centar-u-solunu\/\",\"name\":\"\u0411\u0430\u045a\u0430\u043b\u0443\u0447\u043a\u0438 \u0414\u0430\u0443\u043d \u0441\u0438\u043d\u0434\u0440\u043e\u043c \u0446\u0435\u043d\u0442\u0430\u0440 \u0443 \u0421\u043e\u043b\u0443\u043d\u0443 - \u0420\u0435\u043f\u0443\u0431\u043b\u0438\u043a\u0430 \u0421\u0440\u043f\u0441\u043a\u0430 \u0438 \u0434\u0438\u0458\u0430\u0441\u043f\u043e\u0440\u0430\",\"isPartOf\":{\"@id\":\"https:\/\/dijasporars.com\/#website\"},\"primaryImageOfPage\":{\"@id\":\"https:\/\/dijasporars.com\/banjalucki-daun-sindrom-centar-u-solunu\/#primaryimage\"},\"image\":{\"@id\":\"https:\/\/dijasporars.com\/banjalucki-daun-sindrom-centar-u-solunu\/#primaryimage\"},\"thumbnailUrl\":\"https:\/\/dijasporars.com\/wp-content\/uploads\/2023\/03\/\u0424\u043e\u0442\u043e-\u0420\u0422\u0420\u0421-1.jpg\",\"datePublished\":\"2023-03-20T09:58:34+00:00\",\"dateModified\":\"2023-03-20T09:59:05+00:00\",\"author\":{\"@id\":\"https:\/\/dijasporars.com\/#\/schema\/person\/f5052d53409aef50f7503bd1372c77ca\"},\"description\":\"Stranica za dijasporu RS, ovdje mo\u017eete prona\u0107i sve informacije, pomo\u0107 i savjete na jednom mjestu.\",\"breadcrumb\":{\"@id\":\"https:\/\/dijasporars.com\/banjalucki-daun-sindrom-centar-u-solunu\/#breadcrumb\"},\"inLanguage\":\"en-US\",\"potentialAction\":[{\"@type\":\"ReadAction\",\"target\":[\"https:\/\/dijasporars.com\/banjalucki-daun-sindrom-centar-u-solunu\/\"]}]},{\"@type\":\"ImageObject\",\"inLanguage\":\"en-US\",\"@id\":\"https:\/\/dijasporars.com\/banjalucki-daun-sindrom-centar-u-solunu\/#primaryimage\",\"url\":\"https:\/\/dijasporars.com\/wp-content\/uploads\/2023\/03\/\u0424\u043e\u0442\u043e-\u0420\u0422\u0420\u0421-1.jpg\",\"contentUrl\":\"https:\/\/dijasporars.com\/wp-content\/uploads\/2023\/03\/\u0424\u043e\u0442\u043e-\u0420\u0422\u0420\u0421-1.jpg\",\"width\":658,\"height\":493},{\"@type\":\"BreadcrumbList\",\"@id\":\"https:\/\/dijasporars.com\/banjalucki-daun-sindrom-centar-u-solunu\/#breadcrumb\",\"itemListElement\":[{\"@type\":\"ListItem\",\"position\":1,\"name\":\"\u041f\u043e\u0447\u0435\u0442\u043d\u0430\",\"item\":\"https:\/\/dijasporars.com\/\"},{\"@type\":\"ListItem\",\"position\":2,\"name\":\"\u0411\u0430\u045a\u0430\u043b\u0443\u0447\u043a\u0438 \u0414\u0430\u0443\u043d \u0441\u0438\u043d\u0434\u0440\u043e\u043c \u0446\u0435\u043d\u0442\u0430\u0440 \u0443 \u0421\u043e\u043b\u0443\u043d\u0443\"}]},{\"@type\":\"WebSite\",\"@id\":\"https:\/\/dijasporars.com\/#website\",\"url\":\"https:\/\/dijasporars.com\/\",\"name\":\"\u0420\u0435\u043f\u0443\u0431\u043b\u0438\u043a\u0430 \u0421\u0440\u043f\u0441\u043a\u0430 \u0438 \u0434\u0438\u0458\u0430\u0441\u043f\u043e\u0440\u0430\",\"description\":\"\",\"potentialAction\":[{\"@type\":\"SearchAction\",\"target\":{\"@type\":\"EntryPoint\",\"urlTemplate\":\"https:\/\/dijasporars.com\/?s={search_term_string}\"},\"query-input\":{\"@type\":\"PropertyValueSpecification\",\"valueRequired\":true,\"valueName\":\"search_term_string\"}}],\"inLanguage\":\"en-US\"},{\"@type\":\"Person\",\"@id\":\"https:\/\/dijasporars.com\/#\/schema\/person\/f5052d53409aef50f7503bd1372c77ca\",\"name\":\"dijasporars\",\"image\":{\"@type\":\"ImageObject\",\"inLanguage\":\"en-US\",\"@id\":\"https:\/\/dijasporars.com\/#\/schema\/person\/image\/\",\"url\":\"https:\/\/secure.gravatar.com\/avatar\/759212a69df0744fb2be03efd361239831e31095061dacc7496bdf8524e0daf7?s=96&d=mm&r=g\",\"contentUrl\":\"https:\/\/secure.gravatar.com\/avatar\/759212a69df0744fb2be03efd361239831e31095061dacc7496bdf8524e0daf7?s=96&d=mm&r=g\",\"caption\":\"dijasporars\"},\"url\":\"https:\/\/dijasporars.com\/en\/author\/dijasporars\/\"}]}<\/script>\n<!-- \/ Yoast SEO plugin. -->","yoast_head_json":{"title":"\u0411\u0430\u045a\u0430\u043b\u0443\u0447\u043a\u0438 \u0414\u0430\u0443\u043d \u0441\u0438\u043d\u0434\u0440\u043e\u043c \u0446\u0435\u043d\u0442\u0430\u0440 \u0443 \u0421\u043e\u043b\u0443\u043d\u0443 - \u0420\u0435\u043f\u0443\u0431\u043b\u0438\u043a\u0430 \u0421\u0440\u043f\u0441\u043a\u0430 \u0438 \u0434\u0438\u0458\u0430\u0441\u043f\u043e\u0440\u0430","description":"Stranica za dijasporu RS, ovdje mo\u017eete prona\u0107i sve informacije, pomo\u0107 i savjete na jednom mjestu.","robots":{"index":"index","follow":"follow","max-snippet":"max-snippet:-1","max-image-preview":"max-image-preview:large","max-video-preview":"max-video-preview:-1"},"canonical":"https:\/\/dijasporars.com\/en\/banjalucki-daun-sindrom-centar-u-solunu\/","og_locale":"en_US","og_type":"article","og_title":"\u0411\u0430\u045a\u0430\u043b\u0443\u0447\u043a\u0438 \u0414\u0430\u0443\u043d \u0441\u0438\u043d\u0434\u0440\u043e\u043c \u0446\u0435\u043d\u0442\u0430\u0440 \u0443 \u0421\u043e\u043b\u0443\u043d\u0443 - \u0420\u0435\u043f\u0443\u0431\u043b\u0438\u043a\u0430 \u0421\u0440\u043f\u0441\u043a\u0430 \u0438 \u0434\u0438\u0458\u0430\u0441\u043f\u043e\u0440\u0430","og_description":"Stranica za dijasporu RS, ovdje mo\u017eete prona\u0107i sve informacije, pomo\u0107 i savjete na jednom mjestu.","og_url":"https:\/\/dijasporars.com\/en\/banjalucki-daun-sindrom-centar-u-solunu\/","og_site_name":"\u0420\u0435\u043f\u0443\u0431\u043b\u0438\u043a\u0430 \u0421\u0440\u043f\u0441\u043a\u0430 \u0438 \u0434\u0438\u0458\u0430\u0441\u043f\u043e\u0440\u0430","article_published_time":"2023-03-20T09:58:34+00:00","article_modified_time":"2023-03-20T09:59:05+00:00","og_image":[{"width":658,"height":493,"url":"https:\/\/dijasporars.com\/wp-content\/uploads\/2023\/03\/\u0424\u043e\u0442\u043e-\u0420\u0422\u0420\u0421-1.jpg","type":"image\/jpeg"}],"author":"dijasporars","twitter_card":"summary_large_image","twitter_misc":{"Written by":"dijasporars"},"schema":{"@context":"https:\/\/schema.org","@graph":[{"@type":"WebPage","@id":"https:\/\/dijasporars.com\/banjalucki-daun-sindrom-centar-u-solunu\/","url":"https:\/\/dijasporars.com\/banjalucki-daun-sindrom-centar-u-solunu\/","name":"\u0411\u0430\u045a\u0430\u043b\u0443\u0447\u043a\u0438 \u0414\u0430\u0443\u043d \u0441\u0438\u043d\u0434\u0440\u043e\u043c \u0446\u0435\u043d\u0442\u0430\u0440 \u0443 \u0421\u043e\u043b\u0443\u043d\u0443 - \u0420\u0435\u043f\u0443\u0431\u043b\u0438\u043a\u0430 \u0421\u0440\u043f\u0441\u043a\u0430 \u0438 \u0434\u0438\u0458\u0430\u0441\u043f\u043e\u0440\u0430","isPartOf":{"@id":"https:\/\/dijasporars.com\/#website"},"primaryImageOfPage":{"@id":"https:\/\/dijasporars.com\/banjalucki-daun-sindrom-centar-u-solunu\/#primaryimage"},"image":{"@id":"https:\/\/dijasporars.com\/banjalucki-daun-sindrom-centar-u-solunu\/#primaryimage"},"thumbnailUrl":"https:\/\/dijasporars.com\/wp-content\/uploads\/2023\/03\/\u0424\u043e\u0442\u043e-\u0420\u0422\u0420\u0421-1.jpg","datePublished":"2023-03-20T09:58:34+00:00","dateModified":"2023-03-20T09:59:05+00:00","author":{"@id":"https:\/\/dijasporars.com\/#\/schema\/person\/f5052d53409aef50f7503bd1372c77ca"},"description":"Stranica za dijasporu RS, ovdje mo\u017eete prona\u0107i sve informacije, pomo\u0107 i savjete na jednom mjestu.","breadcrumb":{"@id":"https:\/\/dijasporars.com\/banjalucki-daun-sindrom-centar-u-solunu\/#breadcrumb"},"inLanguage":"en-US","potentialAction":[{"@type":"ReadAction","target":["https:\/\/dijasporars.com\/banjalucki-daun-sindrom-centar-u-solunu\/"]}]},{"@type":"ImageObject","inLanguage":"en-US","@id":"https:\/\/dijasporars.com\/banjalucki-daun-sindrom-centar-u-solunu\/#primaryimage","url":"https:\/\/dijasporars.com\/wp-content\/uploads\/2023\/03\/\u0424\u043e\u0442\u043e-\u0420\u0422\u0420\u0421-1.jpg","contentUrl":"https:\/\/dijasporars.com\/wp-content\/uploads\/2023\/03\/\u0424\u043e\u0442\u043e-\u0420\u0422\u0420\u0421-1.jpg","width":658,"height":493},{"@type":"BreadcrumbList","@id":"https:\/\/dijasporars.com\/banjalucki-daun-sindrom-centar-u-solunu\/#breadcrumb","itemListElement":[{"@type":"ListItem","position":1,"name":"\u041f\u043e\u0447\u0435\u0442\u043d\u0430","item":"https:\/\/dijasporars.com\/"},{"@type":"ListItem","position":2,"name":"\u0411\u0430\u045a\u0430\u043b\u0443\u0447\u043a\u0438 \u0414\u0430\u0443\u043d \u0441\u0438\u043d\u0434\u0440\u043e\u043c \u0446\u0435\u043d\u0442\u0430\u0440 \u0443 \u0421\u043e\u043b\u0443\u043d\u0443"}]},{"@type":"WebSite","@id":"https:\/\/dijasporars.com\/#website","url":"https:\/\/dijasporars.com\/","name":"\u0420\u0435\u043f\u0443\u0431\u043b\u0438\u043a\u0430 \u0421\u0440\u043f\u0441\u043a\u0430 \u0438 \u0434\u0438\u0458\u0430\u0441\u043f\u043e\u0440\u0430","description":"","potentialAction":[{"@type":"SearchAction","target":{"@type":"EntryPoint","urlTemplate":"https:\/\/dijasporars.com\/?s={search_term_string}"},"query-input":{"@type":"PropertyValueSpecification","valueRequired":true,"valueName":"search_term_string"}}],"inLanguage":"en-US"},{"@type":"Person","@id":"https:\/\/dijasporars.com\/#\/schema\/person\/f5052d53409aef50f7503bd1372c77ca","name":"dijasporars","image":{"@type":"ImageObject","inLanguage":"en-US","@id":"https:\/\/dijasporars.com\/#\/schema\/person\/image\/","url":"https:\/\/secure.gravatar.com\/avatar\/759212a69df0744fb2be03efd361239831e31095061dacc7496bdf8524e0daf7?s=96&d=mm&r=g","contentUrl":"https:\/\/secure.gravatar.com\/avatar\/759212a69df0744fb2be03efd361239831e31095061dacc7496bdf8524e0daf7?s=96&d=mm&r=g","caption":"dijasporars"},"url":"https:\/\/dijasporars.com\/en\/author\/dijasporars\/"}]}},"_links":{"self":[{"href":"https:\/\/dijasporars.com\/en\/wp-json\/wp\/v2\/posts\/5382","targetHints":{"allow":["GET"]}}],"collection":[{"href":"https:\/\/dijasporars.com\/en\/wp-json\/wp\/v2\/posts"}],"about":[{"href":"https:\/\/dijasporars.com\/en\/wp-json\/wp\/v2\/types\/post"}],"author":[{"embeddable":true,"href":"https:\/\/dijasporars.com\/en\/wp-json\/wp\/v2\/users\/1"}],"replies":[{"embeddable":true,"href":"https:\/\/dijasporars.com\/en\/wp-json\/wp\/v2\/comments?post=5382"}],"version-history":[{"count":1,"href":"https:\/\/dijasporars.com\/en\/wp-json\/wp\/v2\/posts\/5382\/revisions"}],"predecessor-version":[{"id":5384,"href":"https:\/\/dijasporars.com\/en\/wp-json\/wp\/v2\/posts\/5382\/revisions\/5384"}],"wp:featuredmedia":[{"embeddable":true,"href":"https:\/\/dijasporars.com\/en\/wp-json\/wp\/v2\/media\/5383"}],"wp:attachment":[{"href":"https:\/\/dijasporars.com\/en\/wp-json\/wp\/v2\/media?parent=5382"}],"wp:term":[{"taxonomy":"category","embeddable":true,"href":"https:\/\/dijasporars.com\/en\/wp-json\/wp\/v2\/categories?post=5382"},{"taxonomy":"post_tag","embeddable":true,"href":"https:\/\/dijasporars.com\/en\/wp-json\/wp\/v2\/tags?post=5382"}],"curies":[{"name":"wp","href":"https:\/\/api.w.org\/{rel}","templated":true}]}}