{"id":5207,"date":"2023-02-20T10:58:41","date_gmt":"2023-02-20T09:58:41","guid":{"rendered":"https:\/\/dijasporars.com\/?p=5207"},"modified":"2023-02-20T11:18:52","modified_gmt":"2023-02-20T10:18:52","slug":"milicevic-vise-ne-postoji-nepoverenje-dijaspore-prema-srbiji","status":"publish","type":"post","link":"https:\/\/dijasporars.com\/en\/milicevic-vise-ne-postoji-nepoverenje-dijaspore-prema-srbiji\/","title":{"rendered":"Mili\u0107evi\u0107: No More Mistrust of the Diaspora towards Serbia"},"content":{"rendered":"<p>The minister without portfolio in charge of relations with the diaspora, \u0110or\u0111e Mili\u0107evi\u0107, said that there was no more mistrust of the diaspora towards Serbia which, according to him, had existed 11 years ago, adding that Serbs, wherever they lived, were ready to talk today.<\/p>\n<p>Mili\u0107evi\u0107 said that goals of the ministry had been defined, including preservation of the identity, cultural and historical heritage of Serbia in the diaspora, and preservation of the language.<\/p>\n<p>He pointed out that the state had created a legal framework for foreign investments, recalling that last year\u2019s foreign investments totaled 4.4 billion euros, and added that it was extremely important that Serbia\u2019s reputation in the diaspora and abroad was stronger.<\/p>\n<p>Regarding income from the diaspora, Mili\u0107evi\u0107 notes that the largest income is collected on remittances, but it is not possible to specify the amount of money with certainty.<\/p>\n<p>\u2018I think that Serbia has so much potential to increase that income\u2019, Mili\u0107evi\u0107 said.<\/p>\n<p>According to him, that is why he emphasized the importance of economic connection, which would mean new investments in Serbia.<\/p>\n<p>\u2018There is a lot of our businessmen living outside of Serbia and ready to invest. It is important to connect them with our businessmen and to identify common points of investment\u2019, said Mili\u0107evi\u0107.<\/p>\n<p>Mili\u0107evi\u0107 announced work on two large state projects related to the diaspora, which he would talk about in more detail after discussing with President Aleksandar Vu\u010di\u0107 and Prime Minister Ana Brnabi\u0107.<\/p>\n<p>He noted that a large gathering was planned in June, unlike any in past decades, to be followed by another event of a national nature.<\/p>\n<p>\u2018We will also do camps on different topics. The goal is to unite our children with their peers from the diaspora\u2019, said Mili\u0107evi\u0107.<\/p>\n<p>Source: Nezavisne novine-Tanjug<\/p>\n<p>Photo: \u0110or\u0111e Mili\u0107evi\u0107<\/p>","protected":false},"excerpt":{"rendered":"<p>The minister without portfolio in charge of relations with the diaspora, \u0110or\u0111e Mili\u0107evi\u0107, said that there was no more mistrust of the diaspora towards Serbia which, according to him, had existed 11 years ago, adding that Serbs, wherever they lived, were ready to talk today. Mili\u0107evi\u0107 said that goals of the ministry had been defined, including preservation of the identity, cultural and historical heritage<\/p>","protected":false},"author":1,"featured_media":5215,"comment_status":"closed","ping_status":"closed","sticky":false,"template":"","format":"standard","meta":{"footnotes":""},"categories":[52,76,77],"tags":[],"class_list":["post-5207","post","type-post","status-publish","format-standard","has-post-thumbnail","hentry","category-vijesti","category-vijesti-dijaspora","category-vijesti-republika-srpska"],"yoast_head":"<!-- This site is optimized with the Yoast SEO plugin v24.6 - https:\/\/yoast.com\/wordpress\/plugins\/seo\/ -->\n<title>\u041c\u0438\u043b\u0438\u045b\u0435\u0432\u0438\u045b: \u0412\u0438\u0448\u0435 \u043d\u0435 \u043f\u043e\u0441\u0442\u043e\u0458\u0438 \u043d\u0435\u043f\u043e\u0432\u0435\u0440\u0435\u045a\u0435 \u0434\u0438\u0458\u0430\u0441\u043f\u043e\u0440\u0435 \u043f\u0440\u0435\u043c\u0430 \u0421\u0440\u0431\u0438\u0458\u0438 - \u0420\u0435\u043f\u0443\u0431\u043b\u0438\u043a\u0430 \u0421\u0440\u043f\u0441\u043a\u0430 \u0438 \u0434\u0438\u0458\u0430\u0441\u043f\u043e\u0440\u0430<\/title>\n<meta name=\"description\" content=\"Stranica za dijasporu RS, ovdje mo\u017eete prona\u0107i sve informacije, pomo\u0107 i savjete na jednom mjestu.\" \/>\n<meta name=\"robots\" content=\"index, follow, max-snippet:-1, max-image-preview:large, max-video-preview:-1\" \/>\n<link rel=\"canonical\" href=\"https:\/\/dijasporars.com\/en\/milicevic-vise-ne-postoji-nepoverenje-dijaspore-prema-srbiji\/\" \/>\n<meta property=\"og:locale\" content=\"en_US\" \/>\n<meta property=\"og:type\" content=\"article\" \/>\n<meta property=\"og:title\" content=\"\u041c\u0438\u043b\u0438\u045b\u0435\u0432\u0438\u045b: \u0412\u0438\u0448\u0435 \u043d\u0435 \u043f\u043e\u0441\u0442\u043e\u0458\u0438 \u043d\u0435\u043f\u043e\u0432\u0435\u0440\u0435\u045a\u0435 \u0434\u0438\u0458\u0430\u0441\u043f\u043e\u0440\u0435 \u043f\u0440\u0435\u043c\u0430 \u0421\u0440\u0431\u0438\u0458\u0438 - \u0420\u0435\u043f\u0443\u0431\u043b\u0438\u043a\u0430 \u0421\u0440\u043f\u0441\u043a\u0430 \u0438 \u0434\u0438\u0458\u0430\u0441\u043f\u043e\u0440\u0430\" \/>\n<meta property=\"og:description\" content=\"Stranica za dijasporu RS, ovdje mo\u017eete prona\u0107i sve informacije, pomo\u0107 i savjete na jednom mjestu.\" \/>\n<meta property=\"og:url\" content=\"https:\/\/dijasporars.com\/en\/milicevic-vise-ne-postoji-nepoverenje-dijaspore-prema-srbiji\/\" \/>\n<meta property=\"og:site_name\" content=\"\u0420\u0435\u043f\u0443\u0431\u043b\u0438\u043a\u0430 \u0421\u0440\u043f\u0441\u043a\u0430 \u0438 \u0434\u0438\u0458\u0430\u0441\u043f\u043e\u0440\u0430\" \/>\n<meta property=\"article:published_time\" content=\"2023-02-20T09:58:41+00:00\" \/>\n<meta property=\"article:modified_time\" content=\"2023-02-20T10:18:52+00:00\" \/>\n<meta property=\"og:image\" content=\"https:\/\/dijasporars.com\/wp-content\/uploads\/2023\/02\/\u0424\u043e\u0442\u043e-\u0402\u043e\u0440\u0452\u0435-\u041c\u0438\u043b\u0438\u045b\u0435\u0432\u0438\u045b.jpg\" \/>\n\t<meta property=\"og:image:width\" content=\"1440\" \/>\n\t<meta property=\"og:image:height\" content=\"962\" \/>\n\t<meta property=\"og:image:type\" content=\"image\/jpeg\" \/>\n<meta name=\"author\" content=\"dijasporars\" \/>\n<meta name=\"twitter:card\" content=\"summary_large_image\" \/>\n<meta name=\"twitter:label1\" content=\"Written by\" \/>\n\t<meta name=\"twitter:data1\" content=\"dijasporars\" \/>\n<script type=\"application\/ld+json\" class=\"yoast-schema-graph\">{\"@context\":\"https:\/\/schema.org\",\"@graph\":[{\"@type\":\"WebPage\",\"@id\":\"https:\/\/dijasporars.com\/milicevic-vise-ne-postoji-nepoverenje-dijaspore-prema-srbiji\/\",\"url\":\"https:\/\/dijasporars.com\/milicevic-vise-ne-postoji-nepoverenje-dijaspore-prema-srbiji\/\",\"name\":\"\u041c\u0438\u043b\u0438\u045b\u0435\u0432\u0438\u045b: \u0412\u0438\u0448\u0435 \u043d\u0435 \u043f\u043e\u0441\u0442\u043e\u0458\u0438 \u043d\u0435\u043f\u043e\u0432\u0435\u0440\u0435\u045a\u0435 \u0434\u0438\u0458\u0430\u0441\u043f\u043e\u0440\u0435 \u043f\u0440\u0435\u043c\u0430 \u0421\u0440\u0431\u0438\u0458\u0438 - \u0420\u0435\u043f\u0443\u0431\u043b\u0438\u043a\u0430 \u0421\u0440\u043f\u0441\u043a\u0430 \u0438 \u0434\u0438\u0458\u0430\u0441\u043f\u043e\u0440\u0430\",\"isPartOf\":{\"@id\":\"https:\/\/dijasporars.com\/#website\"},\"primaryImageOfPage\":{\"@id\":\"https:\/\/dijasporars.com\/milicevic-vise-ne-postoji-nepoverenje-dijaspore-prema-srbiji\/#primaryimage\"},\"image\":{\"@id\":\"https:\/\/dijasporars.com\/milicevic-vise-ne-postoji-nepoverenje-dijaspore-prema-srbiji\/#primaryimage\"},\"thumbnailUrl\":\"https:\/\/dijasporars.com\/wp-content\/uploads\/2023\/02\/\u0424\u043e\u0442\u043e-\u0402\u043e\u0440\u0452\u0435-\u041c\u0438\u043b\u0438\u045b\u0435\u0432\u0438\u045b.jpg\",\"datePublished\":\"2023-02-20T09:58:41+00:00\",\"dateModified\":\"2023-02-20T10:18:52+00:00\",\"author\":{\"@id\":\"https:\/\/dijasporars.com\/#\/schema\/person\/f5052d53409aef50f7503bd1372c77ca\"},\"description\":\"Stranica za dijasporu RS, ovdje mo\u017eete prona\u0107i sve informacije, pomo\u0107 i savjete na jednom mjestu.\",\"breadcrumb\":{\"@id\":\"https:\/\/dijasporars.com\/milicevic-vise-ne-postoji-nepoverenje-dijaspore-prema-srbiji\/#breadcrumb\"},\"inLanguage\":\"en-US\",\"potentialAction\":[{\"@type\":\"ReadAction\",\"target\":[\"https:\/\/dijasporars.com\/milicevic-vise-ne-postoji-nepoverenje-dijaspore-prema-srbiji\/\"]}]},{\"@type\":\"ImageObject\",\"inLanguage\":\"en-US\",\"@id\":\"https:\/\/dijasporars.com\/milicevic-vise-ne-postoji-nepoverenje-dijaspore-prema-srbiji\/#primaryimage\",\"url\":\"https:\/\/dijasporars.com\/wp-content\/uploads\/2023\/02\/\u0424\u043e\u0442\u043e-\u0402\u043e\u0440\u0452\u0435-\u041c\u0438\u043b\u0438\u045b\u0435\u0432\u0438\u045b.jpg\",\"contentUrl\":\"https:\/\/dijasporars.com\/wp-content\/uploads\/2023\/02\/\u0424\u043e\u0442\u043e-\u0402\u043e\u0440\u0452\u0435-\u041c\u0438\u043b\u0438\u045b\u0435\u0432\u0438\u045b.jpg\",\"width\":1440,\"height\":962},{\"@type\":\"BreadcrumbList\",\"@id\":\"https:\/\/dijasporars.com\/milicevic-vise-ne-postoji-nepoverenje-dijaspore-prema-srbiji\/#breadcrumb\",\"itemListElement\":[{\"@type\":\"ListItem\",\"position\":1,\"name\":\"\u041f\u043e\u0447\u0435\u0442\u043d\u0430\",\"item\":\"https:\/\/dijasporars.com\/\"},{\"@type\":\"ListItem\",\"position\":2,\"name\":\"\u041c\u0438\u043b\u0438\u045b\u0435\u0432\u0438\u045b: \u0412\u0438\u0448\u0435 \u043d\u0435 \u043f\u043e\u0441\u0442\u043e\u0458\u0438 \u043d\u0435\u043f\u043e\u0432\u0435\u0440\u0435\u045a\u0435 \u0434\u0438\u0458\u0430\u0441\u043f\u043e\u0440\u0435 \u043f\u0440\u0435\u043c\u0430 \u0421\u0440\u0431\u0438\u0458\u0438\"}]},{\"@type\":\"WebSite\",\"@id\":\"https:\/\/dijasporars.com\/#website\",\"url\":\"https:\/\/dijasporars.com\/\",\"name\":\"\u0420\u0435\u043f\u0443\u0431\u043b\u0438\u043a\u0430 \u0421\u0440\u043f\u0441\u043a\u0430 \u0438 \u0434\u0438\u0458\u0430\u0441\u043f\u043e\u0440\u0430\",\"description\":\"\",\"potentialAction\":[{\"@type\":\"SearchAction\",\"target\":{\"@type\":\"EntryPoint\",\"urlTemplate\":\"https:\/\/dijasporars.com\/?s={search_term_string}\"},\"query-input\":{\"@type\":\"PropertyValueSpecification\",\"valueRequired\":true,\"valueName\":\"search_term_string\"}}],\"inLanguage\":\"en-US\"},{\"@type\":\"Person\",\"@id\":\"https:\/\/dijasporars.com\/#\/schema\/person\/f5052d53409aef50f7503bd1372c77ca\",\"name\":\"dijasporars\",\"image\":{\"@type\":\"ImageObject\",\"inLanguage\":\"en-US\",\"@id\":\"https:\/\/dijasporars.com\/#\/schema\/person\/image\/\",\"url\":\"https:\/\/secure.gravatar.com\/avatar\/759212a69df0744fb2be03efd361239831e31095061dacc7496bdf8524e0daf7?s=96&d=mm&r=g\",\"contentUrl\":\"https:\/\/secure.gravatar.com\/avatar\/759212a69df0744fb2be03efd361239831e31095061dacc7496bdf8524e0daf7?s=96&d=mm&r=g\",\"caption\":\"dijasporars\"},\"url\":\"https:\/\/dijasporars.com\/en\/author\/dijasporars\/\"}]}<\/script>\n<!-- \/ Yoast SEO plugin. -->","yoast_head_json":{"title":"\u041c\u0438\u043b\u0438\u045b\u0435\u0432\u0438\u045b: \u0412\u0438\u0448\u0435 \u043d\u0435 \u043f\u043e\u0441\u0442\u043e\u0458\u0438 \u043d\u0435\u043f\u043e\u0432\u0435\u0440\u0435\u045a\u0435 \u0434\u0438\u0458\u0430\u0441\u043f\u043e\u0440\u0435 \u043f\u0440\u0435\u043c\u0430 \u0421\u0440\u0431\u0438\u0458\u0438 - \u0420\u0435\u043f\u0443\u0431\u043b\u0438\u043a\u0430 \u0421\u0440\u043f\u0441\u043a\u0430 \u0438 \u0434\u0438\u0458\u0430\u0441\u043f\u043e\u0440\u0430","description":"Stranica za dijasporu RS, ovdje mo\u017eete prona\u0107i sve informacije, pomo\u0107 i savjete na jednom mjestu.","robots":{"index":"index","follow":"follow","max-snippet":"max-snippet:-1","max-image-preview":"max-image-preview:large","max-video-preview":"max-video-preview:-1"},"canonical":"https:\/\/dijasporars.com\/en\/milicevic-vise-ne-postoji-nepoverenje-dijaspore-prema-srbiji\/","og_locale":"en_US","og_type":"article","og_title":"\u041c\u0438\u043b\u0438\u045b\u0435\u0432\u0438\u045b: \u0412\u0438\u0448\u0435 \u043d\u0435 \u043f\u043e\u0441\u0442\u043e\u0458\u0438 \u043d\u0435\u043f\u043e\u0432\u0435\u0440\u0435\u045a\u0435 \u0434\u0438\u0458\u0430\u0441\u043f\u043e\u0440\u0435 \u043f\u0440\u0435\u043c\u0430 \u0421\u0440\u0431\u0438\u0458\u0438 - \u0420\u0435\u043f\u0443\u0431\u043b\u0438\u043a\u0430 \u0421\u0440\u043f\u0441\u043a\u0430 \u0438 \u0434\u0438\u0458\u0430\u0441\u043f\u043e\u0440\u0430","og_description":"Stranica za dijasporu RS, ovdje mo\u017eete prona\u0107i sve informacije, pomo\u0107 i savjete na jednom mjestu.","og_url":"https:\/\/dijasporars.com\/en\/milicevic-vise-ne-postoji-nepoverenje-dijaspore-prema-srbiji\/","og_site_name":"\u0420\u0435\u043f\u0443\u0431\u043b\u0438\u043a\u0430 \u0421\u0440\u043f\u0441\u043a\u0430 \u0438 \u0434\u0438\u0458\u0430\u0441\u043f\u043e\u0440\u0430","article_published_time":"2023-02-20T09:58:41+00:00","article_modified_time":"2023-02-20T10:18:52+00:00","og_image":[{"width":1440,"height":962,"url":"https:\/\/dijasporars.com\/wp-content\/uploads\/2023\/02\/\u0424\u043e\u0442\u043e-\u0402\u043e\u0440\u0452\u0435-\u041c\u0438\u043b\u0438\u045b\u0435\u0432\u0438\u045b.jpg","type":"image\/jpeg"}],"author":"dijasporars","twitter_card":"summary_large_image","twitter_misc":{"Written by":"dijasporars"},"schema":{"@context":"https:\/\/schema.org","@graph":[{"@type":"WebPage","@id":"https:\/\/dijasporars.com\/milicevic-vise-ne-postoji-nepoverenje-dijaspore-prema-srbiji\/","url":"https:\/\/dijasporars.com\/milicevic-vise-ne-postoji-nepoverenje-dijaspore-prema-srbiji\/","name":"\u041c\u0438\u043b\u0438\u045b\u0435\u0432\u0438\u045b: \u0412\u0438\u0448\u0435 \u043d\u0435 \u043f\u043e\u0441\u0442\u043e\u0458\u0438 \u043d\u0435\u043f\u043e\u0432\u0435\u0440\u0435\u045a\u0435 \u0434\u0438\u0458\u0430\u0441\u043f\u043e\u0440\u0435 \u043f\u0440\u0435\u043c\u0430 \u0421\u0440\u0431\u0438\u0458\u0438 - \u0420\u0435\u043f\u0443\u0431\u043b\u0438\u043a\u0430 \u0421\u0440\u043f\u0441\u043a\u0430 \u0438 \u0434\u0438\u0458\u0430\u0441\u043f\u043e\u0440\u0430","isPartOf":{"@id":"https:\/\/dijasporars.com\/#website"},"primaryImageOfPage":{"@id":"https:\/\/dijasporars.com\/milicevic-vise-ne-postoji-nepoverenje-dijaspore-prema-srbiji\/#primaryimage"},"image":{"@id":"https:\/\/dijasporars.com\/milicevic-vise-ne-postoji-nepoverenje-dijaspore-prema-srbiji\/#primaryimage"},"thumbnailUrl":"https:\/\/dijasporars.com\/wp-content\/uploads\/2023\/02\/\u0424\u043e\u0442\u043e-\u0402\u043e\u0440\u0452\u0435-\u041c\u0438\u043b\u0438\u045b\u0435\u0432\u0438\u045b.jpg","datePublished":"2023-02-20T09:58:41+00:00","dateModified":"2023-02-20T10:18:52+00:00","author":{"@id":"https:\/\/dijasporars.com\/#\/schema\/person\/f5052d53409aef50f7503bd1372c77ca"},"description":"Stranica za dijasporu RS, ovdje mo\u017eete prona\u0107i sve informacije, pomo\u0107 i savjete na jednom mjestu.","breadcrumb":{"@id":"https:\/\/dijasporars.com\/milicevic-vise-ne-postoji-nepoverenje-dijaspore-prema-srbiji\/#breadcrumb"},"inLanguage":"en-US","potentialAction":[{"@type":"ReadAction","target":["https:\/\/dijasporars.com\/milicevic-vise-ne-postoji-nepoverenje-dijaspore-prema-srbiji\/"]}]},{"@type":"ImageObject","inLanguage":"en-US","@id":"https:\/\/dijasporars.com\/milicevic-vise-ne-postoji-nepoverenje-dijaspore-prema-srbiji\/#primaryimage","url":"https:\/\/dijasporars.com\/wp-content\/uploads\/2023\/02\/\u0424\u043e\u0442\u043e-\u0402\u043e\u0440\u0452\u0435-\u041c\u0438\u043b\u0438\u045b\u0435\u0432\u0438\u045b.jpg","contentUrl":"https:\/\/dijasporars.com\/wp-content\/uploads\/2023\/02\/\u0424\u043e\u0442\u043e-\u0402\u043e\u0440\u0452\u0435-\u041c\u0438\u043b\u0438\u045b\u0435\u0432\u0438\u045b.jpg","width":1440,"height":962},{"@type":"BreadcrumbList","@id":"https:\/\/dijasporars.com\/milicevic-vise-ne-postoji-nepoverenje-dijaspore-prema-srbiji\/#breadcrumb","itemListElement":[{"@type":"ListItem","position":1,"name":"\u041f\u043e\u0447\u0435\u0442\u043d\u0430","item":"https:\/\/dijasporars.com\/"},{"@type":"ListItem","position":2,"name":"\u041c\u0438\u043b\u0438\u045b\u0435\u0432\u0438\u045b: \u0412\u0438\u0448\u0435 \u043d\u0435 \u043f\u043e\u0441\u0442\u043e\u0458\u0438 \u043d\u0435\u043f\u043e\u0432\u0435\u0440\u0435\u045a\u0435 \u0434\u0438\u0458\u0430\u0441\u043f\u043e\u0440\u0435 \u043f\u0440\u0435\u043c\u0430 \u0421\u0440\u0431\u0438\u0458\u0438"}]},{"@type":"WebSite","@id":"https:\/\/dijasporars.com\/#website","url":"https:\/\/dijasporars.com\/","name":"\u0420\u0435\u043f\u0443\u0431\u043b\u0438\u043a\u0430 \u0421\u0440\u043f\u0441\u043a\u0430 \u0438 \u0434\u0438\u0458\u0430\u0441\u043f\u043e\u0440\u0430","description":"","potentialAction":[{"@type":"SearchAction","target":{"@type":"EntryPoint","urlTemplate":"https:\/\/dijasporars.com\/?s={search_term_string}"},"query-input":{"@type":"PropertyValueSpecification","valueRequired":true,"valueName":"search_term_string"}}],"inLanguage":"en-US"},{"@type":"Person","@id":"https:\/\/dijasporars.com\/#\/schema\/person\/f5052d53409aef50f7503bd1372c77ca","name":"dijasporars","image":{"@type":"ImageObject","inLanguage":"en-US","@id":"https:\/\/dijasporars.com\/#\/schema\/person\/image\/","url":"https:\/\/secure.gravatar.com\/avatar\/759212a69df0744fb2be03efd361239831e31095061dacc7496bdf8524e0daf7?s=96&d=mm&r=g","contentUrl":"https:\/\/secure.gravatar.com\/avatar\/759212a69df0744fb2be03efd361239831e31095061dacc7496bdf8524e0daf7?s=96&d=mm&r=g","caption":"dijasporars"},"url":"https:\/\/dijasporars.com\/en\/author\/dijasporars\/"}]}},"_links":{"self":[{"href":"https:\/\/dijasporars.com\/en\/wp-json\/wp\/v2\/posts\/5207","targetHints":{"allow":["GET"]}}],"collection":[{"href":"https:\/\/dijasporars.com\/en\/wp-json\/wp\/v2\/posts"}],"about":[{"href":"https:\/\/dijasporars.com\/en\/wp-json\/wp\/v2\/types\/post"}],"author":[{"embeddable":true,"href":"https:\/\/dijasporars.com\/en\/wp-json\/wp\/v2\/users\/1"}],"replies":[{"embeddable":true,"href":"https:\/\/dijasporars.com\/en\/wp-json\/wp\/v2\/comments?post=5207"}],"version-history":[{"count":4,"href":"https:\/\/dijasporars.com\/en\/wp-json\/wp\/v2\/posts\/5207\/revisions"}],"predecessor-version":[{"id":5216,"href":"https:\/\/dijasporars.com\/en\/wp-json\/wp\/v2\/posts\/5207\/revisions\/5216"}],"wp:featuredmedia":[{"embeddable":true,"href":"https:\/\/dijasporars.com\/en\/wp-json\/wp\/v2\/media\/5215"}],"wp:attachment":[{"href":"https:\/\/dijasporars.com\/en\/wp-json\/wp\/v2\/media?parent=5207"}],"wp:term":[{"taxonomy":"category","embeddable":true,"href":"https:\/\/dijasporars.com\/en\/wp-json\/wp\/v2\/categories?post=5207"},{"taxonomy":"post_tag","embeddable":true,"href":"https:\/\/dijasporars.com\/en\/wp-json\/wp\/v2\/tags?post=5207"}],"curies":[{"name":"wp","href":"https:\/\/api.w.org\/{rel}","templated":true}]}}