{"id":5171,"date":"2023-02-13T08:25:16","date_gmt":"2023-02-13T07:25:16","guid":{"rendered":"https:\/\/dijasporars.com\/?p=5171"},"modified":"2023-02-13T08:42:55","modified_gmt":"2023-02-13T07:42:55","slug":"dodik-svetosavski-bal-u-becu-tradicionalna-manifestacija-srpske-dijaspore","status":"publish","type":"post","link":"https:\/\/dijasporars.com\/en\/dodik-svetosavski-bal-u-becu-tradicionalna-manifestacija-srpske-dijaspore\/","title":{"rendered":"Dodik: St Sava Ball in Vienna Is Serbian Diaspora\u2019s Traditional Event"},"content":{"rendered":"<p>The President of the Republic of Srpska, Milorad Dodik, said that St Sava Ball held in Vienna is a beautiful traditional event of the Serbian diaspora, which also has a humanitarian character this year.<\/p>\n<p>\u2013 St Sava Ball in Vienna is a beautiful traditional event of our diaspora, and this year it also has a humanitarian character of supporting children in need \u2013 said Dodik.<\/p>\n<p>The Serbian Center is the organizer of the Viennese St Sava Ball.<\/p>\n<p>The humanitarian aspect of this traditional gathering of the Serbian diaspora will result in implementation of a project to support children in need, and for the first time, establishment of cooperation with the Novak \u0110okovi\u0107 Foundation.<\/p>\n<p>\u0110okovi\u0107\u2019s wife, Jelena, and wife of the Serbian President, Tamara Vu\u010di\u0107, were among the many guests.<\/p>\n<p>The President of the Serbian Center, Milan Vidovi\u0107, who is also the President of the Organizing Committee, said that the desire was to keep the Hofburg as the location of holding St Sava Ball, since it was the most prestigious place.<\/p>\n<p>The tradition of holding the Viennese St Sava Ball dates back to the middle of the 19th century, and it was revived in 1998 by the Serbian Center Association.<\/p>\n<p>This prestigious event, which is part of both the famous Viennese ball season and St Sava festivities, gathers distinguished guests from the world of business, politics, culture and sports.<\/p>\n<p dir=\"ltr\" lang=\"sr\">\u2018St Sava Ball in Vienna is a wonderful tradition and shows dedication to St Sava and what it means to our people. It is part of our identity, something that means an additional connection with the motherland for every Serb, especially in the diaspora. I am happy to have witnessed this wonderful evening. \u2014 Milorad Dodik (@MiloradDodik) \u00a0<strong><a href=\"https:\/\/twitter.com\/MiloradDodik\/status\/1624311151281545216?ref_src=twsrc%5Etfw\">February 11, 2023<\/a><\/strong>\u2019<\/p>\n<p>Source: RTRS<\/p>\n<p>Photo: predsjednikrs.net<\/p>","protected":false},"excerpt":{"rendered":"<p>The President of the Republic of Srpska, Milorad Dodik, said that St Sava Ball held in Vienna is a beautiful traditional event of the Serbian diaspora, which also has a humanitarian character this year. \u2013 St Sava Ball in Vienna is a beautiful traditional event of our diaspora, and this year it also has a humanitarian character of supporting children in need \u2013 said Dodik.<\/p>","protected":false},"author":1,"featured_media":5172,"comment_status":"closed","ping_status":"closed","sticky":false,"template":"","format":"standard","meta":{"footnotes":""},"categories":[52,76],"tags":[],"class_list":["post-5171","post","type-post","status-publish","format-standard","has-post-thumbnail","hentry","category-vijesti","category-vijesti-dijaspora"],"yoast_head":"<!-- This site is optimized with the Yoast SEO plugin v24.6 - https:\/\/yoast.com\/wordpress\/plugins\/seo\/ -->\n<title>\u0414\u043e\u0434\u0438\u043a: \u0421\u0432\u0435\u0442\u043e\u0441\u0430\u0432\u0441\u043a\u0438 \u0431\u0430\u043b \u0443 \u0411\u0435\u0447\u0443 \u0442\u0440\u0430\u0434\u0438\u0446\u0438\u043e\u043d\u0430\u043b\u043d\u0430 \u043c\u0430\u043d\u0438\u0444\u0435\u0441\u0442\u0430\u0446\u0438\u0458\u0430 \u0441\u0440\u043f\u0441\u043a\u0435 \u0434\u0438\u0458\u0430\u0441\u043f\u043e\u0440\u0435 - \u0420\u0435\u043f\u0443\u0431\u043b\u0438\u043a\u0430 \u0421\u0440\u043f\u0441\u043a\u0430 \u0438 \u0434\u0438\u0458\u0430\u0441\u043f\u043e\u0440\u0430<\/title>\n<meta name=\"description\" content=\"Stranica za dijasporu RS, ovdje mo\u017eete prona\u0107i sve informacije, pomo\u0107 i savjete na jednom mjestu.\" \/>\n<meta name=\"robots\" content=\"index, follow, max-snippet:-1, max-image-preview:large, max-video-preview:-1\" \/>\n<link rel=\"canonical\" href=\"https:\/\/dijasporars.com\/en\/dodik-svetosavski-bal-u-becu-tradicionalna-manifestacija-srpske-dijaspore\/\" \/>\n<meta property=\"og:locale\" content=\"en_US\" \/>\n<meta property=\"og:type\" content=\"article\" \/>\n<meta property=\"og:title\" content=\"\u0414\u043e\u0434\u0438\u043a: \u0421\u0432\u0435\u0442\u043e\u0441\u0430\u0432\u0441\u043a\u0438 \u0431\u0430\u043b \u0443 \u0411\u0435\u0447\u0443 \u0442\u0440\u0430\u0434\u0438\u0446\u0438\u043e\u043d\u0430\u043b\u043d\u0430 \u043c\u0430\u043d\u0438\u0444\u0435\u0441\u0442\u0430\u0446\u0438\u0458\u0430 \u0441\u0440\u043f\u0441\u043a\u0435 \u0434\u0438\u0458\u0430\u0441\u043f\u043e\u0440\u0435 - \u0420\u0435\u043f\u0443\u0431\u043b\u0438\u043a\u0430 \u0421\u0440\u043f\u0441\u043a\u0430 \u0438 \u0434\u0438\u0458\u0430\u0441\u043f\u043e\u0440\u0430\" \/>\n<meta property=\"og:description\" content=\"Stranica za dijasporu RS, ovdje mo\u017eete prona\u0107i sve informacije, pomo\u0107 i savjete na jednom mjestu.\" \/>\n<meta property=\"og:url\" content=\"https:\/\/dijasporars.com\/en\/dodik-svetosavski-bal-u-becu-tradicionalna-manifestacija-srpske-dijaspore\/\" \/>\n<meta property=\"og:site_name\" content=\"\u0420\u0435\u043f\u0443\u0431\u043b\u0438\u043a\u0430 \u0421\u0440\u043f\u0441\u043a\u0430 \u0438 \u0434\u0438\u0458\u0430\u0441\u043f\u043e\u0440\u0430\" \/>\n<meta property=\"article:published_time\" content=\"2023-02-13T07:25:16+00:00\" \/>\n<meta property=\"article:modified_time\" content=\"2023-02-13T07:42:55+00:00\" \/>\n<meta property=\"og:image\" content=\"https:\/\/dijasporars.com\/wp-content\/uploads\/2023\/02\/\u0424\u043e\u0442\u043e-predsjednikrs.net_.jpg\" \/>\n\t<meta property=\"og:image:width\" content=\"1024\" \/>\n\t<meta property=\"og:image:height\" content=\"683\" \/>\n\t<meta property=\"og:image:type\" content=\"image\/jpeg\" \/>\n<meta name=\"author\" content=\"dijasporars\" \/>\n<meta name=\"twitter:card\" content=\"summary_large_image\" \/>\n<meta name=\"twitter:label1\" content=\"Written by\" \/>\n\t<meta name=\"twitter:data1\" content=\"dijasporars\" \/>\n<script type=\"application\/ld+json\" class=\"yoast-schema-graph\">{\"@context\":\"https:\/\/schema.org\",\"@graph\":[{\"@type\":\"WebPage\",\"@id\":\"https:\/\/dijasporars.com\/dodik-svetosavski-bal-u-becu-tradicionalna-manifestacija-srpske-dijaspore\/\",\"url\":\"https:\/\/dijasporars.com\/dodik-svetosavski-bal-u-becu-tradicionalna-manifestacija-srpske-dijaspore\/\",\"name\":\"\u0414\u043e\u0434\u0438\u043a: \u0421\u0432\u0435\u0442\u043e\u0441\u0430\u0432\u0441\u043a\u0438 \u0431\u0430\u043b \u0443 \u0411\u0435\u0447\u0443 \u0442\u0440\u0430\u0434\u0438\u0446\u0438\u043e\u043d\u0430\u043b\u043d\u0430 \u043c\u0430\u043d\u0438\u0444\u0435\u0441\u0442\u0430\u0446\u0438\u0458\u0430 \u0441\u0440\u043f\u0441\u043a\u0435 \u0434\u0438\u0458\u0430\u0441\u043f\u043e\u0440\u0435 - \u0420\u0435\u043f\u0443\u0431\u043b\u0438\u043a\u0430 \u0421\u0440\u043f\u0441\u043a\u0430 \u0438 \u0434\u0438\u0458\u0430\u0441\u043f\u043e\u0440\u0430\",\"isPartOf\":{\"@id\":\"https:\/\/dijasporars.com\/#website\"},\"primaryImageOfPage\":{\"@id\":\"https:\/\/dijasporars.com\/dodik-svetosavski-bal-u-becu-tradicionalna-manifestacija-srpske-dijaspore\/#primaryimage\"},\"image\":{\"@id\":\"https:\/\/dijasporars.com\/dodik-svetosavski-bal-u-becu-tradicionalna-manifestacija-srpske-dijaspore\/#primaryimage\"},\"thumbnailUrl\":\"https:\/\/dijasporars.com\/wp-content\/uploads\/2023\/02\/\u0424\u043e\u0442\u043e-predsjednikrs.net_.jpg\",\"datePublished\":\"2023-02-13T07:25:16+00:00\",\"dateModified\":\"2023-02-13T07:42:55+00:00\",\"author\":{\"@id\":\"https:\/\/dijasporars.com\/#\/schema\/person\/f5052d53409aef50f7503bd1372c77ca\"},\"description\":\"Stranica za dijasporu RS, ovdje mo\u017eete prona\u0107i sve informacije, pomo\u0107 i savjete na jednom mjestu.\",\"breadcrumb\":{\"@id\":\"https:\/\/dijasporars.com\/dodik-svetosavski-bal-u-becu-tradicionalna-manifestacija-srpske-dijaspore\/#breadcrumb\"},\"inLanguage\":\"en-US\",\"potentialAction\":[{\"@type\":\"ReadAction\",\"target\":[\"https:\/\/dijasporars.com\/dodik-svetosavski-bal-u-becu-tradicionalna-manifestacija-srpske-dijaspore\/\"]}]},{\"@type\":\"ImageObject\",\"inLanguage\":\"en-US\",\"@id\":\"https:\/\/dijasporars.com\/dodik-svetosavski-bal-u-becu-tradicionalna-manifestacija-srpske-dijaspore\/#primaryimage\",\"url\":\"https:\/\/dijasporars.com\/wp-content\/uploads\/2023\/02\/\u0424\u043e\u0442\u043e-predsjednikrs.net_.jpg\",\"contentUrl\":\"https:\/\/dijasporars.com\/wp-content\/uploads\/2023\/02\/\u0424\u043e\u0442\u043e-predsjednikrs.net_.jpg\",\"width\":1024,\"height\":683},{\"@type\":\"BreadcrumbList\",\"@id\":\"https:\/\/dijasporars.com\/dodik-svetosavski-bal-u-becu-tradicionalna-manifestacija-srpske-dijaspore\/#breadcrumb\",\"itemListElement\":[{\"@type\":\"ListItem\",\"position\":1,\"name\":\"\u041f\u043e\u0447\u0435\u0442\u043d\u0430\",\"item\":\"https:\/\/dijasporars.com\/\"},{\"@type\":\"ListItem\",\"position\":2,\"name\":\"\u0414\u043e\u0434\u0438\u043a: \u0421\u0432\u0435\u0442\u043e\u0441\u0430\u0432\u0441\u043a\u0438 \u0431\u0430\u043b \u0443 \u0411\u0435\u0447\u0443 \u0442\u0440\u0430\u0434\u0438\u0446\u0438\u043e\u043d\u0430\u043b\u043d\u0430 \u043c\u0430\u043d\u0438\u0444\u0435\u0441\u0442\u0430\u0446\u0438\u0458\u0430 \u0441\u0440\u043f\u0441\u043a\u0435 \u0434\u0438\u0458\u0430\u0441\u043f\u043e\u0440\u0435\"}]},{\"@type\":\"WebSite\",\"@id\":\"https:\/\/dijasporars.com\/#website\",\"url\":\"https:\/\/dijasporars.com\/\",\"name\":\"\u0420\u0435\u043f\u0443\u0431\u043b\u0438\u043a\u0430 \u0421\u0440\u043f\u0441\u043a\u0430 \u0438 \u0434\u0438\u0458\u0430\u0441\u043f\u043e\u0440\u0430\",\"description\":\"\",\"potentialAction\":[{\"@type\":\"SearchAction\",\"target\":{\"@type\":\"EntryPoint\",\"urlTemplate\":\"https:\/\/dijasporars.com\/?s={search_term_string}\"},\"query-input\":{\"@type\":\"PropertyValueSpecification\",\"valueRequired\":true,\"valueName\":\"search_term_string\"}}],\"inLanguage\":\"en-US\"},{\"@type\":\"Person\",\"@id\":\"https:\/\/dijasporars.com\/#\/schema\/person\/f5052d53409aef50f7503bd1372c77ca\",\"name\":\"dijasporars\",\"image\":{\"@type\":\"ImageObject\",\"inLanguage\":\"en-US\",\"@id\":\"https:\/\/dijasporars.com\/#\/schema\/person\/image\/\",\"url\":\"https:\/\/secure.gravatar.com\/avatar\/759212a69df0744fb2be03efd361239831e31095061dacc7496bdf8524e0daf7?s=96&d=mm&r=g\",\"contentUrl\":\"https:\/\/secure.gravatar.com\/avatar\/759212a69df0744fb2be03efd361239831e31095061dacc7496bdf8524e0daf7?s=96&d=mm&r=g\",\"caption\":\"dijasporars\"},\"url\":\"https:\/\/dijasporars.com\/en\/author\/dijasporars\/\"}]}<\/script>\n<!-- \/ Yoast SEO plugin. -->","yoast_head_json":{"title":"\u0414\u043e\u0434\u0438\u043a: \u0421\u0432\u0435\u0442\u043e\u0441\u0430\u0432\u0441\u043a\u0438 \u0431\u0430\u043b \u0443 \u0411\u0435\u0447\u0443 \u0442\u0440\u0430\u0434\u0438\u0446\u0438\u043e\u043d\u0430\u043b\u043d\u0430 \u043c\u0430\u043d\u0438\u0444\u0435\u0441\u0442\u0430\u0446\u0438\u0458\u0430 \u0441\u0440\u043f\u0441\u043a\u0435 \u0434\u0438\u0458\u0430\u0441\u043f\u043e\u0440\u0435 - \u0420\u0435\u043f\u0443\u0431\u043b\u0438\u043a\u0430 \u0421\u0440\u043f\u0441\u043a\u0430 \u0438 \u0434\u0438\u0458\u0430\u0441\u043f\u043e\u0440\u0430","description":"Stranica za dijasporu RS, ovdje mo\u017eete prona\u0107i sve informacije, pomo\u0107 i savjete na jednom mjestu.","robots":{"index":"index","follow":"follow","max-snippet":"max-snippet:-1","max-image-preview":"max-image-preview:large","max-video-preview":"max-video-preview:-1"},"canonical":"https:\/\/dijasporars.com\/en\/dodik-svetosavski-bal-u-becu-tradicionalna-manifestacija-srpske-dijaspore\/","og_locale":"en_US","og_type":"article","og_title":"\u0414\u043e\u0434\u0438\u043a: \u0421\u0432\u0435\u0442\u043e\u0441\u0430\u0432\u0441\u043a\u0438 \u0431\u0430\u043b \u0443 \u0411\u0435\u0447\u0443 \u0442\u0440\u0430\u0434\u0438\u0446\u0438\u043e\u043d\u0430\u043b\u043d\u0430 \u043c\u0430\u043d\u0438\u0444\u0435\u0441\u0442\u0430\u0446\u0438\u0458\u0430 \u0441\u0440\u043f\u0441\u043a\u0435 \u0434\u0438\u0458\u0430\u0441\u043f\u043e\u0440\u0435 - \u0420\u0435\u043f\u0443\u0431\u043b\u0438\u043a\u0430 \u0421\u0440\u043f\u0441\u043a\u0430 \u0438 \u0434\u0438\u0458\u0430\u0441\u043f\u043e\u0440\u0430","og_description":"Stranica za dijasporu RS, ovdje mo\u017eete prona\u0107i sve informacije, pomo\u0107 i savjete na jednom mjestu.","og_url":"https:\/\/dijasporars.com\/en\/dodik-svetosavski-bal-u-becu-tradicionalna-manifestacija-srpske-dijaspore\/","og_site_name":"\u0420\u0435\u043f\u0443\u0431\u043b\u0438\u043a\u0430 \u0421\u0440\u043f\u0441\u043a\u0430 \u0438 \u0434\u0438\u0458\u0430\u0441\u043f\u043e\u0440\u0430","article_published_time":"2023-02-13T07:25:16+00:00","article_modified_time":"2023-02-13T07:42:55+00:00","og_image":[{"width":1024,"height":683,"url":"https:\/\/dijasporars.com\/wp-content\/uploads\/2023\/02\/\u0424\u043e\u0442\u043e-predsjednikrs.net_.jpg","type":"image\/jpeg"}],"author":"dijasporars","twitter_card":"summary_large_image","twitter_misc":{"Written by":"dijasporars"},"schema":{"@context":"https:\/\/schema.org","@graph":[{"@type":"WebPage","@id":"https:\/\/dijasporars.com\/dodik-svetosavski-bal-u-becu-tradicionalna-manifestacija-srpske-dijaspore\/","url":"https:\/\/dijasporars.com\/dodik-svetosavski-bal-u-becu-tradicionalna-manifestacija-srpske-dijaspore\/","name":"\u0414\u043e\u0434\u0438\u043a: \u0421\u0432\u0435\u0442\u043e\u0441\u0430\u0432\u0441\u043a\u0438 \u0431\u0430\u043b \u0443 \u0411\u0435\u0447\u0443 \u0442\u0440\u0430\u0434\u0438\u0446\u0438\u043e\u043d\u0430\u043b\u043d\u0430 \u043c\u0430\u043d\u0438\u0444\u0435\u0441\u0442\u0430\u0446\u0438\u0458\u0430 \u0441\u0440\u043f\u0441\u043a\u0435 \u0434\u0438\u0458\u0430\u0441\u043f\u043e\u0440\u0435 - \u0420\u0435\u043f\u0443\u0431\u043b\u0438\u043a\u0430 \u0421\u0440\u043f\u0441\u043a\u0430 \u0438 \u0434\u0438\u0458\u0430\u0441\u043f\u043e\u0440\u0430","isPartOf":{"@id":"https:\/\/dijasporars.com\/#website"},"primaryImageOfPage":{"@id":"https:\/\/dijasporars.com\/dodik-svetosavski-bal-u-becu-tradicionalna-manifestacija-srpske-dijaspore\/#primaryimage"},"image":{"@id":"https:\/\/dijasporars.com\/dodik-svetosavski-bal-u-becu-tradicionalna-manifestacija-srpske-dijaspore\/#primaryimage"},"thumbnailUrl":"https:\/\/dijasporars.com\/wp-content\/uploads\/2023\/02\/\u0424\u043e\u0442\u043e-predsjednikrs.net_.jpg","datePublished":"2023-02-13T07:25:16+00:00","dateModified":"2023-02-13T07:42:55+00:00","author":{"@id":"https:\/\/dijasporars.com\/#\/schema\/person\/f5052d53409aef50f7503bd1372c77ca"},"description":"Stranica za dijasporu RS, ovdje mo\u017eete prona\u0107i sve informacije, pomo\u0107 i savjete na jednom mjestu.","breadcrumb":{"@id":"https:\/\/dijasporars.com\/dodik-svetosavski-bal-u-becu-tradicionalna-manifestacija-srpske-dijaspore\/#breadcrumb"},"inLanguage":"en-US","potentialAction":[{"@type":"ReadAction","target":["https:\/\/dijasporars.com\/dodik-svetosavski-bal-u-becu-tradicionalna-manifestacija-srpske-dijaspore\/"]}]},{"@type":"ImageObject","inLanguage":"en-US","@id":"https:\/\/dijasporars.com\/dodik-svetosavski-bal-u-becu-tradicionalna-manifestacija-srpske-dijaspore\/#primaryimage","url":"https:\/\/dijasporars.com\/wp-content\/uploads\/2023\/02\/\u0424\u043e\u0442\u043e-predsjednikrs.net_.jpg","contentUrl":"https:\/\/dijasporars.com\/wp-content\/uploads\/2023\/02\/\u0424\u043e\u0442\u043e-predsjednikrs.net_.jpg","width":1024,"height":683},{"@type":"BreadcrumbList","@id":"https:\/\/dijasporars.com\/dodik-svetosavski-bal-u-becu-tradicionalna-manifestacija-srpske-dijaspore\/#breadcrumb","itemListElement":[{"@type":"ListItem","position":1,"name":"\u041f\u043e\u0447\u0435\u0442\u043d\u0430","item":"https:\/\/dijasporars.com\/"},{"@type":"ListItem","position":2,"name":"\u0414\u043e\u0434\u0438\u043a: \u0421\u0432\u0435\u0442\u043e\u0441\u0430\u0432\u0441\u043a\u0438 \u0431\u0430\u043b \u0443 \u0411\u0435\u0447\u0443 \u0442\u0440\u0430\u0434\u0438\u0446\u0438\u043e\u043d\u0430\u043b\u043d\u0430 \u043c\u0430\u043d\u0438\u0444\u0435\u0441\u0442\u0430\u0446\u0438\u0458\u0430 \u0441\u0440\u043f\u0441\u043a\u0435 \u0434\u0438\u0458\u0430\u0441\u043f\u043e\u0440\u0435"}]},{"@type":"WebSite","@id":"https:\/\/dijasporars.com\/#website","url":"https:\/\/dijasporars.com\/","name":"\u0420\u0435\u043f\u0443\u0431\u043b\u0438\u043a\u0430 \u0421\u0440\u043f\u0441\u043a\u0430 \u0438 \u0434\u0438\u0458\u0430\u0441\u043f\u043e\u0440\u0430","description":"","potentialAction":[{"@type":"SearchAction","target":{"@type":"EntryPoint","urlTemplate":"https:\/\/dijasporars.com\/?s={search_term_string}"},"query-input":{"@type":"PropertyValueSpecification","valueRequired":true,"valueName":"search_term_string"}}],"inLanguage":"en-US"},{"@type":"Person","@id":"https:\/\/dijasporars.com\/#\/schema\/person\/f5052d53409aef50f7503bd1372c77ca","name":"dijasporars","image":{"@type":"ImageObject","inLanguage":"en-US","@id":"https:\/\/dijasporars.com\/#\/schema\/person\/image\/","url":"https:\/\/secure.gravatar.com\/avatar\/759212a69df0744fb2be03efd361239831e31095061dacc7496bdf8524e0daf7?s=96&d=mm&r=g","contentUrl":"https:\/\/secure.gravatar.com\/avatar\/759212a69df0744fb2be03efd361239831e31095061dacc7496bdf8524e0daf7?s=96&d=mm&r=g","caption":"dijasporars"},"url":"https:\/\/dijasporars.com\/en\/author\/dijasporars\/"}]}},"_links":{"self":[{"href":"https:\/\/dijasporars.com\/en\/wp-json\/wp\/v2\/posts\/5171","targetHints":{"allow":["GET"]}}],"collection":[{"href":"https:\/\/dijasporars.com\/en\/wp-json\/wp\/v2\/posts"}],"about":[{"href":"https:\/\/dijasporars.com\/en\/wp-json\/wp\/v2\/types\/post"}],"author":[{"embeddable":true,"href":"https:\/\/dijasporars.com\/en\/wp-json\/wp\/v2\/users\/1"}],"replies":[{"embeddable":true,"href":"https:\/\/dijasporars.com\/en\/wp-json\/wp\/v2\/comments?post=5171"}],"version-history":[{"count":1,"href":"https:\/\/dijasporars.com\/en\/wp-json\/wp\/v2\/posts\/5171\/revisions"}],"predecessor-version":[{"id":5173,"href":"https:\/\/dijasporars.com\/en\/wp-json\/wp\/v2\/posts\/5171\/revisions\/5173"}],"wp:featuredmedia":[{"embeddable":true,"href":"https:\/\/dijasporars.com\/en\/wp-json\/wp\/v2\/media\/5172"}],"wp:attachment":[{"href":"https:\/\/dijasporars.com\/en\/wp-json\/wp\/v2\/media?parent=5171"}],"wp:term":[{"taxonomy":"category","embeddable":true,"href":"https:\/\/dijasporars.com\/en\/wp-json\/wp\/v2\/categories?post=5171"},{"taxonomy":"post_tag","embeddable":true,"href":"https:\/\/dijasporars.com\/en\/wp-json\/wp\/v2\/tags?post=5171"}],"curies":[{"name":"wp","href":"https:\/\/api.w.org\/{rel}","templated":true}]}}