{"id":5042,"date":"2023-01-13T10:39:26","date_gmt":"2023-01-13T09:39:26","guid":{"rendered":"https:\/\/dijasporars.com\/?p=5042"},"modified":"2023-01-13T12:02:33","modified_gmt":"2023-01-13T11:02:33","slug":"u-nedjelju-15-01-u-gracu-pocinje-sa-radom-prosvjetina-mala-pricaonica","status":"publish","type":"post","link":"https:\/\/dijasporars.com\/en\/u-nedjelju-15-01-u-gracu-pocinje-sa-radom-prosvjetina-mala-pricaonica\/","title":{"rendered":"Prosvjeta\u2019s Mala Pri\u010daonica to Open on Sunday (15 January) in Graz"},"content":{"rendered":"<p>Prosvjeta\u2019s Mala Pri\u010daonica (little speaking room) for the youngest will open in Graz, Austria, on Sunday, 15 January 2023. The program is intended for children aged 4 to 7. In a creative way, by learning Serbian fairy tales, poems and stories, the children enter the world of (Cyrillic) letters and thus acquire a good foundation and prepare for Prosvjeta\u2019s Serbian language school.<\/p>\n<p>Mala Pri\u010daonica will be held once a week, on Sundays, in the premises of the Sveti Sava cultural and artistic society from Graz in the Strassganger Kulturzentrum building (K\u00e4rtnerstrasse 402) from 9:00 to 10:00. Prosvjeta\u2019s Mala Pri\u010daonica is open for applications, and its organizer is Prosvjeta Serbian Cultural and Educational Society Austria. This project was launched for the purpose of preserving the Serbian language and traditions.<\/p>\n<p>The classes are free for all participants! All interested parents should contact Marija \u0110oki\u0107 Petrovi\u0107 by email at\u00a0<a href=\"mailto:marija.djokicpetrovic@prosvjeta.at\"><strong>marija.djokicpetrovic@prosvjeta.at<\/strong><\/a>.<\/p>\n<p>Pri\u010daonica includes groups one and two taught by teacher Dragana Heigli, and group three taught by teacher Dragana Milo\u0161evi\u0107.<\/p>\n<p>Source: RASEJANJE.<em>INFO<\/em><\/p>\n<p>Photo: Prosvjeta SECS Austria<\/p>","protected":false},"excerpt":{"rendered":"<p>Prosvjeta\u2019s Mala Pri\u010daonica (little speaking room) for the youngest will open in Graz, Austria, on Sunday, 15 January 2023. The program is intended for children aged 4 to 7. In a creative way, by learning Serbian fairy tales, poems and stories, the children enter the world of (Cyrillic) letters and thus acquire a good foundation and prepare for Prosvjeta\u2019s Serbian language school.<\/p>","protected":false},"author":1,"featured_media":2276,"comment_status":"closed","ping_status":"closed","sticky":false,"template":"","format":"standard","meta":{"footnotes":""},"categories":[52,76],"tags":[],"class_list":["post-5042","post","type-post","status-publish","format-standard","has-post-thumbnail","hentry","category-vijesti","category-vijesti-dijaspora"],"yoast_head":"<!-- This site is optimized with the Yoast SEO plugin v24.6 - https:\/\/yoast.com\/wordpress\/plugins\/seo\/ -->\n<title>\u0423 \u043d\u0435\u0434j\u0435\u0459\u0443 (15.01.) \u0443 \u0413\u0440\u0430\u0446\u0443 \u043f\u043e\u0447\u0438\u045a\u0435 \u0441\u0430 \u0440\u0430\u0434\u043e\u043c \u041f\u0440\u043e\u0441\u0432\u0458\u0435\u0442\u0438\u043d\u0430 \u041c\u0430\u043b\u0430 \u043f\u0440\u0438\u0447\u0430\u043e\u043d\u0438\u0446\u0430 - \u0420\u0435\u043f\u0443\u0431\u043b\u0438\u043a\u0430 \u0421\u0440\u043f\u0441\u043a\u0430 \u0438 \u0434\u0438\u0458\u0430\u0441\u043f\u043e\u0440\u0430<\/title>\n<meta name=\"description\" content=\"Stranica za dijasporu RS, ovdje mo\u017eete prona\u0107i sve informacije, pomo\u0107 i savjete na jednom mjestu.\" \/>\n<meta name=\"robots\" content=\"index, follow, max-snippet:-1, max-image-preview:large, max-video-preview:-1\" \/>\n<link rel=\"canonical\" href=\"https:\/\/dijasporars.com\/en\/u-nedjelju-15-01-u-gracu-pocinje-sa-radom-prosvjetina-mala-pricaonica\/\" \/>\n<meta property=\"og:locale\" content=\"en_US\" \/>\n<meta property=\"og:type\" content=\"article\" \/>\n<meta property=\"og:title\" content=\"\u0423 \u043d\u0435\u0434j\u0435\u0459\u0443 (15.01.) \u0443 \u0413\u0440\u0430\u0446\u0443 \u043f\u043e\u0447\u0438\u045a\u0435 \u0441\u0430 \u0440\u0430\u0434\u043e\u043c \u041f\u0440\u043e\u0441\u0432\u0458\u0435\u0442\u0438\u043d\u0430 \u041c\u0430\u043b\u0430 \u043f\u0440\u0438\u0447\u0430\u043e\u043d\u0438\u0446\u0430 - \u0420\u0435\u043f\u0443\u0431\u043b\u0438\u043a\u0430 \u0421\u0440\u043f\u0441\u043a\u0430 \u0438 \u0434\u0438\u0458\u0430\u0441\u043f\u043e\u0440\u0430\" \/>\n<meta property=\"og:description\" content=\"Stranica za dijasporu RS, ovdje mo\u017eete prona\u0107i sve informacije, pomo\u0107 i savjete na jednom mjestu.\" \/>\n<meta property=\"og:url\" content=\"https:\/\/dijasporars.com\/en\/u-nedjelju-15-01-u-gracu-pocinje-sa-radom-prosvjetina-mala-pricaonica\/\" \/>\n<meta property=\"og:site_name\" content=\"\u0420\u0435\u043f\u0443\u0431\u043b\u0438\u043a\u0430 \u0421\u0440\u043f\u0441\u043a\u0430 \u0438 \u0434\u0438\u0458\u0430\u0441\u043f\u043e\u0440\u0430\" \/>\n<meta property=\"article:published_time\" content=\"2023-01-13T09:39:26+00:00\" \/>\n<meta property=\"article:modified_time\" content=\"2023-01-13T11:02:33+00:00\" \/>\n<meta property=\"og:image\" content=\"https:\/\/dijasporars.com\/wp-content\/uploads\/2021\/01\/\u041f\u0440\u043e\u0441\u0432\u0458\u0435\u0442\u0430-\u043b\u043e\u0433\u043e-610x560-1.jpg\" \/>\n\t<meta property=\"og:image:width\" content=\"610\" \/>\n\t<meta property=\"og:image:height\" content=\"560\" \/>\n\t<meta property=\"og:image:type\" content=\"image\/jpeg\" \/>\n<meta name=\"author\" content=\"dijasporars\" \/>\n<meta name=\"twitter:card\" content=\"summary_large_image\" \/>\n<meta name=\"twitter:label1\" content=\"Written by\" \/>\n\t<meta name=\"twitter:data1\" content=\"dijasporars\" \/>\n<script type=\"application\/ld+json\" class=\"yoast-schema-graph\">{\"@context\":\"https:\/\/schema.org\",\"@graph\":[{\"@type\":\"WebPage\",\"@id\":\"https:\/\/dijasporars.com\/u-nedjelju-15-01-u-gracu-pocinje-sa-radom-prosvjetina-mala-pricaonica\/\",\"url\":\"https:\/\/dijasporars.com\/u-nedjelju-15-01-u-gracu-pocinje-sa-radom-prosvjetina-mala-pricaonica\/\",\"name\":\"\u0423 \u043d\u0435\u0434j\u0435\u0459\u0443 (15.01.) \u0443 \u0413\u0440\u0430\u0446\u0443 \u043f\u043e\u0447\u0438\u045a\u0435 \u0441\u0430 \u0440\u0430\u0434\u043e\u043c \u041f\u0440\u043e\u0441\u0432\u0458\u0435\u0442\u0438\u043d\u0430 \u041c\u0430\u043b\u0430 \u043f\u0440\u0438\u0447\u0430\u043e\u043d\u0438\u0446\u0430 - \u0420\u0435\u043f\u0443\u0431\u043b\u0438\u043a\u0430 \u0421\u0440\u043f\u0441\u043a\u0430 \u0438 \u0434\u0438\u0458\u0430\u0441\u043f\u043e\u0440\u0430\",\"isPartOf\":{\"@id\":\"https:\/\/dijasporars.com\/#website\"},\"primaryImageOfPage\":{\"@id\":\"https:\/\/dijasporars.com\/u-nedjelju-15-01-u-gracu-pocinje-sa-radom-prosvjetina-mala-pricaonica\/#primaryimage\"},\"image\":{\"@id\":\"https:\/\/dijasporars.com\/u-nedjelju-15-01-u-gracu-pocinje-sa-radom-prosvjetina-mala-pricaonica\/#primaryimage\"},\"thumbnailUrl\":\"https:\/\/dijasporars.com\/wp-content\/uploads\/2021\/01\/\u041f\u0440\u043e\u0441\u0432\u0458\u0435\u0442\u0430-\u043b\u043e\u0433\u043e-610x560-1.jpg\",\"datePublished\":\"2023-01-13T09:39:26+00:00\",\"dateModified\":\"2023-01-13T11:02:33+00:00\",\"author\":{\"@id\":\"https:\/\/dijasporars.com\/#\/schema\/person\/f5052d53409aef50f7503bd1372c77ca\"},\"description\":\"Stranica za dijasporu RS, ovdje mo\u017eete prona\u0107i sve informacije, pomo\u0107 i savjete na jednom mjestu.\",\"breadcrumb\":{\"@id\":\"https:\/\/dijasporars.com\/u-nedjelju-15-01-u-gracu-pocinje-sa-radom-prosvjetina-mala-pricaonica\/#breadcrumb\"},\"inLanguage\":\"en-US\",\"potentialAction\":[{\"@type\":\"ReadAction\",\"target\":[\"https:\/\/dijasporars.com\/u-nedjelju-15-01-u-gracu-pocinje-sa-radom-prosvjetina-mala-pricaonica\/\"]}]},{\"@type\":\"ImageObject\",\"inLanguage\":\"en-US\",\"@id\":\"https:\/\/dijasporars.com\/u-nedjelju-15-01-u-gracu-pocinje-sa-radom-prosvjetina-mala-pricaonica\/#primaryimage\",\"url\":\"https:\/\/dijasporars.com\/wp-content\/uploads\/2021\/01\/\u041f\u0440\u043e\u0441\u0432\u0458\u0435\u0442\u0430-\u043b\u043e\u0433\u043e-610x560-1.jpg\",\"contentUrl\":\"https:\/\/dijasporars.com\/wp-content\/uploads\/2021\/01\/\u041f\u0440\u043e\u0441\u0432\u0458\u0435\u0442\u0430-\u043b\u043e\u0433\u043e-610x560-1.jpg\",\"width\":610,\"height\":560,\"caption\":\"\u041f\u0440\u043e\u0441\u0432\u0458\u0435\u0442\u0430-\u043b\u043e\u0433\u043e\"},{\"@type\":\"BreadcrumbList\",\"@id\":\"https:\/\/dijasporars.com\/u-nedjelju-15-01-u-gracu-pocinje-sa-radom-prosvjetina-mala-pricaonica\/#breadcrumb\",\"itemListElement\":[{\"@type\":\"ListItem\",\"position\":1,\"name\":\"\u041f\u043e\u0447\u0435\u0442\u043d\u0430\",\"item\":\"https:\/\/dijasporars.com\/\"},{\"@type\":\"ListItem\",\"position\":2,\"name\":\"\u0423 \u043d\u0435\u0434j\u0435\u0459\u0443 (15.01.) \u0443 \u0413\u0440\u0430\u0446\u0443 \u043f\u043e\u0447\u0438\u045a\u0435 \u0441\u0430 \u0440\u0430\u0434\u043e\u043c \u041f\u0440\u043e\u0441\u0432\u0458\u0435\u0442\u0438\u043d\u0430 \u041c\u0430\u043b\u0430 \u043f\u0440\u0438\u0447\u0430\u043e\u043d\u0438\u0446\u0430\"}]},{\"@type\":\"WebSite\",\"@id\":\"https:\/\/dijasporars.com\/#website\",\"url\":\"https:\/\/dijasporars.com\/\",\"name\":\"\u0420\u0435\u043f\u0443\u0431\u043b\u0438\u043a\u0430 \u0421\u0440\u043f\u0441\u043a\u0430 \u0438 \u0434\u0438\u0458\u0430\u0441\u043f\u043e\u0440\u0430\",\"description\":\"\",\"potentialAction\":[{\"@type\":\"SearchAction\",\"target\":{\"@type\":\"EntryPoint\",\"urlTemplate\":\"https:\/\/dijasporars.com\/?s={search_term_string}\"},\"query-input\":{\"@type\":\"PropertyValueSpecification\",\"valueRequired\":true,\"valueName\":\"search_term_string\"}}],\"inLanguage\":\"en-US\"},{\"@type\":\"Person\",\"@id\":\"https:\/\/dijasporars.com\/#\/schema\/person\/f5052d53409aef50f7503bd1372c77ca\",\"name\":\"dijasporars\",\"image\":{\"@type\":\"ImageObject\",\"inLanguage\":\"en-US\",\"@id\":\"https:\/\/dijasporars.com\/#\/schema\/person\/image\/\",\"url\":\"https:\/\/secure.gravatar.com\/avatar\/759212a69df0744fb2be03efd361239831e31095061dacc7496bdf8524e0daf7?s=96&d=mm&r=g\",\"contentUrl\":\"https:\/\/secure.gravatar.com\/avatar\/759212a69df0744fb2be03efd361239831e31095061dacc7496bdf8524e0daf7?s=96&d=mm&r=g\",\"caption\":\"dijasporars\"},\"url\":\"https:\/\/dijasporars.com\/en\/author\/dijasporars\/\"}]}<\/script>\n<!-- \/ Yoast SEO plugin. -->","yoast_head_json":{"title":"\u0423 \u043d\u0435\u0434j\u0435\u0459\u0443 (15.01.) \u0443 \u0413\u0440\u0430\u0446\u0443 \u043f\u043e\u0447\u0438\u045a\u0435 \u0441\u0430 \u0440\u0430\u0434\u043e\u043c \u041f\u0440\u043e\u0441\u0432\u0458\u0435\u0442\u0438\u043d\u0430 \u041c\u0430\u043b\u0430 \u043f\u0440\u0438\u0447\u0430\u043e\u043d\u0438\u0446\u0430 - \u0420\u0435\u043f\u0443\u0431\u043b\u0438\u043a\u0430 \u0421\u0440\u043f\u0441\u043a\u0430 \u0438 \u0434\u0438\u0458\u0430\u0441\u043f\u043e\u0440\u0430","description":"Stranica za dijasporu RS, ovdje mo\u017eete prona\u0107i sve informacije, pomo\u0107 i savjete na jednom mjestu.","robots":{"index":"index","follow":"follow","max-snippet":"max-snippet:-1","max-image-preview":"max-image-preview:large","max-video-preview":"max-video-preview:-1"},"canonical":"https:\/\/dijasporars.com\/en\/u-nedjelju-15-01-u-gracu-pocinje-sa-radom-prosvjetina-mala-pricaonica\/","og_locale":"en_US","og_type":"article","og_title":"\u0423 \u043d\u0435\u0434j\u0435\u0459\u0443 (15.01.) \u0443 \u0413\u0440\u0430\u0446\u0443 \u043f\u043e\u0447\u0438\u045a\u0435 \u0441\u0430 \u0440\u0430\u0434\u043e\u043c \u041f\u0440\u043e\u0441\u0432\u0458\u0435\u0442\u0438\u043d\u0430 \u041c\u0430\u043b\u0430 \u043f\u0440\u0438\u0447\u0430\u043e\u043d\u0438\u0446\u0430 - \u0420\u0435\u043f\u0443\u0431\u043b\u0438\u043a\u0430 \u0421\u0440\u043f\u0441\u043a\u0430 \u0438 \u0434\u0438\u0458\u0430\u0441\u043f\u043e\u0440\u0430","og_description":"Stranica za dijasporu RS, ovdje mo\u017eete prona\u0107i sve informacije, pomo\u0107 i savjete na jednom mjestu.","og_url":"https:\/\/dijasporars.com\/en\/u-nedjelju-15-01-u-gracu-pocinje-sa-radom-prosvjetina-mala-pricaonica\/","og_site_name":"\u0420\u0435\u043f\u0443\u0431\u043b\u0438\u043a\u0430 \u0421\u0440\u043f\u0441\u043a\u0430 \u0438 \u0434\u0438\u0458\u0430\u0441\u043f\u043e\u0440\u0430","article_published_time":"2023-01-13T09:39:26+00:00","article_modified_time":"2023-01-13T11:02:33+00:00","og_image":[{"width":610,"height":560,"url":"https:\/\/dijasporars.com\/wp-content\/uploads\/2021\/01\/\u041f\u0440\u043e\u0441\u0432\u0458\u0435\u0442\u0430-\u043b\u043e\u0433\u043e-610x560-1.jpg","type":"image\/jpeg"}],"author":"dijasporars","twitter_card":"summary_large_image","twitter_misc":{"Written by":"dijasporars"},"schema":{"@context":"https:\/\/schema.org","@graph":[{"@type":"WebPage","@id":"https:\/\/dijasporars.com\/u-nedjelju-15-01-u-gracu-pocinje-sa-radom-prosvjetina-mala-pricaonica\/","url":"https:\/\/dijasporars.com\/u-nedjelju-15-01-u-gracu-pocinje-sa-radom-prosvjetina-mala-pricaonica\/","name":"\u0423 \u043d\u0435\u0434j\u0435\u0459\u0443 (15.01.) \u0443 \u0413\u0440\u0430\u0446\u0443 \u043f\u043e\u0447\u0438\u045a\u0435 \u0441\u0430 \u0440\u0430\u0434\u043e\u043c \u041f\u0440\u043e\u0441\u0432\u0458\u0435\u0442\u0438\u043d\u0430 \u041c\u0430\u043b\u0430 \u043f\u0440\u0438\u0447\u0430\u043e\u043d\u0438\u0446\u0430 - \u0420\u0435\u043f\u0443\u0431\u043b\u0438\u043a\u0430 \u0421\u0440\u043f\u0441\u043a\u0430 \u0438 \u0434\u0438\u0458\u0430\u0441\u043f\u043e\u0440\u0430","isPartOf":{"@id":"https:\/\/dijasporars.com\/#website"},"primaryImageOfPage":{"@id":"https:\/\/dijasporars.com\/u-nedjelju-15-01-u-gracu-pocinje-sa-radom-prosvjetina-mala-pricaonica\/#primaryimage"},"image":{"@id":"https:\/\/dijasporars.com\/u-nedjelju-15-01-u-gracu-pocinje-sa-radom-prosvjetina-mala-pricaonica\/#primaryimage"},"thumbnailUrl":"https:\/\/dijasporars.com\/wp-content\/uploads\/2021\/01\/\u041f\u0440\u043e\u0441\u0432\u0458\u0435\u0442\u0430-\u043b\u043e\u0433\u043e-610x560-1.jpg","datePublished":"2023-01-13T09:39:26+00:00","dateModified":"2023-01-13T11:02:33+00:00","author":{"@id":"https:\/\/dijasporars.com\/#\/schema\/person\/f5052d53409aef50f7503bd1372c77ca"},"description":"Stranica za dijasporu RS, ovdje mo\u017eete prona\u0107i sve informacije, pomo\u0107 i savjete na jednom mjestu.","breadcrumb":{"@id":"https:\/\/dijasporars.com\/u-nedjelju-15-01-u-gracu-pocinje-sa-radom-prosvjetina-mala-pricaonica\/#breadcrumb"},"inLanguage":"en-US","potentialAction":[{"@type":"ReadAction","target":["https:\/\/dijasporars.com\/u-nedjelju-15-01-u-gracu-pocinje-sa-radom-prosvjetina-mala-pricaonica\/"]}]},{"@type":"ImageObject","inLanguage":"en-US","@id":"https:\/\/dijasporars.com\/u-nedjelju-15-01-u-gracu-pocinje-sa-radom-prosvjetina-mala-pricaonica\/#primaryimage","url":"https:\/\/dijasporars.com\/wp-content\/uploads\/2021\/01\/\u041f\u0440\u043e\u0441\u0432\u0458\u0435\u0442\u0430-\u043b\u043e\u0433\u043e-610x560-1.jpg","contentUrl":"https:\/\/dijasporars.com\/wp-content\/uploads\/2021\/01\/\u041f\u0440\u043e\u0441\u0432\u0458\u0435\u0442\u0430-\u043b\u043e\u0433\u043e-610x560-1.jpg","width":610,"height":560,"caption":"\u041f\u0440\u043e\u0441\u0432\u0458\u0435\u0442\u0430-\u043b\u043e\u0433\u043e"},{"@type":"BreadcrumbList","@id":"https:\/\/dijasporars.com\/u-nedjelju-15-01-u-gracu-pocinje-sa-radom-prosvjetina-mala-pricaonica\/#breadcrumb","itemListElement":[{"@type":"ListItem","position":1,"name":"\u041f\u043e\u0447\u0435\u0442\u043d\u0430","item":"https:\/\/dijasporars.com\/"},{"@type":"ListItem","position":2,"name":"\u0423 \u043d\u0435\u0434j\u0435\u0459\u0443 (15.01.) \u0443 \u0413\u0440\u0430\u0446\u0443 \u043f\u043e\u0447\u0438\u045a\u0435 \u0441\u0430 \u0440\u0430\u0434\u043e\u043c \u041f\u0440\u043e\u0441\u0432\u0458\u0435\u0442\u0438\u043d\u0430 \u041c\u0430\u043b\u0430 \u043f\u0440\u0438\u0447\u0430\u043e\u043d\u0438\u0446\u0430"}]},{"@type":"WebSite","@id":"https:\/\/dijasporars.com\/#website","url":"https:\/\/dijasporars.com\/","name":"\u0420\u0435\u043f\u0443\u0431\u043b\u0438\u043a\u0430 \u0421\u0440\u043f\u0441\u043a\u0430 \u0438 \u0434\u0438\u0458\u0430\u0441\u043f\u043e\u0440\u0430","description":"","potentialAction":[{"@type":"SearchAction","target":{"@type":"EntryPoint","urlTemplate":"https:\/\/dijasporars.com\/?s={search_term_string}"},"query-input":{"@type":"PropertyValueSpecification","valueRequired":true,"valueName":"search_term_string"}}],"inLanguage":"en-US"},{"@type":"Person","@id":"https:\/\/dijasporars.com\/#\/schema\/person\/f5052d53409aef50f7503bd1372c77ca","name":"dijasporars","image":{"@type":"ImageObject","inLanguage":"en-US","@id":"https:\/\/dijasporars.com\/#\/schema\/person\/image\/","url":"https:\/\/secure.gravatar.com\/avatar\/759212a69df0744fb2be03efd361239831e31095061dacc7496bdf8524e0daf7?s=96&d=mm&r=g","contentUrl":"https:\/\/secure.gravatar.com\/avatar\/759212a69df0744fb2be03efd361239831e31095061dacc7496bdf8524e0daf7?s=96&d=mm&r=g","caption":"dijasporars"},"url":"https:\/\/dijasporars.com\/en\/author\/dijasporars\/"}]}},"_links":{"self":[{"href":"https:\/\/dijasporars.com\/en\/wp-json\/wp\/v2\/posts\/5042","targetHints":{"allow":["GET"]}}],"collection":[{"href":"https:\/\/dijasporars.com\/en\/wp-json\/wp\/v2\/posts"}],"about":[{"href":"https:\/\/dijasporars.com\/en\/wp-json\/wp\/v2\/types\/post"}],"author":[{"embeddable":true,"href":"https:\/\/dijasporars.com\/en\/wp-json\/wp\/v2\/users\/1"}],"replies":[{"embeddable":true,"href":"https:\/\/dijasporars.com\/en\/wp-json\/wp\/v2\/comments?post=5042"}],"version-history":[{"count":1,"href":"https:\/\/dijasporars.com\/en\/wp-json\/wp\/v2\/posts\/5042\/revisions"}],"predecessor-version":[{"id":5043,"href":"https:\/\/dijasporars.com\/en\/wp-json\/wp\/v2\/posts\/5042\/revisions\/5043"}],"wp:featuredmedia":[{"embeddable":true,"href":"https:\/\/dijasporars.com\/en\/wp-json\/wp\/v2\/media\/2276"}],"wp:attachment":[{"href":"https:\/\/dijasporars.com\/en\/wp-json\/wp\/v2\/media?parent=5042"}],"wp:term":[{"taxonomy":"category","embeddable":true,"href":"https:\/\/dijasporars.com\/en\/wp-json\/wp\/v2\/categories?post=5042"},{"taxonomy":"post_tag","embeddable":true,"href":"https:\/\/dijasporars.com\/en\/wp-json\/wp\/v2\/tags?post=5042"}],"curies":[{"name":"wp","href":"https:\/\/api.w.org\/{rel}","templated":true}]}}