{"id":4821,"date":"2022-11-07T10:53:53","date_gmt":"2022-11-07T09:53:53","guid":{"rendered":"https:\/\/dijasporars.com\/?p=4821"},"modified":"2022-11-07T10:55:09","modified_gmt":"2022-11-07T09:55:09","slug":"dani-srpske-kulture-u-temisvaru-2","status":"publish","type":"post","link":"https:\/\/dijasporars.com\/en\/dani-srpske-kulture-u-temisvaru-2\/","title":{"rendered":"Days of Serbian Culture in Timisoara"},"content":{"rendered":"<p>Organized by the Union of Serbs of Romania and the Consulate General of the Republic of Serbia in Timisoara, the seventeenth Days of Serbian Culture started in Timisoara. The Ambassador of the Republic of Serbia in Bucharest, Stefan Toma\u0161evi\u0107, opened the event noting the importance of holding the Days of Serbian Culture as one of the most significant activities of Serbs in Romania, with a traditionally rich cultural and artistic program that brings together Serbs, Romanians and representatives of other communities, thus strengthening their connection and friendship.<\/p>\n<p>The ambassador also noted the excellent cooperation of the Union of Serbs of Romania with the Embassy of Serbia in Bucharest and the Consulate General in Timisoara, citing the most important cultural events that were jointly organized this year, as well as those that would present Serbian culture by the end of the year in Bucharest.<\/p>\n<p>As one of the most important projects, currently in the preparatory design phase, ambassador Toma\u0161evi\u0107 marked the construction of a new modern school building in Timisoara with all accompanying facilities, including a boarding school to accommodate the relocated Dositej Obradovi\u0107 Theoretical Grammar School, which is being implemented in cooperation of the Embassy and Consulate General with the Serbian Orthodox Eparchy of Timisoara and great benefactor Du\u0161an Vilms, recipient of this year\u2019s Gold Medal for outstanding services in preserving the Serbian national minority and improving economic relations between the Republic of Serbia and Romania.<\/p>\n<p>The film Once Upon a Time in Serbia directed by Petar Ristovski was shown to the audience and met with its excellent reactions. The screening of the film was preceded by addresses delivered by Timis County Prefect Mihai Ritivoiu, Deputy State Secretary for Inter-Ethnic Relations Dincer Geafer, advisor to the President of the Timis County Council Dan Diaconu, advisor to the Mayor of Timisoara Vasile Sarbu, vice-president of the Union of Serbs of Romania Dejan Popov, and deputy bishop of the Serbian Orthodox Eparchy of Timisoara, father Marinko Markov.<\/p>\n<p>The Days of Serbian Culture in Timisoara will include organizing of 15 different cultural events by the end of November.<\/p>\n<p>Source and photo: RASEJANJE.<em>INFO<\/em><\/p>","protected":false},"excerpt":{"rendered":"<p>Organized by the Union of Serbs of Romania and the Consulate General of the Republic of Serbia in Timisoara, the seventeenth Days of Serbian Culture started in Timisoara. The Ambassador of the Republic of Serbia in Bucharest, Stefan Toma\u0161evi\u0107, opened the event noting the importance of holding the Days of Serbian Culture as one of the most significant activities of Serbs in Romania, with a traditionally rich cultural and artistic program that brings together Serbs, Romanians and<\/p>","protected":false},"author":1,"featured_media":4822,"comment_status":"closed","ping_status":"closed","sticky":false,"template":"","format":"standard","meta":{"footnotes":""},"categories":[52,76],"tags":[],"class_list":["post-4821","post","type-post","status-publish","format-standard","has-post-thumbnail","hentry","category-vijesti","category-vijesti-dijaspora"],"yoast_head":"<!-- This site is optimized with the Yoast SEO plugin v24.6 - https:\/\/yoast.com\/wordpress\/plugins\/seo\/ -->\n<title>\u0414\u0430\u043d\u0438 \u0441\u0440\u043f\u0441\u043a\u0435 \u043a\u0443\u043b\u0442\u0443\u0440\u0435 \u0443 \u0422\u0435\u043c\u0438\u0448\u0432\u0430\u0440\u0443 - \u0420\u0435\u043f\u0443\u0431\u043b\u0438\u043a\u0430 \u0421\u0440\u043f\u0441\u043a\u0430 \u0438 \u0434\u0438\u0458\u0430\u0441\u043f\u043e\u0440\u0430<\/title>\n<meta name=\"description\" content=\"Stranica za dijasporu RS, ovdje mo\u017eete prona\u0107i sve informacije, pomo\u0107 i savjete na jednom mjestu.\" \/>\n<meta name=\"robots\" content=\"index, follow, max-snippet:-1, max-image-preview:large, max-video-preview:-1\" \/>\n<link rel=\"canonical\" href=\"https:\/\/dijasporars.com\/en\/dani-srpske-kulture-u-temisvaru-2\/\" \/>\n<meta property=\"og:locale\" content=\"en_US\" \/>\n<meta property=\"og:type\" content=\"article\" \/>\n<meta property=\"og:title\" content=\"\u0414\u0430\u043d\u0438 \u0441\u0440\u043f\u0441\u043a\u0435 \u043a\u0443\u043b\u0442\u0443\u0440\u0435 \u0443 \u0422\u0435\u043c\u0438\u0448\u0432\u0430\u0440\u0443 - \u0420\u0435\u043f\u0443\u0431\u043b\u0438\u043a\u0430 \u0421\u0440\u043f\u0441\u043a\u0430 \u0438 \u0434\u0438\u0458\u0430\u0441\u043f\u043e\u0440\u0430\" \/>\n<meta property=\"og:description\" content=\"Stranica za dijasporu RS, ovdje mo\u017eete prona\u0107i sve informacije, pomo\u0107 i savjete na jednom mjestu.\" \/>\n<meta property=\"og:url\" content=\"https:\/\/dijasporars.com\/en\/dani-srpske-kulture-u-temisvaru-2\/\" \/>\n<meta property=\"og:site_name\" content=\"\u0420\u0435\u043f\u0443\u0431\u043b\u0438\u043a\u0430 \u0421\u0440\u043f\u0441\u043a\u0430 \u0438 \u0434\u0438\u0458\u0430\u0441\u043f\u043e\u0440\u0430\" \/>\n<meta property=\"article:published_time\" content=\"2022-11-07T09:53:53+00:00\" \/>\n<meta property=\"article:modified_time\" content=\"2022-11-07T09:55:09+00:00\" \/>\n<meta property=\"og:image\" content=\"https:\/\/dijasporars.com\/wp-content\/uploads\/2022\/11\/\u0424\u043e\u0442\u043e-\u0420\u0410\u0421\u0415\u0408\u0410\u040a\u0415-\u0438\u043d\u0444\u043e.jpg\" \/>\n\t<meta property=\"og:image:width\" content=\"800\" \/>\n\t<meta property=\"og:image:height\" content=\"445\" \/>\n\t<meta property=\"og:image:type\" content=\"image\/jpeg\" \/>\n<meta name=\"author\" content=\"dijasporars\" \/>\n<meta name=\"twitter:card\" content=\"summary_large_image\" \/>\n<meta name=\"twitter:label1\" content=\"Written by\" \/>\n\t<meta name=\"twitter:data1\" content=\"dijasporars\" \/>\n<script type=\"application\/ld+json\" class=\"yoast-schema-graph\">{\"@context\":\"https:\/\/schema.org\",\"@graph\":[{\"@type\":\"WebPage\",\"@id\":\"https:\/\/dijasporars.com\/dani-srpske-kulture-u-temisvaru-2\/\",\"url\":\"https:\/\/dijasporars.com\/dani-srpske-kulture-u-temisvaru-2\/\",\"name\":\"\u0414\u0430\u043d\u0438 \u0441\u0440\u043f\u0441\u043a\u0435 \u043a\u0443\u043b\u0442\u0443\u0440\u0435 \u0443 \u0422\u0435\u043c\u0438\u0448\u0432\u0430\u0440\u0443 - \u0420\u0435\u043f\u0443\u0431\u043b\u0438\u043a\u0430 \u0421\u0440\u043f\u0441\u043a\u0430 \u0438 \u0434\u0438\u0458\u0430\u0441\u043f\u043e\u0440\u0430\",\"isPartOf\":{\"@id\":\"https:\/\/dijasporars.com\/#website\"},\"primaryImageOfPage\":{\"@id\":\"https:\/\/dijasporars.com\/dani-srpske-kulture-u-temisvaru-2\/#primaryimage\"},\"image\":{\"@id\":\"https:\/\/dijasporars.com\/dani-srpske-kulture-u-temisvaru-2\/#primaryimage\"},\"thumbnailUrl\":\"https:\/\/dijasporars.com\/wp-content\/uploads\/2022\/11\/\u0424\u043e\u0442\u043e-\u0420\u0410\u0421\u0415\u0408\u0410\u040a\u0415-\u0438\u043d\u0444\u043e.jpg\",\"datePublished\":\"2022-11-07T09:53:53+00:00\",\"dateModified\":\"2022-11-07T09:55:09+00:00\",\"author\":{\"@id\":\"https:\/\/dijasporars.com\/#\/schema\/person\/f5052d53409aef50f7503bd1372c77ca\"},\"description\":\"Stranica za dijasporu RS, ovdje mo\u017eete prona\u0107i sve informacije, pomo\u0107 i savjete na jednom mjestu.\",\"breadcrumb\":{\"@id\":\"https:\/\/dijasporars.com\/dani-srpske-kulture-u-temisvaru-2\/#breadcrumb\"},\"inLanguage\":\"en-US\",\"potentialAction\":[{\"@type\":\"ReadAction\",\"target\":[\"https:\/\/dijasporars.com\/dani-srpske-kulture-u-temisvaru-2\/\"]}]},{\"@type\":\"ImageObject\",\"inLanguage\":\"en-US\",\"@id\":\"https:\/\/dijasporars.com\/dani-srpske-kulture-u-temisvaru-2\/#primaryimage\",\"url\":\"https:\/\/dijasporars.com\/wp-content\/uploads\/2022\/11\/\u0424\u043e\u0442\u043e-\u0420\u0410\u0421\u0415\u0408\u0410\u040a\u0415-\u0438\u043d\u0444\u043e.jpg\",\"contentUrl\":\"https:\/\/dijasporars.com\/wp-content\/uploads\/2022\/11\/\u0424\u043e\u0442\u043e-\u0420\u0410\u0421\u0415\u0408\u0410\u040a\u0415-\u0438\u043d\u0444\u043e.jpg\",\"width\":800,\"height\":445},{\"@type\":\"BreadcrumbList\",\"@id\":\"https:\/\/dijasporars.com\/dani-srpske-kulture-u-temisvaru-2\/#breadcrumb\",\"itemListElement\":[{\"@type\":\"ListItem\",\"position\":1,\"name\":\"\u041f\u043e\u0447\u0435\u0442\u043d\u0430\",\"item\":\"https:\/\/dijasporars.com\/\"},{\"@type\":\"ListItem\",\"position\":2,\"name\":\"\u0414\u0430\u043d\u0438 \u0441\u0440\u043f\u0441\u043a\u0435 \u043a\u0443\u043b\u0442\u0443\u0440\u0435 \u0443 \u0422\u0435\u043c\u0438\u0448\u0432\u0430\u0440\u0443\"}]},{\"@type\":\"WebSite\",\"@id\":\"https:\/\/dijasporars.com\/#website\",\"url\":\"https:\/\/dijasporars.com\/\",\"name\":\"\u0420\u0435\u043f\u0443\u0431\u043b\u0438\u043a\u0430 \u0421\u0440\u043f\u0441\u043a\u0430 \u0438 \u0434\u0438\u0458\u0430\u0441\u043f\u043e\u0440\u0430\",\"description\":\"\",\"potentialAction\":[{\"@type\":\"SearchAction\",\"target\":{\"@type\":\"EntryPoint\",\"urlTemplate\":\"https:\/\/dijasporars.com\/?s={search_term_string}\"},\"query-input\":{\"@type\":\"PropertyValueSpecification\",\"valueRequired\":true,\"valueName\":\"search_term_string\"}}],\"inLanguage\":\"en-US\"},{\"@type\":\"Person\",\"@id\":\"https:\/\/dijasporars.com\/#\/schema\/person\/f5052d53409aef50f7503bd1372c77ca\",\"name\":\"dijasporars\",\"image\":{\"@type\":\"ImageObject\",\"inLanguage\":\"en-US\",\"@id\":\"https:\/\/dijasporars.com\/#\/schema\/person\/image\/\",\"url\":\"https:\/\/secure.gravatar.com\/avatar\/759212a69df0744fb2be03efd361239831e31095061dacc7496bdf8524e0daf7?s=96&d=mm&r=g\",\"contentUrl\":\"https:\/\/secure.gravatar.com\/avatar\/759212a69df0744fb2be03efd361239831e31095061dacc7496bdf8524e0daf7?s=96&d=mm&r=g\",\"caption\":\"dijasporars\"},\"url\":\"https:\/\/dijasporars.com\/en\/author\/dijasporars\/\"}]}<\/script>\n<!-- \/ Yoast SEO plugin. -->","yoast_head_json":{"title":"\u0414\u0430\u043d\u0438 \u0441\u0440\u043f\u0441\u043a\u0435 \u043a\u0443\u043b\u0442\u0443\u0440\u0435 \u0443 \u0422\u0435\u043c\u0438\u0448\u0432\u0430\u0440\u0443 - \u0420\u0435\u043f\u0443\u0431\u043b\u0438\u043a\u0430 \u0421\u0440\u043f\u0441\u043a\u0430 \u0438 \u0434\u0438\u0458\u0430\u0441\u043f\u043e\u0440\u0430","description":"Stranica za dijasporu RS, ovdje mo\u017eete prona\u0107i sve informacije, pomo\u0107 i savjete na jednom mjestu.","robots":{"index":"index","follow":"follow","max-snippet":"max-snippet:-1","max-image-preview":"max-image-preview:large","max-video-preview":"max-video-preview:-1"},"canonical":"https:\/\/dijasporars.com\/en\/dani-srpske-kulture-u-temisvaru-2\/","og_locale":"en_US","og_type":"article","og_title":"\u0414\u0430\u043d\u0438 \u0441\u0440\u043f\u0441\u043a\u0435 \u043a\u0443\u043b\u0442\u0443\u0440\u0435 \u0443 \u0422\u0435\u043c\u0438\u0448\u0432\u0430\u0440\u0443 - \u0420\u0435\u043f\u0443\u0431\u043b\u0438\u043a\u0430 \u0421\u0440\u043f\u0441\u043a\u0430 \u0438 \u0434\u0438\u0458\u0430\u0441\u043f\u043e\u0440\u0430","og_description":"Stranica za dijasporu RS, ovdje mo\u017eete prona\u0107i sve informacije, pomo\u0107 i savjete na jednom mjestu.","og_url":"https:\/\/dijasporars.com\/en\/dani-srpske-kulture-u-temisvaru-2\/","og_site_name":"\u0420\u0435\u043f\u0443\u0431\u043b\u0438\u043a\u0430 \u0421\u0440\u043f\u0441\u043a\u0430 \u0438 \u0434\u0438\u0458\u0430\u0441\u043f\u043e\u0440\u0430","article_published_time":"2022-11-07T09:53:53+00:00","article_modified_time":"2022-11-07T09:55:09+00:00","og_image":[{"width":800,"height":445,"url":"https:\/\/dijasporars.com\/wp-content\/uploads\/2022\/11\/\u0424\u043e\u0442\u043e-\u0420\u0410\u0421\u0415\u0408\u0410\u040a\u0415-\u0438\u043d\u0444\u043e.jpg","type":"image\/jpeg"}],"author":"dijasporars","twitter_card":"summary_large_image","twitter_misc":{"Written by":"dijasporars"},"schema":{"@context":"https:\/\/schema.org","@graph":[{"@type":"WebPage","@id":"https:\/\/dijasporars.com\/dani-srpske-kulture-u-temisvaru-2\/","url":"https:\/\/dijasporars.com\/dani-srpske-kulture-u-temisvaru-2\/","name":"\u0414\u0430\u043d\u0438 \u0441\u0440\u043f\u0441\u043a\u0435 \u043a\u0443\u043b\u0442\u0443\u0440\u0435 \u0443 \u0422\u0435\u043c\u0438\u0448\u0432\u0430\u0440\u0443 - \u0420\u0435\u043f\u0443\u0431\u043b\u0438\u043a\u0430 \u0421\u0440\u043f\u0441\u043a\u0430 \u0438 \u0434\u0438\u0458\u0430\u0441\u043f\u043e\u0440\u0430","isPartOf":{"@id":"https:\/\/dijasporars.com\/#website"},"primaryImageOfPage":{"@id":"https:\/\/dijasporars.com\/dani-srpske-kulture-u-temisvaru-2\/#primaryimage"},"image":{"@id":"https:\/\/dijasporars.com\/dani-srpske-kulture-u-temisvaru-2\/#primaryimage"},"thumbnailUrl":"https:\/\/dijasporars.com\/wp-content\/uploads\/2022\/11\/\u0424\u043e\u0442\u043e-\u0420\u0410\u0421\u0415\u0408\u0410\u040a\u0415-\u0438\u043d\u0444\u043e.jpg","datePublished":"2022-11-07T09:53:53+00:00","dateModified":"2022-11-07T09:55:09+00:00","author":{"@id":"https:\/\/dijasporars.com\/#\/schema\/person\/f5052d53409aef50f7503bd1372c77ca"},"description":"Stranica za dijasporu RS, ovdje mo\u017eete prona\u0107i sve informacije, pomo\u0107 i savjete na jednom mjestu.","breadcrumb":{"@id":"https:\/\/dijasporars.com\/dani-srpske-kulture-u-temisvaru-2\/#breadcrumb"},"inLanguage":"en-US","potentialAction":[{"@type":"ReadAction","target":["https:\/\/dijasporars.com\/dani-srpske-kulture-u-temisvaru-2\/"]}]},{"@type":"ImageObject","inLanguage":"en-US","@id":"https:\/\/dijasporars.com\/dani-srpske-kulture-u-temisvaru-2\/#primaryimage","url":"https:\/\/dijasporars.com\/wp-content\/uploads\/2022\/11\/\u0424\u043e\u0442\u043e-\u0420\u0410\u0421\u0415\u0408\u0410\u040a\u0415-\u0438\u043d\u0444\u043e.jpg","contentUrl":"https:\/\/dijasporars.com\/wp-content\/uploads\/2022\/11\/\u0424\u043e\u0442\u043e-\u0420\u0410\u0421\u0415\u0408\u0410\u040a\u0415-\u0438\u043d\u0444\u043e.jpg","width":800,"height":445},{"@type":"BreadcrumbList","@id":"https:\/\/dijasporars.com\/dani-srpske-kulture-u-temisvaru-2\/#breadcrumb","itemListElement":[{"@type":"ListItem","position":1,"name":"\u041f\u043e\u0447\u0435\u0442\u043d\u0430","item":"https:\/\/dijasporars.com\/"},{"@type":"ListItem","position":2,"name":"\u0414\u0430\u043d\u0438 \u0441\u0440\u043f\u0441\u043a\u0435 \u043a\u0443\u043b\u0442\u0443\u0440\u0435 \u0443 \u0422\u0435\u043c\u0438\u0448\u0432\u0430\u0440\u0443"}]},{"@type":"WebSite","@id":"https:\/\/dijasporars.com\/#website","url":"https:\/\/dijasporars.com\/","name":"\u0420\u0435\u043f\u0443\u0431\u043b\u0438\u043a\u0430 \u0421\u0440\u043f\u0441\u043a\u0430 \u0438 \u0434\u0438\u0458\u0430\u0441\u043f\u043e\u0440\u0430","description":"","potentialAction":[{"@type":"SearchAction","target":{"@type":"EntryPoint","urlTemplate":"https:\/\/dijasporars.com\/?s={search_term_string}"},"query-input":{"@type":"PropertyValueSpecification","valueRequired":true,"valueName":"search_term_string"}}],"inLanguage":"en-US"},{"@type":"Person","@id":"https:\/\/dijasporars.com\/#\/schema\/person\/f5052d53409aef50f7503bd1372c77ca","name":"dijasporars","image":{"@type":"ImageObject","inLanguage":"en-US","@id":"https:\/\/dijasporars.com\/#\/schema\/person\/image\/","url":"https:\/\/secure.gravatar.com\/avatar\/759212a69df0744fb2be03efd361239831e31095061dacc7496bdf8524e0daf7?s=96&d=mm&r=g","contentUrl":"https:\/\/secure.gravatar.com\/avatar\/759212a69df0744fb2be03efd361239831e31095061dacc7496bdf8524e0daf7?s=96&d=mm&r=g","caption":"dijasporars"},"url":"https:\/\/dijasporars.com\/en\/author\/dijasporars\/"}]}},"_links":{"self":[{"href":"https:\/\/dijasporars.com\/en\/wp-json\/wp\/v2\/posts\/4821","targetHints":{"allow":["GET"]}}],"collection":[{"href":"https:\/\/dijasporars.com\/en\/wp-json\/wp\/v2\/posts"}],"about":[{"href":"https:\/\/dijasporars.com\/en\/wp-json\/wp\/v2\/types\/post"}],"author":[{"embeddable":true,"href":"https:\/\/dijasporars.com\/en\/wp-json\/wp\/v2\/users\/1"}],"replies":[{"embeddable":true,"href":"https:\/\/dijasporars.com\/en\/wp-json\/wp\/v2\/comments?post=4821"}],"version-history":[{"count":1,"href":"https:\/\/dijasporars.com\/en\/wp-json\/wp\/v2\/posts\/4821\/revisions"}],"predecessor-version":[{"id":4823,"href":"https:\/\/dijasporars.com\/en\/wp-json\/wp\/v2\/posts\/4821\/revisions\/4823"}],"wp:featuredmedia":[{"embeddable":true,"href":"https:\/\/dijasporars.com\/en\/wp-json\/wp\/v2\/media\/4822"}],"wp:attachment":[{"href":"https:\/\/dijasporars.com\/en\/wp-json\/wp\/v2\/media?parent=4821"}],"wp:term":[{"taxonomy":"category","embeddable":true,"href":"https:\/\/dijasporars.com\/en\/wp-json\/wp\/v2\/categories?post=4821"},{"taxonomy":"post_tag","embeddable":true,"href":"https:\/\/dijasporars.com\/en\/wp-json\/wp\/v2\/tags?post=4821"}],"curies":[{"name":"wp","href":"https:\/\/api.w.org\/{rel}","templated":true}]}}