{"id":4629,"date":"2022-09-19T11:55:43","date_gmt":"2022-09-19T09:55:43","guid":{"rendered":"https:\/\/dijasporars.com\/?p=4629"},"modified":"2022-09-19T11:56:03","modified_gmt":"2022-09-19T09:56:03","slug":"u-feldkirhu-odrzana-svecana-akademija","status":"publish","type":"post","link":"https:\/\/dijasporars.com\/en\/u-feldkirhu-odrzana-svecana-akademija\/","title":{"rendered":"Ceremonial Academy Held in Feldkirch"},"content":{"rendered":"<p>Organized by the Austrian Association of Serbian Folklore, a ceremonial academy was held in Feldkirch on 17 September 2022 on the occasion of the celebration of the Day of Serbian Unity, Freedom and the National Flag.<\/p>\n<p>In addition to the Head of the Representative Office of the Republic of Srpska in Austria, Mladen Filipovi\u0107, the ceremony was attended by the Permanent Representative of the Republic of Serbia to the OSCE and other international organizations in Vienna, Ambassador \u017darko Obradovi\u0107, Ambassador of the Republic of Serbia in Austria Neboj\u0161a Rodi\u0107, representatives of the Serbian Orthodox Church, Serb associations and numerous citizens of Serbian origin who live in Austria.<\/p>\n<p>Source and photo: Republic of Srpska Representative Office in the Republic of Austria<\/p>","protected":false},"excerpt":{"rendered":"<p>Organized by the Austrian Association of Serbian Folklore, a ceremonial academy was held in Feldkirch on 17 September 2022 on the occasion of the celebration of the Day of Serbian Unity, Freedom and the National Flag. In addition to the Head of the Representative Office of the Republic of Srpska in Austria, Mladen Filipovi\u0107, the ceremony was attended by the Permanent Representative of the Republic of Serbia to the OSCE and other international organizations in Vienna, Ambassador \u017darko Obradovi\u0107, Ambassador of the Republic<\/p>","protected":false},"author":1,"featured_media":4631,"comment_status":"closed","ping_status":"closed","sticky":false,"template":"","format":"standard","meta":{"footnotes":""},"categories":[52,76],"tags":[],"class_list":["post-4629","post","type-post","status-publish","format-standard","has-post-thumbnail","hentry","category-vijesti","category-vijesti-dijaspora"],"yoast_head":"<!-- This site is optimized with the Yoast SEO plugin v24.6 - https:\/\/yoast.com\/wordpress\/plugins\/seo\/ -->\n<title>\u0423 \u0424\u0435\u043b\u0434\u043a\u0438\u0440\u0445\u0443 \u043e\u0434\u0440\u0436\u0430\u043d\u0430 \u0441\u0432\u0435\u0447\u0430\u043d\u0430 \u0430\u043a\u0430\u0434\u0435\u043c\u0438\u0458\u0430 - \u0420\u0435\u043f\u0443\u0431\u043b\u0438\u043a\u0430 \u0421\u0440\u043f\u0441\u043a\u0430 \u0438 \u0434\u0438\u0458\u0430\u0441\u043f\u043e\u0440\u0430<\/title>\n<meta name=\"description\" content=\"Stranica za dijasporu RS, ovdje mo\u017eete prona\u0107i sve informacije, pomo\u0107 i savjete na jednom mjestu.\" \/>\n<meta name=\"robots\" content=\"index, follow, max-snippet:-1, max-image-preview:large, max-video-preview:-1\" \/>\n<link rel=\"canonical\" href=\"https:\/\/dijasporars.com\/en\/u-feldkirhu-odrzana-svecana-akademija\/\" \/>\n<meta property=\"og:locale\" content=\"en_US\" \/>\n<meta property=\"og:type\" content=\"article\" \/>\n<meta property=\"og:title\" content=\"\u0423 \u0424\u0435\u043b\u0434\u043a\u0438\u0440\u0445\u0443 \u043e\u0434\u0440\u0436\u0430\u043d\u0430 \u0441\u0432\u0435\u0447\u0430\u043d\u0430 \u0430\u043a\u0430\u0434\u0435\u043c\u0438\u0458\u0430 - \u0420\u0435\u043f\u0443\u0431\u043b\u0438\u043a\u0430 \u0421\u0440\u043f\u0441\u043a\u0430 \u0438 \u0434\u0438\u0458\u0430\u0441\u043f\u043e\u0440\u0430\" \/>\n<meta property=\"og:description\" content=\"Stranica za dijasporu RS, ovdje mo\u017eete prona\u0107i sve informacije, pomo\u0107 i savjete na jednom mjestu.\" \/>\n<meta property=\"og:url\" content=\"https:\/\/dijasporars.com\/en\/u-feldkirhu-odrzana-svecana-akademija\/\" \/>\n<meta property=\"og:site_name\" content=\"\u0420\u0435\u043f\u0443\u0431\u043b\u0438\u043a\u0430 \u0421\u0440\u043f\u0441\u043a\u0430 \u0438 \u0434\u0438\u0458\u0430\u0441\u043f\u043e\u0440\u0430\" \/>\n<meta property=\"article:published_time\" content=\"2022-09-19T09:55:43+00:00\" \/>\n<meta property=\"article:modified_time\" content=\"2022-09-19T09:56:03+00:00\" \/>\n<meta property=\"og:image\" content=\"https:\/\/dijasporars.com\/wp-content\/uploads\/2022\/09\/307504496_431858728934268_3027957189373886845_n.jpg\" \/>\n\t<meta property=\"og:image:width\" content=\"1600\" \/>\n\t<meta property=\"og:image:height\" content=\"720\" \/>\n\t<meta property=\"og:image:type\" content=\"image\/jpeg\" \/>\n<meta name=\"author\" content=\"dijasporars\" \/>\n<meta name=\"twitter:card\" content=\"summary_large_image\" \/>\n<meta name=\"twitter:label1\" content=\"Written by\" \/>\n\t<meta name=\"twitter:data1\" content=\"dijasporars\" \/>\n<script type=\"application\/ld+json\" class=\"yoast-schema-graph\">{\"@context\":\"https:\/\/schema.org\",\"@graph\":[{\"@type\":\"WebPage\",\"@id\":\"https:\/\/dijasporars.com\/u-feldkirhu-odrzana-svecana-akademija\/\",\"url\":\"https:\/\/dijasporars.com\/u-feldkirhu-odrzana-svecana-akademija\/\",\"name\":\"\u0423 \u0424\u0435\u043b\u0434\u043a\u0438\u0440\u0445\u0443 \u043e\u0434\u0440\u0436\u0430\u043d\u0430 \u0441\u0432\u0435\u0447\u0430\u043d\u0430 \u0430\u043a\u0430\u0434\u0435\u043c\u0438\u0458\u0430 - \u0420\u0435\u043f\u0443\u0431\u043b\u0438\u043a\u0430 \u0421\u0440\u043f\u0441\u043a\u0430 \u0438 \u0434\u0438\u0458\u0430\u0441\u043f\u043e\u0440\u0430\",\"isPartOf\":{\"@id\":\"https:\/\/dijasporars.com\/#website\"},\"primaryImageOfPage\":{\"@id\":\"https:\/\/dijasporars.com\/u-feldkirhu-odrzana-svecana-akademija\/#primaryimage\"},\"image\":{\"@id\":\"https:\/\/dijasporars.com\/u-feldkirhu-odrzana-svecana-akademija\/#primaryimage\"},\"thumbnailUrl\":\"https:\/\/dijasporars.com\/wp-content\/uploads\/2022\/09\/307504496_431858728934268_3027957189373886845_n.jpg\",\"datePublished\":\"2022-09-19T09:55:43+00:00\",\"dateModified\":\"2022-09-19T09:56:03+00:00\",\"author\":{\"@id\":\"https:\/\/dijasporars.com\/#\/schema\/person\/f5052d53409aef50f7503bd1372c77ca\"},\"description\":\"Stranica za dijasporu RS, ovdje mo\u017eete prona\u0107i sve informacije, pomo\u0107 i savjete na jednom mjestu.\",\"breadcrumb\":{\"@id\":\"https:\/\/dijasporars.com\/u-feldkirhu-odrzana-svecana-akademija\/#breadcrumb\"},\"inLanguage\":\"en-US\",\"potentialAction\":[{\"@type\":\"ReadAction\",\"target\":[\"https:\/\/dijasporars.com\/u-feldkirhu-odrzana-svecana-akademija\/\"]}]},{\"@type\":\"ImageObject\",\"inLanguage\":\"en-US\",\"@id\":\"https:\/\/dijasporars.com\/u-feldkirhu-odrzana-svecana-akademija\/#primaryimage\",\"url\":\"https:\/\/dijasporars.com\/wp-content\/uploads\/2022\/09\/307504496_431858728934268_3027957189373886845_n.jpg\",\"contentUrl\":\"https:\/\/dijasporars.com\/wp-content\/uploads\/2022\/09\/307504496_431858728934268_3027957189373886845_n.jpg\",\"width\":1600,\"height\":720},{\"@type\":\"BreadcrumbList\",\"@id\":\"https:\/\/dijasporars.com\/u-feldkirhu-odrzana-svecana-akademija\/#breadcrumb\",\"itemListElement\":[{\"@type\":\"ListItem\",\"position\":1,\"name\":\"\u041f\u043e\u0447\u0435\u0442\u043d\u0430\",\"item\":\"https:\/\/dijasporars.com\/\"},{\"@type\":\"ListItem\",\"position\":2,\"name\":\"\u0423 \u0424\u0435\u043b\u0434\u043a\u0438\u0440\u0445\u0443 \u043e\u0434\u0440\u0436\u0430\u043d\u0430 \u0441\u0432\u0435\u0447\u0430\u043d\u0430 \u0430\u043a\u0430\u0434\u0435\u043c\u0438\u0458\u0430\"}]},{\"@type\":\"WebSite\",\"@id\":\"https:\/\/dijasporars.com\/#website\",\"url\":\"https:\/\/dijasporars.com\/\",\"name\":\"\u0420\u0435\u043f\u0443\u0431\u043b\u0438\u043a\u0430 \u0421\u0440\u043f\u0441\u043a\u0430 \u0438 \u0434\u0438\u0458\u0430\u0441\u043f\u043e\u0440\u0430\",\"description\":\"\",\"potentialAction\":[{\"@type\":\"SearchAction\",\"target\":{\"@type\":\"EntryPoint\",\"urlTemplate\":\"https:\/\/dijasporars.com\/?s={search_term_string}\"},\"query-input\":{\"@type\":\"PropertyValueSpecification\",\"valueRequired\":true,\"valueName\":\"search_term_string\"}}],\"inLanguage\":\"en-US\"},{\"@type\":\"Person\",\"@id\":\"https:\/\/dijasporars.com\/#\/schema\/person\/f5052d53409aef50f7503bd1372c77ca\",\"name\":\"dijasporars\",\"image\":{\"@type\":\"ImageObject\",\"inLanguage\":\"en-US\",\"@id\":\"https:\/\/dijasporars.com\/#\/schema\/person\/image\/\",\"url\":\"https:\/\/secure.gravatar.com\/avatar\/759212a69df0744fb2be03efd361239831e31095061dacc7496bdf8524e0daf7?s=96&d=mm&r=g\",\"contentUrl\":\"https:\/\/secure.gravatar.com\/avatar\/759212a69df0744fb2be03efd361239831e31095061dacc7496bdf8524e0daf7?s=96&d=mm&r=g\",\"caption\":\"dijasporars\"},\"url\":\"https:\/\/dijasporars.com\/en\/author\/dijasporars\/\"}]}<\/script>\n<!-- \/ Yoast SEO plugin. -->","yoast_head_json":{"title":"\u0423 \u0424\u0435\u043b\u0434\u043a\u0438\u0440\u0445\u0443 \u043e\u0434\u0440\u0436\u0430\u043d\u0430 \u0441\u0432\u0435\u0447\u0430\u043d\u0430 \u0430\u043a\u0430\u0434\u0435\u043c\u0438\u0458\u0430 - \u0420\u0435\u043f\u0443\u0431\u043b\u0438\u043a\u0430 \u0421\u0440\u043f\u0441\u043a\u0430 \u0438 \u0434\u0438\u0458\u0430\u0441\u043f\u043e\u0440\u0430","description":"Stranica za dijasporu RS, ovdje mo\u017eete prona\u0107i sve informacije, pomo\u0107 i savjete na jednom mjestu.","robots":{"index":"index","follow":"follow","max-snippet":"max-snippet:-1","max-image-preview":"max-image-preview:large","max-video-preview":"max-video-preview:-1"},"canonical":"https:\/\/dijasporars.com\/en\/u-feldkirhu-odrzana-svecana-akademija\/","og_locale":"en_US","og_type":"article","og_title":"\u0423 \u0424\u0435\u043b\u0434\u043a\u0438\u0440\u0445\u0443 \u043e\u0434\u0440\u0436\u0430\u043d\u0430 \u0441\u0432\u0435\u0447\u0430\u043d\u0430 \u0430\u043a\u0430\u0434\u0435\u043c\u0438\u0458\u0430 - \u0420\u0435\u043f\u0443\u0431\u043b\u0438\u043a\u0430 \u0421\u0440\u043f\u0441\u043a\u0430 \u0438 \u0434\u0438\u0458\u0430\u0441\u043f\u043e\u0440\u0430","og_description":"Stranica za dijasporu RS, ovdje mo\u017eete prona\u0107i sve informacije, pomo\u0107 i savjete na jednom mjestu.","og_url":"https:\/\/dijasporars.com\/en\/u-feldkirhu-odrzana-svecana-akademija\/","og_site_name":"\u0420\u0435\u043f\u0443\u0431\u043b\u0438\u043a\u0430 \u0421\u0440\u043f\u0441\u043a\u0430 \u0438 \u0434\u0438\u0458\u0430\u0441\u043f\u043e\u0440\u0430","article_published_time":"2022-09-19T09:55:43+00:00","article_modified_time":"2022-09-19T09:56:03+00:00","og_image":[{"width":1600,"height":720,"url":"https:\/\/dijasporars.com\/wp-content\/uploads\/2022\/09\/307504496_431858728934268_3027957189373886845_n.jpg","type":"image\/jpeg"}],"author":"dijasporars","twitter_card":"summary_large_image","twitter_misc":{"Written by":"dijasporars"},"schema":{"@context":"https:\/\/schema.org","@graph":[{"@type":"WebPage","@id":"https:\/\/dijasporars.com\/u-feldkirhu-odrzana-svecana-akademija\/","url":"https:\/\/dijasporars.com\/u-feldkirhu-odrzana-svecana-akademija\/","name":"\u0423 \u0424\u0435\u043b\u0434\u043a\u0438\u0440\u0445\u0443 \u043e\u0434\u0440\u0436\u0430\u043d\u0430 \u0441\u0432\u0435\u0447\u0430\u043d\u0430 \u0430\u043a\u0430\u0434\u0435\u043c\u0438\u0458\u0430 - \u0420\u0435\u043f\u0443\u0431\u043b\u0438\u043a\u0430 \u0421\u0440\u043f\u0441\u043a\u0430 \u0438 \u0434\u0438\u0458\u0430\u0441\u043f\u043e\u0440\u0430","isPartOf":{"@id":"https:\/\/dijasporars.com\/#website"},"primaryImageOfPage":{"@id":"https:\/\/dijasporars.com\/u-feldkirhu-odrzana-svecana-akademija\/#primaryimage"},"image":{"@id":"https:\/\/dijasporars.com\/u-feldkirhu-odrzana-svecana-akademija\/#primaryimage"},"thumbnailUrl":"https:\/\/dijasporars.com\/wp-content\/uploads\/2022\/09\/307504496_431858728934268_3027957189373886845_n.jpg","datePublished":"2022-09-19T09:55:43+00:00","dateModified":"2022-09-19T09:56:03+00:00","author":{"@id":"https:\/\/dijasporars.com\/#\/schema\/person\/f5052d53409aef50f7503bd1372c77ca"},"description":"Stranica za dijasporu RS, ovdje mo\u017eete prona\u0107i sve informacije, pomo\u0107 i savjete na jednom mjestu.","breadcrumb":{"@id":"https:\/\/dijasporars.com\/u-feldkirhu-odrzana-svecana-akademija\/#breadcrumb"},"inLanguage":"en-US","potentialAction":[{"@type":"ReadAction","target":["https:\/\/dijasporars.com\/u-feldkirhu-odrzana-svecana-akademija\/"]}]},{"@type":"ImageObject","inLanguage":"en-US","@id":"https:\/\/dijasporars.com\/u-feldkirhu-odrzana-svecana-akademija\/#primaryimage","url":"https:\/\/dijasporars.com\/wp-content\/uploads\/2022\/09\/307504496_431858728934268_3027957189373886845_n.jpg","contentUrl":"https:\/\/dijasporars.com\/wp-content\/uploads\/2022\/09\/307504496_431858728934268_3027957189373886845_n.jpg","width":1600,"height":720},{"@type":"BreadcrumbList","@id":"https:\/\/dijasporars.com\/u-feldkirhu-odrzana-svecana-akademija\/#breadcrumb","itemListElement":[{"@type":"ListItem","position":1,"name":"\u041f\u043e\u0447\u0435\u0442\u043d\u0430","item":"https:\/\/dijasporars.com\/"},{"@type":"ListItem","position":2,"name":"\u0423 \u0424\u0435\u043b\u0434\u043a\u0438\u0440\u0445\u0443 \u043e\u0434\u0440\u0436\u0430\u043d\u0430 \u0441\u0432\u0435\u0447\u0430\u043d\u0430 \u0430\u043a\u0430\u0434\u0435\u043c\u0438\u0458\u0430"}]},{"@type":"WebSite","@id":"https:\/\/dijasporars.com\/#website","url":"https:\/\/dijasporars.com\/","name":"\u0420\u0435\u043f\u0443\u0431\u043b\u0438\u043a\u0430 \u0421\u0440\u043f\u0441\u043a\u0430 \u0438 \u0434\u0438\u0458\u0430\u0441\u043f\u043e\u0440\u0430","description":"","potentialAction":[{"@type":"SearchAction","target":{"@type":"EntryPoint","urlTemplate":"https:\/\/dijasporars.com\/?s={search_term_string}"},"query-input":{"@type":"PropertyValueSpecification","valueRequired":true,"valueName":"search_term_string"}}],"inLanguage":"en-US"},{"@type":"Person","@id":"https:\/\/dijasporars.com\/#\/schema\/person\/f5052d53409aef50f7503bd1372c77ca","name":"dijasporars","image":{"@type":"ImageObject","inLanguage":"en-US","@id":"https:\/\/dijasporars.com\/#\/schema\/person\/image\/","url":"https:\/\/secure.gravatar.com\/avatar\/759212a69df0744fb2be03efd361239831e31095061dacc7496bdf8524e0daf7?s=96&d=mm&r=g","contentUrl":"https:\/\/secure.gravatar.com\/avatar\/759212a69df0744fb2be03efd361239831e31095061dacc7496bdf8524e0daf7?s=96&d=mm&r=g","caption":"dijasporars"},"url":"https:\/\/dijasporars.com\/en\/author\/dijasporars\/"}]}},"_links":{"self":[{"href":"https:\/\/dijasporars.com\/en\/wp-json\/wp\/v2\/posts\/4629","targetHints":{"allow":["GET"]}}],"collection":[{"href":"https:\/\/dijasporars.com\/en\/wp-json\/wp\/v2\/posts"}],"about":[{"href":"https:\/\/dijasporars.com\/en\/wp-json\/wp\/v2\/types\/post"}],"author":[{"embeddable":true,"href":"https:\/\/dijasporars.com\/en\/wp-json\/wp\/v2\/users\/1"}],"replies":[{"embeddable":true,"href":"https:\/\/dijasporars.com\/en\/wp-json\/wp\/v2\/comments?post=4629"}],"version-history":[{"count":1,"href":"https:\/\/dijasporars.com\/en\/wp-json\/wp\/v2\/posts\/4629\/revisions"}],"predecessor-version":[{"id":4632,"href":"https:\/\/dijasporars.com\/en\/wp-json\/wp\/v2\/posts\/4629\/revisions\/4632"}],"wp:featuredmedia":[{"embeddable":true,"href":"https:\/\/dijasporars.com\/en\/wp-json\/wp\/v2\/media\/4631"}],"wp:attachment":[{"href":"https:\/\/dijasporars.com\/en\/wp-json\/wp\/v2\/media?parent=4629"}],"wp:term":[{"taxonomy":"category","embeddable":true,"href":"https:\/\/dijasporars.com\/en\/wp-json\/wp\/v2\/categories?post=4629"},{"taxonomy":"post_tag","embeddable":true,"href":"https:\/\/dijasporars.com\/en\/wp-json\/wp\/v2\/tags?post=4629"}],"curies":[{"name":"wp","href":"https:\/\/api.w.org\/{rel}","templated":true}]}}