{"id":4610,"date":"2022-09-15T13:46:11","date_gmt":"2022-09-15T11:46:11","guid":{"rendered":"https:\/\/dijasporars.com\/?p=4610"},"modified":"2022-09-15T13:46:47","modified_gmt":"2022-09-15T11:46:47","slug":"srpska-i-srbija-obiljezile-dan-srpskog-jedinstva","status":"publish","type":"post","link":"https:\/\/dijasporars.com\/en\/srpska-i-srbija-obiljezile-dan-srpskog-jedinstva\/","title":{"rendered":"Srpska and Serbia Marked Serb Unity Day"},"content":{"rendered":"<p>The central event on the occasion of the Day of Serb Unity, Freedom and the National Flag was held today in Bijeljina.<\/p>\n<p>The ceremony was attended by His Holiness Serbian Patriarch Porfirije, President of Serbia Aleksandar Vu\u010di\u0107, President of the Republic of Srpska \u017deljka Cvijanovi\u0107, Serb member of the BiH Presidency Milorad Dodik, President of the National Assembly of the Republic of Srpska Nedeljko \u010cubrilovi\u0107, President of the Assembly of Serbia Vladimir Orli\u0107, prime ministers of the Republic of Srpska and Serbia, Radovan Vi\u0161kovi\u0107 and Ana Brnabi\u0107.<\/p>\n<p>The audience also included ministers in the governments of Srpska, Serbia and in the Council of Ministers, MPs, mayors and heads of municipalities, representatives of the institutions of Serbia and Republic of Srpska, representatives of Serbs from the region, numerous guests and citizens of the Republic of Srpska and Serbia.<\/p>\n<p>Patriarch Porfirije said that the flag was basically a symbol of unity and a sign of the essential and profound identity of a people.<\/p>\n<p>The President of the Republic of Srpska said that the Republic of Srpska and Serbia were marking jointly the Day of Serb Unity, Freedom and the National Flag for the third year, as the day of the beginning of the breakthrough of the Salonika Front, but also as a symbol of everything bequeathed deep inside the Serbian people, wherever they were.<\/p>\n<p>The President of Serbia said that the historical moment required the Serbian people to unite under the flag, the Serbian tricolor.<\/p>\n<p>The Serb member of the BiH Presidency said that the Serbian people had to remain firm and persistent, and fight and preserve their unity.<\/p>\n<p>Dodik pointed out that Serbs had two countries today \u2013 the Republic of Srpska and Serbia.<\/p>\n<p>The ceremony was held at the Kral\u0458a Petra Prvog Kara\u0111or\u0111evi\u0107a Square in Bijeljina. Before that, the construction of the Ra\u010da-Bijeljina highway was officially started at Velika Obarska.<\/p>\n<p>The governments of the Republic of Srpska and Serbia have decided to celebrate jointly the Day of Serb Unity, Freedom and the National Flag on 15 September, in memory of 15 September 1918, when the breakthrough of the Salonika Front began.<\/p>\n<p>On the occasion of this holiday, the Students\u2019 Union of the Banja Luka Faculty of Philosophy organizes a lecture on the suffering of the Serbian people in BiH during the Defensive-Patriotic War on the topic Is the history of the Serbian people in BiH repeating itself.<\/p>\n<p>Source: RTRS<\/p>\n<p>Photo: Aleksandar Vu\u010di\u0107<\/p>","protected":false},"excerpt":{"rendered":"<p>The central event on the occasion of the Day of Serb Unity, Freedom and the National Flag was held today in Bijeljina. The ceremony was attended by His Holiness Serbian Patriarch Porfirije, President of Serbia Aleksandar Vu\u010di\u0107, President of the Republic of Srpska \u017deljka Cvijanovi\u0107, Serb member of the BiH Presidency Milorad Dodik, President of the National Assembly of the Republic of Srpska Nedeljko \u010cubrilovi\u0107, President of the Assembly of Serbia Vladimir Orli\u0107, prime ministers of the Republic of Srpska and Serbia<\/p>","protected":false},"author":1,"featured_media":4611,"comment_status":"closed","ping_status":"closed","sticky":false,"template":"","format":"standard","meta":{"footnotes":""},"categories":[52,77],"tags":[],"class_list":["post-4610","post","type-post","status-publish","format-standard","has-post-thumbnail","hentry","category-vijesti","category-vijesti-republika-srpska"],"yoast_head":"<!-- This site is optimized with the Yoast SEO plugin v24.6 - https:\/\/yoast.com\/wordpress\/plugins\/seo\/ -->\n<title>\u0421\u0440\u043f\u0441\u043a\u0430 \u0438 \u0421\u0440\u0431\u0438\u0458\u0430 \u043e\u0431\u0438\u0459\u0435\u0436\u0438\u043b\u0435 \u0414\u0430\u043d \u0441\u0440\u043f\u0441\u043a\u043e\u0433 \u0458\u0435\u0434\u0438\u043d\u0441\u0442\u0432\u0430 - \u0420\u0435\u043f\u0443\u0431\u043b\u0438\u043a\u0430 \u0421\u0440\u043f\u0441\u043a\u0430 \u0438 \u0434\u0438\u0458\u0430\u0441\u043f\u043e\u0440\u0430<\/title>\n<meta name=\"description\" content=\"Stranica za dijasporu RS, ovdje mo\u017eete prona\u0107i sve informacije, pomo\u0107 i savjete na jednom mjestu.\" \/>\n<meta name=\"robots\" content=\"index, follow, max-snippet:-1, max-image-preview:large, max-video-preview:-1\" \/>\n<link rel=\"canonical\" href=\"https:\/\/dijasporars.com\/en\/srpska-i-srbija-obiljezile-dan-srpskog-jedinstva\/\" \/>\n<meta property=\"og:locale\" content=\"en_US\" \/>\n<meta property=\"og:type\" content=\"article\" \/>\n<meta property=\"og:title\" content=\"\u0421\u0440\u043f\u0441\u043a\u0430 \u0438 \u0421\u0440\u0431\u0438\u0458\u0430 \u043e\u0431\u0438\u0459\u0435\u0436\u0438\u043b\u0435 \u0414\u0430\u043d \u0441\u0440\u043f\u0441\u043a\u043e\u0433 \u0458\u0435\u0434\u0438\u043d\u0441\u0442\u0432\u0430 - \u0420\u0435\u043f\u0443\u0431\u043b\u0438\u043a\u0430 \u0421\u0440\u043f\u0441\u043a\u0430 \u0438 \u0434\u0438\u0458\u0430\u0441\u043f\u043e\u0440\u0430\" \/>\n<meta property=\"og:description\" content=\"Stranica za dijasporu RS, ovdje mo\u017eete prona\u0107i sve informacije, pomo\u0107 i savjete na jednom mjestu.\" \/>\n<meta property=\"og:url\" content=\"https:\/\/dijasporars.com\/en\/srpska-i-srbija-obiljezile-dan-srpskog-jedinstva\/\" \/>\n<meta property=\"og:site_name\" content=\"\u0420\u0435\u043f\u0443\u0431\u043b\u0438\u043a\u0430 \u0421\u0440\u043f\u0441\u043a\u0430 \u0438 \u0434\u0438\u0458\u0430\u0441\u043f\u043e\u0440\u0430\" \/>\n<meta property=\"article:published_time\" content=\"2022-09-15T11:46:11+00:00\" \/>\n<meta property=\"article:modified_time\" content=\"2022-09-15T11:46:47+00:00\" \/>\n<meta property=\"og:image\" content=\"https:\/\/dijasporars.com\/wp-content\/uploads\/2022\/09\/\u0424\u043e\u0442\u043e-\u0410\u043b\u0435\u043a\u0441\u0430\u043d\u0434\u0430\u0440-\u0412\u0443\u0447\u0438\u045b.jpg\" \/>\n\t<meta property=\"og:image:width\" content=\"1600\" \/>\n\t<meta property=\"og:image:height\" content=\"1067\" \/>\n\t<meta property=\"og:image:type\" content=\"image\/jpeg\" \/>\n<meta name=\"author\" content=\"dijasporars\" \/>\n<meta name=\"twitter:card\" content=\"summary_large_image\" \/>\n<meta name=\"twitter:label1\" content=\"Written by\" \/>\n\t<meta name=\"twitter:data1\" content=\"dijasporars\" \/>\n<script type=\"application\/ld+json\" class=\"yoast-schema-graph\">{\"@context\":\"https:\/\/schema.org\",\"@graph\":[{\"@type\":\"WebPage\",\"@id\":\"https:\/\/dijasporars.com\/srpska-i-srbija-obiljezile-dan-srpskog-jedinstva\/\",\"url\":\"https:\/\/dijasporars.com\/srpska-i-srbija-obiljezile-dan-srpskog-jedinstva\/\",\"name\":\"\u0421\u0440\u043f\u0441\u043a\u0430 \u0438 \u0421\u0440\u0431\u0438\u0458\u0430 \u043e\u0431\u0438\u0459\u0435\u0436\u0438\u043b\u0435 \u0414\u0430\u043d \u0441\u0440\u043f\u0441\u043a\u043e\u0433 \u0458\u0435\u0434\u0438\u043d\u0441\u0442\u0432\u0430 - \u0420\u0435\u043f\u0443\u0431\u043b\u0438\u043a\u0430 \u0421\u0440\u043f\u0441\u043a\u0430 \u0438 \u0434\u0438\u0458\u0430\u0441\u043f\u043e\u0440\u0430\",\"isPartOf\":{\"@id\":\"https:\/\/dijasporars.com\/#website\"},\"primaryImageOfPage\":{\"@id\":\"https:\/\/dijasporars.com\/srpska-i-srbija-obiljezile-dan-srpskog-jedinstva\/#primaryimage\"},\"image\":{\"@id\":\"https:\/\/dijasporars.com\/srpska-i-srbija-obiljezile-dan-srpskog-jedinstva\/#primaryimage\"},\"thumbnailUrl\":\"https:\/\/dijasporars.com\/wp-content\/uploads\/2022\/09\/\u0424\u043e\u0442\u043e-\u0410\u043b\u0435\u043a\u0441\u0430\u043d\u0434\u0430\u0440-\u0412\u0443\u0447\u0438\u045b.jpg\",\"datePublished\":\"2022-09-15T11:46:11+00:00\",\"dateModified\":\"2022-09-15T11:46:47+00:00\",\"author\":{\"@id\":\"https:\/\/dijasporars.com\/#\/schema\/person\/f5052d53409aef50f7503bd1372c77ca\"},\"description\":\"Stranica za dijasporu RS, ovdje mo\u017eete prona\u0107i sve informacije, pomo\u0107 i savjete na jednom mjestu.\",\"breadcrumb\":{\"@id\":\"https:\/\/dijasporars.com\/srpska-i-srbija-obiljezile-dan-srpskog-jedinstva\/#breadcrumb\"},\"inLanguage\":\"en-US\",\"potentialAction\":[{\"@type\":\"ReadAction\",\"target\":[\"https:\/\/dijasporars.com\/srpska-i-srbija-obiljezile-dan-srpskog-jedinstva\/\"]}]},{\"@type\":\"ImageObject\",\"inLanguage\":\"en-US\",\"@id\":\"https:\/\/dijasporars.com\/srpska-i-srbija-obiljezile-dan-srpskog-jedinstva\/#primaryimage\",\"url\":\"https:\/\/dijasporars.com\/wp-content\/uploads\/2022\/09\/\u0424\u043e\u0442\u043e-\u0410\u043b\u0435\u043a\u0441\u0430\u043d\u0434\u0430\u0440-\u0412\u0443\u0447\u0438\u045b.jpg\",\"contentUrl\":\"https:\/\/dijasporars.com\/wp-content\/uploads\/2022\/09\/\u0424\u043e\u0442\u043e-\u0410\u043b\u0435\u043a\u0441\u0430\u043d\u0434\u0430\u0440-\u0412\u0443\u0447\u0438\u045b.jpg\",\"width\":1600,\"height\":1067},{\"@type\":\"BreadcrumbList\",\"@id\":\"https:\/\/dijasporars.com\/srpska-i-srbija-obiljezile-dan-srpskog-jedinstva\/#breadcrumb\",\"itemListElement\":[{\"@type\":\"ListItem\",\"position\":1,\"name\":\"\u041f\u043e\u0447\u0435\u0442\u043d\u0430\",\"item\":\"https:\/\/dijasporars.com\/\"},{\"@type\":\"ListItem\",\"position\":2,\"name\":\"\u0421\u0440\u043f\u0441\u043a\u0430 \u0438 \u0421\u0440\u0431\u0438\u0458\u0430 \u043e\u0431\u0438\u0459\u0435\u0436\u0438\u043b\u0435 \u0414\u0430\u043d \u0441\u0440\u043f\u0441\u043a\u043e\u0433 \u0458\u0435\u0434\u0438\u043d\u0441\u0442\u0432\u0430\"}]},{\"@type\":\"WebSite\",\"@id\":\"https:\/\/dijasporars.com\/#website\",\"url\":\"https:\/\/dijasporars.com\/\",\"name\":\"\u0420\u0435\u043f\u0443\u0431\u043b\u0438\u043a\u0430 \u0421\u0440\u043f\u0441\u043a\u0430 \u0438 \u0434\u0438\u0458\u0430\u0441\u043f\u043e\u0440\u0430\",\"description\":\"\",\"potentialAction\":[{\"@type\":\"SearchAction\",\"target\":{\"@type\":\"EntryPoint\",\"urlTemplate\":\"https:\/\/dijasporars.com\/?s={search_term_string}\"},\"query-input\":{\"@type\":\"PropertyValueSpecification\",\"valueRequired\":true,\"valueName\":\"search_term_string\"}}],\"inLanguage\":\"en-US\"},{\"@type\":\"Person\",\"@id\":\"https:\/\/dijasporars.com\/#\/schema\/person\/f5052d53409aef50f7503bd1372c77ca\",\"name\":\"dijasporars\",\"image\":{\"@type\":\"ImageObject\",\"inLanguage\":\"en-US\",\"@id\":\"https:\/\/dijasporars.com\/#\/schema\/person\/image\/\",\"url\":\"https:\/\/secure.gravatar.com\/avatar\/759212a69df0744fb2be03efd361239831e31095061dacc7496bdf8524e0daf7?s=96&d=mm&r=g\",\"contentUrl\":\"https:\/\/secure.gravatar.com\/avatar\/759212a69df0744fb2be03efd361239831e31095061dacc7496bdf8524e0daf7?s=96&d=mm&r=g\",\"caption\":\"dijasporars\"},\"url\":\"https:\/\/dijasporars.com\/en\/author\/dijasporars\/\"}]}<\/script>\n<!-- \/ Yoast SEO plugin. -->","yoast_head_json":{"title":"\u0421\u0440\u043f\u0441\u043a\u0430 \u0438 \u0421\u0440\u0431\u0438\u0458\u0430 \u043e\u0431\u0438\u0459\u0435\u0436\u0438\u043b\u0435 \u0414\u0430\u043d \u0441\u0440\u043f\u0441\u043a\u043e\u0433 \u0458\u0435\u0434\u0438\u043d\u0441\u0442\u0432\u0430 - \u0420\u0435\u043f\u0443\u0431\u043b\u0438\u043a\u0430 \u0421\u0440\u043f\u0441\u043a\u0430 \u0438 \u0434\u0438\u0458\u0430\u0441\u043f\u043e\u0440\u0430","description":"Stranica za dijasporu RS, ovdje mo\u017eete prona\u0107i sve informacije, pomo\u0107 i savjete na jednom mjestu.","robots":{"index":"index","follow":"follow","max-snippet":"max-snippet:-1","max-image-preview":"max-image-preview:large","max-video-preview":"max-video-preview:-1"},"canonical":"https:\/\/dijasporars.com\/en\/srpska-i-srbija-obiljezile-dan-srpskog-jedinstva\/","og_locale":"en_US","og_type":"article","og_title":"\u0421\u0440\u043f\u0441\u043a\u0430 \u0438 \u0421\u0440\u0431\u0438\u0458\u0430 \u043e\u0431\u0438\u0459\u0435\u0436\u0438\u043b\u0435 \u0414\u0430\u043d \u0441\u0440\u043f\u0441\u043a\u043e\u0433 \u0458\u0435\u0434\u0438\u043d\u0441\u0442\u0432\u0430 - \u0420\u0435\u043f\u0443\u0431\u043b\u0438\u043a\u0430 \u0421\u0440\u043f\u0441\u043a\u0430 \u0438 \u0434\u0438\u0458\u0430\u0441\u043f\u043e\u0440\u0430","og_description":"Stranica za dijasporu RS, ovdje mo\u017eete prona\u0107i sve informacije, pomo\u0107 i savjete na jednom mjestu.","og_url":"https:\/\/dijasporars.com\/en\/srpska-i-srbija-obiljezile-dan-srpskog-jedinstva\/","og_site_name":"\u0420\u0435\u043f\u0443\u0431\u043b\u0438\u043a\u0430 \u0421\u0440\u043f\u0441\u043a\u0430 \u0438 \u0434\u0438\u0458\u0430\u0441\u043f\u043e\u0440\u0430","article_published_time":"2022-09-15T11:46:11+00:00","article_modified_time":"2022-09-15T11:46:47+00:00","og_image":[{"width":1600,"height":1067,"url":"https:\/\/dijasporars.com\/wp-content\/uploads\/2022\/09\/\u0424\u043e\u0442\u043e-\u0410\u043b\u0435\u043a\u0441\u0430\u043d\u0434\u0430\u0440-\u0412\u0443\u0447\u0438\u045b.jpg","type":"image\/jpeg"}],"author":"dijasporars","twitter_card":"summary_large_image","twitter_misc":{"Written by":"dijasporars"},"schema":{"@context":"https:\/\/schema.org","@graph":[{"@type":"WebPage","@id":"https:\/\/dijasporars.com\/srpska-i-srbija-obiljezile-dan-srpskog-jedinstva\/","url":"https:\/\/dijasporars.com\/srpska-i-srbija-obiljezile-dan-srpskog-jedinstva\/","name":"\u0421\u0440\u043f\u0441\u043a\u0430 \u0438 \u0421\u0440\u0431\u0438\u0458\u0430 \u043e\u0431\u0438\u0459\u0435\u0436\u0438\u043b\u0435 \u0414\u0430\u043d \u0441\u0440\u043f\u0441\u043a\u043e\u0433 \u0458\u0435\u0434\u0438\u043d\u0441\u0442\u0432\u0430 - \u0420\u0435\u043f\u0443\u0431\u043b\u0438\u043a\u0430 \u0421\u0440\u043f\u0441\u043a\u0430 \u0438 \u0434\u0438\u0458\u0430\u0441\u043f\u043e\u0440\u0430","isPartOf":{"@id":"https:\/\/dijasporars.com\/#website"},"primaryImageOfPage":{"@id":"https:\/\/dijasporars.com\/srpska-i-srbija-obiljezile-dan-srpskog-jedinstva\/#primaryimage"},"image":{"@id":"https:\/\/dijasporars.com\/srpska-i-srbija-obiljezile-dan-srpskog-jedinstva\/#primaryimage"},"thumbnailUrl":"https:\/\/dijasporars.com\/wp-content\/uploads\/2022\/09\/\u0424\u043e\u0442\u043e-\u0410\u043b\u0435\u043a\u0441\u0430\u043d\u0434\u0430\u0440-\u0412\u0443\u0447\u0438\u045b.jpg","datePublished":"2022-09-15T11:46:11+00:00","dateModified":"2022-09-15T11:46:47+00:00","author":{"@id":"https:\/\/dijasporars.com\/#\/schema\/person\/f5052d53409aef50f7503bd1372c77ca"},"description":"Stranica za dijasporu RS, ovdje mo\u017eete prona\u0107i sve informacije, pomo\u0107 i savjete na jednom mjestu.","breadcrumb":{"@id":"https:\/\/dijasporars.com\/srpska-i-srbija-obiljezile-dan-srpskog-jedinstva\/#breadcrumb"},"inLanguage":"en-US","potentialAction":[{"@type":"ReadAction","target":["https:\/\/dijasporars.com\/srpska-i-srbija-obiljezile-dan-srpskog-jedinstva\/"]}]},{"@type":"ImageObject","inLanguage":"en-US","@id":"https:\/\/dijasporars.com\/srpska-i-srbija-obiljezile-dan-srpskog-jedinstva\/#primaryimage","url":"https:\/\/dijasporars.com\/wp-content\/uploads\/2022\/09\/\u0424\u043e\u0442\u043e-\u0410\u043b\u0435\u043a\u0441\u0430\u043d\u0434\u0430\u0440-\u0412\u0443\u0447\u0438\u045b.jpg","contentUrl":"https:\/\/dijasporars.com\/wp-content\/uploads\/2022\/09\/\u0424\u043e\u0442\u043e-\u0410\u043b\u0435\u043a\u0441\u0430\u043d\u0434\u0430\u0440-\u0412\u0443\u0447\u0438\u045b.jpg","width":1600,"height":1067},{"@type":"BreadcrumbList","@id":"https:\/\/dijasporars.com\/srpska-i-srbija-obiljezile-dan-srpskog-jedinstva\/#breadcrumb","itemListElement":[{"@type":"ListItem","position":1,"name":"\u041f\u043e\u0447\u0435\u0442\u043d\u0430","item":"https:\/\/dijasporars.com\/"},{"@type":"ListItem","position":2,"name":"\u0421\u0440\u043f\u0441\u043a\u0430 \u0438 \u0421\u0440\u0431\u0438\u0458\u0430 \u043e\u0431\u0438\u0459\u0435\u0436\u0438\u043b\u0435 \u0414\u0430\u043d \u0441\u0440\u043f\u0441\u043a\u043e\u0433 \u0458\u0435\u0434\u0438\u043d\u0441\u0442\u0432\u0430"}]},{"@type":"WebSite","@id":"https:\/\/dijasporars.com\/#website","url":"https:\/\/dijasporars.com\/","name":"\u0420\u0435\u043f\u0443\u0431\u043b\u0438\u043a\u0430 \u0421\u0440\u043f\u0441\u043a\u0430 \u0438 \u0434\u0438\u0458\u0430\u0441\u043f\u043e\u0440\u0430","description":"","potentialAction":[{"@type":"SearchAction","target":{"@type":"EntryPoint","urlTemplate":"https:\/\/dijasporars.com\/?s={search_term_string}"},"query-input":{"@type":"PropertyValueSpecification","valueRequired":true,"valueName":"search_term_string"}}],"inLanguage":"en-US"},{"@type":"Person","@id":"https:\/\/dijasporars.com\/#\/schema\/person\/f5052d53409aef50f7503bd1372c77ca","name":"dijasporars","image":{"@type":"ImageObject","inLanguage":"en-US","@id":"https:\/\/dijasporars.com\/#\/schema\/person\/image\/","url":"https:\/\/secure.gravatar.com\/avatar\/759212a69df0744fb2be03efd361239831e31095061dacc7496bdf8524e0daf7?s=96&d=mm&r=g","contentUrl":"https:\/\/secure.gravatar.com\/avatar\/759212a69df0744fb2be03efd361239831e31095061dacc7496bdf8524e0daf7?s=96&d=mm&r=g","caption":"dijasporars"},"url":"https:\/\/dijasporars.com\/en\/author\/dijasporars\/"}]}},"_links":{"self":[{"href":"https:\/\/dijasporars.com\/en\/wp-json\/wp\/v2\/posts\/4610","targetHints":{"allow":["GET"]}}],"collection":[{"href":"https:\/\/dijasporars.com\/en\/wp-json\/wp\/v2\/posts"}],"about":[{"href":"https:\/\/dijasporars.com\/en\/wp-json\/wp\/v2\/types\/post"}],"author":[{"embeddable":true,"href":"https:\/\/dijasporars.com\/en\/wp-json\/wp\/v2\/users\/1"}],"replies":[{"embeddable":true,"href":"https:\/\/dijasporars.com\/en\/wp-json\/wp\/v2\/comments?post=4610"}],"version-history":[{"count":2,"href":"https:\/\/dijasporars.com\/en\/wp-json\/wp\/v2\/posts\/4610\/revisions"}],"predecessor-version":[{"id":4613,"href":"https:\/\/dijasporars.com\/en\/wp-json\/wp\/v2\/posts\/4610\/revisions\/4613"}],"wp:featuredmedia":[{"embeddable":true,"href":"https:\/\/dijasporars.com\/en\/wp-json\/wp\/v2\/media\/4611"}],"wp:attachment":[{"href":"https:\/\/dijasporars.com\/en\/wp-json\/wp\/v2\/media?parent=4610"}],"wp:term":[{"taxonomy":"category","embeddable":true,"href":"https:\/\/dijasporars.com\/en\/wp-json\/wp\/v2\/categories?post=4610"},{"taxonomy":"post_tag","embeddable":true,"href":"https:\/\/dijasporars.com\/en\/wp-json\/wp\/v2\/tags?post=4610"}],"curies":[{"name":"wp","href":"https:\/\/api.w.org\/{rel}","templated":true}]}}