{"id":4594,"date":"2022-09-14T10:48:03","date_gmt":"2022-09-14T08:48:03","guid":{"rendered":"https:\/\/dijasporars.com\/?p=4594"},"modified":"2022-09-14T13:20:41","modified_gmt":"2022-09-14T11:20:41","slug":"dani-srpske-u-nisu-pozoriste-iz-prijedora","status":"publish","type":"post","link":"https:\/\/dijasporars.com\/en\/dani-srpske-u-nisu-pozoriste-iz-prijedora\/","title":{"rendered":"Delegation of the Ministry of European Integration and International Cooperation in Visit the City of Ni\u0161"},"content":{"rendered":"<p>On 13 September 2022, a delegation of the Republic of Srpska met with the mayor Dragana Sotirovski and her colleagues in the City Hall on the occasion of the tenth Days of Srpska in Serbia.<\/p>\n<p>\u2018The meeting with the guests from the Republic of Srpska was an opportunity to exchange experiences, to hear their proposals, projects and examples of practice, and special emphasis was placed on economic cooperation, cooperation in the field of tourism, and in the field of youth. During the Days of Srpska in Ni\u0161, we will have the opportunity to learn about their culture and exchange experiences in that area as well\u2019, said Vladislava Ivkovi\u0107, Assistant Mayor.<\/p>\n<p>On behalf of the Republic of Srpska delegation, Nemanja Kova\u010devi\u0107, Assistant Minister for International Cooperation in the Republic of Srpska, extended thanks for the welcome and emphasized that this year\u2019s tenth anniversary Srpska Days in Ni\u0161 coincided with the jubilee, more specifically 30 years since the founding of the Republic of Srpska.<\/p>\n<p>\u2018I am honored that the citizens of Ni\u0161 will have the opportunity to learn about the culture of the Republic of Srpska, and we in the Republic of Srpska know everything about Serbia. Sometimes it may be necessary to show what the Republic of Srpska has \u2013 I think we will show ourselves in a special light\u2019, says Kova\u010devi\u0107.<\/p>\n<p>Prijedor Theater performed the play Covid Love at the Ni\u0161 National Theater, which was well received by the audience.<\/p>\n<p>Source and photo: Republic of Srpska Representative Office in Serbia<\/p>","protected":false},"excerpt":{"rendered":"<p>On 13 September 2022, a delegation of the Republic of Srpska met with the mayor Dragana Sotirovski and her colleagues in the City Hall on the occasion of the tenth Days of Srpska in Serbia. \u2018The meeting with the guests from the Republic of Srpska was an opportunity to exchange experiences, to hear their proposals, projects and examples of practice, and special emphasis was placed on economic<\/p>","protected":false},"author":1,"featured_media":4595,"comment_status":"closed","ping_status":"closed","sticky":false,"template":"","format":"standard","meta":{"footnotes":""},"categories":[52,76,77],"tags":[],"class_list":["post-4594","post","type-post","status-publish","format-standard","has-post-thumbnail","hentry","category-vijesti","category-vijesti-dijaspora","category-vijesti-republika-srpska"],"yoast_head":"<!-- This site is optimized with the Yoast SEO plugin v24.6 - https:\/\/yoast.com\/wordpress\/plugins\/seo\/ -->\n<title>\u0414\u0435\u043b\u0435\u0433\u0430\u0446\u0438\u0458\u0430 \u041c\u0438\u043d\u0438\u0441\u0442\u0430\u0440\u0441\u0442\u0432\u0430 \u0437\u0430 \u0435\u0432\u0440\u043e\u043f\u0441\u043a\u0435 \u0438\u043d\u0442\u0435\u0433\u0440\u0430\u0446\u0438\u0458\u0435 \u0438 \u043c\u0435\u0452\u0443\u043d\u0430\u0440\u043e\u0434\u043d\u0443 \u0441\u0430\u0440\u0430\u0434\u045a\u0443 \u0443 \u043f\u043e\u0441\u0458\u0435\u0442\u0438 \u0433\u0440\u0430\u0434\u0443 \u041d\u0438\u0448\u0443 - \u0420\u0435\u043f\u0443\u0431\u043b\u0438\u043a\u0430 \u0421\u0440\u043f\u0441\u043a\u0430 \u0438 \u0434\u0438\u0458\u0430\u0441\u043f\u043e\u0440\u0430<\/title>\n<meta name=\"description\" content=\"Stranica za dijasporu RS, ovdje mo\u017eete prona\u0107i sve informacije, pomo\u0107 i savjete na jednom mjestu.\" \/>\n<meta name=\"robots\" content=\"index, follow, max-snippet:-1, max-image-preview:large, max-video-preview:-1\" \/>\n<link rel=\"canonical\" href=\"https:\/\/dijasporars.com\/en\/dani-srpske-u-nisu-pozoriste-iz-prijedora\/\" \/>\n<meta property=\"og:locale\" content=\"en_US\" \/>\n<meta property=\"og:type\" content=\"article\" \/>\n<meta property=\"og:title\" content=\"\u0414\u0435\u043b\u0435\u0433\u0430\u0446\u0438\u0458\u0430 \u041c\u0438\u043d\u0438\u0441\u0442\u0430\u0440\u0441\u0442\u0432\u0430 \u0437\u0430 \u0435\u0432\u0440\u043e\u043f\u0441\u043a\u0435 \u0438\u043d\u0442\u0435\u0433\u0440\u0430\u0446\u0438\u0458\u0435 \u0438 \u043c\u0435\u0452\u0443\u043d\u0430\u0440\u043e\u0434\u043d\u0443 \u0441\u0430\u0440\u0430\u0434\u045a\u0443 \u0443 \u043f\u043e\u0441\u0458\u0435\u0442\u0438 \u0433\u0440\u0430\u0434\u0443 \u041d\u0438\u0448\u0443 - \u0420\u0435\u043f\u0443\u0431\u043b\u0438\u043a\u0430 \u0421\u0440\u043f\u0441\u043a\u0430 \u0438 \u0434\u0438\u0458\u0430\u0441\u043f\u043e\u0440\u0430\" \/>\n<meta property=\"og:description\" content=\"Stranica za dijasporu RS, ovdje mo\u017eete prona\u0107i sve informacije, pomo\u0107 i savjete na jednom mjestu.\" \/>\n<meta property=\"og:url\" content=\"https:\/\/dijasporars.com\/en\/dani-srpske-u-nisu-pozoriste-iz-prijedora\/\" \/>\n<meta property=\"og:site_name\" content=\"\u0420\u0435\u043f\u0443\u0431\u043b\u0438\u043a\u0430 \u0421\u0440\u043f\u0441\u043a\u0430 \u0438 \u0434\u0438\u0458\u0430\u0441\u043f\u043e\u0440\u0430\" \/>\n<meta property=\"article:published_time\" content=\"2022-09-14T08:48:03+00:00\" \/>\n<meta property=\"article:modified_time\" content=\"2022-09-14T11:20:41+00:00\" \/>\n<meta property=\"og:image\" content=\"https:\/\/dijasporars.com\/wp-content\/uploads\/2022\/09\/\u0424\u043e\u0442\u043e-\u041f\u0440\u0435\u0434\u0441\u0442\u0430\u0432\u043d\u0438\u0448\u0442\u0432\u043e-\u0420\u0435\u043f\u0443\u0431\u043b\u0438\u043a\u0435-\u0421\u0440\u043f\u0441\u043a\u0435-\u0443-\u0421\u0440\u0431\u0438\u0458\u0438-3.jpg\" \/>\n\t<meta property=\"og:image:width\" content=\"500\" \/>\n\t<meta property=\"og:image:height\" content=\"300\" \/>\n\t<meta property=\"og:image:type\" content=\"image\/jpeg\" \/>\n<meta name=\"author\" content=\"dijasporars\" \/>\n<meta name=\"twitter:card\" content=\"summary_large_image\" \/>\n<meta name=\"twitter:label1\" content=\"Written by\" \/>\n\t<meta name=\"twitter:data1\" content=\"dijasporars\" \/>\n<script type=\"application\/ld+json\" class=\"yoast-schema-graph\">{\"@context\":\"https:\/\/schema.org\",\"@graph\":[{\"@type\":\"WebPage\",\"@id\":\"https:\/\/dijasporars.com\/dani-srpske-u-nisu-pozoriste-iz-prijedora\/\",\"url\":\"https:\/\/dijasporars.com\/dani-srpske-u-nisu-pozoriste-iz-prijedora\/\",\"name\":\"\u0414\u0435\u043b\u0435\u0433\u0430\u0446\u0438\u0458\u0430 \u041c\u0438\u043d\u0438\u0441\u0442\u0430\u0440\u0441\u0442\u0432\u0430 \u0437\u0430 \u0435\u0432\u0440\u043e\u043f\u0441\u043a\u0435 \u0438\u043d\u0442\u0435\u0433\u0440\u0430\u0446\u0438\u0458\u0435 \u0438 \u043c\u0435\u0452\u0443\u043d\u0430\u0440\u043e\u0434\u043d\u0443 \u0441\u0430\u0440\u0430\u0434\u045a\u0443 \u0443 \u043f\u043e\u0441\u0458\u0435\u0442\u0438 \u0433\u0440\u0430\u0434\u0443 \u041d\u0438\u0448\u0443 - \u0420\u0435\u043f\u0443\u0431\u043b\u0438\u043a\u0430 \u0421\u0440\u043f\u0441\u043a\u0430 \u0438 \u0434\u0438\u0458\u0430\u0441\u043f\u043e\u0440\u0430\",\"isPartOf\":{\"@id\":\"https:\/\/dijasporars.com\/#website\"},\"primaryImageOfPage\":{\"@id\":\"https:\/\/dijasporars.com\/dani-srpske-u-nisu-pozoriste-iz-prijedora\/#primaryimage\"},\"image\":{\"@id\":\"https:\/\/dijasporars.com\/dani-srpske-u-nisu-pozoriste-iz-prijedora\/#primaryimage\"},\"thumbnailUrl\":\"https:\/\/dijasporars.com\/wp-content\/uploads\/2022\/09\/\u0424\u043e\u0442\u043e-\u041f\u0440\u0435\u0434\u0441\u0442\u0430\u0432\u043d\u0438\u0448\u0442\u0432\u043e-\u0420\u0435\u043f\u0443\u0431\u043b\u0438\u043a\u0435-\u0421\u0440\u043f\u0441\u043a\u0435-\u0443-\u0421\u0440\u0431\u0438\u0458\u0438-3.jpg\",\"datePublished\":\"2022-09-14T08:48:03+00:00\",\"dateModified\":\"2022-09-14T11:20:41+00:00\",\"author\":{\"@id\":\"https:\/\/dijasporars.com\/#\/schema\/person\/f5052d53409aef50f7503bd1372c77ca\"},\"description\":\"Stranica za dijasporu RS, ovdje mo\u017eete prona\u0107i sve informacije, pomo\u0107 i savjete na jednom mjestu.\",\"breadcrumb\":{\"@id\":\"https:\/\/dijasporars.com\/dani-srpske-u-nisu-pozoriste-iz-prijedora\/#breadcrumb\"},\"inLanguage\":\"en-US\",\"potentialAction\":[{\"@type\":\"ReadAction\",\"target\":[\"https:\/\/dijasporars.com\/dani-srpske-u-nisu-pozoriste-iz-prijedora\/\"]}]},{\"@type\":\"ImageObject\",\"inLanguage\":\"en-US\",\"@id\":\"https:\/\/dijasporars.com\/dani-srpske-u-nisu-pozoriste-iz-prijedora\/#primaryimage\",\"url\":\"https:\/\/dijasporars.com\/wp-content\/uploads\/2022\/09\/\u0424\u043e\u0442\u043e-\u041f\u0440\u0435\u0434\u0441\u0442\u0430\u0432\u043d\u0438\u0448\u0442\u0432\u043e-\u0420\u0435\u043f\u0443\u0431\u043b\u0438\u043a\u0435-\u0421\u0440\u043f\u0441\u043a\u0435-\u0443-\u0421\u0440\u0431\u0438\u0458\u0438-3.jpg\",\"contentUrl\":\"https:\/\/dijasporars.com\/wp-content\/uploads\/2022\/09\/\u0424\u043e\u0442\u043e-\u041f\u0440\u0435\u0434\u0441\u0442\u0430\u0432\u043d\u0438\u0448\u0442\u0432\u043e-\u0420\u0435\u043f\u0443\u0431\u043b\u0438\u043a\u0435-\u0421\u0440\u043f\u0441\u043a\u0435-\u0443-\u0421\u0440\u0431\u0438\u0458\u0438-3.jpg\",\"width\":500,\"height\":300},{\"@type\":\"BreadcrumbList\",\"@id\":\"https:\/\/dijasporars.com\/dani-srpske-u-nisu-pozoriste-iz-prijedora\/#breadcrumb\",\"itemListElement\":[{\"@type\":\"ListItem\",\"position\":1,\"name\":\"\u041f\u043e\u0447\u0435\u0442\u043d\u0430\",\"item\":\"https:\/\/dijasporars.com\/\"},{\"@type\":\"ListItem\",\"position\":2,\"name\":\"\u0414\u0435\u043b\u0435\u0433\u0430\u0446\u0438\u0458\u0430 \u041c\u0438\u043d\u0438\u0441\u0442\u0430\u0440\u0441\u0442\u0432\u0430 \u0437\u0430 \u0435\u0432\u0440\u043e\u043f\u0441\u043a\u0435 \u0438\u043d\u0442\u0435\u0433\u0440\u0430\u0446\u0438\u0458\u0435 \u0438 \u043c\u0435\u0452\u0443\u043d\u0430\u0440\u043e\u0434\u043d\u0443 \u0441\u0430\u0440\u0430\u0434\u045a\u0443 \u0443 \u043f\u043e\u0441\u0458\u0435\u0442\u0438 \u0433\u0440\u0430\u0434\u0443 \u041d\u0438\u0448\u0443\"}]},{\"@type\":\"WebSite\",\"@id\":\"https:\/\/dijasporars.com\/#website\",\"url\":\"https:\/\/dijasporars.com\/\",\"name\":\"\u0420\u0435\u043f\u0443\u0431\u043b\u0438\u043a\u0430 \u0421\u0440\u043f\u0441\u043a\u0430 \u0438 \u0434\u0438\u0458\u0430\u0441\u043f\u043e\u0440\u0430\",\"description\":\"\",\"potentialAction\":[{\"@type\":\"SearchAction\",\"target\":{\"@type\":\"EntryPoint\",\"urlTemplate\":\"https:\/\/dijasporars.com\/?s={search_term_string}\"},\"query-input\":{\"@type\":\"PropertyValueSpecification\",\"valueRequired\":true,\"valueName\":\"search_term_string\"}}],\"inLanguage\":\"en-US\"},{\"@type\":\"Person\",\"@id\":\"https:\/\/dijasporars.com\/#\/schema\/person\/f5052d53409aef50f7503bd1372c77ca\",\"name\":\"dijasporars\",\"image\":{\"@type\":\"ImageObject\",\"inLanguage\":\"en-US\",\"@id\":\"https:\/\/dijasporars.com\/#\/schema\/person\/image\/\",\"url\":\"https:\/\/secure.gravatar.com\/avatar\/759212a69df0744fb2be03efd361239831e31095061dacc7496bdf8524e0daf7?s=96&d=mm&r=g\",\"contentUrl\":\"https:\/\/secure.gravatar.com\/avatar\/759212a69df0744fb2be03efd361239831e31095061dacc7496bdf8524e0daf7?s=96&d=mm&r=g\",\"caption\":\"dijasporars\"},\"url\":\"https:\/\/dijasporars.com\/en\/author\/dijasporars\/\"}]}<\/script>\n<!-- \/ Yoast SEO plugin. -->","yoast_head_json":{"title":"\u0414\u0435\u043b\u0435\u0433\u0430\u0446\u0438\u0458\u0430 \u041c\u0438\u043d\u0438\u0441\u0442\u0430\u0440\u0441\u0442\u0432\u0430 \u0437\u0430 \u0435\u0432\u0440\u043e\u043f\u0441\u043a\u0435 \u0438\u043d\u0442\u0435\u0433\u0440\u0430\u0446\u0438\u0458\u0435 \u0438 \u043c\u0435\u0452\u0443\u043d\u0430\u0440\u043e\u0434\u043d\u0443 \u0441\u0430\u0440\u0430\u0434\u045a\u0443 \u0443 \u043f\u043e\u0441\u0458\u0435\u0442\u0438 \u0433\u0440\u0430\u0434\u0443 \u041d\u0438\u0448\u0443 - \u0420\u0435\u043f\u0443\u0431\u043b\u0438\u043a\u0430 \u0421\u0440\u043f\u0441\u043a\u0430 \u0438 \u0434\u0438\u0458\u0430\u0441\u043f\u043e\u0440\u0430","description":"Stranica za dijasporu RS, ovdje mo\u017eete prona\u0107i sve informacije, pomo\u0107 i savjete na jednom mjestu.","robots":{"index":"index","follow":"follow","max-snippet":"max-snippet:-1","max-image-preview":"max-image-preview:large","max-video-preview":"max-video-preview:-1"},"canonical":"https:\/\/dijasporars.com\/en\/dani-srpske-u-nisu-pozoriste-iz-prijedora\/","og_locale":"en_US","og_type":"article","og_title":"\u0414\u0435\u043b\u0435\u0433\u0430\u0446\u0438\u0458\u0430 \u041c\u0438\u043d\u0438\u0441\u0442\u0430\u0440\u0441\u0442\u0432\u0430 \u0437\u0430 \u0435\u0432\u0440\u043e\u043f\u0441\u043a\u0435 \u0438\u043d\u0442\u0435\u0433\u0440\u0430\u0446\u0438\u0458\u0435 \u0438 \u043c\u0435\u0452\u0443\u043d\u0430\u0440\u043e\u0434\u043d\u0443 \u0441\u0430\u0440\u0430\u0434\u045a\u0443 \u0443 \u043f\u043e\u0441\u0458\u0435\u0442\u0438 \u0433\u0440\u0430\u0434\u0443 \u041d\u0438\u0448\u0443 - \u0420\u0435\u043f\u0443\u0431\u043b\u0438\u043a\u0430 \u0421\u0440\u043f\u0441\u043a\u0430 \u0438 \u0434\u0438\u0458\u0430\u0441\u043f\u043e\u0440\u0430","og_description":"Stranica za dijasporu RS, ovdje mo\u017eete prona\u0107i sve informacije, pomo\u0107 i savjete na jednom mjestu.","og_url":"https:\/\/dijasporars.com\/en\/dani-srpske-u-nisu-pozoriste-iz-prijedora\/","og_site_name":"\u0420\u0435\u043f\u0443\u0431\u043b\u0438\u043a\u0430 \u0421\u0440\u043f\u0441\u043a\u0430 \u0438 \u0434\u0438\u0458\u0430\u0441\u043f\u043e\u0440\u0430","article_published_time":"2022-09-14T08:48:03+00:00","article_modified_time":"2022-09-14T11:20:41+00:00","og_image":[{"width":500,"height":300,"url":"https:\/\/dijasporars.com\/wp-content\/uploads\/2022\/09\/\u0424\u043e\u0442\u043e-\u041f\u0440\u0435\u0434\u0441\u0442\u0430\u0432\u043d\u0438\u0448\u0442\u0432\u043e-\u0420\u0435\u043f\u0443\u0431\u043b\u0438\u043a\u0435-\u0421\u0440\u043f\u0441\u043a\u0435-\u0443-\u0421\u0440\u0431\u0438\u0458\u0438-3.jpg","type":"image\/jpeg"}],"author":"dijasporars","twitter_card":"summary_large_image","twitter_misc":{"Written by":"dijasporars"},"schema":{"@context":"https:\/\/schema.org","@graph":[{"@type":"WebPage","@id":"https:\/\/dijasporars.com\/dani-srpske-u-nisu-pozoriste-iz-prijedora\/","url":"https:\/\/dijasporars.com\/dani-srpske-u-nisu-pozoriste-iz-prijedora\/","name":"\u0414\u0435\u043b\u0435\u0433\u0430\u0446\u0438\u0458\u0430 \u041c\u0438\u043d\u0438\u0441\u0442\u0430\u0440\u0441\u0442\u0432\u0430 \u0437\u0430 \u0435\u0432\u0440\u043e\u043f\u0441\u043a\u0435 \u0438\u043d\u0442\u0435\u0433\u0440\u0430\u0446\u0438\u0458\u0435 \u0438 \u043c\u0435\u0452\u0443\u043d\u0430\u0440\u043e\u0434\u043d\u0443 \u0441\u0430\u0440\u0430\u0434\u045a\u0443 \u0443 \u043f\u043e\u0441\u0458\u0435\u0442\u0438 \u0433\u0440\u0430\u0434\u0443 \u041d\u0438\u0448\u0443 - \u0420\u0435\u043f\u0443\u0431\u043b\u0438\u043a\u0430 \u0421\u0440\u043f\u0441\u043a\u0430 \u0438 \u0434\u0438\u0458\u0430\u0441\u043f\u043e\u0440\u0430","isPartOf":{"@id":"https:\/\/dijasporars.com\/#website"},"primaryImageOfPage":{"@id":"https:\/\/dijasporars.com\/dani-srpske-u-nisu-pozoriste-iz-prijedora\/#primaryimage"},"image":{"@id":"https:\/\/dijasporars.com\/dani-srpske-u-nisu-pozoriste-iz-prijedora\/#primaryimage"},"thumbnailUrl":"https:\/\/dijasporars.com\/wp-content\/uploads\/2022\/09\/\u0424\u043e\u0442\u043e-\u041f\u0440\u0435\u0434\u0441\u0442\u0430\u0432\u043d\u0438\u0448\u0442\u0432\u043e-\u0420\u0435\u043f\u0443\u0431\u043b\u0438\u043a\u0435-\u0421\u0440\u043f\u0441\u043a\u0435-\u0443-\u0421\u0440\u0431\u0438\u0458\u0438-3.jpg","datePublished":"2022-09-14T08:48:03+00:00","dateModified":"2022-09-14T11:20:41+00:00","author":{"@id":"https:\/\/dijasporars.com\/#\/schema\/person\/f5052d53409aef50f7503bd1372c77ca"},"description":"Stranica za dijasporu RS, ovdje mo\u017eete prona\u0107i sve informacije, pomo\u0107 i savjete na jednom mjestu.","breadcrumb":{"@id":"https:\/\/dijasporars.com\/dani-srpske-u-nisu-pozoriste-iz-prijedora\/#breadcrumb"},"inLanguage":"en-US","potentialAction":[{"@type":"ReadAction","target":["https:\/\/dijasporars.com\/dani-srpske-u-nisu-pozoriste-iz-prijedora\/"]}]},{"@type":"ImageObject","inLanguage":"en-US","@id":"https:\/\/dijasporars.com\/dani-srpske-u-nisu-pozoriste-iz-prijedora\/#primaryimage","url":"https:\/\/dijasporars.com\/wp-content\/uploads\/2022\/09\/\u0424\u043e\u0442\u043e-\u041f\u0440\u0435\u0434\u0441\u0442\u0430\u0432\u043d\u0438\u0448\u0442\u0432\u043e-\u0420\u0435\u043f\u0443\u0431\u043b\u0438\u043a\u0435-\u0421\u0440\u043f\u0441\u043a\u0435-\u0443-\u0421\u0440\u0431\u0438\u0458\u0438-3.jpg","contentUrl":"https:\/\/dijasporars.com\/wp-content\/uploads\/2022\/09\/\u0424\u043e\u0442\u043e-\u041f\u0440\u0435\u0434\u0441\u0442\u0430\u0432\u043d\u0438\u0448\u0442\u0432\u043e-\u0420\u0435\u043f\u0443\u0431\u043b\u0438\u043a\u0435-\u0421\u0440\u043f\u0441\u043a\u0435-\u0443-\u0421\u0440\u0431\u0438\u0458\u0438-3.jpg","width":500,"height":300},{"@type":"BreadcrumbList","@id":"https:\/\/dijasporars.com\/dani-srpske-u-nisu-pozoriste-iz-prijedora\/#breadcrumb","itemListElement":[{"@type":"ListItem","position":1,"name":"\u041f\u043e\u0447\u0435\u0442\u043d\u0430","item":"https:\/\/dijasporars.com\/"},{"@type":"ListItem","position":2,"name":"\u0414\u0435\u043b\u0435\u0433\u0430\u0446\u0438\u0458\u0430 \u041c\u0438\u043d\u0438\u0441\u0442\u0430\u0440\u0441\u0442\u0432\u0430 \u0437\u0430 \u0435\u0432\u0440\u043e\u043f\u0441\u043a\u0435 \u0438\u043d\u0442\u0435\u0433\u0440\u0430\u0446\u0438\u0458\u0435 \u0438 \u043c\u0435\u0452\u0443\u043d\u0430\u0440\u043e\u0434\u043d\u0443 \u0441\u0430\u0440\u0430\u0434\u045a\u0443 \u0443 \u043f\u043e\u0441\u0458\u0435\u0442\u0438 \u0433\u0440\u0430\u0434\u0443 \u041d\u0438\u0448\u0443"}]},{"@type":"WebSite","@id":"https:\/\/dijasporars.com\/#website","url":"https:\/\/dijasporars.com\/","name":"\u0420\u0435\u043f\u0443\u0431\u043b\u0438\u043a\u0430 \u0421\u0440\u043f\u0441\u043a\u0430 \u0438 \u0434\u0438\u0458\u0430\u0441\u043f\u043e\u0440\u0430","description":"","potentialAction":[{"@type":"SearchAction","target":{"@type":"EntryPoint","urlTemplate":"https:\/\/dijasporars.com\/?s={search_term_string}"},"query-input":{"@type":"PropertyValueSpecification","valueRequired":true,"valueName":"search_term_string"}}],"inLanguage":"en-US"},{"@type":"Person","@id":"https:\/\/dijasporars.com\/#\/schema\/person\/f5052d53409aef50f7503bd1372c77ca","name":"dijasporars","image":{"@type":"ImageObject","inLanguage":"en-US","@id":"https:\/\/dijasporars.com\/#\/schema\/person\/image\/","url":"https:\/\/secure.gravatar.com\/avatar\/759212a69df0744fb2be03efd361239831e31095061dacc7496bdf8524e0daf7?s=96&d=mm&r=g","contentUrl":"https:\/\/secure.gravatar.com\/avatar\/759212a69df0744fb2be03efd361239831e31095061dacc7496bdf8524e0daf7?s=96&d=mm&r=g","caption":"dijasporars"},"url":"https:\/\/dijasporars.com\/en\/author\/dijasporars\/"}]}},"_links":{"self":[{"href":"https:\/\/dijasporars.com\/en\/wp-json\/wp\/v2\/posts\/4594","targetHints":{"allow":["GET"]}}],"collection":[{"href":"https:\/\/dijasporars.com\/en\/wp-json\/wp\/v2\/posts"}],"about":[{"href":"https:\/\/dijasporars.com\/en\/wp-json\/wp\/v2\/types\/post"}],"author":[{"embeddable":true,"href":"https:\/\/dijasporars.com\/en\/wp-json\/wp\/v2\/users\/1"}],"replies":[{"embeddable":true,"href":"https:\/\/dijasporars.com\/en\/wp-json\/wp\/v2\/comments?post=4594"}],"version-history":[{"count":3,"href":"https:\/\/dijasporars.com\/en\/wp-json\/wp\/v2\/posts\/4594\/revisions"}],"predecessor-version":[{"id":4601,"href":"https:\/\/dijasporars.com\/en\/wp-json\/wp\/v2\/posts\/4594\/revisions\/4601"}],"wp:featuredmedia":[{"embeddable":true,"href":"https:\/\/dijasporars.com\/en\/wp-json\/wp\/v2\/media\/4595"}],"wp:attachment":[{"href":"https:\/\/dijasporars.com\/en\/wp-json\/wp\/v2\/media?parent=4594"}],"wp:term":[{"taxonomy":"category","embeddable":true,"href":"https:\/\/dijasporars.com\/en\/wp-json\/wp\/v2\/categories?post=4594"},{"taxonomy":"post_tag","embeddable":true,"href":"https:\/\/dijasporars.com\/en\/wp-json\/wp\/v2\/tags?post=4594"}],"curies":[{"name":"wp","href":"https:\/\/api.w.org\/{rel}","templated":true}]}}