{"id":3822,"date":"2022-03-08T11:07:58","date_gmt":"2022-03-08T10:07:58","guid":{"rendered":"https:\/\/dijasporars.com\/?p=3822"},"modified":"2022-03-08T11:09:17","modified_gmt":"2022-03-08T10:09:17","slug":"8-mart-medjunarodni-dan-zena","status":"publish","type":"post","link":"https:\/\/dijasporars.com\/en\/8-mart-medjunarodni-dan-zena\/","title":{"rendered":"8 March - International Women\u2019s Day"},"content":{"rendered":"<p>Today is 8 March \u2013 International Women\u2019s Day!<\/p>\n<p>It commemorates the first public protest of women employed in the garment and textile industry in 1857 in New York.<\/p>\n<p>The textile workers protested against poor working conditions and low wages.<\/p>\n<p>The 8 March protests became a tradition in the following years, and those most massive took place in 1908, when 15,000 women marched through the streets of New York, requesting shorter working hours, better pay and the right to vote.<\/p>\n<p>The President of the Republic of Srpska, \u017del\u0458ka Cvijanovi\u0107, wished a happy 8 March \u2013 International Women\u2019s Day to all women and pointed out that the need for further emancipation of women was a permanent task of society as a whole.<\/p>\n<p>The Prime Minister of the Republic of Srpska, Radovan Vi\u0161kovi\u0107, extended his greetings on the occasion of 8 March, International Women\u2019s Day, announced the Public Relations Bureau of the Government of Srpska.<\/p>\n<p>The President of the National Assembly of the Republic of Srpska, Nedeljko \u010cubrilovi\u0107, wished a happy 8 March \u2013 International Women\u2019s Day, on behalf of the National Assembly and on his own behalf, emphasizing that the National Assembly would continue to work with systemic measures and quality legal solutions to further improve women\u2019s rights and position in the society.<\/p>\n<p>Source: RTRS<\/p>\n<p>Photo: Pixabay\/RTRS<\/p>","protected":false},"excerpt":{"rendered":"<p>Today is 8 March \u2013 International Women\u2019s Day! It commemorates the first public protest of women employed in the garment and textile industry in 1857 in New York. The textile workers protested against poor working conditions and low wages. The 8 March protests became a tradition in the following years, and those most massive took place in 1908, when 15,000 women<\/p>","protected":false},"author":1,"featured_media":3823,"comment_status":"closed","ping_status":"closed","sticky":false,"template":"","format":"standard","meta":{"footnotes":""},"categories":[52,77],"tags":[],"class_list":["post-3822","post","type-post","status-publish","format-standard","has-post-thumbnail","hentry","category-vijesti","category-vijesti-republika-srpska"],"yoast_head":"<!-- This site is optimized with the Yoast SEO plugin v24.6 - https:\/\/yoast.com\/wordpress\/plugins\/seo\/ -->\n<title>8. \u043c\u0430\u0440\u0442 - \u041c\u0435\u0452\u0443\u043d\u0430\u0440\u043e\u0434\u043d\u0438 \u0434\u0430\u043d \u0436\u0435\u043d\u0430 - \u0420\u0435\u043f\u0443\u0431\u043b\u0438\u043a\u0430 \u0421\u0440\u043f\u0441\u043a\u0430 \u0438 \u0434\u0438\u0458\u0430\u0441\u043f\u043e\u0440\u0430<\/title>\n<meta name=\"description\" content=\"Stranica za dijasporu RS, ovdje mo\u017eete prona\u0107i sve informacije, pomo\u0107 i savjete na jednom mjestu.\" \/>\n<meta name=\"robots\" content=\"index, follow, max-snippet:-1, max-image-preview:large, max-video-preview:-1\" \/>\n<link rel=\"canonical\" href=\"https:\/\/dijasporars.com\/en\/8-mart-medjunarodni-dan-zena\/\" \/>\n<meta property=\"og:locale\" content=\"en_US\" \/>\n<meta property=\"og:type\" content=\"article\" \/>\n<meta property=\"og:title\" content=\"8. \u043c\u0430\u0440\u0442 - \u041c\u0435\u0452\u0443\u043d\u0430\u0440\u043e\u0434\u043d\u0438 \u0434\u0430\u043d \u0436\u0435\u043d\u0430 - \u0420\u0435\u043f\u0443\u0431\u043b\u0438\u043a\u0430 \u0421\u0440\u043f\u0441\u043a\u0430 \u0438 \u0434\u0438\u0458\u0430\u0441\u043f\u043e\u0440\u0430\" \/>\n<meta property=\"og:description\" content=\"Stranica za dijasporu RS, ovdje mo\u017eete prona\u0107i sve informacije, pomo\u0107 i savjete na jednom mjestu.\" \/>\n<meta property=\"og:url\" content=\"https:\/\/dijasporars.com\/en\/8-mart-medjunarodni-dan-zena\/\" \/>\n<meta property=\"og:site_name\" content=\"\u0420\u0435\u043f\u0443\u0431\u043b\u0438\u043a\u0430 \u0421\u0440\u043f\u0441\u043a\u0430 \u0438 \u0434\u0438\u0458\u0430\u0441\u043f\u043e\u0440\u0430\" \/>\n<meta property=\"article:published_time\" content=\"2022-03-08T10:07:58+00:00\" \/>\n<meta property=\"article:modified_time\" content=\"2022-03-08T10:09:17+00:00\" \/>\n<meta property=\"og:image\" content=\"https:\/\/dijasporars.com\/wp-content\/uploads\/2022\/03\/\u0424\u043e\u0442\u043e-Pixabay-\u0420\u0422\u0420\u0421.jpg\" \/>\n\t<meta property=\"og:image:width\" content=\"658\" \/>\n\t<meta property=\"og:image:height\" content=\"493\" \/>\n\t<meta property=\"og:image:type\" content=\"image\/jpeg\" \/>\n<meta name=\"author\" content=\"dijasporars\" \/>\n<meta name=\"twitter:card\" content=\"summary_large_image\" \/>\n<meta name=\"twitter:label1\" content=\"Written by\" \/>\n\t<meta name=\"twitter:data1\" content=\"dijasporars\" \/>\n<script type=\"application\/ld+json\" class=\"yoast-schema-graph\">{\"@context\":\"https:\/\/schema.org\",\"@graph\":[{\"@type\":\"WebPage\",\"@id\":\"https:\/\/dijasporars.com\/8-mart-medjunarodni-dan-zena\/\",\"url\":\"https:\/\/dijasporars.com\/8-mart-medjunarodni-dan-zena\/\",\"name\":\"8. \u043c\u0430\u0440\u0442 - \u041c\u0435\u0452\u0443\u043d\u0430\u0440\u043e\u0434\u043d\u0438 \u0434\u0430\u043d \u0436\u0435\u043d\u0430 - \u0420\u0435\u043f\u0443\u0431\u043b\u0438\u043a\u0430 \u0421\u0440\u043f\u0441\u043a\u0430 \u0438 \u0434\u0438\u0458\u0430\u0441\u043f\u043e\u0440\u0430\",\"isPartOf\":{\"@id\":\"https:\/\/dijasporars.com\/#website\"},\"primaryImageOfPage\":{\"@id\":\"https:\/\/dijasporars.com\/8-mart-medjunarodni-dan-zena\/#primaryimage\"},\"image\":{\"@id\":\"https:\/\/dijasporars.com\/8-mart-medjunarodni-dan-zena\/#primaryimage\"},\"thumbnailUrl\":\"https:\/\/dijasporars.com\/wp-content\/uploads\/2022\/03\/\u0424\u043e\u0442\u043e-Pixabay-\u0420\u0422\u0420\u0421.jpg\",\"datePublished\":\"2022-03-08T10:07:58+00:00\",\"dateModified\":\"2022-03-08T10:09:17+00:00\",\"author\":{\"@id\":\"https:\/\/dijasporars.com\/#\/schema\/person\/f5052d53409aef50f7503bd1372c77ca\"},\"description\":\"Stranica za dijasporu RS, ovdje mo\u017eete prona\u0107i sve informacije, pomo\u0107 i savjete na jednom mjestu.\",\"breadcrumb\":{\"@id\":\"https:\/\/dijasporars.com\/8-mart-medjunarodni-dan-zena\/#breadcrumb\"},\"inLanguage\":\"en-US\",\"potentialAction\":[{\"@type\":\"ReadAction\",\"target\":[\"https:\/\/dijasporars.com\/8-mart-medjunarodni-dan-zena\/\"]}]},{\"@type\":\"ImageObject\",\"inLanguage\":\"en-US\",\"@id\":\"https:\/\/dijasporars.com\/8-mart-medjunarodni-dan-zena\/#primaryimage\",\"url\":\"https:\/\/dijasporars.com\/wp-content\/uploads\/2022\/03\/\u0424\u043e\u0442\u043e-Pixabay-\u0420\u0422\u0420\u0421.jpg\",\"contentUrl\":\"https:\/\/dijasporars.com\/wp-content\/uploads\/2022\/03\/\u0424\u043e\u0442\u043e-Pixabay-\u0420\u0422\u0420\u0421.jpg\",\"width\":658,\"height\":493},{\"@type\":\"BreadcrumbList\",\"@id\":\"https:\/\/dijasporars.com\/8-mart-medjunarodni-dan-zena\/#breadcrumb\",\"itemListElement\":[{\"@type\":\"ListItem\",\"position\":1,\"name\":\"\u041f\u043e\u0447\u0435\u0442\u043d\u0430\",\"item\":\"https:\/\/dijasporars.com\/\"},{\"@type\":\"ListItem\",\"position\":2,\"name\":\"8. \u043c\u0430\u0440\u0442 &#8211; \u041c\u0435\u0452\u0443\u043d\u0430\u0440\u043e\u0434\u043d\u0438 \u0434\u0430\u043d \u0436\u0435\u043d\u0430\"}]},{\"@type\":\"WebSite\",\"@id\":\"https:\/\/dijasporars.com\/#website\",\"url\":\"https:\/\/dijasporars.com\/\",\"name\":\"\u0420\u0435\u043f\u0443\u0431\u043b\u0438\u043a\u0430 \u0421\u0440\u043f\u0441\u043a\u0430 \u0438 \u0434\u0438\u0458\u0430\u0441\u043f\u043e\u0440\u0430\",\"description\":\"\",\"potentialAction\":[{\"@type\":\"SearchAction\",\"target\":{\"@type\":\"EntryPoint\",\"urlTemplate\":\"https:\/\/dijasporars.com\/?s={search_term_string}\"},\"query-input\":{\"@type\":\"PropertyValueSpecification\",\"valueRequired\":true,\"valueName\":\"search_term_string\"}}],\"inLanguage\":\"en-US\"},{\"@type\":\"Person\",\"@id\":\"https:\/\/dijasporars.com\/#\/schema\/person\/f5052d53409aef50f7503bd1372c77ca\",\"name\":\"dijasporars\",\"image\":{\"@type\":\"ImageObject\",\"inLanguage\":\"en-US\",\"@id\":\"https:\/\/dijasporars.com\/#\/schema\/person\/image\/\",\"url\":\"https:\/\/secure.gravatar.com\/avatar\/759212a69df0744fb2be03efd361239831e31095061dacc7496bdf8524e0daf7?s=96&d=mm&r=g\",\"contentUrl\":\"https:\/\/secure.gravatar.com\/avatar\/759212a69df0744fb2be03efd361239831e31095061dacc7496bdf8524e0daf7?s=96&d=mm&r=g\",\"caption\":\"dijasporars\"},\"url\":\"https:\/\/dijasporars.com\/en\/author\/dijasporars\/\"}]}<\/script>\n<!-- \/ Yoast SEO plugin. -->","yoast_head_json":{"title":"8. \u043c\u0430\u0440\u0442 - \u041c\u0435\u0452\u0443\u043d\u0430\u0440\u043e\u0434\u043d\u0438 \u0434\u0430\u043d \u0436\u0435\u043d\u0430 - \u0420\u0435\u043f\u0443\u0431\u043b\u0438\u043a\u0430 \u0421\u0440\u043f\u0441\u043a\u0430 \u0438 \u0434\u0438\u0458\u0430\u0441\u043f\u043e\u0440\u0430","description":"Stranica za dijasporu RS, ovdje mo\u017eete prona\u0107i sve informacije, pomo\u0107 i savjete na jednom mjestu.","robots":{"index":"index","follow":"follow","max-snippet":"max-snippet:-1","max-image-preview":"max-image-preview:large","max-video-preview":"max-video-preview:-1"},"canonical":"https:\/\/dijasporars.com\/en\/8-mart-medjunarodni-dan-zena\/","og_locale":"en_US","og_type":"article","og_title":"8. \u043c\u0430\u0440\u0442 - \u041c\u0435\u0452\u0443\u043d\u0430\u0440\u043e\u0434\u043d\u0438 \u0434\u0430\u043d \u0436\u0435\u043d\u0430 - \u0420\u0435\u043f\u0443\u0431\u043b\u0438\u043a\u0430 \u0421\u0440\u043f\u0441\u043a\u0430 \u0438 \u0434\u0438\u0458\u0430\u0441\u043f\u043e\u0440\u0430","og_description":"Stranica za dijasporu RS, ovdje mo\u017eete prona\u0107i sve informacije, pomo\u0107 i savjete na jednom mjestu.","og_url":"https:\/\/dijasporars.com\/en\/8-mart-medjunarodni-dan-zena\/","og_site_name":"\u0420\u0435\u043f\u0443\u0431\u043b\u0438\u043a\u0430 \u0421\u0440\u043f\u0441\u043a\u0430 \u0438 \u0434\u0438\u0458\u0430\u0441\u043f\u043e\u0440\u0430","article_published_time":"2022-03-08T10:07:58+00:00","article_modified_time":"2022-03-08T10:09:17+00:00","og_image":[{"width":658,"height":493,"url":"https:\/\/dijasporars.com\/wp-content\/uploads\/2022\/03\/\u0424\u043e\u0442\u043e-Pixabay-\u0420\u0422\u0420\u0421.jpg","type":"image\/jpeg"}],"author":"dijasporars","twitter_card":"summary_large_image","twitter_misc":{"Written by":"dijasporars"},"schema":{"@context":"https:\/\/schema.org","@graph":[{"@type":"WebPage","@id":"https:\/\/dijasporars.com\/8-mart-medjunarodni-dan-zena\/","url":"https:\/\/dijasporars.com\/8-mart-medjunarodni-dan-zena\/","name":"8. \u043c\u0430\u0440\u0442 - \u041c\u0435\u0452\u0443\u043d\u0430\u0440\u043e\u0434\u043d\u0438 \u0434\u0430\u043d \u0436\u0435\u043d\u0430 - \u0420\u0435\u043f\u0443\u0431\u043b\u0438\u043a\u0430 \u0421\u0440\u043f\u0441\u043a\u0430 \u0438 \u0434\u0438\u0458\u0430\u0441\u043f\u043e\u0440\u0430","isPartOf":{"@id":"https:\/\/dijasporars.com\/#website"},"primaryImageOfPage":{"@id":"https:\/\/dijasporars.com\/8-mart-medjunarodni-dan-zena\/#primaryimage"},"image":{"@id":"https:\/\/dijasporars.com\/8-mart-medjunarodni-dan-zena\/#primaryimage"},"thumbnailUrl":"https:\/\/dijasporars.com\/wp-content\/uploads\/2022\/03\/\u0424\u043e\u0442\u043e-Pixabay-\u0420\u0422\u0420\u0421.jpg","datePublished":"2022-03-08T10:07:58+00:00","dateModified":"2022-03-08T10:09:17+00:00","author":{"@id":"https:\/\/dijasporars.com\/#\/schema\/person\/f5052d53409aef50f7503bd1372c77ca"},"description":"Stranica za dijasporu RS, ovdje mo\u017eete prona\u0107i sve informacije, pomo\u0107 i savjete na jednom mjestu.","breadcrumb":{"@id":"https:\/\/dijasporars.com\/8-mart-medjunarodni-dan-zena\/#breadcrumb"},"inLanguage":"en-US","potentialAction":[{"@type":"ReadAction","target":["https:\/\/dijasporars.com\/8-mart-medjunarodni-dan-zena\/"]}]},{"@type":"ImageObject","inLanguage":"en-US","@id":"https:\/\/dijasporars.com\/8-mart-medjunarodni-dan-zena\/#primaryimage","url":"https:\/\/dijasporars.com\/wp-content\/uploads\/2022\/03\/\u0424\u043e\u0442\u043e-Pixabay-\u0420\u0422\u0420\u0421.jpg","contentUrl":"https:\/\/dijasporars.com\/wp-content\/uploads\/2022\/03\/\u0424\u043e\u0442\u043e-Pixabay-\u0420\u0422\u0420\u0421.jpg","width":658,"height":493},{"@type":"BreadcrumbList","@id":"https:\/\/dijasporars.com\/8-mart-medjunarodni-dan-zena\/#breadcrumb","itemListElement":[{"@type":"ListItem","position":1,"name":"\u041f\u043e\u0447\u0435\u0442\u043d\u0430","item":"https:\/\/dijasporars.com\/"},{"@type":"ListItem","position":2,"name":"8. \u043c\u0430\u0440\u0442 &#8211; \u041c\u0435\u0452\u0443\u043d\u0430\u0440\u043e\u0434\u043d\u0438 \u0434\u0430\u043d \u0436\u0435\u043d\u0430"}]},{"@type":"WebSite","@id":"https:\/\/dijasporars.com\/#website","url":"https:\/\/dijasporars.com\/","name":"\u0420\u0435\u043f\u0443\u0431\u043b\u0438\u043a\u0430 \u0421\u0440\u043f\u0441\u043a\u0430 \u0438 \u0434\u0438\u0458\u0430\u0441\u043f\u043e\u0440\u0430","description":"","potentialAction":[{"@type":"SearchAction","target":{"@type":"EntryPoint","urlTemplate":"https:\/\/dijasporars.com\/?s={search_term_string}"},"query-input":{"@type":"PropertyValueSpecification","valueRequired":true,"valueName":"search_term_string"}}],"inLanguage":"en-US"},{"@type":"Person","@id":"https:\/\/dijasporars.com\/#\/schema\/person\/f5052d53409aef50f7503bd1372c77ca","name":"dijasporars","image":{"@type":"ImageObject","inLanguage":"en-US","@id":"https:\/\/dijasporars.com\/#\/schema\/person\/image\/","url":"https:\/\/secure.gravatar.com\/avatar\/759212a69df0744fb2be03efd361239831e31095061dacc7496bdf8524e0daf7?s=96&d=mm&r=g","contentUrl":"https:\/\/secure.gravatar.com\/avatar\/759212a69df0744fb2be03efd361239831e31095061dacc7496bdf8524e0daf7?s=96&d=mm&r=g","caption":"dijasporars"},"url":"https:\/\/dijasporars.com\/en\/author\/dijasporars\/"}]}},"_links":{"self":[{"href":"https:\/\/dijasporars.com\/en\/wp-json\/wp\/v2\/posts\/3822","targetHints":{"allow":["GET"]}}],"collection":[{"href":"https:\/\/dijasporars.com\/en\/wp-json\/wp\/v2\/posts"}],"about":[{"href":"https:\/\/dijasporars.com\/en\/wp-json\/wp\/v2\/types\/post"}],"author":[{"embeddable":true,"href":"https:\/\/dijasporars.com\/en\/wp-json\/wp\/v2\/users\/1"}],"replies":[{"embeddable":true,"href":"https:\/\/dijasporars.com\/en\/wp-json\/wp\/v2\/comments?post=3822"}],"version-history":[{"count":1,"href":"https:\/\/dijasporars.com\/en\/wp-json\/wp\/v2\/posts\/3822\/revisions"}],"predecessor-version":[{"id":3824,"href":"https:\/\/dijasporars.com\/en\/wp-json\/wp\/v2\/posts\/3822\/revisions\/3824"}],"wp:featuredmedia":[{"embeddable":true,"href":"https:\/\/dijasporars.com\/en\/wp-json\/wp\/v2\/media\/3823"}],"wp:attachment":[{"href":"https:\/\/dijasporars.com\/en\/wp-json\/wp\/v2\/media?parent=3822"}],"wp:term":[{"taxonomy":"category","embeddable":true,"href":"https:\/\/dijasporars.com\/en\/wp-json\/wp\/v2\/categories?post=3822"},{"taxonomy":"post_tag","embeddable":true,"href":"https:\/\/dijasporars.com\/en\/wp-json\/wp\/v2\/tags?post=3822"}],"curies":[{"name":"wp","href":"https:\/\/api.w.org\/{rel}","templated":true}]}}