{"id":3781,"date":"2022-02-28T10:23:40","date_gmt":"2022-02-28T09:23:40","guid":{"rendered":"https:\/\/dijasporars.com\/?p=3781"},"modified":"2022-02-28T10:23:59","modified_gmt":"2022-02-28T09:23:59","slug":"tribina-povodom-30-godina-ustava-republike-srpske-28-februara-u-beogradu","status":"publish","type":"post","link":"https:\/\/dijasporars.com\/en\/tribina-povodom-30-godina-ustava-republike-srpske-28-februara-u-beogradu\/","title":{"rendered":"Public Discussion on 28 February in Belgrade on Occasion of 30th Anniversary of Constitution of the Republic of Srpska"},"content":{"rendered":"<p>On 28 February at 17.00, in the Old Palace, Belgrade City Assembly, main entrance, on the occasion of the 30th anniversary of the Republic of Srpska, the Representative Office of the Republic of Srpska in Serbia organizes a thematic public discussion on \u201830 years since the adoption of the first Constitution of the Republic of Srpska: fighting the evil spirit of the abolition of the Republic of Srpska with the letter of the Constitution\u2019. This year\u2019s jubilee celebration of 28 February \u2013 the day of the proclamation of the first Constitution of the Republic of Srpska, as well as the Day of the Republic of Srpska \u2013 will begin with addresses by the officials of the Republic of Srpska and Serbia: Republic of Srpska President, \u017del\u0458ka Cvijanovi\u0107, BiH Presidency Serb Member, Milorad Dodik, presidents of the national assemblies of the Republic of Serbia and Republic of Srpska, Ivica Da\u010di\u0107 and Nedel\u0458ko \u010cubrilovi\u0107, and head of the Republic of Srpska Representation in Serbia, Mla\u0111en Cicovi\u0107, and we expect also other distinguished invitees and guests from the Republic of Srpska, Serbia and the region. Speakers at the discussion will be: prof. Dr Darko Tanaskovi\u0107, prof. Dr Radomir V. Luki\u0107, \u017divadin Jovanovi\u0107, prof. Dr Nenad Kecmanovi\u0107, Sini\u0161a Ljepojevi\u0107, prof. Dr Predrag \u0106erani\u0107, Aleksandar Pavi\u0107, doc. Dr \u017deljko Budmir, prof. Dr. Sr\u0111an Peri\u0161i\u0107, and \u0110uro Bilbija.<\/p>\n<p>Our jubilee marking occasioned also the preparation of a documentary TV show \u2018My Republic is great in heart\u2019, to be broadcast on the same day, 28 February, on Radio Television of the Republic of Srpska, Radio Television of Serbia, and more than 30 regional and local television stations in Serbia. With this show, the Republic of Srpska Representation in Serbia wants to remind our public of the circumstances of writing and adopting the first Republic of Srpska Constitution. Through the statements of our interlocutors, which include the authors of The History of the Republic of Srpska, we will tell the story of our Constitution, the story of the essence of the struggle of the Serb people in Bosnia and Herzegovina for the freedom they have enjoyed for thirty years in their country, our Republic of Srpska!<\/p>\n<p>The book The Republic of Srpska \u2013 a state under the Dayton Agreement was also prepared on this occasion, and will be presented to the participants and guests of the discussion. The book presents gradually and analytically the efforts of the people and leadership of the Republic of Srpska to base on the law and the truth their path and method of returning the competencies that were fraudulently taken away from the Republic of Srpska and stripped by unconstitutional laws and decrees; which would save also Bosnia and Herzegovina as founded on the Dayton Agreement, rather than on the current mood and political force strayed from earlier times into today\u2019s multipolar world.<\/p>\n<p>Since 2015, the Republic of Srpska Representation in Serbia has been solemnly marking 28 February \u2013 the day of proclamation of the first Constitution of the Republic of Srpska (1992), and Day of the Republic of Srpska. In previous years, a solemn reception was organized on that date in the Assembly of the City of Belgrade, which was attended by the highest officials and representatives of the institutions of the Republic of Srpska and Serbia and other distinguished guests. Due to the unfavorable epidemiological situation, there will be no traditional solemn reception in Belgrade this year, but in this, we believe an appropriate manner, with fewer guests, we will mark our jubilee \u2013 30th anniversary of the Republic of Srpska \u2013 solemnly and with dignity.<\/p>\n<p>Source and photo: Republic of Srpska Representative Office in Serbia<\/p>","protected":false},"excerpt":{"rendered":"<p>On 28 February at 17.00, in the Old Palace, Belgrade City Assembly, main entrance, on the occasion of the 30th anniversary of the Republic of Srpska, the Representative Office of the Republic of Srpska in Serbia organizes a thematic public discussion on \u201830 years since the adoption of the first Constitution of the Republic of Srpska: fighting the evil spirit of the abolition of the Republic of Srpska with the letter of the Constitution\u2019. This year\u2019s jubilee celebration of 28 February \u2013 the day of the proclamation<\/p>","protected":false},"author":1,"featured_media":3782,"comment_status":"closed","ping_status":"closed","sticky":false,"template":"","format":"standard","meta":{"footnotes":""},"categories":[52,76,77],"tags":[],"class_list":["post-3781","post","type-post","status-publish","format-standard","has-post-thumbnail","hentry","category-vijesti","category-vijesti-dijaspora","category-vijesti-republika-srpska"],"yoast_head":"<!-- This site is optimized with the Yoast SEO plugin v24.6 - https:\/\/yoast.com\/wordpress\/plugins\/seo\/ -->\n<title>\u0422\u0440\u0438\u0431\u0438\u043d\u0430 \u043f\u043e\u0432\u043e\u0434\u043e\u043c 30 \u0433\u043e\u0434\u0438\u043d\u0430 \u0423\u0441\u0442\u0430\u0432\u0430 \u0420\u0435\u043f\u0443\u0431\u043b\u0438\u043a\u0435 \u0421\u0440\u043f\u0441\u043a\u0435 28. \u0444\u0435\u0431\u0440\u0443\u0430\u0440\u0430 \u0443 \u0411\u0435\u043e\u0433\u0440\u0430\u0434\u0443 - \u0420\u0435\u043f\u0443\u0431\u043b\u0438\u043a\u0430 \u0421\u0440\u043f\u0441\u043a\u0430 \u0438 \u0434\u0438\u0458\u0430\u0441\u043f\u043e\u0440\u0430<\/title>\n<meta name=\"description\" content=\"Stranica za dijasporu RS, ovdje mo\u017eete prona\u0107i sve informacije, pomo\u0107 i savjete na jednom mjestu.\" \/>\n<meta name=\"robots\" content=\"index, follow, max-snippet:-1, max-image-preview:large, max-video-preview:-1\" \/>\n<link rel=\"canonical\" href=\"https:\/\/dijasporars.com\/en\/tribina-povodom-30-godina-ustava-republike-srpske-28-februara-u-beogradu\/\" \/>\n<meta property=\"og:locale\" content=\"en_US\" \/>\n<meta property=\"og:type\" content=\"article\" \/>\n<meta property=\"og:title\" content=\"\u0422\u0440\u0438\u0431\u0438\u043d\u0430 \u043f\u043e\u0432\u043e\u0434\u043e\u043c 30 \u0433\u043e\u0434\u0438\u043d\u0430 \u0423\u0441\u0442\u0430\u0432\u0430 \u0420\u0435\u043f\u0443\u0431\u043b\u0438\u043a\u0435 \u0421\u0440\u043f\u0441\u043a\u0435 28. \u0444\u0435\u0431\u0440\u0443\u0430\u0440\u0430 \u0443 \u0411\u0435\u043e\u0433\u0440\u0430\u0434\u0443 - \u0420\u0435\u043f\u0443\u0431\u043b\u0438\u043a\u0430 \u0421\u0440\u043f\u0441\u043a\u0430 \u0438 \u0434\u0438\u0458\u0430\u0441\u043f\u043e\u0440\u0430\" \/>\n<meta property=\"og:description\" content=\"Stranica za dijasporu RS, ovdje mo\u017eete prona\u0107i sve informacije, pomo\u0107 i savjete na jednom mjestu.\" \/>\n<meta property=\"og:url\" content=\"https:\/\/dijasporars.com\/en\/tribina-povodom-30-godina-ustava-republike-srpske-28-februara-u-beogradu\/\" \/>\n<meta property=\"og:site_name\" content=\"\u0420\u0435\u043f\u0443\u0431\u043b\u0438\u043a\u0430 \u0421\u0440\u043f\u0441\u043a\u0430 \u0438 \u0434\u0438\u0458\u0430\u0441\u043f\u043e\u0440\u0430\" \/>\n<meta property=\"article:published_time\" content=\"2022-02-28T09:23:40+00:00\" \/>\n<meta property=\"article:modified_time\" content=\"2022-02-28T09:23:59+00:00\" \/>\n<meta property=\"og:image\" content=\"https:\/\/dijasporars.com\/wp-content\/uploads\/2022\/02\/\u0424\u043e\u0442\u043e-\u041f\u0440\u0435\u0434\u0441\u0442\u0430\u0432\u043d\u0438\u0448\u0442\u0432\u043e-\u0420\u0435\u043f\u0443\u0431\u043b\u0438\u043a\u0435-\u0421\u0440\u043f\u0441\u043a\u0435-\u0443-\u0421\u0440\u0431\u0438\u0458\u0438-1.jpg\" \/>\n\t<meta property=\"og:image:width\" content=\"500\" \/>\n\t<meta property=\"og:image:height\" content=\"280\" \/>\n\t<meta property=\"og:image:type\" content=\"image\/jpeg\" \/>\n<meta name=\"author\" content=\"dijasporars\" \/>\n<meta name=\"twitter:card\" content=\"summary_large_image\" \/>\n<meta name=\"twitter:label1\" content=\"Written by\" \/>\n\t<meta name=\"twitter:data1\" content=\"dijasporars\" \/>\n<script type=\"application\/ld+json\" class=\"yoast-schema-graph\">{\"@context\":\"https:\/\/schema.org\",\"@graph\":[{\"@type\":\"WebPage\",\"@id\":\"https:\/\/dijasporars.com\/tribina-povodom-30-godina-ustava-republike-srpske-28-februara-u-beogradu\/\",\"url\":\"https:\/\/dijasporars.com\/tribina-povodom-30-godina-ustava-republike-srpske-28-februara-u-beogradu\/\",\"name\":\"\u0422\u0440\u0438\u0431\u0438\u043d\u0430 \u043f\u043e\u0432\u043e\u0434\u043e\u043c 30 \u0433\u043e\u0434\u0438\u043d\u0430 \u0423\u0441\u0442\u0430\u0432\u0430 \u0420\u0435\u043f\u0443\u0431\u043b\u0438\u043a\u0435 \u0421\u0440\u043f\u0441\u043a\u0435 28. \u0444\u0435\u0431\u0440\u0443\u0430\u0440\u0430 \u0443 \u0411\u0435\u043e\u0433\u0440\u0430\u0434\u0443 - \u0420\u0435\u043f\u0443\u0431\u043b\u0438\u043a\u0430 \u0421\u0440\u043f\u0441\u043a\u0430 \u0438 \u0434\u0438\u0458\u0430\u0441\u043f\u043e\u0440\u0430\",\"isPartOf\":{\"@id\":\"https:\/\/dijasporars.com\/#website\"},\"primaryImageOfPage\":{\"@id\":\"https:\/\/dijasporars.com\/tribina-povodom-30-godina-ustava-republike-srpske-28-februara-u-beogradu\/#primaryimage\"},\"image\":{\"@id\":\"https:\/\/dijasporars.com\/tribina-povodom-30-godina-ustava-republike-srpske-28-februara-u-beogradu\/#primaryimage\"},\"thumbnailUrl\":\"https:\/\/dijasporars.com\/wp-content\/uploads\/2022\/02\/\u0424\u043e\u0442\u043e-\u041f\u0440\u0435\u0434\u0441\u0442\u0430\u0432\u043d\u0438\u0448\u0442\u0432\u043e-\u0420\u0435\u043f\u0443\u0431\u043b\u0438\u043a\u0435-\u0421\u0440\u043f\u0441\u043a\u0435-\u0443-\u0421\u0440\u0431\u0438\u0458\u0438-1.jpg\",\"datePublished\":\"2022-02-28T09:23:40+00:00\",\"dateModified\":\"2022-02-28T09:23:59+00:00\",\"author\":{\"@id\":\"https:\/\/dijasporars.com\/#\/schema\/person\/f5052d53409aef50f7503bd1372c77ca\"},\"description\":\"Stranica za dijasporu RS, ovdje mo\u017eete prona\u0107i sve informacije, pomo\u0107 i savjete na jednom mjestu.\",\"breadcrumb\":{\"@id\":\"https:\/\/dijasporars.com\/tribina-povodom-30-godina-ustava-republike-srpske-28-februara-u-beogradu\/#breadcrumb\"},\"inLanguage\":\"en-US\",\"potentialAction\":[{\"@type\":\"ReadAction\",\"target\":[\"https:\/\/dijasporars.com\/tribina-povodom-30-godina-ustava-republike-srpske-28-februara-u-beogradu\/\"]}]},{\"@type\":\"ImageObject\",\"inLanguage\":\"en-US\",\"@id\":\"https:\/\/dijasporars.com\/tribina-povodom-30-godina-ustava-republike-srpske-28-februara-u-beogradu\/#primaryimage\",\"url\":\"https:\/\/dijasporars.com\/wp-content\/uploads\/2022\/02\/\u0424\u043e\u0442\u043e-\u041f\u0440\u0435\u0434\u0441\u0442\u0430\u0432\u043d\u0438\u0448\u0442\u0432\u043e-\u0420\u0435\u043f\u0443\u0431\u043b\u0438\u043a\u0435-\u0421\u0440\u043f\u0441\u043a\u0435-\u0443-\u0421\u0440\u0431\u0438\u0458\u0438-1.jpg\",\"contentUrl\":\"https:\/\/dijasporars.com\/wp-content\/uploads\/2022\/02\/\u0424\u043e\u0442\u043e-\u041f\u0440\u0435\u0434\u0441\u0442\u0430\u0432\u043d\u0438\u0448\u0442\u0432\u043e-\u0420\u0435\u043f\u0443\u0431\u043b\u0438\u043a\u0435-\u0421\u0440\u043f\u0441\u043a\u0435-\u0443-\u0421\u0440\u0431\u0438\u0458\u0438-1.jpg\",\"width\":500,\"height\":280},{\"@type\":\"BreadcrumbList\",\"@id\":\"https:\/\/dijasporars.com\/tribina-povodom-30-godina-ustava-republike-srpske-28-februara-u-beogradu\/#breadcrumb\",\"itemListElement\":[{\"@type\":\"ListItem\",\"position\":1,\"name\":\"\u041f\u043e\u0447\u0435\u0442\u043d\u0430\",\"item\":\"https:\/\/dijasporars.com\/\"},{\"@type\":\"ListItem\",\"position\":2,\"name\":\"\u0422\u0440\u0438\u0431\u0438\u043d\u0430 \u043f\u043e\u0432\u043e\u0434\u043e\u043c 30 \u0433\u043e\u0434\u0438\u043d\u0430 \u0423\u0441\u0442\u0430\u0432\u0430 \u0420\u0435\u043f\u0443\u0431\u043b\u0438\u043a\u0435 \u0421\u0440\u043f\u0441\u043a\u0435 28. \u0444\u0435\u0431\u0440\u0443\u0430\u0440\u0430 \u0443 \u0411\u0435\u043e\u0433\u0440\u0430\u0434\u0443\"}]},{\"@type\":\"WebSite\",\"@id\":\"https:\/\/dijasporars.com\/#website\",\"url\":\"https:\/\/dijasporars.com\/\",\"name\":\"\u0420\u0435\u043f\u0443\u0431\u043b\u0438\u043a\u0430 \u0421\u0440\u043f\u0441\u043a\u0430 \u0438 \u0434\u0438\u0458\u0430\u0441\u043f\u043e\u0440\u0430\",\"description\":\"\",\"potentialAction\":[{\"@type\":\"SearchAction\",\"target\":{\"@type\":\"EntryPoint\",\"urlTemplate\":\"https:\/\/dijasporars.com\/?s={search_term_string}\"},\"query-input\":{\"@type\":\"PropertyValueSpecification\",\"valueRequired\":true,\"valueName\":\"search_term_string\"}}],\"inLanguage\":\"en-US\"},{\"@type\":\"Person\",\"@id\":\"https:\/\/dijasporars.com\/#\/schema\/person\/f5052d53409aef50f7503bd1372c77ca\",\"name\":\"dijasporars\",\"image\":{\"@type\":\"ImageObject\",\"inLanguage\":\"en-US\",\"@id\":\"https:\/\/dijasporars.com\/#\/schema\/person\/image\/\",\"url\":\"https:\/\/secure.gravatar.com\/avatar\/759212a69df0744fb2be03efd361239831e31095061dacc7496bdf8524e0daf7?s=96&d=mm&r=g\",\"contentUrl\":\"https:\/\/secure.gravatar.com\/avatar\/759212a69df0744fb2be03efd361239831e31095061dacc7496bdf8524e0daf7?s=96&d=mm&r=g\",\"caption\":\"dijasporars\"},\"url\":\"https:\/\/dijasporars.com\/en\/author\/dijasporars\/\"}]}<\/script>\n<!-- \/ Yoast SEO plugin. -->","yoast_head_json":{"title":"\u0422\u0440\u0438\u0431\u0438\u043d\u0430 \u043f\u043e\u0432\u043e\u0434\u043e\u043c 30 \u0433\u043e\u0434\u0438\u043d\u0430 \u0423\u0441\u0442\u0430\u0432\u0430 \u0420\u0435\u043f\u0443\u0431\u043b\u0438\u043a\u0435 \u0421\u0440\u043f\u0441\u043a\u0435 28. \u0444\u0435\u0431\u0440\u0443\u0430\u0440\u0430 \u0443 \u0411\u0435\u043e\u0433\u0440\u0430\u0434\u0443 - \u0420\u0435\u043f\u0443\u0431\u043b\u0438\u043a\u0430 \u0421\u0440\u043f\u0441\u043a\u0430 \u0438 \u0434\u0438\u0458\u0430\u0441\u043f\u043e\u0440\u0430","description":"Stranica za dijasporu RS, ovdje mo\u017eete prona\u0107i sve informacije, pomo\u0107 i savjete na jednom mjestu.","robots":{"index":"index","follow":"follow","max-snippet":"max-snippet:-1","max-image-preview":"max-image-preview:large","max-video-preview":"max-video-preview:-1"},"canonical":"https:\/\/dijasporars.com\/en\/tribina-povodom-30-godina-ustava-republike-srpske-28-februara-u-beogradu\/","og_locale":"en_US","og_type":"article","og_title":"\u0422\u0440\u0438\u0431\u0438\u043d\u0430 \u043f\u043e\u0432\u043e\u0434\u043e\u043c 30 \u0433\u043e\u0434\u0438\u043d\u0430 \u0423\u0441\u0442\u0430\u0432\u0430 \u0420\u0435\u043f\u0443\u0431\u043b\u0438\u043a\u0435 \u0421\u0440\u043f\u0441\u043a\u0435 28. \u0444\u0435\u0431\u0440\u0443\u0430\u0440\u0430 \u0443 \u0411\u0435\u043e\u0433\u0440\u0430\u0434\u0443 - \u0420\u0435\u043f\u0443\u0431\u043b\u0438\u043a\u0430 \u0421\u0440\u043f\u0441\u043a\u0430 \u0438 \u0434\u0438\u0458\u0430\u0441\u043f\u043e\u0440\u0430","og_description":"Stranica za dijasporu RS, ovdje mo\u017eete prona\u0107i sve informacije, pomo\u0107 i savjete na jednom mjestu.","og_url":"https:\/\/dijasporars.com\/en\/tribina-povodom-30-godina-ustava-republike-srpske-28-februara-u-beogradu\/","og_site_name":"\u0420\u0435\u043f\u0443\u0431\u043b\u0438\u043a\u0430 \u0421\u0440\u043f\u0441\u043a\u0430 \u0438 \u0434\u0438\u0458\u0430\u0441\u043f\u043e\u0440\u0430","article_published_time":"2022-02-28T09:23:40+00:00","article_modified_time":"2022-02-28T09:23:59+00:00","og_image":[{"width":500,"height":280,"url":"https:\/\/dijasporars.com\/wp-content\/uploads\/2022\/02\/\u0424\u043e\u0442\u043e-\u041f\u0440\u0435\u0434\u0441\u0442\u0430\u0432\u043d\u0438\u0448\u0442\u0432\u043e-\u0420\u0435\u043f\u0443\u0431\u043b\u0438\u043a\u0435-\u0421\u0440\u043f\u0441\u043a\u0435-\u0443-\u0421\u0440\u0431\u0438\u0458\u0438-1.jpg","type":"image\/jpeg"}],"author":"dijasporars","twitter_card":"summary_large_image","twitter_misc":{"Written by":"dijasporars"},"schema":{"@context":"https:\/\/schema.org","@graph":[{"@type":"WebPage","@id":"https:\/\/dijasporars.com\/tribina-povodom-30-godina-ustava-republike-srpske-28-februara-u-beogradu\/","url":"https:\/\/dijasporars.com\/tribina-povodom-30-godina-ustava-republike-srpske-28-februara-u-beogradu\/","name":"\u0422\u0440\u0438\u0431\u0438\u043d\u0430 \u043f\u043e\u0432\u043e\u0434\u043e\u043c 30 \u0433\u043e\u0434\u0438\u043d\u0430 \u0423\u0441\u0442\u0430\u0432\u0430 \u0420\u0435\u043f\u0443\u0431\u043b\u0438\u043a\u0435 \u0421\u0440\u043f\u0441\u043a\u0435 28. \u0444\u0435\u0431\u0440\u0443\u0430\u0440\u0430 \u0443 \u0411\u0435\u043e\u0433\u0440\u0430\u0434\u0443 - \u0420\u0435\u043f\u0443\u0431\u043b\u0438\u043a\u0430 \u0421\u0440\u043f\u0441\u043a\u0430 \u0438 \u0434\u0438\u0458\u0430\u0441\u043f\u043e\u0440\u0430","isPartOf":{"@id":"https:\/\/dijasporars.com\/#website"},"primaryImageOfPage":{"@id":"https:\/\/dijasporars.com\/tribina-povodom-30-godina-ustava-republike-srpske-28-februara-u-beogradu\/#primaryimage"},"image":{"@id":"https:\/\/dijasporars.com\/tribina-povodom-30-godina-ustava-republike-srpske-28-februara-u-beogradu\/#primaryimage"},"thumbnailUrl":"https:\/\/dijasporars.com\/wp-content\/uploads\/2022\/02\/\u0424\u043e\u0442\u043e-\u041f\u0440\u0435\u0434\u0441\u0442\u0430\u0432\u043d\u0438\u0448\u0442\u0432\u043e-\u0420\u0435\u043f\u0443\u0431\u043b\u0438\u043a\u0435-\u0421\u0440\u043f\u0441\u043a\u0435-\u0443-\u0421\u0440\u0431\u0438\u0458\u0438-1.jpg","datePublished":"2022-02-28T09:23:40+00:00","dateModified":"2022-02-28T09:23:59+00:00","author":{"@id":"https:\/\/dijasporars.com\/#\/schema\/person\/f5052d53409aef50f7503bd1372c77ca"},"description":"Stranica za dijasporu RS, ovdje mo\u017eete prona\u0107i sve informacije, pomo\u0107 i savjete na jednom mjestu.","breadcrumb":{"@id":"https:\/\/dijasporars.com\/tribina-povodom-30-godina-ustava-republike-srpske-28-februara-u-beogradu\/#breadcrumb"},"inLanguage":"en-US","potentialAction":[{"@type":"ReadAction","target":["https:\/\/dijasporars.com\/tribina-povodom-30-godina-ustava-republike-srpske-28-februara-u-beogradu\/"]}]},{"@type":"ImageObject","inLanguage":"en-US","@id":"https:\/\/dijasporars.com\/tribina-povodom-30-godina-ustava-republike-srpske-28-februara-u-beogradu\/#primaryimage","url":"https:\/\/dijasporars.com\/wp-content\/uploads\/2022\/02\/\u0424\u043e\u0442\u043e-\u041f\u0440\u0435\u0434\u0441\u0442\u0430\u0432\u043d\u0438\u0448\u0442\u0432\u043e-\u0420\u0435\u043f\u0443\u0431\u043b\u0438\u043a\u0435-\u0421\u0440\u043f\u0441\u043a\u0435-\u0443-\u0421\u0440\u0431\u0438\u0458\u0438-1.jpg","contentUrl":"https:\/\/dijasporars.com\/wp-content\/uploads\/2022\/02\/\u0424\u043e\u0442\u043e-\u041f\u0440\u0435\u0434\u0441\u0442\u0430\u0432\u043d\u0438\u0448\u0442\u0432\u043e-\u0420\u0435\u043f\u0443\u0431\u043b\u0438\u043a\u0435-\u0421\u0440\u043f\u0441\u043a\u0435-\u0443-\u0421\u0440\u0431\u0438\u0458\u0438-1.jpg","width":500,"height":280},{"@type":"BreadcrumbList","@id":"https:\/\/dijasporars.com\/tribina-povodom-30-godina-ustava-republike-srpske-28-februara-u-beogradu\/#breadcrumb","itemListElement":[{"@type":"ListItem","position":1,"name":"\u041f\u043e\u0447\u0435\u0442\u043d\u0430","item":"https:\/\/dijasporars.com\/"},{"@type":"ListItem","position":2,"name":"\u0422\u0440\u0438\u0431\u0438\u043d\u0430 \u043f\u043e\u0432\u043e\u0434\u043e\u043c 30 \u0433\u043e\u0434\u0438\u043d\u0430 \u0423\u0441\u0442\u0430\u0432\u0430 \u0420\u0435\u043f\u0443\u0431\u043b\u0438\u043a\u0435 \u0421\u0440\u043f\u0441\u043a\u0435 28. \u0444\u0435\u0431\u0440\u0443\u0430\u0440\u0430 \u0443 \u0411\u0435\u043e\u0433\u0440\u0430\u0434\u0443"}]},{"@type":"WebSite","@id":"https:\/\/dijasporars.com\/#website","url":"https:\/\/dijasporars.com\/","name":"\u0420\u0435\u043f\u0443\u0431\u043b\u0438\u043a\u0430 \u0421\u0440\u043f\u0441\u043a\u0430 \u0438 \u0434\u0438\u0458\u0430\u0441\u043f\u043e\u0440\u0430","description":"","potentialAction":[{"@type":"SearchAction","target":{"@type":"EntryPoint","urlTemplate":"https:\/\/dijasporars.com\/?s={search_term_string}"},"query-input":{"@type":"PropertyValueSpecification","valueRequired":true,"valueName":"search_term_string"}}],"inLanguage":"en-US"},{"@type":"Person","@id":"https:\/\/dijasporars.com\/#\/schema\/person\/f5052d53409aef50f7503bd1372c77ca","name":"dijasporars","image":{"@type":"ImageObject","inLanguage":"en-US","@id":"https:\/\/dijasporars.com\/#\/schema\/person\/image\/","url":"https:\/\/secure.gravatar.com\/avatar\/759212a69df0744fb2be03efd361239831e31095061dacc7496bdf8524e0daf7?s=96&d=mm&r=g","contentUrl":"https:\/\/secure.gravatar.com\/avatar\/759212a69df0744fb2be03efd361239831e31095061dacc7496bdf8524e0daf7?s=96&d=mm&r=g","caption":"dijasporars"},"url":"https:\/\/dijasporars.com\/en\/author\/dijasporars\/"}]}},"_links":{"self":[{"href":"https:\/\/dijasporars.com\/en\/wp-json\/wp\/v2\/posts\/3781","targetHints":{"allow":["GET"]}}],"collection":[{"href":"https:\/\/dijasporars.com\/en\/wp-json\/wp\/v2\/posts"}],"about":[{"href":"https:\/\/dijasporars.com\/en\/wp-json\/wp\/v2\/types\/post"}],"author":[{"embeddable":true,"href":"https:\/\/dijasporars.com\/en\/wp-json\/wp\/v2\/users\/1"}],"replies":[{"embeddable":true,"href":"https:\/\/dijasporars.com\/en\/wp-json\/wp\/v2\/comments?post=3781"}],"version-history":[{"count":1,"href":"https:\/\/dijasporars.com\/en\/wp-json\/wp\/v2\/posts\/3781\/revisions"}],"predecessor-version":[{"id":3783,"href":"https:\/\/dijasporars.com\/en\/wp-json\/wp\/v2\/posts\/3781\/revisions\/3783"}],"wp:featuredmedia":[{"embeddable":true,"href":"https:\/\/dijasporars.com\/en\/wp-json\/wp\/v2\/media\/3782"}],"wp:attachment":[{"href":"https:\/\/dijasporars.com\/en\/wp-json\/wp\/v2\/media?parent=3781"}],"wp:term":[{"taxonomy":"category","embeddable":true,"href":"https:\/\/dijasporars.com\/en\/wp-json\/wp\/v2\/categories?post=3781"},{"taxonomy":"post_tag","embeddable":true,"href":"https:\/\/dijasporars.com\/en\/wp-json\/wp\/v2\/tags?post=3781"}],"curies":[{"name":"wp","href":"https:\/\/api.w.org\/{rel}","templated":true}]}}