{"id":3235,"date":"2021-09-16T12:22:20","date_gmt":"2021-09-16T10:22:20","guid":{"rendered":"https:\/\/dijasporars.com\/?p=3235"},"modified":"2021-09-16T13:21:21","modified_gmt":"2021-09-16T11:21:21","slug":"odrzana-svecanost-povodom-dana-jedinstva-slobode-i-nacionalne-zastave","status":"publish","type":"post","link":"https:\/\/dijasporars.com\/en\/odrzana-svecanost-povodom-dana-jedinstva-slobode-i-nacionalne-zastave\/","title":{"rendered":"Ceremony Held on the Occasion of Unity, Freedom and National Flag Day"},"content":{"rendered":"<p>A ceremony was held in the premises of the Embassy of the Republic of Serbia in Vienna on the occasion of 15 September, a day established in 2020 by the Government of Serbia and Government of the Republic of Srpska as the Day of Serbian Unity, Freedom and National Flag.<\/p>\n<p>The ceremony was opened by His Excellency Mr Neboj\u0161a Rodi\u0107, Ambassador of the Republic of Serbia to Austria, who emphasized the importance of celebrating this holiday. He said that 15 September was of great importance for the Serbian people, given that the famous Salonika Front had been broken through on this day in 1918, turning out to be a decisive moment for the collapse of the Central Powers in the First World War, known in history as the Great War. He also noted the importance of the Serbian flag and said that it was a \u2018pride, joy, remembrance of ancestors, strength for the present and at the same time incentive for the future.\u2019 On this occasion, His Excellency Ambassador Rodi\u0107 invited all those living in Austria to continue to celebrate this holiday.<\/p>\n<p>In addition to His Excellency Ambassador Rodi\u0107, a speech at this ceremony was also delivered by the Head of the Republic of Srpska Representation in Austria, Mag. Mladen Filipovi\u0107. He stated that celebration of this holiday was a very important first step in establishing the identity of the Serbian people, especially abroad. He also said that role of the Serbian Orthodox Church (SOC) was very important for the entire Serbian people as it nurtured tradition representing the foundation for future generations.<\/p>\n<p>Representatives of the Serbian Orthodox Church, Serbian associations, and businessmen also attended the ceremony.<\/p>\n<p>Source and photo: dunav.at<\/p>","protected":false},"excerpt":{"rendered":"<p>A ceremony was held in the premises of the Embassy of the Republic of Serbia in Vienna on the occasion of 15 September, a day established in 2020 by the Government of Serbia and Government of the Republic of Srpska as the Day of Serbian Unity, Freedom and National Flag.\nThe ceremony was opened by His Excellency Mr Neboj\u0161a Rodi\u0107, Ambassador of the Republic of Serbia to Austria, who emphasized the importance of celebrating this holiday. He said that 15 September was of great importance for the Serbian people, given that the famous Salonika Front had been broken through on this day in 1918, turning out to be a decisive moment for the collapse of the Central Powers in the First World War, known in history as the Great War. He also noted the importance of the Serbian flag and said that it was a \u2018pride, joy, remembrance of ancestors, strength for the present and at the same time incentive for the future.\u2019 On this occasion, His Excellency Ambassador Rodi\u0107 invited all those living in Austria to continue to celebrate this holiday.<\/p>","protected":false},"author":1,"featured_media":3236,"comment_status":"closed","ping_status":"closed","sticky":false,"template":"","format":"standard","meta":{"footnotes":""},"categories":[76],"tags":[],"class_list":["post-3235","post","type-post","status-publish","format-standard","has-post-thumbnail","hentry","category-vijesti-dijaspora"],"yoast_head":"<!-- This site is optimized with the Yoast SEO plugin v24.6 - https:\/\/yoast.com\/wordpress\/plugins\/seo\/ -->\n<title>\u041e\u0434\u0440\u0436\u0430\u043d\u0430 \u0441\u0432\u0435\u0447\u0430\u043d\u043e\u0441\u0442 \u043f\u043e\u0432\u043e\u0434\u043e\u043c \u0414\u0430\u043d\u0430 \u0458\u0435\u0434\u0438\u043d\u0441\u0442\u0432\u0430, \u0441\u043b\u043e\u0431\u043e\u0434\u0435 \u0438 \u043d\u0430\u0446\u0438\u043e\u043d\u0430\u043b\u043d\u0435 \u0437\u0430\u0441\u0442\u0430\u0432\u0435 - \u0420\u0435\u043f\u0443\u0431\u043b\u0438\u043a\u0430 \u0421\u0440\u043f\u0441\u043a\u0430 \u0438 \u0434\u0438\u0458\u0430\u0441\u043f\u043e\u0440\u0430<\/title>\n<meta name=\"description\" content=\"Stranica za dijasporu RS, ovdje mo\u017eete prona\u0107i sve informacije, pomo\u0107 i savjete na jednom mjestu.\" \/>\n<meta name=\"robots\" content=\"index, follow, max-snippet:-1, max-image-preview:large, max-video-preview:-1\" \/>\n<link rel=\"canonical\" href=\"https:\/\/dijasporars.com\/en\/odrzana-svecanost-povodom-dana-jedinstva-slobode-i-nacionalne-zastave\/\" \/>\n<meta property=\"og:locale\" content=\"en_US\" \/>\n<meta property=\"og:type\" content=\"article\" \/>\n<meta property=\"og:title\" content=\"\u041e\u0434\u0440\u0436\u0430\u043d\u0430 \u0441\u0432\u0435\u0447\u0430\u043d\u043e\u0441\u0442 \u043f\u043e\u0432\u043e\u0434\u043e\u043c \u0414\u0430\u043d\u0430 \u0458\u0435\u0434\u0438\u043d\u0441\u0442\u0432\u0430, \u0441\u043b\u043e\u0431\u043e\u0434\u0435 \u0438 \u043d\u0430\u0446\u0438\u043e\u043d\u0430\u043b\u043d\u0435 \u0437\u0430\u0441\u0442\u0430\u0432\u0435 - \u0420\u0435\u043f\u0443\u0431\u043b\u0438\u043a\u0430 \u0421\u0440\u043f\u0441\u043a\u0430 \u0438 \u0434\u0438\u0458\u0430\u0441\u043f\u043e\u0440\u0430\" \/>\n<meta property=\"og:description\" content=\"Stranica za dijasporu RS, ovdje mo\u017eete prona\u0107i sve informacije, pomo\u0107 i savjete na jednom mjestu.\" \/>\n<meta property=\"og:url\" content=\"https:\/\/dijasporars.com\/en\/odrzana-svecanost-povodom-dana-jedinstva-slobode-i-nacionalne-zastave\/\" \/>\n<meta property=\"og:site_name\" content=\"\u0420\u0435\u043f\u0443\u0431\u043b\u0438\u043a\u0430 \u0421\u0440\u043f\u0441\u043a\u0430 \u0438 \u0434\u0438\u0458\u0430\u0441\u043f\u043e\u0440\u0430\" \/>\n<meta property=\"article:published_time\" content=\"2021-09-16T10:22:20+00:00\" \/>\n<meta property=\"article:modified_time\" content=\"2021-09-16T11:21:21+00:00\" \/>\n<meta property=\"og:image\" content=\"https:\/\/dijasporars.com\/wp-content\/uploads\/2021\/09\/\u0424\u043e\u0442\u043e-\u041c\u043b\u0430\u0434\u0435\u043d-\u0424\u0438\u043b\u0438\u043f\u043e\u0432\u0438\u045b-\u0438-\u0430\u043c\u0431\u0430\u0441\u0430\u0434\u043e\u0440-\u0420\u043e\u0434\u0438\u045b.jpg\" \/>\n\t<meta property=\"og:image:width\" content=\"1000\" \/>\n\t<meta property=\"og:image:height\" content=\"665\" \/>\n\t<meta property=\"og:image:type\" content=\"image\/jpeg\" \/>\n<meta name=\"author\" content=\"dijasporars\" \/>\n<meta name=\"twitter:card\" content=\"summary_large_image\" \/>\n<meta name=\"twitter:label1\" content=\"Written by\" \/>\n\t<meta name=\"twitter:data1\" content=\"dijasporars\" \/>\n<script type=\"application\/ld+json\" class=\"yoast-schema-graph\">{\"@context\":\"https:\/\/schema.org\",\"@graph\":[{\"@type\":\"WebPage\",\"@id\":\"https:\/\/dijasporars.com\/odrzana-svecanost-povodom-dana-jedinstva-slobode-i-nacionalne-zastave\/\",\"url\":\"https:\/\/dijasporars.com\/odrzana-svecanost-povodom-dana-jedinstva-slobode-i-nacionalne-zastave\/\",\"name\":\"\u041e\u0434\u0440\u0436\u0430\u043d\u0430 \u0441\u0432\u0435\u0447\u0430\u043d\u043e\u0441\u0442 \u043f\u043e\u0432\u043e\u0434\u043e\u043c \u0414\u0430\u043d\u0430 \u0458\u0435\u0434\u0438\u043d\u0441\u0442\u0432\u0430, \u0441\u043b\u043e\u0431\u043e\u0434\u0435 \u0438 \u043d\u0430\u0446\u0438\u043e\u043d\u0430\u043b\u043d\u0435 \u0437\u0430\u0441\u0442\u0430\u0432\u0435 - \u0420\u0435\u043f\u0443\u0431\u043b\u0438\u043a\u0430 \u0421\u0440\u043f\u0441\u043a\u0430 \u0438 \u0434\u0438\u0458\u0430\u0441\u043f\u043e\u0440\u0430\",\"isPartOf\":{\"@id\":\"https:\/\/dijasporars.com\/#website\"},\"primaryImageOfPage\":{\"@id\":\"https:\/\/dijasporars.com\/odrzana-svecanost-povodom-dana-jedinstva-slobode-i-nacionalne-zastave\/#primaryimage\"},\"image\":{\"@id\":\"https:\/\/dijasporars.com\/odrzana-svecanost-povodom-dana-jedinstva-slobode-i-nacionalne-zastave\/#primaryimage\"},\"thumbnailUrl\":\"https:\/\/dijasporars.com\/wp-content\/uploads\/2021\/09\/\u0424\u043e\u0442\u043e-\u041c\u043b\u0430\u0434\u0435\u043d-\u0424\u0438\u043b\u0438\u043f\u043e\u0432\u0438\u045b-\u0438-\u0430\u043c\u0431\u0430\u0441\u0430\u0434\u043e\u0440-\u0420\u043e\u0434\u0438\u045b.jpg\",\"datePublished\":\"2021-09-16T10:22:20+00:00\",\"dateModified\":\"2021-09-16T11:21:21+00:00\",\"author\":{\"@id\":\"https:\/\/dijasporars.com\/#\/schema\/person\/f5052d53409aef50f7503bd1372c77ca\"},\"description\":\"Stranica za dijasporu RS, ovdje mo\u017eete prona\u0107i sve informacije, pomo\u0107 i savjete na jednom mjestu.\",\"breadcrumb\":{\"@id\":\"https:\/\/dijasporars.com\/odrzana-svecanost-povodom-dana-jedinstva-slobode-i-nacionalne-zastave\/#breadcrumb\"},\"inLanguage\":\"en-US\",\"potentialAction\":[{\"@type\":\"ReadAction\",\"target\":[\"https:\/\/dijasporars.com\/odrzana-svecanost-povodom-dana-jedinstva-slobode-i-nacionalne-zastave\/\"]}]},{\"@type\":\"ImageObject\",\"inLanguage\":\"en-US\",\"@id\":\"https:\/\/dijasporars.com\/odrzana-svecanost-povodom-dana-jedinstva-slobode-i-nacionalne-zastave\/#primaryimage\",\"url\":\"https:\/\/dijasporars.com\/wp-content\/uploads\/2021\/09\/\u0424\u043e\u0442\u043e-\u041c\u043b\u0430\u0434\u0435\u043d-\u0424\u0438\u043b\u0438\u043f\u043e\u0432\u0438\u045b-\u0438-\u0430\u043c\u0431\u0430\u0441\u0430\u0434\u043e\u0440-\u0420\u043e\u0434\u0438\u045b.jpg\",\"contentUrl\":\"https:\/\/dijasporars.com\/wp-content\/uploads\/2021\/09\/\u0424\u043e\u0442\u043e-\u041c\u043b\u0430\u0434\u0435\u043d-\u0424\u0438\u043b\u0438\u043f\u043e\u0432\u0438\u045b-\u0438-\u0430\u043c\u0431\u0430\u0441\u0430\u0434\u043e\u0440-\u0420\u043e\u0434\u0438\u045b.jpg\",\"width\":1000,\"height\":665},{\"@type\":\"BreadcrumbList\",\"@id\":\"https:\/\/dijasporars.com\/odrzana-svecanost-povodom-dana-jedinstva-slobode-i-nacionalne-zastave\/#breadcrumb\",\"itemListElement\":[{\"@type\":\"ListItem\",\"position\":1,\"name\":\"\u041f\u043e\u0447\u0435\u0442\u043d\u0430\",\"item\":\"https:\/\/dijasporars.com\/\"},{\"@type\":\"ListItem\",\"position\":2,\"name\":\"\u041e\u0434\u0440\u0436\u0430\u043d\u0430 \u0441\u0432\u0435\u0447\u0430\u043d\u043e\u0441\u0442 \u043f\u043e\u0432\u043e\u0434\u043e\u043c \u0414\u0430\u043d\u0430 \u0458\u0435\u0434\u0438\u043d\u0441\u0442\u0432\u0430, \u0441\u043b\u043e\u0431\u043e\u0434\u0435 \u0438 \u043d\u0430\u0446\u0438\u043e\u043d\u0430\u043b\u043d\u0435 \u0437\u0430\u0441\u0442\u0430\u0432\u0435\"}]},{\"@type\":\"WebSite\",\"@id\":\"https:\/\/dijasporars.com\/#website\",\"url\":\"https:\/\/dijasporars.com\/\",\"name\":\"\u0420\u0435\u043f\u0443\u0431\u043b\u0438\u043a\u0430 \u0421\u0440\u043f\u0441\u043a\u0430 \u0438 \u0434\u0438\u0458\u0430\u0441\u043f\u043e\u0440\u0430\",\"description\":\"\",\"potentialAction\":[{\"@type\":\"SearchAction\",\"target\":{\"@type\":\"EntryPoint\",\"urlTemplate\":\"https:\/\/dijasporars.com\/?s={search_term_string}\"},\"query-input\":{\"@type\":\"PropertyValueSpecification\",\"valueRequired\":true,\"valueName\":\"search_term_string\"}}],\"inLanguage\":\"en-US\"},{\"@type\":\"Person\",\"@id\":\"https:\/\/dijasporars.com\/#\/schema\/person\/f5052d53409aef50f7503bd1372c77ca\",\"name\":\"dijasporars\",\"image\":{\"@type\":\"ImageObject\",\"inLanguage\":\"en-US\",\"@id\":\"https:\/\/dijasporars.com\/#\/schema\/person\/image\/\",\"url\":\"https:\/\/secure.gravatar.com\/avatar\/759212a69df0744fb2be03efd361239831e31095061dacc7496bdf8524e0daf7?s=96&d=mm&r=g\",\"contentUrl\":\"https:\/\/secure.gravatar.com\/avatar\/759212a69df0744fb2be03efd361239831e31095061dacc7496bdf8524e0daf7?s=96&d=mm&r=g\",\"caption\":\"dijasporars\"},\"url\":\"https:\/\/dijasporars.com\/en\/author\/dijasporars\/\"}]}<\/script>\n<!-- \/ Yoast SEO plugin. -->","yoast_head_json":{"title":"\u041e\u0434\u0440\u0436\u0430\u043d\u0430 \u0441\u0432\u0435\u0447\u0430\u043d\u043e\u0441\u0442 \u043f\u043e\u0432\u043e\u0434\u043e\u043c \u0414\u0430\u043d\u0430 \u0458\u0435\u0434\u0438\u043d\u0441\u0442\u0432\u0430, \u0441\u043b\u043e\u0431\u043e\u0434\u0435 \u0438 \u043d\u0430\u0446\u0438\u043e\u043d\u0430\u043b\u043d\u0435 \u0437\u0430\u0441\u0442\u0430\u0432\u0435 - \u0420\u0435\u043f\u0443\u0431\u043b\u0438\u043a\u0430 \u0421\u0440\u043f\u0441\u043a\u0430 \u0438 \u0434\u0438\u0458\u0430\u0441\u043f\u043e\u0440\u0430","description":"Stranica za dijasporu RS, ovdje mo\u017eete prona\u0107i sve informacije, pomo\u0107 i savjete na jednom mjestu.","robots":{"index":"index","follow":"follow","max-snippet":"max-snippet:-1","max-image-preview":"max-image-preview:large","max-video-preview":"max-video-preview:-1"},"canonical":"https:\/\/dijasporars.com\/en\/odrzana-svecanost-povodom-dana-jedinstva-slobode-i-nacionalne-zastave\/","og_locale":"en_US","og_type":"article","og_title":"\u041e\u0434\u0440\u0436\u0430\u043d\u0430 \u0441\u0432\u0435\u0447\u0430\u043d\u043e\u0441\u0442 \u043f\u043e\u0432\u043e\u0434\u043e\u043c \u0414\u0430\u043d\u0430 \u0458\u0435\u0434\u0438\u043d\u0441\u0442\u0432\u0430, \u0441\u043b\u043e\u0431\u043e\u0434\u0435 \u0438 \u043d\u0430\u0446\u0438\u043e\u043d\u0430\u043b\u043d\u0435 \u0437\u0430\u0441\u0442\u0430\u0432\u0435 - \u0420\u0435\u043f\u0443\u0431\u043b\u0438\u043a\u0430 \u0421\u0440\u043f\u0441\u043a\u0430 \u0438 \u0434\u0438\u0458\u0430\u0441\u043f\u043e\u0440\u0430","og_description":"Stranica za dijasporu RS, ovdje mo\u017eete prona\u0107i sve informacije, pomo\u0107 i savjete na jednom mjestu.","og_url":"https:\/\/dijasporars.com\/en\/odrzana-svecanost-povodom-dana-jedinstva-slobode-i-nacionalne-zastave\/","og_site_name":"\u0420\u0435\u043f\u0443\u0431\u043b\u0438\u043a\u0430 \u0421\u0440\u043f\u0441\u043a\u0430 \u0438 \u0434\u0438\u0458\u0430\u0441\u043f\u043e\u0440\u0430","article_published_time":"2021-09-16T10:22:20+00:00","article_modified_time":"2021-09-16T11:21:21+00:00","og_image":[{"width":1000,"height":665,"url":"https:\/\/dijasporars.com\/wp-content\/uploads\/2021\/09\/\u0424\u043e\u0442\u043e-\u041c\u043b\u0430\u0434\u0435\u043d-\u0424\u0438\u043b\u0438\u043f\u043e\u0432\u0438\u045b-\u0438-\u0430\u043c\u0431\u0430\u0441\u0430\u0434\u043e\u0440-\u0420\u043e\u0434\u0438\u045b.jpg","type":"image\/jpeg"}],"author":"dijasporars","twitter_card":"summary_large_image","twitter_misc":{"Written by":"dijasporars"},"schema":{"@context":"https:\/\/schema.org","@graph":[{"@type":"WebPage","@id":"https:\/\/dijasporars.com\/odrzana-svecanost-povodom-dana-jedinstva-slobode-i-nacionalne-zastave\/","url":"https:\/\/dijasporars.com\/odrzana-svecanost-povodom-dana-jedinstva-slobode-i-nacionalne-zastave\/","name":"\u041e\u0434\u0440\u0436\u0430\u043d\u0430 \u0441\u0432\u0435\u0447\u0430\u043d\u043e\u0441\u0442 \u043f\u043e\u0432\u043e\u0434\u043e\u043c \u0414\u0430\u043d\u0430 \u0458\u0435\u0434\u0438\u043d\u0441\u0442\u0432\u0430, \u0441\u043b\u043e\u0431\u043e\u0434\u0435 \u0438 \u043d\u0430\u0446\u0438\u043e\u043d\u0430\u043b\u043d\u0435 \u0437\u0430\u0441\u0442\u0430\u0432\u0435 - \u0420\u0435\u043f\u0443\u0431\u043b\u0438\u043a\u0430 \u0421\u0440\u043f\u0441\u043a\u0430 \u0438 \u0434\u0438\u0458\u0430\u0441\u043f\u043e\u0440\u0430","isPartOf":{"@id":"https:\/\/dijasporars.com\/#website"},"primaryImageOfPage":{"@id":"https:\/\/dijasporars.com\/odrzana-svecanost-povodom-dana-jedinstva-slobode-i-nacionalne-zastave\/#primaryimage"},"image":{"@id":"https:\/\/dijasporars.com\/odrzana-svecanost-povodom-dana-jedinstva-slobode-i-nacionalne-zastave\/#primaryimage"},"thumbnailUrl":"https:\/\/dijasporars.com\/wp-content\/uploads\/2021\/09\/\u0424\u043e\u0442\u043e-\u041c\u043b\u0430\u0434\u0435\u043d-\u0424\u0438\u043b\u0438\u043f\u043e\u0432\u0438\u045b-\u0438-\u0430\u043c\u0431\u0430\u0441\u0430\u0434\u043e\u0440-\u0420\u043e\u0434\u0438\u045b.jpg","datePublished":"2021-09-16T10:22:20+00:00","dateModified":"2021-09-16T11:21:21+00:00","author":{"@id":"https:\/\/dijasporars.com\/#\/schema\/person\/f5052d53409aef50f7503bd1372c77ca"},"description":"Stranica za dijasporu RS, ovdje mo\u017eete prona\u0107i sve informacije, pomo\u0107 i savjete na jednom mjestu.","breadcrumb":{"@id":"https:\/\/dijasporars.com\/odrzana-svecanost-povodom-dana-jedinstva-slobode-i-nacionalne-zastave\/#breadcrumb"},"inLanguage":"en-US","potentialAction":[{"@type":"ReadAction","target":["https:\/\/dijasporars.com\/odrzana-svecanost-povodom-dana-jedinstva-slobode-i-nacionalne-zastave\/"]}]},{"@type":"ImageObject","inLanguage":"en-US","@id":"https:\/\/dijasporars.com\/odrzana-svecanost-povodom-dana-jedinstva-slobode-i-nacionalne-zastave\/#primaryimage","url":"https:\/\/dijasporars.com\/wp-content\/uploads\/2021\/09\/\u0424\u043e\u0442\u043e-\u041c\u043b\u0430\u0434\u0435\u043d-\u0424\u0438\u043b\u0438\u043f\u043e\u0432\u0438\u045b-\u0438-\u0430\u043c\u0431\u0430\u0441\u0430\u0434\u043e\u0440-\u0420\u043e\u0434\u0438\u045b.jpg","contentUrl":"https:\/\/dijasporars.com\/wp-content\/uploads\/2021\/09\/\u0424\u043e\u0442\u043e-\u041c\u043b\u0430\u0434\u0435\u043d-\u0424\u0438\u043b\u0438\u043f\u043e\u0432\u0438\u045b-\u0438-\u0430\u043c\u0431\u0430\u0441\u0430\u0434\u043e\u0440-\u0420\u043e\u0434\u0438\u045b.jpg","width":1000,"height":665},{"@type":"BreadcrumbList","@id":"https:\/\/dijasporars.com\/odrzana-svecanost-povodom-dana-jedinstva-slobode-i-nacionalne-zastave\/#breadcrumb","itemListElement":[{"@type":"ListItem","position":1,"name":"\u041f\u043e\u0447\u0435\u0442\u043d\u0430","item":"https:\/\/dijasporars.com\/"},{"@type":"ListItem","position":2,"name":"\u041e\u0434\u0440\u0436\u0430\u043d\u0430 \u0441\u0432\u0435\u0447\u0430\u043d\u043e\u0441\u0442 \u043f\u043e\u0432\u043e\u0434\u043e\u043c \u0414\u0430\u043d\u0430 \u0458\u0435\u0434\u0438\u043d\u0441\u0442\u0432\u0430, \u0441\u043b\u043e\u0431\u043e\u0434\u0435 \u0438 \u043d\u0430\u0446\u0438\u043e\u043d\u0430\u043b\u043d\u0435 \u0437\u0430\u0441\u0442\u0430\u0432\u0435"}]},{"@type":"WebSite","@id":"https:\/\/dijasporars.com\/#website","url":"https:\/\/dijasporars.com\/","name":"\u0420\u0435\u043f\u0443\u0431\u043b\u0438\u043a\u0430 \u0421\u0440\u043f\u0441\u043a\u0430 \u0438 \u0434\u0438\u0458\u0430\u0441\u043f\u043e\u0440\u0430","description":"","potentialAction":[{"@type":"SearchAction","target":{"@type":"EntryPoint","urlTemplate":"https:\/\/dijasporars.com\/?s={search_term_string}"},"query-input":{"@type":"PropertyValueSpecification","valueRequired":true,"valueName":"search_term_string"}}],"inLanguage":"en-US"},{"@type":"Person","@id":"https:\/\/dijasporars.com\/#\/schema\/person\/f5052d53409aef50f7503bd1372c77ca","name":"dijasporars","image":{"@type":"ImageObject","inLanguage":"en-US","@id":"https:\/\/dijasporars.com\/#\/schema\/person\/image\/","url":"https:\/\/secure.gravatar.com\/avatar\/759212a69df0744fb2be03efd361239831e31095061dacc7496bdf8524e0daf7?s=96&d=mm&r=g","contentUrl":"https:\/\/secure.gravatar.com\/avatar\/759212a69df0744fb2be03efd361239831e31095061dacc7496bdf8524e0daf7?s=96&d=mm&r=g","caption":"dijasporars"},"url":"https:\/\/dijasporars.com\/en\/author\/dijasporars\/"}]}},"_links":{"self":[{"href":"https:\/\/dijasporars.com\/en\/wp-json\/wp\/v2\/posts\/3235","targetHints":{"allow":["GET"]}}],"collection":[{"href":"https:\/\/dijasporars.com\/en\/wp-json\/wp\/v2\/posts"}],"about":[{"href":"https:\/\/dijasporars.com\/en\/wp-json\/wp\/v2\/types\/post"}],"author":[{"embeddable":true,"href":"https:\/\/dijasporars.com\/en\/wp-json\/wp\/v2\/users\/1"}],"replies":[{"embeddable":true,"href":"https:\/\/dijasporars.com\/en\/wp-json\/wp\/v2\/comments?post=3235"}],"version-history":[{"count":3,"href":"https:\/\/dijasporars.com\/en\/wp-json\/wp\/v2\/posts\/3235\/revisions"}],"predecessor-version":[{"id":3240,"href":"https:\/\/dijasporars.com\/en\/wp-json\/wp\/v2\/posts\/3235\/revisions\/3240"}],"wp:featuredmedia":[{"embeddable":true,"href":"https:\/\/dijasporars.com\/en\/wp-json\/wp\/v2\/media\/3236"}],"wp:attachment":[{"href":"https:\/\/dijasporars.com\/en\/wp-json\/wp\/v2\/media?parent=3235"}],"wp:term":[{"taxonomy":"category","embeddable":true,"href":"https:\/\/dijasporars.com\/en\/wp-json\/wp\/v2\/categories?post=3235"},{"taxonomy":"post_tag","embeddable":true,"href":"https:\/\/dijasporars.com\/en\/wp-json\/wp\/v2\/tags?post=3235"}],"curies":[{"name":"wp","href":"https:\/\/api.w.org\/{rel}","templated":true}]}}