{"id":3085,"date":"2021-08-18T14:41:55","date_gmt":"2021-08-18T12:41:55","guid":{"rendered":"https:\/\/dijasporars.com\/?p=3085"},"modified":"2021-08-18T14:42:19","modified_gmt":"2021-08-18T12:42:19","slug":"gujon-od-septembra-kampanja-sa-srpskom-za-zastitu-imovine-srba-u-fbih","status":"publish","type":"post","link":"https:\/\/dijasporars.com\/en\/gujon-od-septembra-kampanja-sa-srpskom-za-zastitu-imovine-srba-u-fbih\/","title":{"rendered":"Gouillon: Campaign with Srpska to Protect Serb Property in FBiH Starts September"},"content":{"rendered":"<p>The Director of the Directorate for Cooperation with the Diaspora and Serbs in the Region, Arnaud Gouillon, announced that from September, in cooperation with the institutions of the Republic of Srpska, the Directorate would launch a campaign for the protection of property rights of Serbs in the Federation of BiH.<\/p>\n<p>He said that the Directorate wanted to raise this problem to the highest possible level because some kind of seizing of the property belonging to the Serbian people was underway, under the pretext of harmonizing the land registers.<\/p>\n<p>\u2013 The problems of Serbs in the region are numerous \u2013 discrimination, hate speech, appropriating houses, attacks \u2013 Gouillon told RTS.<\/p>\n<p>He stated that the competition launched by the Directorate for financing projects in the region and the diaspora aimed at preserving the culture, language and identity of the Serbian people, had been closed.<\/p>\n<p>\u2013 It is important for our people living in the region and the world not to forget who they are and where they are from, and that is a precondition for being able to open up to others \u2013 said Gouillon.<\/p>\n<p>Source: RTRS<\/p>\n<p>Photo: Twitter<\/p>","protected":false},"excerpt":{"rendered":"<p>The Director of the Directorate for Cooperation with the Diaspora and Serbs in the Region, Arnaud Gouillon, announced that from September, in cooperation with the institutions of the Republic of Srpska, the Directorate would launch a campaign for the protection of property rights of Serbs in the Federation of BiH. He said that the Directorate wanted to raise this problem to the highest possible level because some kind of seizing<\/p>","protected":false},"author":1,"featured_media":3086,"comment_status":"closed","ping_status":"closed","sticky":false,"template":"","format":"standard","meta":{"footnotes":""},"categories":[52,76,77],"tags":[],"class_list":["post-3085","post","type-post","status-publish","format-standard","has-post-thumbnail","hentry","category-vijesti","category-vijesti-dijaspora","category-vijesti-republika-srpska"],"yoast_head":"<!-- This site is optimized with the Yoast SEO plugin v24.6 - https:\/\/yoast.com\/wordpress\/plugins\/seo\/ -->\n<title>\u0413\u0443\u0458\u043e\u043d: \u041e\u0434 \u0441\u0435\u043f\u0442\u0435\u043c\u0431\u0440\u0430 \u043a\u0430\u043c\u043f\u0430\u045a\u0430 \u0441\u0430 \u0421\u0440\u043f\u0441\u043a\u043e\u043c \u0437\u0430 \u0437\u0430\u0448\u0442\u0438\u0442\u0443 \u0438\u043c\u043e\u0432\u0438\u043d\u0435 \u0421\u0440\u0431\u0430 \u0443 \u0424\u0411\u0438\u0425 - \u0420\u0435\u043f\u0443\u0431\u043b\u0438\u043a\u0430 \u0421\u0440\u043f\u0441\u043a\u0430 \u0438 \u0434\u0438\u0458\u0430\u0441\u043f\u043e\u0440\u0430<\/title>\n<meta name=\"description\" content=\"Stranica za dijasporu RS, ovdje mo\u017eete prona\u0107i sve informacije, pomo\u0107 i savjete na jednom mjestu.\" \/>\n<meta name=\"robots\" content=\"index, follow, max-snippet:-1, max-image-preview:large, max-video-preview:-1\" \/>\n<link rel=\"canonical\" href=\"https:\/\/dijasporars.com\/en\/gujon-od-septembra-kampanja-sa-srpskom-za-zastitu-imovine-srba-u-fbih\/\" \/>\n<meta property=\"og:locale\" content=\"en_US\" \/>\n<meta property=\"og:type\" content=\"article\" \/>\n<meta property=\"og:title\" content=\"\u0413\u0443\u0458\u043e\u043d: \u041e\u0434 \u0441\u0435\u043f\u0442\u0435\u043c\u0431\u0440\u0430 \u043a\u0430\u043c\u043f\u0430\u045a\u0430 \u0441\u0430 \u0421\u0440\u043f\u0441\u043a\u043e\u043c \u0437\u0430 \u0437\u0430\u0448\u0442\u0438\u0442\u0443 \u0438\u043c\u043e\u0432\u0438\u043d\u0435 \u0421\u0440\u0431\u0430 \u0443 \u0424\u0411\u0438\u0425 - \u0420\u0435\u043f\u0443\u0431\u043b\u0438\u043a\u0430 \u0421\u0440\u043f\u0441\u043a\u0430 \u0438 \u0434\u0438\u0458\u0430\u0441\u043f\u043e\u0440\u0430\" \/>\n<meta property=\"og:description\" content=\"Stranica za dijasporu RS, ovdje mo\u017eete prona\u0107i sve informacije, pomo\u0107 i savjete na jednom mjestu.\" \/>\n<meta property=\"og:url\" content=\"https:\/\/dijasporars.com\/en\/gujon-od-septembra-kampanja-sa-srpskom-za-zastitu-imovine-srba-u-fbih\/\" \/>\n<meta property=\"og:site_name\" content=\"\u0420\u0435\u043f\u0443\u0431\u043b\u0438\u043a\u0430 \u0421\u0440\u043f\u0441\u043a\u0430 \u0438 \u0434\u0438\u0458\u0430\u0441\u043f\u043e\u0440\u0430\" \/>\n<meta property=\"article:published_time\" content=\"2021-08-18T12:41:55+00:00\" \/>\n<meta property=\"article:modified_time\" content=\"2021-08-18T12:42:19+00:00\" \/>\n<meta property=\"og:image\" content=\"https:\/\/dijasporars.com\/wp-content\/uploads\/2021\/08\/\u0424\u043e\u0442\u043e-\u0422witter.jpg\" \/>\n\t<meta property=\"og:image:width\" content=\"658\" \/>\n\t<meta property=\"og:image:height\" content=\"494\" \/>\n\t<meta property=\"og:image:type\" content=\"image\/jpeg\" \/>\n<meta name=\"author\" content=\"dijasporars\" \/>\n<meta name=\"twitter:card\" content=\"summary_large_image\" \/>\n<meta name=\"twitter:label1\" content=\"Written by\" \/>\n\t<meta name=\"twitter:data1\" content=\"dijasporars\" \/>\n<script type=\"application\/ld+json\" class=\"yoast-schema-graph\">{\"@context\":\"https:\/\/schema.org\",\"@graph\":[{\"@type\":\"WebPage\",\"@id\":\"https:\/\/dijasporars.com\/gujon-od-septembra-kampanja-sa-srpskom-za-zastitu-imovine-srba-u-fbih\/\",\"url\":\"https:\/\/dijasporars.com\/gujon-od-septembra-kampanja-sa-srpskom-za-zastitu-imovine-srba-u-fbih\/\",\"name\":\"\u0413\u0443\u0458\u043e\u043d: \u041e\u0434 \u0441\u0435\u043f\u0442\u0435\u043c\u0431\u0440\u0430 \u043a\u0430\u043c\u043f\u0430\u045a\u0430 \u0441\u0430 \u0421\u0440\u043f\u0441\u043a\u043e\u043c \u0437\u0430 \u0437\u0430\u0448\u0442\u0438\u0442\u0443 \u0438\u043c\u043e\u0432\u0438\u043d\u0435 \u0421\u0440\u0431\u0430 \u0443 \u0424\u0411\u0438\u0425 - \u0420\u0435\u043f\u0443\u0431\u043b\u0438\u043a\u0430 \u0421\u0440\u043f\u0441\u043a\u0430 \u0438 \u0434\u0438\u0458\u0430\u0441\u043f\u043e\u0440\u0430\",\"isPartOf\":{\"@id\":\"https:\/\/dijasporars.com\/#website\"},\"primaryImageOfPage\":{\"@id\":\"https:\/\/dijasporars.com\/gujon-od-septembra-kampanja-sa-srpskom-za-zastitu-imovine-srba-u-fbih\/#primaryimage\"},\"image\":{\"@id\":\"https:\/\/dijasporars.com\/gujon-od-septembra-kampanja-sa-srpskom-za-zastitu-imovine-srba-u-fbih\/#primaryimage\"},\"thumbnailUrl\":\"https:\/\/dijasporars.com\/wp-content\/uploads\/2021\/08\/\u0424\u043e\u0442\u043e-\u0422witter.jpg\",\"datePublished\":\"2021-08-18T12:41:55+00:00\",\"dateModified\":\"2021-08-18T12:42:19+00:00\",\"author\":{\"@id\":\"https:\/\/dijasporars.com\/#\/schema\/person\/f5052d53409aef50f7503bd1372c77ca\"},\"description\":\"Stranica za dijasporu RS, ovdje mo\u017eete prona\u0107i sve informacije, pomo\u0107 i savjete na jednom mjestu.\",\"breadcrumb\":{\"@id\":\"https:\/\/dijasporars.com\/gujon-od-septembra-kampanja-sa-srpskom-za-zastitu-imovine-srba-u-fbih\/#breadcrumb\"},\"inLanguage\":\"en-US\",\"potentialAction\":[{\"@type\":\"ReadAction\",\"target\":[\"https:\/\/dijasporars.com\/gujon-od-septembra-kampanja-sa-srpskom-za-zastitu-imovine-srba-u-fbih\/\"]}]},{\"@type\":\"ImageObject\",\"inLanguage\":\"en-US\",\"@id\":\"https:\/\/dijasporars.com\/gujon-od-septembra-kampanja-sa-srpskom-za-zastitu-imovine-srba-u-fbih\/#primaryimage\",\"url\":\"https:\/\/dijasporars.com\/wp-content\/uploads\/2021\/08\/\u0424\u043e\u0442\u043e-\u0422witter.jpg\",\"contentUrl\":\"https:\/\/dijasporars.com\/wp-content\/uploads\/2021\/08\/\u0424\u043e\u0442\u043e-\u0422witter.jpg\",\"width\":658,\"height\":494},{\"@type\":\"BreadcrumbList\",\"@id\":\"https:\/\/dijasporars.com\/gujon-od-septembra-kampanja-sa-srpskom-za-zastitu-imovine-srba-u-fbih\/#breadcrumb\",\"itemListElement\":[{\"@type\":\"ListItem\",\"position\":1,\"name\":\"\u041f\u043e\u0447\u0435\u0442\u043d\u0430\",\"item\":\"https:\/\/dijasporars.com\/\"},{\"@type\":\"ListItem\",\"position\":2,\"name\":\"\u0413\u0443\u0458\u043e\u043d: \u041e\u0434 \u0441\u0435\u043f\u0442\u0435\u043c\u0431\u0440\u0430 \u043a\u0430\u043c\u043f\u0430\u045a\u0430 \u0441\u0430 \u0421\u0440\u043f\u0441\u043a\u043e\u043c \u0437\u0430 \u0437\u0430\u0448\u0442\u0438\u0442\u0443 \u0438\u043c\u043e\u0432\u0438\u043d\u0435 \u0421\u0440\u0431\u0430 \u0443 \u0424\u0411\u0438\u0425\"}]},{\"@type\":\"WebSite\",\"@id\":\"https:\/\/dijasporars.com\/#website\",\"url\":\"https:\/\/dijasporars.com\/\",\"name\":\"\u0420\u0435\u043f\u0443\u0431\u043b\u0438\u043a\u0430 \u0421\u0440\u043f\u0441\u043a\u0430 \u0438 \u0434\u0438\u0458\u0430\u0441\u043f\u043e\u0440\u0430\",\"description\":\"\",\"potentialAction\":[{\"@type\":\"SearchAction\",\"target\":{\"@type\":\"EntryPoint\",\"urlTemplate\":\"https:\/\/dijasporars.com\/?s={search_term_string}\"},\"query-input\":{\"@type\":\"PropertyValueSpecification\",\"valueRequired\":true,\"valueName\":\"search_term_string\"}}],\"inLanguage\":\"en-US\"},{\"@type\":\"Person\",\"@id\":\"https:\/\/dijasporars.com\/#\/schema\/person\/f5052d53409aef50f7503bd1372c77ca\",\"name\":\"dijasporars\",\"image\":{\"@type\":\"ImageObject\",\"inLanguage\":\"en-US\",\"@id\":\"https:\/\/dijasporars.com\/#\/schema\/person\/image\/\",\"url\":\"https:\/\/secure.gravatar.com\/avatar\/759212a69df0744fb2be03efd361239831e31095061dacc7496bdf8524e0daf7?s=96&d=mm&r=g\",\"contentUrl\":\"https:\/\/secure.gravatar.com\/avatar\/759212a69df0744fb2be03efd361239831e31095061dacc7496bdf8524e0daf7?s=96&d=mm&r=g\",\"caption\":\"dijasporars\"},\"url\":\"https:\/\/dijasporars.com\/en\/author\/dijasporars\/\"}]}<\/script>\n<!-- \/ Yoast SEO plugin. -->","yoast_head_json":{"title":"\u0413\u0443\u0458\u043e\u043d: \u041e\u0434 \u0441\u0435\u043f\u0442\u0435\u043c\u0431\u0440\u0430 \u043a\u0430\u043c\u043f\u0430\u045a\u0430 \u0441\u0430 \u0421\u0440\u043f\u0441\u043a\u043e\u043c \u0437\u0430 \u0437\u0430\u0448\u0442\u0438\u0442\u0443 \u0438\u043c\u043e\u0432\u0438\u043d\u0435 \u0421\u0440\u0431\u0430 \u0443 \u0424\u0411\u0438\u0425 - \u0420\u0435\u043f\u0443\u0431\u043b\u0438\u043a\u0430 \u0421\u0440\u043f\u0441\u043a\u0430 \u0438 \u0434\u0438\u0458\u0430\u0441\u043f\u043e\u0440\u0430","description":"Stranica za dijasporu RS, ovdje mo\u017eete prona\u0107i sve informacije, pomo\u0107 i savjete na jednom mjestu.","robots":{"index":"index","follow":"follow","max-snippet":"max-snippet:-1","max-image-preview":"max-image-preview:large","max-video-preview":"max-video-preview:-1"},"canonical":"https:\/\/dijasporars.com\/en\/gujon-od-septembra-kampanja-sa-srpskom-za-zastitu-imovine-srba-u-fbih\/","og_locale":"en_US","og_type":"article","og_title":"\u0413\u0443\u0458\u043e\u043d: \u041e\u0434 \u0441\u0435\u043f\u0442\u0435\u043c\u0431\u0440\u0430 \u043a\u0430\u043c\u043f\u0430\u045a\u0430 \u0441\u0430 \u0421\u0440\u043f\u0441\u043a\u043e\u043c \u0437\u0430 \u0437\u0430\u0448\u0442\u0438\u0442\u0443 \u0438\u043c\u043e\u0432\u0438\u043d\u0435 \u0421\u0440\u0431\u0430 \u0443 \u0424\u0411\u0438\u0425 - \u0420\u0435\u043f\u0443\u0431\u043b\u0438\u043a\u0430 \u0421\u0440\u043f\u0441\u043a\u0430 \u0438 \u0434\u0438\u0458\u0430\u0441\u043f\u043e\u0440\u0430","og_description":"Stranica za dijasporu RS, ovdje mo\u017eete prona\u0107i sve informacije, pomo\u0107 i savjete na jednom mjestu.","og_url":"https:\/\/dijasporars.com\/en\/gujon-od-septembra-kampanja-sa-srpskom-za-zastitu-imovine-srba-u-fbih\/","og_site_name":"\u0420\u0435\u043f\u0443\u0431\u043b\u0438\u043a\u0430 \u0421\u0440\u043f\u0441\u043a\u0430 \u0438 \u0434\u0438\u0458\u0430\u0441\u043f\u043e\u0440\u0430","article_published_time":"2021-08-18T12:41:55+00:00","article_modified_time":"2021-08-18T12:42:19+00:00","og_image":[{"width":658,"height":494,"url":"https:\/\/dijasporars.com\/wp-content\/uploads\/2021\/08\/\u0424\u043e\u0442\u043e-\u0422witter.jpg","type":"image\/jpeg"}],"author":"dijasporars","twitter_card":"summary_large_image","twitter_misc":{"Written by":"dijasporars"},"schema":{"@context":"https:\/\/schema.org","@graph":[{"@type":"WebPage","@id":"https:\/\/dijasporars.com\/gujon-od-septembra-kampanja-sa-srpskom-za-zastitu-imovine-srba-u-fbih\/","url":"https:\/\/dijasporars.com\/gujon-od-septembra-kampanja-sa-srpskom-za-zastitu-imovine-srba-u-fbih\/","name":"\u0413\u0443\u0458\u043e\u043d: \u041e\u0434 \u0441\u0435\u043f\u0442\u0435\u043c\u0431\u0440\u0430 \u043a\u0430\u043c\u043f\u0430\u045a\u0430 \u0441\u0430 \u0421\u0440\u043f\u0441\u043a\u043e\u043c \u0437\u0430 \u0437\u0430\u0448\u0442\u0438\u0442\u0443 \u0438\u043c\u043e\u0432\u0438\u043d\u0435 \u0421\u0440\u0431\u0430 \u0443 \u0424\u0411\u0438\u0425 - \u0420\u0435\u043f\u0443\u0431\u043b\u0438\u043a\u0430 \u0421\u0440\u043f\u0441\u043a\u0430 \u0438 \u0434\u0438\u0458\u0430\u0441\u043f\u043e\u0440\u0430","isPartOf":{"@id":"https:\/\/dijasporars.com\/#website"},"primaryImageOfPage":{"@id":"https:\/\/dijasporars.com\/gujon-od-septembra-kampanja-sa-srpskom-za-zastitu-imovine-srba-u-fbih\/#primaryimage"},"image":{"@id":"https:\/\/dijasporars.com\/gujon-od-septembra-kampanja-sa-srpskom-za-zastitu-imovine-srba-u-fbih\/#primaryimage"},"thumbnailUrl":"https:\/\/dijasporars.com\/wp-content\/uploads\/2021\/08\/\u0424\u043e\u0442\u043e-\u0422witter.jpg","datePublished":"2021-08-18T12:41:55+00:00","dateModified":"2021-08-18T12:42:19+00:00","author":{"@id":"https:\/\/dijasporars.com\/#\/schema\/person\/f5052d53409aef50f7503bd1372c77ca"},"description":"Stranica za dijasporu RS, ovdje mo\u017eete prona\u0107i sve informacije, pomo\u0107 i savjete na jednom mjestu.","breadcrumb":{"@id":"https:\/\/dijasporars.com\/gujon-od-septembra-kampanja-sa-srpskom-za-zastitu-imovine-srba-u-fbih\/#breadcrumb"},"inLanguage":"en-US","potentialAction":[{"@type":"ReadAction","target":["https:\/\/dijasporars.com\/gujon-od-septembra-kampanja-sa-srpskom-za-zastitu-imovine-srba-u-fbih\/"]}]},{"@type":"ImageObject","inLanguage":"en-US","@id":"https:\/\/dijasporars.com\/gujon-od-septembra-kampanja-sa-srpskom-za-zastitu-imovine-srba-u-fbih\/#primaryimage","url":"https:\/\/dijasporars.com\/wp-content\/uploads\/2021\/08\/\u0424\u043e\u0442\u043e-\u0422witter.jpg","contentUrl":"https:\/\/dijasporars.com\/wp-content\/uploads\/2021\/08\/\u0424\u043e\u0442\u043e-\u0422witter.jpg","width":658,"height":494},{"@type":"BreadcrumbList","@id":"https:\/\/dijasporars.com\/gujon-od-septembra-kampanja-sa-srpskom-za-zastitu-imovine-srba-u-fbih\/#breadcrumb","itemListElement":[{"@type":"ListItem","position":1,"name":"\u041f\u043e\u0447\u0435\u0442\u043d\u0430","item":"https:\/\/dijasporars.com\/"},{"@type":"ListItem","position":2,"name":"\u0413\u0443\u0458\u043e\u043d: \u041e\u0434 \u0441\u0435\u043f\u0442\u0435\u043c\u0431\u0440\u0430 \u043a\u0430\u043c\u043f\u0430\u045a\u0430 \u0441\u0430 \u0421\u0440\u043f\u0441\u043a\u043e\u043c \u0437\u0430 \u0437\u0430\u0448\u0442\u0438\u0442\u0443 \u0438\u043c\u043e\u0432\u0438\u043d\u0435 \u0421\u0440\u0431\u0430 \u0443 \u0424\u0411\u0438\u0425"}]},{"@type":"WebSite","@id":"https:\/\/dijasporars.com\/#website","url":"https:\/\/dijasporars.com\/","name":"\u0420\u0435\u043f\u0443\u0431\u043b\u0438\u043a\u0430 \u0421\u0440\u043f\u0441\u043a\u0430 \u0438 \u0434\u0438\u0458\u0430\u0441\u043f\u043e\u0440\u0430","description":"","potentialAction":[{"@type":"SearchAction","target":{"@type":"EntryPoint","urlTemplate":"https:\/\/dijasporars.com\/?s={search_term_string}"},"query-input":{"@type":"PropertyValueSpecification","valueRequired":true,"valueName":"search_term_string"}}],"inLanguage":"en-US"},{"@type":"Person","@id":"https:\/\/dijasporars.com\/#\/schema\/person\/f5052d53409aef50f7503bd1372c77ca","name":"dijasporars","image":{"@type":"ImageObject","inLanguage":"en-US","@id":"https:\/\/dijasporars.com\/#\/schema\/person\/image\/","url":"https:\/\/secure.gravatar.com\/avatar\/759212a69df0744fb2be03efd361239831e31095061dacc7496bdf8524e0daf7?s=96&d=mm&r=g","contentUrl":"https:\/\/secure.gravatar.com\/avatar\/759212a69df0744fb2be03efd361239831e31095061dacc7496bdf8524e0daf7?s=96&d=mm&r=g","caption":"dijasporars"},"url":"https:\/\/dijasporars.com\/en\/author\/dijasporars\/"}]}},"_links":{"self":[{"href":"https:\/\/dijasporars.com\/en\/wp-json\/wp\/v2\/posts\/3085","targetHints":{"allow":["GET"]}}],"collection":[{"href":"https:\/\/dijasporars.com\/en\/wp-json\/wp\/v2\/posts"}],"about":[{"href":"https:\/\/dijasporars.com\/en\/wp-json\/wp\/v2\/types\/post"}],"author":[{"embeddable":true,"href":"https:\/\/dijasporars.com\/en\/wp-json\/wp\/v2\/users\/1"}],"replies":[{"embeddable":true,"href":"https:\/\/dijasporars.com\/en\/wp-json\/wp\/v2\/comments?post=3085"}],"version-history":[{"count":1,"href":"https:\/\/dijasporars.com\/en\/wp-json\/wp\/v2\/posts\/3085\/revisions"}],"predecessor-version":[{"id":3087,"href":"https:\/\/dijasporars.com\/en\/wp-json\/wp\/v2\/posts\/3085\/revisions\/3087"}],"wp:featuredmedia":[{"embeddable":true,"href":"https:\/\/dijasporars.com\/en\/wp-json\/wp\/v2\/media\/3086"}],"wp:attachment":[{"href":"https:\/\/dijasporars.com\/en\/wp-json\/wp\/v2\/media?parent=3085"}],"wp:term":[{"taxonomy":"category","embeddable":true,"href":"https:\/\/dijasporars.com\/en\/wp-json\/wp\/v2\/categories?post=3085"},{"taxonomy":"post_tag","embeddable":true,"href":"https:\/\/dijasporars.com\/en\/wp-json\/wp\/v2\/tags?post=3085"}],"curies":[{"name":"wp","href":"https:\/\/api.w.org\/{rel}","templated":true}]}}