{"id":3046,"date":"2021-08-16T12:30:57","date_gmt":"2021-08-16T10:30:57","guid":{"rendered":"https:\/\/dijasporars.com\/?p=3046"},"modified":"2021-08-20T12:08:58","modified_gmt":"2021-08-20T10:08:58","slug":"lukac-i-vulin-u-drvaru-srbi-u-federaciji-nece-ostati-bez-podrske","status":"publish","type":"post","link":"https:\/\/dijasporars.com\/en\/lukac-i-vulin-u-drvaru-srbi-u-federaciji-nece-ostati-bez-podrske\/","title":{"rendered":"Luka\u010d and Vulin in Drvar: Serbs in the Federation Will Not Be Left without Support"},"content":{"rendered":"<p>The interior ministers of Serbia and Republic of Srpska, Aleksandar Vulin and Dragan Luka\u010d, met in Drvar with representatives of Serbs in the Federation of BiH.<\/p>\n<p>Representatives of the municipalities of Drvar, Bosansko Grahovo, Glamo\u010d, Od\u017eak and Bosanski Petrovac were present.<\/p>\n<p>Discussions covered the position of Serbs in the Federation of BiH and Serbia\u2019s help to Serbs in that entity.<\/p>\n<p>The Republic of Srpska Minister of the Interior, Dragan Luka\u010d, called devastating the fact that some villages in returnee municipalities in the Federation of BiH had neither electricity nor water.<\/p>\n<p>\u2013 Cantonal authorities must do more to help Serb returnees in these municipalities and provide them with basic living conditions. This certainly includes electricity and water, and these are the things that still have not been overcome after so many years, and which must be done.<\/p>\n<p>With the help of the Governments of the Republic of Srpska and Serbia, which has invested a lot of funds, especially in the municipality of Drvar, Luka\u010d added that Serbia had also opened production plants to enable the people to survive in this area on their work.<\/p>\n<p>\u2013 That help will continue \u2013 Luka\u010d emphasized.<\/p>\n<p>Serbian Interior Minister, Aleksandar Vulin, pointed out that as long as President Vu\u010di\u0107 was in power, Serbia\u2019s policy would be to preserve peace in the region and help all Serbs, regardless of where they live.<\/p>\n<article>\n<div class=\"nwzbody\">\n<p>\u2013 If the Federation of BiH is unable or unwilling to take care of its citizens of Serbian nationality, Serbia is there to take care of them. Any help to Serbs living in the FBiH should be understood as help to the Federation, because it means less money that they have to allocate from their budget and from their taxpayers \u2013 said Vulin.<\/p>\n<p>The head of the municipality of Drvar, Du\u0161ica Runi\u0107, expressed her gratitude to Serbia and Republic of Srpska for the help provided.<\/p>\n<p>\u2013 We have indicated the needs and problems that each of these municipalities has and that the residents encounter every day \u2013 Runi\u0107 emphasized.<\/p>\n<\/div>\n<div class=\"clearfix\">Source and photo: RTRS<\/div>\n<\/article>\n<aside>\n<div class=\"row\">\n<section>\n<div class=\"col-md-12\">\n<div class=\"vijest-sa-najnovije\">\n<header>\n<div class=\"vijest-ticker\">\n<div class=\"vijesti-ticker-naslov\"><\/div>\n<\/div>\n<\/header>\n<\/div>\n<\/div>\n<\/section>\n<\/div>\n<\/aside>","protected":false},"excerpt":{"rendered":"<p>The interior ministers of Serbia and Republic of Srpska, Aleksandar Vulin and Dragan Luka\u010d, met in Drvar with representatives of Serbs in the Federation of BiH. Representatives of the municipalities of Drvar, Bosansko Grahovo, Glamo\u010d, Od\u017eak and Bosanski Petrovac were present. Discussions covered the position of Serbs in the Federation of BiH and Serbia\u2019s help to Serbs in that entity. The Republic of Srpska Minister of the Interior<\/p>","protected":false},"author":1,"featured_media":3048,"comment_status":"closed","ping_status":"closed","sticky":false,"template":"","format":"standard","meta":{"footnotes":""},"categories":[52,77],"tags":[],"class_list":["post-3046","post","type-post","status-publish","format-standard","has-post-thumbnail","hentry","category-vijesti","category-vijesti-republika-srpska"],"yoast_head":"<!-- This site is optimized with the Yoast SEO plugin v24.6 - https:\/\/yoast.com\/wordpress\/plugins\/seo\/ -->\n<title>\u041b\u0443\u043a\u0430\u0447 \u0438 \u0412\u0443\u043b\u0438\u043d \u0443 \u0414\u0440\u0432\u0430\u0440\u0443: \u0421\u0440\u0431\u0438 \u0443 \u0424\u0435\u0434\u0435\u0440\u0430\u0446\u0438\u0458\u0438 \u043d\u0435\u045b\u0435 \u043e\u0441\u0442\u0430\u0442\u0438 \u0431\u0435\u0437 \u043f\u043e\u0434\u0440\u0448\u043a\u0435 - \u0420\u0435\u043f\u0443\u0431\u043b\u0438\u043a\u0430 \u0421\u0440\u043f\u0441\u043a\u0430 \u0438 \u0434\u0438\u0458\u0430\u0441\u043f\u043e\u0440\u0430<\/title>\n<meta name=\"description\" content=\"Stranica za dijasporu RS, ovdje mo\u017eete prona\u0107i sve informacije, pomo\u0107 i savjete na jednom mjestu.\" \/>\n<meta name=\"robots\" content=\"index, follow, max-snippet:-1, max-image-preview:large, max-video-preview:-1\" \/>\n<link rel=\"canonical\" href=\"https:\/\/dijasporars.com\/en\/lukac-i-vulin-u-drvaru-srbi-u-federaciji-nece-ostati-bez-podrske\/\" \/>\n<meta property=\"og:locale\" content=\"en_US\" \/>\n<meta property=\"og:type\" content=\"article\" \/>\n<meta property=\"og:title\" content=\"\u041b\u0443\u043a\u0430\u0447 \u0438 \u0412\u0443\u043b\u0438\u043d \u0443 \u0414\u0440\u0432\u0430\u0440\u0443: \u0421\u0440\u0431\u0438 \u0443 \u0424\u0435\u0434\u0435\u0440\u0430\u0446\u0438\u0458\u0438 \u043d\u0435\u045b\u0435 \u043e\u0441\u0442\u0430\u0442\u0438 \u0431\u0435\u0437 \u043f\u043e\u0434\u0440\u0448\u043a\u0435 - \u0420\u0435\u043f\u0443\u0431\u043b\u0438\u043a\u0430 \u0421\u0440\u043f\u0441\u043a\u0430 \u0438 \u0434\u0438\u0458\u0430\u0441\u043f\u043e\u0440\u0430\" \/>\n<meta property=\"og:description\" content=\"Stranica za dijasporu RS, ovdje mo\u017eete prona\u0107i sve informacije, pomo\u0107 i savjete na jednom mjestu.\" \/>\n<meta property=\"og:url\" content=\"https:\/\/dijasporars.com\/en\/lukac-i-vulin-u-drvaru-srbi-u-federaciji-nece-ostati-bez-podrske\/\" \/>\n<meta property=\"og:site_name\" content=\"\u0420\u0435\u043f\u0443\u0431\u043b\u0438\u043a\u0430 \u0421\u0440\u043f\u0441\u043a\u0430 \u0438 \u0434\u0438\u0458\u0430\u0441\u043f\u043e\u0440\u0430\" \/>\n<meta property=\"article:published_time\" content=\"2021-08-16T10:30:57+00:00\" \/>\n<meta property=\"article:modified_time\" content=\"2021-08-20T10:08:58+00:00\" \/>\n<meta property=\"og:image\" content=\"https:\/\/dijasporars.com\/wp-content\/uploads\/2021\/08\/\u0420\u0422\u0420\u0421-2.jpg\" \/>\n\t<meta property=\"og:image:width\" content=\"658\" \/>\n\t<meta property=\"og:image:height\" content=\"494\" \/>\n\t<meta property=\"og:image:type\" content=\"image\/jpeg\" \/>\n<meta name=\"author\" content=\"dijasporars\" \/>\n<meta name=\"twitter:card\" content=\"summary_large_image\" \/>\n<meta name=\"twitter:label1\" content=\"Written by\" \/>\n\t<meta name=\"twitter:data1\" content=\"dijasporars\" \/>\n<script type=\"application\/ld+json\" class=\"yoast-schema-graph\">{\"@context\":\"https:\/\/schema.org\",\"@graph\":[{\"@type\":\"WebPage\",\"@id\":\"https:\/\/dijasporars.com\/lukac-i-vulin-u-drvaru-srbi-u-federaciji-nece-ostati-bez-podrske\/\",\"url\":\"https:\/\/dijasporars.com\/lukac-i-vulin-u-drvaru-srbi-u-federaciji-nece-ostati-bez-podrske\/\",\"name\":\"\u041b\u0443\u043a\u0430\u0447 \u0438 \u0412\u0443\u043b\u0438\u043d \u0443 \u0414\u0440\u0432\u0430\u0440\u0443: \u0421\u0440\u0431\u0438 \u0443 \u0424\u0435\u0434\u0435\u0440\u0430\u0446\u0438\u0458\u0438 \u043d\u0435\u045b\u0435 \u043e\u0441\u0442\u0430\u0442\u0438 \u0431\u0435\u0437 \u043f\u043e\u0434\u0440\u0448\u043a\u0435 - \u0420\u0435\u043f\u0443\u0431\u043b\u0438\u043a\u0430 \u0421\u0440\u043f\u0441\u043a\u0430 \u0438 \u0434\u0438\u0458\u0430\u0441\u043f\u043e\u0440\u0430\",\"isPartOf\":{\"@id\":\"https:\/\/dijasporars.com\/#website\"},\"primaryImageOfPage\":{\"@id\":\"https:\/\/dijasporars.com\/lukac-i-vulin-u-drvaru-srbi-u-federaciji-nece-ostati-bez-podrske\/#primaryimage\"},\"image\":{\"@id\":\"https:\/\/dijasporars.com\/lukac-i-vulin-u-drvaru-srbi-u-federaciji-nece-ostati-bez-podrske\/#primaryimage\"},\"thumbnailUrl\":\"https:\/\/dijasporars.com\/wp-content\/uploads\/2021\/08\/\u0420\u0422\u0420\u0421-2.jpg\",\"datePublished\":\"2021-08-16T10:30:57+00:00\",\"dateModified\":\"2021-08-20T10:08:58+00:00\",\"author\":{\"@id\":\"https:\/\/dijasporars.com\/#\/schema\/person\/f5052d53409aef50f7503bd1372c77ca\"},\"description\":\"Stranica za dijasporu RS, ovdje mo\u017eete prona\u0107i sve informacije, pomo\u0107 i savjete na jednom mjestu.\",\"breadcrumb\":{\"@id\":\"https:\/\/dijasporars.com\/lukac-i-vulin-u-drvaru-srbi-u-federaciji-nece-ostati-bez-podrske\/#breadcrumb\"},\"inLanguage\":\"en-US\",\"potentialAction\":[{\"@type\":\"ReadAction\",\"target\":[\"https:\/\/dijasporars.com\/lukac-i-vulin-u-drvaru-srbi-u-federaciji-nece-ostati-bez-podrske\/\"]}]},{\"@type\":\"ImageObject\",\"inLanguage\":\"en-US\",\"@id\":\"https:\/\/dijasporars.com\/lukac-i-vulin-u-drvaru-srbi-u-federaciji-nece-ostati-bez-podrske\/#primaryimage\",\"url\":\"https:\/\/dijasporars.com\/wp-content\/uploads\/2021\/08\/\u0420\u0422\u0420\u0421-2.jpg\",\"contentUrl\":\"https:\/\/dijasporars.com\/wp-content\/uploads\/2021\/08\/\u0420\u0422\u0420\u0421-2.jpg\",\"width\":658,\"height\":494},{\"@type\":\"BreadcrumbList\",\"@id\":\"https:\/\/dijasporars.com\/lukac-i-vulin-u-drvaru-srbi-u-federaciji-nece-ostati-bez-podrske\/#breadcrumb\",\"itemListElement\":[{\"@type\":\"ListItem\",\"position\":1,\"name\":\"\u041f\u043e\u0447\u0435\u0442\u043d\u0430\",\"item\":\"https:\/\/dijasporars.com\/\"},{\"@type\":\"ListItem\",\"position\":2,\"name\":\"\u041b\u0443\u043a\u0430\u0447 \u0438 \u0412\u0443\u043b\u0438\u043d \u0443 \u0414\u0440\u0432\u0430\u0440\u0443: \u0421\u0440\u0431\u0438 \u0443 \u0424\u0435\u0434\u0435\u0440\u0430\u0446\u0438\u0458\u0438 \u043d\u0435\u045b\u0435 \u043e\u0441\u0442\u0430\u0442\u0438 \u0431\u0435\u0437 \u043f\u043e\u0434\u0440\u0448\u043a\u0435\"}]},{\"@type\":\"WebSite\",\"@id\":\"https:\/\/dijasporars.com\/#website\",\"url\":\"https:\/\/dijasporars.com\/\",\"name\":\"\u0420\u0435\u043f\u0443\u0431\u043b\u0438\u043a\u0430 \u0421\u0440\u043f\u0441\u043a\u0430 \u0438 \u0434\u0438\u0458\u0430\u0441\u043f\u043e\u0440\u0430\",\"description\":\"\",\"potentialAction\":[{\"@type\":\"SearchAction\",\"target\":{\"@type\":\"EntryPoint\",\"urlTemplate\":\"https:\/\/dijasporars.com\/?s={search_term_string}\"},\"query-input\":{\"@type\":\"PropertyValueSpecification\",\"valueRequired\":true,\"valueName\":\"search_term_string\"}}],\"inLanguage\":\"en-US\"},{\"@type\":\"Person\",\"@id\":\"https:\/\/dijasporars.com\/#\/schema\/person\/f5052d53409aef50f7503bd1372c77ca\",\"name\":\"dijasporars\",\"image\":{\"@type\":\"ImageObject\",\"inLanguage\":\"en-US\",\"@id\":\"https:\/\/dijasporars.com\/#\/schema\/person\/image\/\",\"url\":\"https:\/\/secure.gravatar.com\/avatar\/759212a69df0744fb2be03efd361239831e31095061dacc7496bdf8524e0daf7?s=96&d=mm&r=g\",\"contentUrl\":\"https:\/\/secure.gravatar.com\/avatar\/759212a69df0744fb2be03efd361239831e31095061dacc7496bdf8524e0daf7?s=96&d=mm&r=g\",\"caption\":\"dijasporars\"},\"url\":\"https:\/\/dijasporars.com\/en\/author\/dijasporars\/\"}]}<\/script>\n<!-- \/ Yoast SEO plugin. -->","yoast_head_json":{"title":"\u041b\u0443\u043a\u0430\u0447 \u0438 \u0412\u0443\u043b\u0438\u043d \u0443 \u0414\u0440\u0432\u0430\u0440\u0443: \u0421\u0440\u0431\u0438 \u0443 \u0424\u0435\u0434\u0435\u0440\u0430\u0446\u0438\u0458\u0438 \u043d\u0435\u045b\u0435 \u043e\u0441\u0442\u0430\u0442\u0438 \u0431\u0435\u0437 \u043f\u043e\u0434\u0440\u0448\u043a\u0435 - \u0420\u0435\u043f\u0443\u0431\u043b\u0438\u043a\u0430 \u0421\u0440\u043f\u0441\u043a\u0430 \u0438 \u0434\u0438\u0458\u0430\u0441\u043f\u043e\u0440\u0430","description":"Stranica za dijasporu RS, ovdje mo\u017eete prona\u0107i sve informacije, pomo\u0107 i savjete na jednom mjestu.","robots":{"index":"index","follow":"follow","max-snippet":"max-snippet:-1","max-image-preview":"max-image-preview:large","max-video-preview":"max-video-preview:-1"},"canonical":"https:\/\/dijasporars.com\/en\/lukac-i-vulin-u-drvaru-srbi-u-federaciji-nece-ostati-bez-podrske\/","og_locale":"en_US","og_type":"article","og_title":"\u041b\u0443\u043a\u0430\u0447 \u0438 \u0412\u0443\u043b\u0438\u043d \u0443 \u0414\u0440\u0432\u0430\u0440\u0443: \u0421\u0440\u0431\u0438 \u0443 \u0424\u0435\u0434\u0435\u0440\u0430\u0446\u0438\u0458\u0438 \u043d\u0435\u045b\u0435 \u043e\u0441\u0442\u0430\u0442\u0438 \u0431\u0435\u0437 \u043f\u043e\u0434\u0440\u0448\u043a\u0435 - \u0420\u0435\u043f\u0443\u0431\u043b\u0438\u043a\u0430 \u0421\u0440\u043f\u0441\u043a\u0430 \u0438 \u0434\u0438\u0458\u0430\u0441\u043f\u043e\u0440\u0430","og_description":"Stranica za dijasporu RS, ovdje mo\u017eete prona\u0107i sve informacije, pomo\u0107 i savjete na jednom mjestu.","og_url":"https:\/\/dijasporars.com\/en\/lukac-i-vulin-u-drvaru-srbi-u-federaciji-nece-ostati-bez-podrske\/","og_site_name":"\u0420\u0435\u043f\u0443\u0431\u043b\u0438\u043a\u0430 \u0421\u0440\u043f\u0441\u043a\u0430 \u0438 \u0434\u0438\u0458\u0430\u0441\u043f\u043e\u0440\u0430","article_published_time":"2021-08-16T10:30:57+00:00","article_modified_time":"2021-08-20T10:08:58+00:00","og_image":[{"width":658,"height":494,"url":"https:\/\/dijasporars.com\/wp-content\/uploads\/2021\/08\/\u0420\u0422\u0420\u0421-2.jpg","type":"image\/jpeg"}],"author":"dijasporars","twitter_card":"summary_large_image","twitter_misc":{"Written by":"dijasporars"},"schema":{"@context":"https:\/\/schema.org","@graph":[{"@type":"WebPage","@id":"https:\/\/dijasporars.com\/lukac-i-vulin-u-drvaru-srbi-u-federaciji-nece-ostati-bez-podrske\/","url":"https:\/\/dijasporars.com\/lukac-i-vulin-u-drvaru-srbi-u-federaciji-nece-ostati-bez-podrske\/","name":"\u041b\u0443\u043a\u0430\u0447 \u0438 \u0412\u0443\u043b\u0438\u043d \u0443 \u0414\u0440\u0432\u0430\u0440\u0443: \u0421\u0440\u0431\u0438 \u0443 \u0424\u0435\u0434\u0435\u0440\u0430\u0446\u0438\u0458\u0438 \u043d\u0435\u045b\u0435 \u043e\u0441\u0442\u0430\u0442\u0438 \u0431\u0435\u0437 \u043f\u043e\u0434\u0440\u0448\u043a\u0435 - \u0420\u0435\u043f\u0443\u0431\u043b\u0438\u043a\u0430 \u0421\u0440\u043f\u0441\u043a\u0430 \u0438 \u0434\u0438\u0458\u0430\u0441\u043f\u043e\u0440\u0430","isPartOf":{"@id":"https:\/\/dijasporars.com\/#website"},"primaryImageOfPage":{"@id":"https:\/\/dijasporars.com\/lukac-i-vulin-u-drvaru-srbi-u-federaciji-nece-ostati-bez-podrske\/#primaryimage"},"image":{"@id":"https:\/\/dijasporars.com\/lukac-i-vulin-u-drvaru-srbi-u-federaciji-nece-ostati-bez-podrske\/#primaryimage"},"thumbnailUrl":"https:\/\/dijasporars.com\/wp-content\/uploads\/2021\/08\/\u0420\u0422\u0420\u0421-2.jpg","datePublished":"2021-08-16T10:30:57+00:00","dateModified":"2021-08-20T10:08:58+00:00","author":{"@id":"https:\/\/dijasporars.com\/#\/schema\/person\/f5052d53409aef50f7503bd1372c77ca"},"description":"Stranica za dijasporu RS, ovdje mo\u017eete prona\u0107i sve informacije, pomo\u0107 i savjete na jednom mjestu.","breadcrumb":{"@id":"https:\/\/dijasporars.com\/lukac-i-vulin-u-drvaru-srbi-u-federaciji-nece-ostati-bez-podrske\/#breadcrumb"},"inLanguage":"en-US","potentialAction":[{"@type":"ReadAction","target":["https:\/\/dijasporars.com\/lukac-i-vulin-u-drvaru-srbi-u-federaciji-nece-ostati-bez-podrske\/"]}]},{"@type":"ImageObject","inLanguage":"en-US","@id":"https:\/\/dijasporars.com\/lukac-i-vulin-u-drvaru-srbi-u-federaciji-nece-ostati-bez-podrske\/#primaryimage","url":"https:\/\/dijasporars.com\/wp-content\/uploads\/2021\/08\/\u0420\u0422\u0420\u0421-2.jpg","contentUrl":"https:\/\/dijasporars.com\/wp-content\/uploads\/2021\/08\/\u0420\u0422\u0420\u0421-2.jpg","width":658,"height":494},{"@type":"BreadcrumbList","@id":"https:\/\/dijasporars.com\/lukac-i-vulin-u-drvaru-srbi-u-federaciji-nece-ostati-bez-podrske\/#breadcrumb","itemListElement":[{"@type":"ListItem","position":1,"name":"\u041f\u043e\u0447\u0435\u0442\u043d\u0430","item":"https:\/\/dijasporars.com\/"},{"@type":"ListItem","position":2,"name":"\u041b\u0443\u043a\u0430\u0447 \u0438 \u0412\u0443\u043b\u0438\u043d \u0443 \u0414\u0440\u0432\u0430\u0440\u0443: \u0421\u0440\u0431\u0438 \u0443 \u0424\u0435\u0434\u0435\u0440\u0430\u0446\u0438\u0458\u0438 \u043d\u0435\u045b\u0435 \u043e\u0441\u0442\u0430\u0442\u0438 \u0431\u0435\u0437 \u043f\u043e\u0434\u0440\u0448\u043a\u0435"}]},{"@type":"WebSite","@id":"https:\/\/dijasporars.com\/#website","url":"https:\/\/dijasporars.com\/","name":"\u0420\u0435\u043f\u0443\u0431\u043b\u0438\u043a\u0430 \u0421\u0440\u043f\u0441\u043a\u0430 \u0438 \u0434\u0438\u0458\u0430\u0441\u043f\u043e\u0440\u0430","description":"","potentialAction":[{"@type":"SearchAction","target":{"@type":"EntryPoint","urlTemplate":"https:\/\/dijasporars.com\/?s={search_term_string}"},"query-input":{"@type":"PropertyValueSpecification","valueRequired":true,"valueName":"search_term_string"}}],"inLanguage":"en-US"},{"@type":"Person","@id":"https:\/\/dijasporars.com\/#\/schema\/person\/f5052d53409aef50f7503bd1372c77ca","name":"dijasporars","image":{"@type":"ImageObject","inLanguage":"en-US","@id":"https:\/\/dijasporars.com\/#\/schema\/person\/image\/","url":"https:\/\/secure.gravatar.com\/avatar\/759212a69df0744fb2be03efd361239831e31095061dacc7496bdf8524e0daf7?s=96&d=mm&r=g","contentUrl":"https:\/\/secure.gravatar.com\/avatar\/759212a69df0744fb2be03efd361239831e31095061dacc7496bdf8524e0daf7?s=96&d=mm&r=g","caption":"dijasporars"},"url":"https:\/\/dijasporars.com\/en\/author\/dijasporars\/"}]}},"_links":{"self":[{"href":"https:\/\/dijasporars.com\/en\/wp-json\/wp\/v2\/posts\/3046","targetHints":{"allow":["GET"]}}],"collection":[{"href":"https:\/\/dijasporars.com\/en\/wp-json\/wp\/v2\/posts"}],"about":[{"href":"https:\/\/dijasporars.com\/en\/wp-json\/wp\/v2\/types\/post"}],"author":[{"embeddable":true,"href":"https:\/\/dijasporars.com\/en\/wp-json\/wp\/v2\/users\/1"}],"replies":[{"embeddable":true,"href":"https:\/\/dijasporars.com\/en\/wp-json\/wp\/v2\/comments?post=3046"}],"version-history":[{"count":3,"href":"https:\/\/dijasporars.com\/en\/wp-json\/wp\/v2\/posts\/3046\/revisions"}],"predecessor-version":[{"id":3097,"href":"https:\/\/dijasporars.com\/en\/wp-json\/wp\/v2\/posts\/3046\/revisions\/3097"}],"wp:featuredmedia":[{"embeddable":true,"href":"https:\/\/dijasporars.com\/en\/wp-json\/wp\/v2\/media\/3048"}],"wp:attachment":[{"href":"https:\/\/dijasporars.com\/en\/wp-json\/wp\/v2\/media?parent=3046"}],"wp:term":[{"taxonomy":"category","embeddable":true,"href":"https:\/\/dijasporars.com\/en\/wp-json\/wp\/v2\/categories?post=3046"},{"taxonomy":"post_tag","embeddable":true,"href":"https:\/\/dijasporars.com\/en\/wp-json\/wp\/v2\/tags?post=3046"}],"curies":[{"name":"wp","href":"https:\/\/api.w.org\/{rel}","templated":true}]}}