{"id":2522,"date":"2021-04-14T10:33:31","date_gmt":"2021-04-14T08:33:31","guid":{"rendered":"https:\/\/dijasporars.com\/?p=2522"},"modified":"2021-04-14T10:34:05","modified_gmt":"2021-04-14T08:34:05","slug":"kultura-slovenskog-prostora-da-bude-prepoznatljivija","status":"publish","type":"post","link":"https:\/\/dijasporars.com\/en\/kultura-slovenskog-prostora-da-bude-prepoznatljivija\/","title":{"rendered":"Slavic Area Culture to Be More Recognizable"},"content":{"rendered":"<p>The Minister of Culture and Information of Serbia, Maja Gojkovi\u0107, and the Director of the Forum of Slavic Cultures, Andreja Richter, assessed that networking and cooperation of FSC member countries in the field of culture were extremely important for making the culture of the Slavic area more recognizable.<\/p>\n<p>At the meeting in Belgrade, Gojkovi\u0107 emphasized that it was important for Serbia to establish more intensive bilateral relations in the field of culture with the countries of Slavic cultures, and added that there was room to increase the presence of the culture of Slavic countries.<\/p>\n<p>Gojkovi\u0107 and Richter emphasized the importance of preserving and protecting cultural heritage, and discussed more dynamic cooperation in the coming period in the field of promoting the culture of the Slavic-speaking countries, announced the Ministry of Culture and Information of Serbia. They also agreed on the importance of promoting the culture of the Slavic peoples within UNESCO and other international organizations.<\/p>\n<p>Gojkovi\u0107, who is the President of the FSC Board, spoke with Richter about the plans and priorities for FSC work in the coming period, especially on preparing the new five-year work program from 2022 to 2027.<\/p>\n<p>Among FSC projects, Richter pointed out the edition 100 Slavic Novels, the first literary project of the Forum, which is now the largest international cultural, literary and promotional project of Slavic literature and presentation of Slavic literature with 108 authors in nine countries. This edition is currently also the largest project involving Serbian literature.<\/p>\n<p>Richter noted the importance of the \u017diva award, given to the best museums in Slavic countries, whose purpose is to recognize, promote and reward projects and practice in the museum sector. She emphasized that museums in Serbia had made great progress in their work, and Gojkovi\u0107 noted that Serbia had recently passed the Law on Museum Activities, which would further improve and modernize the work of museums and the protection of cultural heritage. The interlocutors agreed to organize an international conference in Belgrade as part of the \u017diva award ceremony in September, if the epidemiological situation allows.<\/p>\n<p>Source and photo: SRNA<\/p>","protected":false},"excerpt":{"rendered":"<p>The Minister of Culture and Information of Serbia, Maja Gojkovi\u0107, and the Director of the Forum of Slavic Cultures, Andreja Richter, assessed that networking and cooperation of FSC member countries in the field of culture were extremely important for making the culture of the Slavic area more recognizable.\nAt the meeting in Belgrade, Gojkovi\u0107 emphasized that it was important for Serbia to establish more intensive bilateral relations in the field<\/p>","protected":false},"author":1,"featured_media":2523,"comment_status":"closed","ping_status":"closed","sticky":false,"template":"","format":"standard","meta":{"footnotes":""},"categories":[52],"tags":[],"class_list":["post-2522","post","type-post","status-publish","format-standard","has-post-thumbnail","hentry","category-vijesti"],"yoast_head":"<!-- This site is optimized with the Yoast SEO plugin v24.6 - https:\/\/yoast.com\/wordpress\/plugins\/seo\/ -->\n<title>\u041a\u0443\u043b\u0442\u0443\u0440\u0430 \u0441\u043b\u043e\u0432\u0435\u043d\u0441\u043a\u043e\u0433 \u043f\u0440\u043e\u0441\u0442\u043e\u0440\u0430 \u0434\u0430 \u0431\u0443\u0434\u0435 \u043f\u0440\u0435\u043f\u043e\u0437\u043d\u0430\u0442\u0459\u0438\u0432\u0438\u0458\u0430 - \u0420\u0435\u043f\u0443\u0431\u043b\u0438\u043a\u0430 \u0421\u0440\u043f\u0441\u043a\u0430 \u0438 \u0434\u0438\u0458\u0430\u0441\u043f\u043e\u0440\u0430<\/title>\n<meta name=\"description\" content=\"Stranica za dijasporu RS, ovdje mo\u017eete prona\u0107i sve informacije, pomo\u0107 i savjete na jednom mjestu.\" \/>\n<meta name=\"robots\" content=\"index, follow, max-snippet:-1, max-image-preview:large, max-video-preview:-1\" \/>\n<link rel=\"canonical\" href=\"https:\/\/dijasporars.com\/en\/kultura-slovenskog-prostora-da-bude-prepoznatljivija\/\" \/>\n<meta property=\"og:locale\" content=\"en_US\" \/>\n<meta property=\"og:type\" content=\"article\" \/>\n<meta property=\"og:title\" content=\"\u041a\u0443\u043b\u0442\u0443\u0440\u0430 \u0441\u043b\u043e\u0432\u0435\u043d\u0441\u043a\u043e\u0433 \u043f\u0440\u043e\u0441\u0442\u043e\u0440\u0430 \u0434\u0430 \u0431\u0443\u0434\u0435 \u043f\u0440\u0435\u043f\u043e\u0437\u043d\u0430\u0442\u0459\u0438\u0432\u0438\u0458\u0430 - \u0420\u0435\u043f\u0443\u0431\u043b\u0438\u043a\u0430 \u0421\u0440\u043f\u0441\u043a\u0430 \u0438 \u0434\u0438\u0458\u0430\u0441\u043f\u043e\u0440\u0430\" \/>\n<meta property=\"og:description\" content=\"Stranica za dijasporu RS, ovdje mo\u017eete prona\u0107i sve informacije, pomo\u0107 i savjete na jednom mjestu.\" \/>\n<meta property=\"og:url\" content=\"https:\/\/dijasporars.com\/en\/kultura-slovenskog-prostora-da-bude-prepoznatljivija\/\" \/>\n<meta property=\"og:site_name\" content=\"\u0420\u0435\u043f\u0443\u0431\u043b\u0438\u043a\u0430 \u0421\u0440\u043f\u0441\u043a\u0430 \u0438 \u0434\u0438\u0458\u0430\u0441\u043f\u043e\u0440\u0430\" \/>\n<meta property=\"article:published_time\" content=\"2021-04-14T08:33:31+00:00\" \/>\n<meta property=\"article:modified_time\" content=\"2021-04-14T08:34:05+00:00\" \/>\n<meta property=\"og:image\" content=\"https:\/\/dijasporars.com\/wp-content\/uploads\/2021\/04\/179625.jpg\" \/>\n\t<meta property=\"og:image:width\" content=\"658\" \/>\n\t<meta property=\"og:image:height\" content=\"494\" \/>\n\t<meta property=\"og:image:type\" content=\"image\/jpeg\" \/>\n<meta name=\"author\" content=\"dijasporars\" \/>\n<meta name=\"twitter:card\" content=\"summary_large_image\" \/>\n<meta name=\"twitter:label1\" content=\"Written by\" \/>\n\t<meta name=\"twitter:data1\" content=\"dijasporars\" \/>\n<script type=\"application\/ld+json\" class=\"yoast-schema-graph\">{\"@context\":\"https:\/\/schema.org\",\"@graph\":[{\"@type\":\"WebPage\",\"@id\":\"https:\/\/dijasporars.com\/kultura-slovenskog-prostora-da-bude-prepoznatljivija\/\",\"url\":\"https:\/\/dijasporars.com\/kultura-slovenskog-prostora-da-bude-prepoznatljivija\/\",\"name\":\"\u041a\u0443\u043b\u0442\u0443\u0440\u0430 \u0441\u043b\u043e\u0432\u0435\u043d\u0441\u043a\u043e\u0433 \u043f\u0440\u043e\u0441\u0442\u043e\u0440\u0430 \u0434\u0430 \u0431\u0443\u0434\u0435 \u043f\u0440\u0435\u043f\u043e\u0437\u043d\u0430\u0442\u0459\u0438\u0432\u0438\u0458\u0430 - \u0420\u0435\u043f\u0443\u0431\u043b\u0438\u043a\u0430 \u0421\u0440\u043f\u0441\u043a\u0430 \u0438 \u0434\u0438\u0458\u0430\u0441\u043f\u043e\u0440\u0430\",\"isPartOf\":{\"@id\":\"https:\/\/dijasporars.com\/#website\"},\"primaryImageOfPage\":{\"@id\":\"https:\/\/dijasporars.com\/kultura-slovenskog-prostora-da-bude-prepoznatljivija\/#primaryimage\"},\"image\":{\"@id\":\"https:\/\/dijasporars.com\/kultura-slovenskog-prostora-da-bude-prepoznatljivija\/#primaryimage\"},\"thumbnailUrl\":\"https:\/\/dijasporars.com\/wp-content\/uploads\/2021\/04\/179625.jpg\",\"datePublished\":\"2021-04-14T08:33:31+00:00\",\"dateModified\":\"2021-04-14T08:34:05+00:00\",\"author\":{\"@id\":\"https:\/\/dijasporars.com\/#\/schema\/person\/f5052d53409aef50f7503bd1372c77ca\"},\"description\":\"Stranica za dijasporu RS, ovdje mo\u017eete prona\u0107i sve informacije, pomo\u0107 i savjete na jednom mjestu.\",\"breadcrumb\":{\"@id\":\"https:\/\/dijasporars.com\/kultura-slovenskog-prostora-da-bude-prepoznatljivija\/#breadcrumb\"},\"inLanguage\":\"en-US\",\"potentialAction\":[{\"@type\":\"ReadAction\",\"target\":[\"https:\/\/dijasporars.com\/kultura-slovenskog-prostora-da-bude-prepoznatljivija\/\"]}]},{\"@type\":\"ImageObject\",\"inLanguage\":\"en-US\",\"@id\":\"https:\/\/dijasporars.com\/kultura-slovenskog-prostora-da-bude-prepoznatljivija\/#primaryimage\",\"url\":\"https:\/\/dijasporars.com\/wp-content\/uploads\/2021\/04\/179625.jpg\",\"contentUrl\":\"https:\/\/dijasporars.com\/wp-content\/uploads\/2021\/04\/179625.jpg\",\"width\":658,\"height\":494},{\"@type\":\"BreadcrumbList\",\"@id\":\"https:\/\/dijasporars.com\/kultura-slovenskog-prostora-da-bude-prepoznatljivija\/#breadcrumb\",\"itemListElement\":[{\"@type\":\"ListItem\",\"position\":1,\"name\":\"\u041f\u043e\u0447\u0435\u0442\u043d\u0430\",\"item\":\"https:\/\/dijasporars.com\/\"},{\"@type\":\"ListItem\",\"position\":2,\"name\":\"\u041a\u0443\u043b\u0442\u0443\u0440\u0430 \u0441\u043b\u043e\u0432\u0435\u043d\u0441\u043a\u043e\u0433 \u043f\u0440\u043e\u0441\u0442\u043e\u0440\u0430 \u0434\u0430 \u0431\u0443\u0434\u0435 \u043f\u0440\u0435\u043f\u043e\u0437\u043d\u0430\u0442\u0459\u0438\u0432\u0438\u0458\u0430\"}]},{\"@type\":\"WebSite\",\"@id\":\"https:\/\/dijasporars.com\/#website\",\"url\":\"https:\/\/dijasporars.com\/\",\"name\":\"\u0420\u0435\u043f\u0443\u0431\u043b\u0438\u043a\u0430 \u0421\u0440\u043f\u0441\u043a\u0430 \u0438 \u0434\u0438\u0458\u0430\u0441\u043f\u043e\u0440\u0430\",\"description\":\"\",\"potentialAction\":[{\"@type\":\"SearchAction\",\"target\":{\"@type\":\"EntryPoint\",\"urlTemplate\":\"https:\/\/dijasporars.com\/?s={search_term_string}\"},\"query-input\":{\"@type\":\"PropertyValueSpecification\",\"valueRequired\":true,\"valueName\":\"search_term_string\"}}],\"inLanguage\":\"en-US\"},{\"@type\":\"Person\",\"@id\":\"https:\/\/dijasporars.com\/#\/schema\/person\/f5052d53409aef50f7503bd1372c77ca\",\"name\":\"dijasporars\",\"image\":{\"@type\":\"ImageObject\",\"inLanguage\":\"en-US\",\"@id\":\"https:\/\/dijasporars.com\/#\/schema\/person\/image\/\",\"url\":\"https:\/\/secure.gravatar.com\/avatar\/759212a69df0744fb2be03efd361239831e31095061dacc7496bdf8524e0daf7?s=96&d=mm&r=g\",\"contentUrl\":\"https:\/\/secure.gravatar.com\/avatar\/759212a69df0744fb2be03efd361239831e31095061dacc7496bdf8524e0daf7?s=96&d=mm&r=g\",\"caption\":\"dijasporars\"},\"url\":\"https:\/\/dijasporars.com\/en\/author\/dijasporars\/\"}]}<\/script>\n<!-- \/ Yoast SEO plugin. -->","yoast_head_json":{"title":"\u041a\u0443\u043b\u0442\u0443\u0440\u0430 \u0441\u043b\u043e\u0432\u0435\u043d\u0441\u043a\u043e\u0433 \u043f\u0440\u043e\u0441\u0442\u043e\u0440\u0430 \u0434\u0430 \u0431\u0443\u0434\u0435 \u043f\u0440\u0435\u043f\u043e\u0437\u043d\u0430\u0442\u0459\u0438\u0432\u0438\u0458\u0430 - \u0420\u0435\u043f\u0443\u0431\u043b\u0438\u043a\u0430 \u0421\u0440\u043f\u0441\u043a\u0430 \u0438 \u0434\u0438\u0458\u0430\u0441\u043f\u043e\u0440\u0430","description":"Stranica za dijasporu RS, ovdje mo\u017eete prona\u0107i sve informacije, pomo\u0107 i savjete na jednom mjestu.","robots":{"index":"index","follow":"follow","max-snippet":"max-snippet:-1","max-image-preview":"max-image-preview:large","max-video-preview":"max-video-preview:-1"},"canonical":"https:\/\/dijasporars.com\/en\/kultura-slovenskog-prostora-da-bude-prepoznatljivija\/","og_locale":"en_US","og_type":"article","og_title":"\u041a\u0443\u043b\u0442\u0443\u0440\u0430 \u0441\u043b\u043e\u0432\u0435\u043d\u0441\u043a\u043e\u0433 \u043f\u0440\u043e\u0441\u0442\u043e\u0440\u0430 \u0434\u0430 \u0431\u0443\u0434\u0435 \u043f\u0440\u0435\u043f\u043e\u0437\u043d\u0430\u0442\u0459\u0438\u0432\u0438\u0458\u0430 - \u0420\u0435\u043f\u0443\u0431\u043b\u0438\u043a\u0430 \u0421\u0440\u043f\u0441\u043a\u0430 \u0438 \u0434\u0438\u0458\u0430\u0441\u043f\u043e\u0440\u0430","og_description":"Stranica za dijasporu RS, ovdje mo\u017eete prona\u0107i sve informacije, pomo\u0107 i savjete na jednom mjestu.","og_url":"https:\/\/dijasporars.com\/en\/kultura-slovenskog-prostora-da-bude-prepoznatljivija\/","og_site_name":"\u0420\u0435\u043f\u0443\u0431\u043b\u0438\u043a\u0430 \u0421\u0440\u043f\u0441\u043a\u0430 \u0438 \u0434\u0438\u0458\u0430\u0441\u043f\u043e\u0440\u0430","article_published_time":"2021-04-14T08:33:31+00:00","article_modified_time":"2021-04-14T08:34:05+00:00","og_image":[{"width":658,"height":494,"url":"https:\/\/dijasporars.com\/wp-content\/uploads\/2021\/04\/179625.jpg","type":"image\/jpeg"}],"author":"dijasporars","twitter_card":"summary_large_image","twitter_misc":{"Written by":"dijasporars"},"schema":{"@context":"https:\/\/schema.org","@graph":[{"@type":"WebPage","@id":"https:\/\/dijasporars.com\/kultura-slovenskog-prostora-da-bude-prepoznatljivija\/","url":"https:\/\/dijasporars.com\/kultura-slovenskog-prostora-da-bude-prepoznatljivija\/","name":"\u041a\u0443\u043b\u0442\u0443\u0440\u0430 \u0441\u043b\u043e\u0432\u0435\u043d\u0441\u043a\u043e\u0433 \u043f\u0440\u043e\u0441\u0442\u043e\u0440\u0430 \u0434\u0430 \u0431\u0443\u0434\u0435 \u043f\u0440\u0435\u043f\u043e\u0437\u043d\u0430\u0442\u0459\u0438\u0432\u0438\u0458\u0430 - \u0420\u0435\u043f\u0443\u0431\u043b\u0438\u043a\u0430 \u0421\u0440\u043f\u0441\u043a\u0430 \u0438 \u0434\u0438\u0458\u0430\u0441\u043f\u043e\u0440\u0430","isPartOf":{"@id":"https:\/\/dijasporars.com\/#website"},"primaryImageOfPage":{"@id":"https:\/\/dijasporars.com\/kultura-slovenskog-prostora-da-bude-prepoznatljivija\/#primaryimage"},"image":{"@id":"https:\/\/dijasporars.com\/kultura-slovenskog-prostora-da-bude-prepoznatljivija\/#primaryimage"},"thumbnailUrl":"https:\/\/dijasporars.com\/wp-content\/uploads\/2021\/04\/179625.jpg","datePublished":"2021-04-14T08:33:31+00:00","dateModified":"2021-04-14T08:34:05+00:00","author":{"@id":"https:\/\/dijasporars.com\/#\/schema\/person\/f5052d53409aef50f7503bd1372c77ca"},"description":"Stranica za dijasporu RS, ovdje mo\u017eete prona\u0107i sve informacije, pomo\u0107 i savjete na jednom mjestu.","breadcrumb":{"@id":"https:\/\/dijasporars.com\/kultura-slovenskog-prostora-da-bude-prepoznatljivija\/#breadcrumb"},"inLanguage":"en-US","potentialAction":[{"@type":"ReadAction","target":["https:\/\/dijasporars.com\/kultura-slovenskog-prostora-da-bude-prepoznatljivija\/"]}]},{"@type":"ImageObject","inLanguage":"en-US","@id":"https:\/\/dijasporars.com\/kultura-slovenskog-prostora-da-bude-prepoznatljivija\/#primaryimage","url":"https:\/\/dijasporars.com\/wp-content\/uploads\/2021\/04\/179625.jpg","contentUrl":"https:\/\/dijasporars.com\/wp-content\/uploads\/2021\/04\/179625.jpg","width":658,"height":494},{"@type":"BreadcrumbList","@id":"https:\/\/dijasporars.com\/kultura-slovenskog-prostora-da-bude-prepoznatljivija\/#breadcrumb","itemListElement":[{"@type":"ListItem","position":1,"name":"\u041f\u043e\u0447\u0435\u0442\u043d\u0430","item":"https:\/\/dijasporars.com\/"},{"@type":"ListItem","position":2,"name":"\u041a\u0443\u043b\u0442\u0443\u0440\u0430 \u0441\u043b\u043e\u0432\u0435\u043d\u0441\u043a\u043e\u0433 \u043f\u0440\u043e\u0441\u0442\u043e\u0440\u0430 \u0434\u0430 \u0431\u0443\u0434\u0435 \u043f\u0440\u0435\u043f\u043e\u0437\u043d\u0430\u0442\u0459\u0438\u0432\u0438\u0458\u0430"}]},{"@type":"WebSite","@id":"https:\/\/dijasporars.com\/#website","url":"https:\/\/dijasporars.com\/","name":"\u0420\u0435\u043f\u0443\u0431\u043b\u0438\u043a\u0430 \u0421\u0440\u043f\u0441\u043a\u0430 \u0438 \u0434\u0438\u0458\u0430\u0441\u043f\u043e\u0440\u0430","description":"","potentialAction":[{"@type":"SearchAction","target":{"@type":"EntryPoint","urlTemplate":"https:\/\/dijasporars.com\/?s={search_term_string}"},"query-input":{"@type":"PropertyValueSpecification","valueRequired":true,"valueName":"search_term_string"}}],"inLanguage":"en-US"},{"@type":"Person","@id":"https:\/\/dijasporars.com\/#\/schema\/person\/f5052d53409aef50f7503bd1372c77ca","name":"dijasporars","image":{"@type":"ImageObject","inLanguage":"en-US","@id":"https:\/\/dijasporars.com\/#\/schema\/person\/image\/","url":"https:\/\/secure.gravatar.com\/avatar\/759212a69df0744fb2be03efd361239831e31095061dacc7496bdf8524e0daf7?s=96&d=mm&r=g","contentUrl":"https:\/\/secure.gravatar.com\/avatar\/759212a69df0744fb2be03efd361239831e31095061dacc7496bdf8524e0daf7?s=96&d=mm&r=g","caption":"dijasporars"},"url":"https:\/\/dijasporars.com\/en\/author\/dijasporars\/"}]}},"_links":{"self":[{"href":"https:\/\/dijasporars.com\/en\/wp-json\/wp\/v2\/posts\/2522","targetHints":{"allow":["GET"]}}],"collection":[{"href":"https:\/\/dijasporars.com\/en\/wp-json\/wp\/v2\/posts"}],"about":[{"href":"https:\/\/dijasporars.com\/en\/wp-json\/wp\/v2\/types\/post"}],"author":[{"embeddable":true,"href":"https:\/\/dijasporars.com\/en\/wp-json\/wp\/v2\/users\/1"}],"replies":[{"embeddable":true,"href":"https:\/\/dijasporars.com\/en\/wp-json\/wp\/v2\/comments?post=2522"}],"version-history":[{"count":1,"href":"https:\/\/dijasporars.com\/en\/wp-json\/wp\/v2\/posts\/2522\/revisions"}],"predecessor-version":[{"id":2524,"href":"https:\/\/dijasporars.com\/en\/wp-json\/wp\/v2\/posts\/2522\/revisions\/2524"}],"wp:featuredmedia":[{"embeddable":true,"href":"https:\/\/dijasporars.com\/en\/wp-json\/wp\/v2\/media\/2523"}],"wp:attachment":[{"href":"https:\/\/dijasporars.com\/en\/wp-json\/wp\/v2\/media?parent=2522"}],"wp:term":[{"taxonomy":"category","embeddable":true,"href":"https:\/\/dijasporars.com\/en\/wp-json\/wp\/v2\/categories?post=2522"},{"taxonomy":"post_tag","embeddable":true,"href":"https:\/\/dijasporars.com\/en\/wp-json\/wp\/v2\/tags?post=2522"}],"curies":[{"name":"wp","href":"https:\/\/api.w.org\/{rel}","templated":true}]}}