{"id":1794,"date":"2020-11-12T15:04:24","date_gmt":"2020-11-12T14:04:24","guid":{"rendered":"http:\/\/dijasporars.com\/?p=1794"},"modified":"2020-12-01T09:23:42","modified_gmt":"2020-12-01T08:23:42","slug":"objavljen-prvi-trejler-za-dokumentarni-film-nevidljivi-heroji","status":"publish","type":"post","link":"https:\/\/dijasporars.com\/en\/objavljen-prvi-trejler-za-dokumentarni-film-nevidljivi-heroji\/","title":{"rendered":"First Trailer for the Documentary \"Invisible Heroes\" Released"},"content":{"rendered":"<p>The Republika Srpska Representation in Greece has released the first trailer for the documentary \"Invisible Heroes\", on which the Representation, in cooperation with the Ministry of European Integration and International Cooperation of Srpska, has been working intensively for several months.<\/p>\n<p>The head of the Representation of Srpska in Thessaloniki, Jelena Jovanovi\u0107, points out that this is the first in a series of trailers that the Representative Office plans to publish.<\/p>\n<p>- It shows a girl growing up. In the video, the line is a sign of peace - these are children who lived in Greece, drew and we have all those drawings in our archive - says Jovanovi\u0107.<\/p>\n<p>Along with the film, the project \"Invisible Heroes\" will publish a monograph with the stories of invisible heroes - families from Greece who hosted Serbian children in the 90s of the last century and thus, most of them, saved their childhood.<\/p>\n<p>\u0408\u043e\u0432\u0430\u043d\u043e\u0432\u0438\u045b\u0435\u0432\u0430 \u0434\u043e\u0434\u0430\u0458\u0435 \u0434\u0430 \u041f\u0440\u0435\u0434\u0441\u0442\u0430\u0432\u043d\u0438\u0448\u0442\u0432\u043e \u0421\u0440\u043f\u0441\u043a\u0435 \u0438\u043d\u0442\u0435\u043d\u0437\u0438\u0432\u043d\u043e, \u0432\u0435\u045b \u043f\u0430\u0440 \u043c\u0458\u0435\u0441\u0435\u0446\u0438, \u0442\u0440\u0430\u0436\u0438 \u043e\u0432\u0435 \u043f\u043e\u0440\u043e\u0434\u0438\u0446\u0435 \u0438, \u043d\u0430 \u0442\u043e\u043c\u0435 \u045b\u0435, \u043a\u0430\u0436\u0435, \u0440\u0430\u0434\u0438\u0442\u0438 \u0438 \u0443 \u043d\u0430\u0440\u0435\u0434\u043d\u043e\u043c \u043f\u0435\u0440\u0438\u043e\u0434\u0443, \u043a\u0430\u043a\u043e \u0431\u0438 \u0441\u0435 \u0447\u0443\u043b\u043e \u0437\u0430 \u045a\u0438\u0445\u043e\u0432\u0443 \u043f\u0440\u0438\u0447\u0443 \u0438 \u043e \u0442\u043e\u043c\u0435 \u043a\u0430\u043a\u043e \u0458\u0435 \u0438\u0437 \u045a\u0438\u0445\u043e\u0432\u043e\u0433 \u0443\u0433\u043b\u0430 \u0438\u0437\u0433\u043b\u0435\u0434\u0430\u043b\u0430 \u0442\u0430 \u0441\u0438\u0442\u0443\u0430\u0446\u0438\u0458\u0430, \u0442\u0435 \u043a\u0430\u043a\u043e \u0431\u0438 \u0438\u043c \u0437\u0430\u0445\u0432\u0430\u043b\u0438\u043b\u0438 \u0437\u0430 \u043d\u0435\u0441\u0435\u0431\u0438\u0447\u043d\u0443 \u043f\u043e\u043c\u043e\u045b \u0438 \u043f\u043e\u0434\u0440\u0448\u043a\u0443.<\/p>\n<p>She notes that, as part of this action, 20,000 children stayed in 28 cities and 156 municipalities in Greece.<\/p>\n<p>Source:\u00a0<a href=\"http:\/\/www.vladars.net\/\">Government of Republika Srpska\u00a0<\/a><\/p>","protected":false},"excerpt":{"rendered":"<p>The Republika Srpska Representation in Greece has released the first trailer for the documentary \"Invisible Heroes\", on which the Representation, in cooperation with the Ministry of European Integration and International Cooperation of Srpska, has been working intensively for several months.<\/p>","protected":false},"author":1,"featured_media":1799,"comment_status":"closed","ping_status":"closed","sticky":false,"template":"","format":"standard","meta":{"footnotes":""},"categories":[52],"tags":[],"class_list":["post-1794","post","type-post","status-publish","format-standard","has-post-thumbnail","hentry","category-vijesti"],"yoast_head":"<!-- This site is optimized with the Yoast SEO plugin v24.6 - https:\/\/yoast.com\/wordpress\/plugins\/seo\/ -->\n<title>\u041e\u0411\u0408\u0410\u0412\u0409\u0415\u041d \u041f\u0420\u0412\u0418 \u0422\u0420\u0415\u0408\u041b\u0415\u0420 \u0417\u0410 \u0414\u041e\u041a\u0423\u041c\u0415\u041d\u0422\u0410\u0420\u041d\u0418 \u0424\u0418\u041b\u041c \u201e\u041d\u0415\u0412\u0418\u0414\u0409\u0418\u0412\u0418 \u0425\u0415\u0420\u041e\u0408\u0418\u201c - \u0420\u0435\u043f\u0443\u0431\u043b\u0438\u043a\u0430 \u0421\u0440\u043f\u0441\u043a\u0430 \u0438 \u0434\u0438\u0458\u0430\u0441\u043f\u043e\u0440\u0430<\/title>\n<meta name=\"description\" content=\"Stranica za dijasporu RS, ovdje mo\u017eete prona\u0107i sve informacije, pomo\u0107 i savjete na jednom mjestu.\" \/>\n<meta name=\"robots\" content=\"index, follow, max-snippet:-1, max-image-preview:large, max-video-preview:-1\" \/>\n<link rel=\"canonical\" href=\"https:\/\/dijasporars.com\/en\/objavljen-prvi-trejler-za-dokumentarni-film-nevidljivi-heroji\/\" \/>\n<meta property=\"og:locale\" content=\"en_US\" \/>\n<meta property=\"og:type\" content=\"article\" \/>\n<meta property=\"og:title\" content=\"\u041e\u0411\u0408\u0410\u0412\u0409\u0415\u041d \u041f\u0420\u0412\u0418 \u0422\u0420\u0415\u0408\u041b\u0415\u0420 \u0417\u0410 \u0414\u041e\u041a\u0423\u041c\u0415\u041d\u0422\u0410\u0420\u041d\u0418 \u0424\u0418\u041b\u041c \u201e\u041d\u0415\u0412\u0418\u0414\u0409\u0418\u0412\u0418 \u0425\u0415\u0420\u041e\u0408\u0418\u201c - \u0420\u0435\u043f\u0443\u0431\u043b\u0438\u043a\u0430 \u0421\u0440\u043f\u0441\u043a\u0430 \u0438 \u0434\u0438\u0458\u0430\u0441\u043f\u043e\u0440\u0430\" \/>\n<meta property=\"og:description\" content=\"Stranica za dijasporu RS, ovdje mo\u017eete prona\u0107i sve informacije, pomo\u0107 i savjete na jednom mjestu.\" \/>\n<meta property=\"og:url\" content=\"https:\/\/dijasporars.com\/en\/objavljen-prvi-trejler-za-dokumentarni-film-nevidljivi-heroji\/\" \/>\n<meta property=\"og:site_name\" content=\"\u0420\u0435\u043f\u0443\u0431\u043b\u0438\u043a\u0430 \u0421\u0440\u043f\u0441\u043a\u0430 \u0438 \u0434\u0438\u0458\u0430\u0441\u043f\u043e\u0440\u0430\" \/>\n<meta property=\"article:published_time\" content=\"2020-11-12T14:04:24+00:00\" \/>\n<meta property=\"article:modified_time\" content=\"2020-12-01T08:23:42+00:00\" \/>\n<meta property=\"og:image\" content=\"https:\/\/dijasporars.com\/wp-content\/uploads\/2020\/10\/nevidljivi_heroji.jpg\" \/>\n\t<meta property=\"og:image:width\" content=\"750\" \/>\n\t<meta property=\"og:image:height\" content=\"420\" \/>\n\t<meta property=\"og:image:type\" content=\"image\/jpeg\" \/>\n<meta name=\"author\" content=\"dijasporars\" \/>\n<meta name=\"twitter:card\" content=\"summary_large_image\" \/>\n<meta name=\"twitter:label1\" content=\"Written by\" \/>\n\t<meta name=\"twitter:data1\" content=\"dijasporars\" \/>\n<script type=\"application\/ld+json\" class=\"yoast-schema-graph\">{\"@context\":\"https:\/\/schema.org\",\"@graph\":[{\"@type\":\"WebPage\",\"@id\":\"https:\/\/dijasporars.com\/en\/objavljen-prvi-trejler-za-dokumentarni-film-nevidljivi-heroji\/\",\"url\":\"https:\/\/dijasporars.com\/en\/objavljen-prvi-trejler-za-dokumentarni-film-nevidljivi-heroji\/\",\"name\":\"\u041e\u0411\u0408\u0410\u0412\u0409\u0415\u041d \u041f\u0420\u0412\u0418 \u0422\u0420\u0415\u0408\u041b\u0415\u0420 \u0417\u0410 \u0414\u041e\u041a\u0423\u041c\u0415\u041d\u0422\u0410\u0420\u041d\u0418 \u0424\u0418\u041b\u041c \u201e\u041d\u0415\u0412\u0418\u0414\u0409\u0418\u0412\u0418 \u0425\u0415\u0420\u041e\u0408\u0418\u201c - \u0420\u0435\u043f\u0443\u0431\u043b\u0438\u043a\u0430 \u0421\u0440\u043f\u0441\u043a\u0430 \u0438 \u0434\u0438\u0458\u0430\u0441\u043f\u043e\u0440\u0430\",\"isPartOf\":{\"@id\":\"https:\/\/dijasporars.com\/#website\"},\"primaryImageOfPage\":{\"@id\":\"https:\/\/dijasporars.com\/en\/objavljen-prvi-trejler-za-dokumentarni-film-nevidljivi-heroji\/#primaryimage\"},\"image\":{\"@id\":\"https:\/\/dijasporars.com\/en\/objavljen-prvi-trejler-za-dokumentarni-film-nevidljivi-heroji\/#primaryimage\"},\"thumbnailUrl\":\"https:\/\/dijasporars.com\/wp-content\/uploads\/2020\/10\/nevidljivi_heroji.jpg\",\"datePublished\":\"2020-11-12T14:04:24+00:00\",\"dateModified\":\"2020-12-01T08:23:42+00:00\",\"author\":{\"@id\":\"https:\/\/dijasporars.com\/#\/schema\/person\/f5052d53409aef50f7503bd1372c77ca\"},\"description\":\"Stranica za dijasporu RS, ovdje mo\u017eete prona\u0107i sve informacije, pomo\u0107 i savjete na jednom mjestu.\",\"breadcrumb\":{\"@id\":\"https:\/\/dijasporars.com\/en\/objavljen-prvi-trejler-za-dokumentarni-film-nevidljivi-heroji\/#breadcrumb\"},\"inLanguage\":\"en-US\",\"potentialAction\":[{\"@type\":\"ReadAction\",\"target\":[\"https:\/\/dijasporars.com\/en\/objavljen-prvi-trejler-za-dokumentarni-film-nevidljivi-heroji\/\"]}]},{\"@type\":\"ImageObject\",\"inLanguage\":\"en-US\",\"@id\":\"https:\/\/dijasporars.com\/en\/objavljen-prvi-trejler-za-dokumentarni-film-nevidljivi-heroji\/#primaryimage\",\"url\":\"https:\/\/dijasporars.com\/wp-content\/uploads\/2020\/10\/nevidljivi_heroji.jpg\",\"contentUrl\":\"https:\/\/dijasporars.com\/wp-content\/uploads\/2020\/10\/nevidljivi_heroji.jpg\",\"width\":750,\"height\":420},{\"@type\":\"BreadcrumbList\",\"@id\":\"https:\/\/dijasporars.com\/en\/objavljen-prvi-trejler-za-dokumentarni-film-nevidljivi-heroji\/#breadcrumb\",\"itemListElement\":[{\"@type\":\"ListItem\",\"position\":1,\"name\":\"\u041f\u043e\u0447\u0435\u0442\u043d\u0430\",\"item\":\"https:\/\/dijasporars.com\/\"},{\"@type\":\"ListItem\",\"position\":2,\"name\":\"\u041e\u0411\u0408\u0410\u0412\u0409\u0415\u041d \u041f\u0420\u0412\u0418 \u0422\u0420\u0415\u0408\u041b\u0415\u0420 \u0417\u0410 \u0414\u041e\u041a\u0423\u041c\u0415\u041d\u0422\u0410\u0420\u041d\u0418 \u0424\u0418\u041b\u041c \u201e\u041d\u0415\u0412\u0418\u0414\u0409\u0418\u0412\u0418 \u0425\u0415\u0420\u041e\u0408\u0418\u201c\"}]},{\"@type\":\"WebSite\",\"@id\":\"https:\/\/dijasporars.com\/#website\",\"url\":\"https:\/\/dijasporars.com\/\",\"name\":\"\u0420\u0435\u043f\u0443\u0431\u043b\u0438\u043a\u0430 \u0421\u0440\u043f\u0441\u043a\u0430 \u0438 \u0434\u0438\u0458\u0430\u0441\u043f\u043e\u0440\u0430\",\"description\":\"\",\"potentialAction\":[{\"@type\":\"SearchAction\",\"target\":{\"@type\":\"EntryPoint\",\"urlTemplate\":\"https:\/\/dijasporars.com\/?s={search_term_string}\"},\"query-input\":{\"@type\":\"PropertyValueSpecification\",\"valueRequired\":true,\"valueName\":\"search_term_string\"}}],\"inLanguage\":\"en-US\"},{\"@type\":\"Person\",\"@id\":\"https:\/\/dijasporars.com\/#\/schema\/person\/f5052d53409aef50f7503bd1372c77ca\",\"name\":\"dijasporars\",\"image\":{\"@type\":\"ImageObject\",\"inLanguage\":\"en-US\",\"@id\":\"https:\/\/dijasporars.com\/#\/schema\/person\/image\/\",\"url\":\"https:\/\/secure.gravatar.com\/avatar\/759212a69df0744fb2be03efd361239831e31095061dacc7496bdf8524e0daf7?s=96&d=mm&r=g\",\"contentUrl\":\"https:\/\/secure.gravatar.com\/avatar\/759212a69df0744fb2be03efd361239831e31095061dacc7496bdf8524e0daf7?s=96&d=mm&r=g\",\"caption\":\"dijasporars\"},\"url\":\"https:\/\/dijasporars.com\/en\/author\/dijasporars\/\"}]}<\/script>\n<!-- \/ Yoast SEO plugin. -->","yoast_head_json":{"title":"\u041e\u0411\u0408\u0410\u0412\u0409\u0415\u041d \u041f\u0420\u0412\u0418 \u0422\u0420\u0415\u0408\u041b\u0415\u0420 \u0417\u0410 \u0414\u041e\u041a\u0423\u041c\u0415\u041d\u0422\u0410\u0420\u041d\u0418 \u0424\u0418\u041b\u041c \u201e\u041d\u0415\u0412\u0418\u0414\u0409\u0418\u0412\u0418 \u0425\u0415\u0420\u041e\u0408\u0418\u201c - \u0420\u0435\u043f\u0443\u0431\u043b\u0438\u043a\u0430 \u0421\u0440\u043f\u0441\u043a\u0430 \u0438 \u0434\u0438\u0458\u0430\u0441\u043f\u043e\u0440\u0430","description":"Stranica za dijasporu RS, ovdje mo\u017eete prona\u0107i sve informacije, pomo\u0107 i savjete na jednom mjestu.","robots":{"index":"index","follow":"follow","max-snippet":"max-snippet:-1","max-image-preview":"max-image-preview:large","max-video-preview":"max-video-preview:-1"},"canonical":"https:\/\/dijasporars.com\/en\/objavljen-prvi-trejler-za-dokumentarni-film-nevidljivi-heroji\/","og_locale":"en_US","og_type":"article","og_title":"\u041e\u0411\u0408\u0410\u0412\u0409\u0415\u041d \u041f\u0420\u0412\u0418 \u0422\u0420\u0415\u0408\u041b\u0415\u0420 \u0417\u0410 \u0414\u041e\u041a\u0423\u041c\u0415\u041d\u0422\u0410\u0420\u041d\u0418 \u0424\u0418\u041b\u041c \u201e\u041d\u0415\u0412\u0418\u0414\u0409\u0418\u0412\u0418 \u0425\u0415\u0420\u041e\u0408\u0418\u201c - \u0420\u0435\u043f\u0443\u0431\u043b\u0438\u043a\u0430 \u0421\u0440\u043f\u0441\u043a\u0430 \u0438 \u0434\u0438\u0458\u0430\u0441\u043f\u043e\u0440\u0430","og_description":"Stranica za dijasporu RS, ovdje mo\u017eete prona\u0107i sve informacije, pomo\u0107 i savjete na jednom mjestu.","og_url":"https:\/\/dijasporars.com\/en\/objavljen-prvi-trejler-za-dokumentarni-film-nevidljivi-heroji\/","og_site_name":"\u0420\u0435\u043f\u0443\u0431\u043b\u0438\u043a\u0430 \u0421\u0440\u043f\u0441\u043a\u0430 \u0438 \u0434\u0438\u0458\u0430\u0441\u043f\u043e\u0440\u0430","article_published_time":"2020-11-12T14:04:24+00:00","article_modified_time":"2020-12-01T08:23:42+00:00","og_image":[{"width":750,"height":420,"url":"https:\/\/dijasporars.com\/wp-content\/uploads\/2020\/10\/nevidljivi_heroji.jpg","type":"image\/jpeg"}],"author":"dijasporars","twitter_card":"summary_large_image","twitter_misc":{"Written by":"dijasporars"},"schema":{"@context":"https:\/\/schema.org","@graph":[{"@type":"WebPage","@id":"https:\/\/dijasporars.com\/en\/objavljen-prvi-trejler-za-dokumentarni-film-nevidljivi-heroji\/","url":"https:\/\/dijasporars.com\/en\/objavljen-prvi-trejler-za-dokumentarni-film-nevidljivi-heroji\/","name":"\u041e\u0411\u0408\u0410\u0412\u0409\u0415\u041d \u041f\u0420\u0412\u0418 \u0422\u0420\u0415\u0408\u041b\u0415\u0420 \u0417\u0410 \u0414\u041e\u041a\u0423\u041c\u0415\u041d\u0422\u0410\u0420\u041d\u0418 \u0424\u0418\u041b\u041c \u201e\u041d\u0415\u0412\u0418\u0414\u0409\u0418\u0412\u0418 \u0425\u0415\u0420\u041e\u0408\u0418\u201c - \u0420\u0435\u043f\u0443\u0431\u043b\u0438\u043a\u0430 \u0421\u0440\u043f\u0441\u043a\u0430 \u0438 \u0434\u0438\u0458\u0430\u0441\u043f\u043e\u0440\u0430","isPartOf":{"@id":"https:\/\/dijasporars.com\/#website"},"primaryImageOfPage":{"@id":"https:\/\/dijasporars.com\/en\/objavljen-prvi-trejler-za-dokumentarni-film-nevidljivi-heroji\/#primaryimage"},"image":{"@id":"https:\/\/dijasporars.com\/en\/objavljen-prvi-trejler-za-dokumentarni-film-nevidljivi-heroji\/#primaryimage"},"thumbnailUrl":"https:\/\/dijasporars.com\/wp-content\/uploads\/2020\/10\/nevidljivi_heroji.jpg","datePublished":"2020-11-12T14:04:24+00:00","dateModified":"2020-12-01T08:23:42+00:00","author":{"@id":"https:\/\/dijasporars.com\/#\/schema\/person\/f5052d53409aef50f7503bd1372c77ca"},"description":"Stranica za dijasporu RS, ovdje mo\u017eete prona\u0107i sve informacije, pomo\u0107 i savjete na jednom mjestu.","breadcrumb":{"@id":"https:\/\/dijasporars.com\/en\/objavljen-prvi-trejler-za-dokumentarni-film-nevidljivi-heroji\/#breadcrumb"},"inLanguage":"en-US","potentialAction":[{"@type":"ReadAction","target":["https:\/\/dijasporars.com\/en\/objavljen-prvi-trejler-za-dokumentarni-film-nevidljivi-heroji\/"]}]},{"@type":"ImageObject","inLanguage":"en-US","@id":"https:\/\/dijasporars.com\/en\/objavljen-prvi-trejler-za-dokumentarni-film-nevidljivi-heroji\/#primaryimage","url":"https:\/\/dijasporars.com\/wp-content\/uploads\/2020\/10\/nevidljivi_heroji.jpg","contentUrl":"https:\/\/dijasporars.com\/wp-content\/uploads\/2020\/10\/nevidljivi_heroji.jpg","width":750,"height":420},{"@type":"BreadcrumbList","@id":"https:\/\/dijasporars.com\/en\/objavljen-prvi-trejler-za-dokumentarni-film-nevidljivi-heroji\/#breadcrumb","itemListElement":[{"@type":"ListItem","position":1,"name":"\u041f\u043e\u0447\u0435\u0442\u043d\u0430","item":"https:\/\/dijasporars.com\/"},{"@type":"ListItem","position":2,"name":"\u041e\u0411\u0408\u0410\u0412\u0409\u0415\u041d \u041f\u0420\u0412\u0418 \u0422\u0420\u0415\u0408\u041b\u0415\u0420 \u0417\u0410 \u0414\u041e\u041a\u0423\u041c\u0415\u041d\u0422\u0410\u0420\u041d\u0418 \u0424\u0418\u041b\u041c \u201e\u041d\u0415\u0412\u0418\u0414\u0409\u0418\u0412\u0418 \u0425\u0415\u0420\u041e\u0408\u0418\u201c"}]},{"@type":"WebSite","@id":"https:\/\/dijasporars.com\/#website","url":"https:\/\/dijasporars.com\/","name":"\u0420\u0435\u043f\u0443\u0431\u043b\u0438\u043a\u0430 \u0421\u0440\u043f\u0441\u043a\u0430 \u0438 \u0434\u0438\u0458\u0430\u0441\u043f\u043e\u0440\u0430","description":"","potentialAction":[{"@type":"SearchAction","target":{"@type":"EntryPoint","urlTemplate":"https:\/\/dijasporars.com\/?s={search_term_string}"},"query-input":{"@type":"PropertyValueSpecification","valueRequired":true,"valueName":"search_term_string"}}],"inLanguage":"en-US"},{"@type":"Person","@id":"https:\/\/dijasporars.com\/#\/schema\/person\/f5052d53409aef50f7503bd1372c77ca","name":"dijasporars","image":{"@type":"ImageObject","inLanguage":"en-US","@id":"https:\/\/dijasporars.com\/#\/schema\/person\/image\/","url":"https:\/\/secure.gravatar.com\/avatar\/759212a69df0744fb2be03efd361239831e31095061dacc7496bdf8524e0daf7?s=96&d=mm&r=g","contentUrl":"https:\/\/secure.gravatar.com\/avatar\/759212a69df0744fb2be03efd361239831e31095061dacc7496bdf8524e0daf7?s=96&d=mm&r=g","caption":"dijasporars"},"url":"https:\/\/dijasporars.com\/en\/author\/dijasporars\/"}]}},"_links":{"self":[{"href":"https:\/\/dijasporars.com\/en\/wp-json\/wp\/v2\/posts\/1794","targetHints":{"allow":["GET"]}}],"collection":[{"href":"https:\/\/dijasporars.com\/en\/wp-json\/wp\/v2\/posts"}],"about":[{"href":"https:\/\/dijasporars.com\/en\/wp-json\/wp\/v2\/types\/post"}],"author":[{"embeddable":true,"href":"https:\/\/dijasporars.com\/en\/wp-json\/wp\/v2\/users\/1"}],"replies":[{"embeddable":true,"href":"https:\/\/dijasporars.com\/en\/wp-json\/wp\/v2\/comments?post=1794"}],"version-history":[{"count":3,"href":"https:\/\/dijasporars.com\/en\/wp-json\/wp\/v2\/posts\/1794\/revisions"}],"predecessor-version":[{"id":1797,"href":"https:\/\/dijasporars.com\/en\/wp-json\/wp\/v2\/posts\/1794\/revisions\/1797"}],"wp:featuredmedia":[{"embeddable":true,"href":"https:\/\/dijasporars.com\/en\/wp-json\/wp\/v2\/media\/1799"}],"wp:attachment":[{"href":"https:\/\/dijasporars.com\/en\/wp-json\/wp\/v2\/media?parent=1794"}],"wp:term":[{"taxonomy":"category","embeddable":true,"href":"https:\/\/dijasporars.com\/en\/wp-json\/wp\/v2\/categories?post=1794"},{"taxonomy":"post_tag","embeddable":true,"href":"https:\/\/dijasporars.com\/en\/wp-json\/wp\/v2\/tags?post=1794"}],"curies":[{"name":"wp","href":"https:\/\/api.w.org\/{rel}","templated":true}]}}