{"id":8824,"date":"2026-08-17T11:26:16","date_gmt":"2026-08-17T09:26:16","guid":{"rendered":"https:\/\/dijasporars.com\/?p=8824"},"modified":"2026-08-18T13:37:03","modified_gmt":"2026-08-18T11:37:03","slug":"u-uzicu-otvoren-18-medjunarodni-djecji-festival-folklora-licidersko-srce","status":"publish","type":"post","link":"https:\/\/dijasporars.com\/de\/u-uzicu-otvoren-18-medjunarodni-djecji-festival-folklora-licidersko-srce\/","title":{"rendered":"In U\u017eice wurde das 18. Internationale Kinder-Folklorefestival \u201eLicidersko srce\u201c er\u00f6ffnet"},"content":{"rendered":"<p>In U\u017eice wurde feierlich das 18. Internationale Kinder-Folklorefestival \u201eLicidersko srce\u201c er\u00f6ffnet. Bis zum 19. August nehmen daran rund 1.200 Kinder aus 14 L\u00e4ndern teil, darunter auch Teilnehmer aus der Republika Srpska.<\/p>\n<p>Das Festival findet unter dem Motto \u201eVollj\u00e4hrigkeit des Herzens\u201c in U\u017eice, auf dem Zlatibor und in Vi\u0161egrad statt. Das Programm des ersten Tages begann um 10.00 Uhr mit einem feierlichen Empfang der Vertreter der Ensembles im Rathaus. Um 19.30 Uhr fand ein festlicher Umzug der Teilnehmer statt, und um 20.30 Uhr wurde das Festival auf dem Partisanenplatz mit einem Konzert, bei dem Kultur- und Kunstvereine auftraten, offiziell er\u00f6ffnet.<\/p>\n<p>Beim Empfang hie\u00df der stellvertretende B\u00fcrgermeister von U\u017eice Radojko Radosavljevi\u0107 die jungen Folkloret\u00e4nzer willkommen und betonte, dass das Festival seit 18 Jahren junge Menschen aus Serbien und der ganzen Welt miteinander verbindet. \u201eM\u00f6ge \u201aLicidersko srce\u2018 auch diesmal ein Ort sein, an dem neue Freundschaften entstehen und die sch\u00f6nste Botschaft vermittelt wird \u2013 dass uns Unterschiede nicht trennen, sondern verbinden\u201c, sagte Radosavljevi\u0107. Die Vorsitzende des Organisationskomitees Ivana Cvetkovi\u0107 erkl\u00e4rte beim Empfang, dass sich die Gastgeber darauf freuen, die Kulturen anderer V\u00f6lker kennenzulernen und ihr eigenes kulturelles Erbe zu pr\u00e4sentieren.<\/p>\n<p>Die Republika Srpska wird durch die Kultur- und Kunstvereine \u201eSoko HED\u201c aus Vi\u0161egrad, \u201eMost\u201c aus Bratunac und \u201eAlat\u201c aus Trebinje vertreten. Die k\u00fcnstlerische Leiterin des KUD \u201eSoko HED\u201c, Danijela \u0160u\u0107ur, dankte den Organisatoren daf\u00fcr, dass Vi\u0161egrad einer der Festivalorte ist. Sie bewertete die Vielfalt der Gruppen, Trachten und T\u00e4nze als einen Faktor, der das Programm f\u00fcr das Publikum besonders attraktiv mache.<\/p>\n<p>Veranstalter ist der B\u00fcrgerverein \u201eEra\u201c aus U\u017eice. Mitveranstalter sind die Stadtverwaltung von U\u017eice, die Vertretung der Republika Srpska in Serbien sowie die Gemeindeverwaltung von \u010cajetina. Das Programm in Vi\u0161egrad findet am 17. August statt: Der Empfang der Ensemblevertreter beginnt um 17.30 Uhr, der Umzug um 18.30 Uhr und das Festival-Konzert im Stadion bei Andri\u0107grad um 19.00 Uhr.<\/p>\n<p>Quelle und Foto: Vertretung der Republika Srpska in Serbien<\/p>","protected":false},"excerpt":{"rendered":"<p>In U\u017eice wurde feierlich das 18. Internationale Kinder-Folklorefestival \u201eLicidersko srce\u201c er\u00f6ffnet. Bis zum 19. August nehmen daran rund 1.200 Kinder aus 14 L\u00e4ndern teil, darunter auch Teilnehmer aus der Republika Srpska.\nDas Festival findet unter dem Motto \u201eVollj\u00e4hrigkeit des Herzens\u201c in U\u017eice, auf dem Zlatibor und in Vi\u0161egrad statt. Das Programm des ersten Tages begann um 10.00 Uhr mit einem feierlichen ...<\/p>","protected":false},"author":1,"featured_media":8825,"comment_status":"closed","ping_status":"closed","sticky":false,"template":"","format":"standard","meta":{"footnotes":""},"categories":[52,76,77],"tags":[],"class_list":["post-8824","post","type-post","status-publish","format-standard","has-post-thumbnail","hentry","category-vijesti","category-vijesti-dijaspora","category-vijesti-republika-srpska"],"yoast_head":"<!-- This site is optimized with the Yoast SEO plugin v28.3 - https:\/\/yoast.com\/product\/yoast-seo-wordpress\/ -->\n<title>\u0423 \u0423\u0436\u0438\u0446\u0443 \u043e\u0442\u0432\u043e\u0440\u0435\u043d 18. \u041c\u0435\u0452\u0443\u043d\u0430\u0440\u043e\u0434\u043d\u0438 \u0434\u0458\u0435\u0447\u0458\u0438 \u0444\u0435\u0441\u0442\u0438\u0432\u0430\u043b \u0444\u043e\u043b\u043a\u043b\u043e\u0440\u0430 \u201e\u041b\u0438\u0446\u0438\u0434\u0435\u0440\u0441\u043a\u043e \u0441\u0440\u0446\u0435\u201c - \u0420\u0435\u043f\u0443\u0431\u043b\u0438\u043a\u0430 \u0421\u0440\u043f\u0441\u043a\u0430 \u0438 \u0434\u0438\u0458\u0430\u0441\u043f\u043e\u0440\u0430<\/title>\n<meta name=\"description\" content=\"Stranica za dijasporu RS, ovdje mo\u017eete prona\u0107i sve informacije, pomo\u0107 i savjete na jednom mjestu.\" \/>\n<meta name=\"robots\" content=\"index, follow, max-snippet:-1, max-image-preview:large, max-video-preview:-1\" \/>\n<link rel=\"canonical\" href=\"https:\/\/dijasporars.com\/de\/u-uzicu-otvoren-18-medjunarodni-djecji-festival-folklora-licidersko-srce\/\" \/>\n<meta property=\"og:locale\" content=\"de_DE\" \/>\n<meta property=\"og:type\" content=\"article\" \/>\n<meta property=\"og:title\" content=\"\u0423 \u0423\u0436\u0438\u0446\u0443 \u043e\u0442\u0432\u043e\u0440\u0435\u043d 18. \u041c\u0435\u0452\u0443\u043d\u0430\u0440\u043e\u0434\u043d\u0438 \u0434\u0458\u0435\u0447\u0458\u0438 \u0444\u0435\u0441\u0442\u0438\u0432\u0430\u043b \u0444\u043e\u043b\u043a\u043b\u043e\u0440\u0430 \u201e\u041b\u0438\u0446\u0438\u0434\u0435\u0440\u0441\u043a\u043e \u0441\u0440\u0446\u0435\u201c - \u0420\u0435\u043f\u0443\u0431\u043b\u0438\u043a\u0430 \u0421\u0440\u043f\u0441\u043a\u0430 \u0438 \u0434\u0438\u0458\u0430\u0441\u043f\u043e\u0440\u0430\" \/>\n<meta property=\"og:description\" content=\"Stranica za dijasporu RS, ovdje mo\u017eete prona\u0107i sve informacije, pomo\u0107 i savjete na jednom mjestu.\" \/>\n<meta property=\"og:url\" content=\"https:\/\/dijasporars.com\/de\/u-uzicu-otvoren-18-medjunarodni-djecji-festival-folklora-licidersko-srce\/\" \/>\n<meta property=\"og:site_name\" content=\"\u0420\u0435\u043f\u0443\u0431\u043b\u0438\u043a\u0430 \u0421\u0440\u043f\u0441\u043a\u0430 \u0438 \u0434\u0438\u0458\u0430\u0441\u043f\u043e\u0440\u0430\" \/>\n<meta property=\"article:published_time\" content=\"2026-08-17T09:26:16+00:00\" \/>\n<meta property=\"article:modified_time\" content=\"2026-08-18T11:37:03+00:00\" \/>\n<meta property=\"og:image\" content=\"https:\/\/dijasporars.com\/wp-content\/uploads\/2026\/08\/\u0424\u043e\u0442\u043e-\u041f\u0440\u0435\u0434\u0441\u0442\u0430\u0432\u043d\u0438\u0448\u0442\u0432\u043e-\u0420\u0435\u043f\u0443\u0431\u043b\u0438\u043a\u0435-\u0421\u0440\u043f\u0441\u043a\u0435-\u0443-\u0421\u0440\u0431\u0438\u0458\u0438.jpg\" \/>\n\t<meta property=\"og:image:width\" content=\"1440\" \/>\n\t<meta property=\"og:image:height\" content=\"1918\" \/>\n\t<meta property=\"og:image:type\" content=\"image\/jpeg\" \/>\n<meta name=\"author\" content=\"dijasporars\" \/>\n<meta name=\"twitter:card\" content=\"summary_large_image\" \/>\n<meta name=\"twitter:label1\" content=\"Verfasst von\" \/>\n\t<meta name=\"twitter:data1\" content=\"dijasporars\" \/>\n<script type=\"application\/ld+json\" class=\"yoast-schema-graph\">{\"@context\":\"https:\\\/\\\/schema.org\",\"@graph\":[{\"@type\":\"Article\",\"@id\":\"https:\\\/\\\/dijasporars.com\\\/u-uzicu-otvoren-18-medjunarodni-djecji-festival-folklora-licidersko-srce\\\/#article\",\"isPartOf\":{\"@id\":\"https:\\\/\\\/dijasporars.com\\\/u-uzicu-otvoren-18-medjunarodni-djecji-festival-folklora-licidersko-srce\\\/\"},\"author\":{\"name\":\"dijasporars\",\"@id\":\"https:\\\/\\\/dijasporars.com\\\/#\\\/schema\\\/person\\\/1dec0e3a93fda1a15e8ec16f596c615f\"},\"headline\":\"\u0423 \u0423\u0436\u0438\u0446\u0443 \u043e\u0442\u0432\u043e\u0440\u0435\u043d 18. \u041c\u0435\u0452\u0443\u043d\u0430\u0440\u043e\u0434\u043d\u0438 \u0434\u0458\u0435\u0447\u0458\u0438 \u0444\u0435\u0441\u0442\u0438\u0432\u0430\u043b \u0444\u043e\u043b\u043a\u043b\u043e\u0440\u0430 \u201e\u041b\u0438\u0446\u0438\u0434\u0435\u0440\u0441\u043a\u043e \u0441\u0440\u0446\u0435\u201c\",\"datePublished\":\"2026-08-17T09:26:16+00:00\",\"dateModified\":\"2026-08-18T11:37:03+00:00\",\"mainEntityOfPage\":{\"@id\":\"https:\\\/\\\/dijasporars.com\\\/u-uzicu-otvoren-18-medjunarodni-djecji-festival-folklora-licidersko-srce\\\/\"},\"wordCount\":257,\"image\":{\"@id\":\"https:\\\/\\\/dijasporars.com\\\/u-uzicu-otvoren-18-medjunarodni-djecji-festival-folklora-licidersko-srce\\\/#primaryimage\"},\"thumbnailUrl\":\"https:\\\/\\\/dijasporars.com\\\/wp-content\\\/uploads\\\/2026\\\/08\\\/\u0424\u043e\u0442\u043e-\u041f\u0440\u0435\u0434\u0441\u0442\u0430\u0432\u043d\u0438\u0448\u0442\u0432\u043e-\u0420\u0435\u043f\u0443\u0431\u043b\u0438\u043a\u0435-\u0421\u0440\u043f\u0441\u043a\u0435-\u0443-\u0421\u0440\u0431\u0438\u0458\u0438.jpg\",\"articleSection\":[\"\u0412\u0438\u0458\u0435\u0441\u0442\u0438\",\"\u0412\u0438\u0458\u0435\u0441\u0442\u0438 \u0438\u0437 \u0434\u0438\u0458\u0430\u0441\u043f\u043e\u0440\u0435\",\"\u0412\u0438\u0458\u0435\u0441\u0442\u0438 \u0438\u0437 \u0420\u0435\u043f\u0443\u0431\u043b\u0438\u043a\u0435 \u0421\u0440\u043f\u0441\u043a\u0435\"],\"inLanguage\":\"de\"},{\"@type\":\"WebPage\",\"@id\":\"https:\\\/\\\/dijasporars.com\\\/u-uzicu-otvoren-18-medjunarodni-djecji-festival-folklora-licidersko-srce\\\/\",\"url\":\"https:\\\/\\\/dijasporars.com\\\/u-uzicu-otvoren-18-medjunarodni-djecji-festival-folklora-licidersko-srce\\\/\",\"name\":\"\u0423 \u0423\u0436\u0438\u0446\u0443 \u043e\u0442\u0432\u043e\u0440\u0435\u043d 18. \u041c\u0435\u0452\u0443\u043d\u0430\u0440\u043e\u0434\u043d\u0438 \u0434\u0458\u0435\u0447\u0458\u0438 \u0444\u0435\u0441\u0442\u0438\u0432\u0430\u043b \u0444\u043e\u043b\u043a\u043b\u043e\u0440\u0430 \u201e\u041b\u0438\u0446\u0438\u0434\u0435\u0440\u0441\u043a\u043e \u0441\u0440\u0446\u0435\u201c - \u0420\u0435\u043f\u0443\u0431\u043b\u0438\u043a\u0430 \u0421\u0440\u043f\u0441\u043a\u0430 \u0438 \u0434\u0438\u0458\u0430\u0441\u043f\u043e\u0440\u0430\",\"isPartOf\":{\"@id\":\"https:\\\/\\\/dijasporars.com\\\/#website\"},\"primaryImageOfPage\":{\"@id\":\"https:\\\/\\\/dijasporars.com\\\/u-uzicu-otvoren-18-medjunarodni-djecji-festival-folklora-licidersko-srce\\\/#primaryimage\"},\"image\":{\"@id\":\"https:\\\/\\\/dijasporars.com\\\/u-uzicu-otvoren-18-medjunarodni-djecji-festival-folklora-licidersko-srce\\\/#primaryimage\"},\"thumbnailUrl\":\"https:\\\/\\\/dijasporars.com\\\/wp-content\\\/uploads\\\/2026\\\/08\\\/\u0424\u043e\u0442\u043e-\u041f\u0440\u0435\u0434\u0441\u0442\u0430\u0432\u043d\u0438\u0448\u0442\u0432\u043e-\u0420\u0435\u043f\u0443\u0431\u043b\u0438\u043a\u0435-\u0421\u0440\u043f\u0441\u043a\u0435-\u0443-\u0421\u0440\u0431\u0438\u0458\u0438.jpg\",\"datePublished\":\"2026-08-17T09:26:16+00:00\",\"dateModified\":\"2026-08-18T11:37:03+00:00\",\"author\":{\"@id\":\"https:\\\/\\\/dijasporars.com\\\/#\\\/schema\\\/person\\\/1dec0e3a93fda1a15e8ec16f596c615f\"},\"description\":\"Stranica za dijasporu RS, ovdje mo\u017eete prona\u0107i sve informacije, pomo\u0107 i savjete na jednom mjestu.\",\"breadcrumb\":{\"@id\":\"https:\\\/\\\/dijasporars.com\\\/u-uzicu-otvoren-18-medjunarodni-djecji-festival-folklora-licidersko-srce\\\/#breadcrumb\"},\"inLanguage\":\"de\",\"potentialAction\":[{\"@type\":\"ReadAction\",\"target\":[\"https:\\\/\\\/dijasporars.com\\\/u-uzicu-otvoren-18-medjunarodni-djecji-festival-folklora-licidersko-srce\\\/\"]}]},{\"@type\":\"ImageObject\",\"inLanguage\":\"de\",\"@id\":\"https:\\\/\\\/dijasporars.com\\\/u-uzicu-otvoren-18-medjunarodni-djecji-festival-folklora-licidersko-srce\\\/#primaryimage\",\"url\":\"https:\\\/\\\/dijasporars.com\\\/wp-content\\\/uploads\\\/2026\\\/08\\\/\u0424\u043e\u0442\u043e-\u041f\u0440\u0435\u0434\u0441\u0442\u0430\u0432\u043d\u0438\u0448\u0442\u0432\u043e-\u0420\u0435\u043f\u0443\u0431\u043b\u0438\u043a\u0435-\u0421\u0440\u043f\u0441\u043a\u0435-\u0443-\u0421\u0440\u0431\u0438\u0458\u0438.jpg\",\"contentUrl\":\"https:\\\/\\\/dijasporars.com\\\/wp-content\\\/uploads\\\/2026\\\/08\\\/\u0424\u043e\u0442\u043e-\u041f\u0440\u0435\u0434\u0441\u0442\u0430\u0432\u043d\u0438\u0448\u0442\u0432\u043e-\u0420\u0435\u043f\u0443\u0431\u043b\u0438\u043a\u0435-\u0421\u0440\u043f\u0441\u043a\u0435-\u0443-\u0421\u0440\u0431\u0438\u0458\u0438.jpg\",\"width\":1440,\"height\":1918},{\"@type\":\"BreadcrumbList\",\"@id\":\"https:\\\/\\\/dijasporars.com\\\/u-uzicu-otvoren-18-medjunarodni-djecji-festival-folklora-licidersko-srce\\\/#breadcrumb\",\"itemListElement\":[{\"@type\":\"ListItem\",\"position\":1,\"name\":\"\u041f\u043e\u0447\u0435\u0442\u043d\u0430\",\"item\":\"https:\\\/\\\/dijasporars.com\\\/\"},{\"@type\":\"ListItem\",\"position\":2,\"name\":\"\u0423 \u0423\u0436\u0438\u0446\u0443 \u043e\u0442\u0432\u043e\u0440\u0435\u043d 18. \u041c\u0435\u0452\u0443\u043d\u0430\u0440\u043e\u0434\u043d\u0438 \u0434\u0458\u0435\u0447\u0458\u0438 \u0444\u0435\u0441\u0442\u0438\u0432\u0430\u043b \u0444\u043e\u043b\u043a\u043b\u043e\u0440\u0430 \u201e\u041b\u0438\u0446\u0438\u0434\u0435\u0440\u0441\u043a\u043e \u0441\u0440\u0446\u0435\u201c\"}]},{\"@type\":\"WebSite\",\"@id\":\"https:\\\/\\\/dijasporars.com\\\/#website\",\"url\":\"https:\\\/\\\/dijasporars.com\\\/\",\"name\":\"\u0420\u0435\u043f\u0443\u0431\u043b\u0438\u043a\u0430 \u0421\u0440\u043f\u0441\u043a\u0430 \u0438 \u0434\u0438\u0458\u0430\u0441\u043f\u043e\u0440\u0430\",\"description\":\"\",\"potentialAction\":[{\"@type\":\"SearchAction\",\"target\":{\"@type\":\"EntryPoint\",\"urlTemplate\":\"https:\\\/\\\/dijasporars.com\\\/?s={search_term_string}\"},\"query-input\":{\"@type\":\"PropertyValueSpecification\",\"valueRequired\":true,\"valueName\":\"search_term_string\"}}],\"inLanguage\":\"de\"},{\"@type\":\"Person\",\"@id\":\"https:\\\/\\\/dijasporars.com\\\/#\\\/schema\\\/person\\\/1dec0e3a93fda1a15e8ec16f596c615f\",\"name\":\"dijasporars\",\"image\":{\"@type\":\"ImageObject\",\"inLanguage\":\"de\",\"@id\":\"https:\\\/\\\/secure.gravatar.com\\\/avatar\\\/759212a69df0744fb2be03efd361239831e31095061dacc7496bdf8524e0daf7?s=96&d=mm&r=g\",\"url\":\"https:\\\/\\\/secure.gravatar.com\\\/avatar\\\/759212a69df0744fb2be03efd361239831e31095061dacc7496bdf8524e0daf7?s=96&d=mm&r=g\",\"contentUrl\":\"https:\\\/\\\/secure.gravatar.com\\\/avatar\\\/759212a69df0744fb2be03efd361239831e31095061dacc7496bdf8524e0daf7?s=96&d=mm&r=g\",\"caption\":\"dijasporars\"},\"url\":\"https:\\\/\\\/dijasporars.com\\\/de\\\/author\\\/dijasporars\\\/\"}]}<\/script>\n<!-- \/ Yoast SEO plugin. -->","yoast_head_json":{"title":"\u0423 \u0423\u0436\u0438\u0446\u0443 \u043e\u0442\u0432\u043e\u0440\u0435\u043d 18. \u041c\u0435\u0452\u0443\u043d\u0430\u0440\u043e\u0434\u043d\u0438 \u0434\u0458\u0435\u0447\u0458\u0438 \u0444\u0435\u0441\u0442\u0438\u0432\u0430\u043b \u0444\u043e\u043b\u043a\u043b\u043e\u0440\u0430 \u201e\u041b\u0438\u0446\u0438\u0434\u0435\u0440\u0441\u043a\u043e \u0441\u0440\u0446\u0435\u201c - \u0420\u0435\u043f\u0443\u0431\u043b\u0438\u043a\u0430 \u0421\u0440\u043f\u0441\u043a\u0430 \u0438 \u0434\u0438\u0458\u0430\u0441\u043f\u043e\u0440\u0430","description":"Stranica za dijasporu RS, ovdje mo\u017eete prona\u0107i sve informacije, pomo\u0107 i savjete na jednom mjestu.","robots":{"index":"index","follow":"follow","max-snippet":"max-snippet:-1","max-image-preview":"max-image-preview:large","max-video-preview":"max-video-preview:-1"},"canonical":"https:\/\/dijasporars.com\/de\/u-uzicu-otvoren-18-medjunarodni-djecji-festival-folklora-licidersko-srce\/","og_locale":"de_DE","og_type":"article","og_title":"\u0423 \u0423\u0436\u0438\u0446\u0443 \u043e\u0442\u0432\u043e\u0440\u0435\u043d 18. \u041c\u0435\u0452\u0443\u043d\u0430\u0440\u043e\u0434\u043d\u0438 \u0434\u0458\u0435\u0447\u0458\u0438 \u0444\u0435\u0441\u0442\u0438\u0432\u0430\u043b \u0444\u043e\u043b\u043a\u043b\u043e\u0440\u0430 \u201e\u041b\u0438\u0446\u0438\u0434\u0435\u0440\u0441\u043a\u043e \u0441\u0440\u0446\u0435\u201c - \u0420\u0435\u043f\u0443\u0431\u043b\u0438\u043a\u0430 \u0421\u0440\u043f\u0441\u043a\u0430 \u0438 \u0434\u0438\u0458\u0430\u0441\u043f\u043e\u0440\u0430","og_description":"Stranica za dijasporu RS, ovdje mo\u017eete prona\u0107i sve informacije, pomo\u0107 i savjete na jednom mjestu.","og_url":"https:\/\/dijasporars.com\/de\/u-uzicu-otvoren-18-medjunarodni-djecji-festival-folklora-licidersko-srce\/","og_site_name":"\u0420\u0435\u043f\u0443\u0431\u043b\u0438\u043a\u0430 \u0421\u0440\u043f\u0441\u043a\u0430 \u0438 \u0434\u0438\u0458\u0430\u0441\u043f\u043e\u0440\u0430","article_published_time":"2026-08-17T09:26:16+00:00","article_modified_time":"2026-08-18T11:37:03+00:00","og_image":[{"width":1440,"height":1918,"url":"https:\/\/dijasporars.com\/wp-content\/uploads\/2026\/08\/\u0424\u043e\u0442\u043e-\u041f\u0440\u0435\u0434\u0441\u0442\u0430\u0432\u043d\u0438\u0448\u0442\u0432\u043e-\u0420\u0435\u043f\u0443\u0431\u043b\u0438\u043a\u0435-\u0421\u0440\u043f\u0441\u043a\u0435-\u0443-\u0421\u0440\u0431\u0438\u0458\u0438.jpg","type":"image\/jpeg"}],"author":"dijasporars","twitter_card":"summary_large_image","twitter_misc":{"Verfasst von":"dijasporars"},"schema":{"@context":"https:\/\/schema.org","@graph":[{"@type":"Article","@id":"https:\/\/dijasporars.com\/u-uzicu-otvoren-18-medjunarodni-djecji-festival-folklora-licidersko-srce\/#article","isPartOf":{"@id":"https:\/\/dijasporars.com\/u-uzicu-otvoren-18-medjunarodni-djecji-festival-folklora-licidersko-srce\/"},"author":{"name":"dijasporars","@id":"https:\/\/dijasporars.com\/#\/schema\/person\/1dec0e3a93fda1a15e8ec16f596c615f"},"headline":"\u0423 \u0423\u0436\u0438\u0446\u0443 \u043e\u0442\u0432\u043e\u0440\u0435\u043d 18. \u041c\u0435\u0452\u0443\u043d\u0430\u0440\u043e\u0434\u043d\u0438 \u0434\u0458\u0435\u0447\u0458\u0438 \u0444\u0435\u0441\u0442\u0438\u0432\u0430\u043b \u0444\u043e\u043b\u043a\u043b\u043e\u0440\u0430 \u201e\u041b\u0438\u0446\u0438\u0434\u0435\u0440\u0441\u043a\u043e \u0441\u0440\u0446\u0435\u201c","datePublished":"2026-08-17T09:26:16+00:00","dateModified":"2026-08-18T11:37:03+00:00","mainEntityOfPage":{"@id":"https:\/\/dijasporars.com\/u-uzicu-otvoren-18-medjunarodni-djecji-festival-folklora-licidersko-srce\/"},"wordCount":257,"image":{"@id":"https:\/\/dijasporars.com\/u-uzicu-otvoren-18-medjunarodni-djecji-festival-folklora-licidersko-srce\/#primaryimage"},"thumbnailUrl":"https:\/\/dijasporars.com\/wp-content\/uploads\/2026\/08\/\u0424\u043e\u0442\u043e-\u041f\u0440\u0435\u0434\u0441\u0442\u0430\u0432\u043d\u0438\u0448\u0442\u0432\u043e-\u0420\u0435\u043f\u0443\u0431\u043b\u0438\u043a\u0435-\u0421\u0440\u043f\u0441\u043a\u0435-\u0443-\u0421\u0440\u0431\u0438\u0458\u0438.jpg","articleSection":["\u0412\u0438\u0458\u0435\u0441\u0442\u0438","\u0412\u0438\u0458\u0435\u0441\u0442\u0438 \u0438\u0437 \u0434\u0438\u0458\u0430\u0441\u043f\u043e\u0440\u0435","\u0412\u0438\u0458\u0435\u0441\u0442\u0438 \u0438\u0437 \u0420\u0435\u043f\u0443\u0431\u043b\u0438\u043a\u0435 \u0421\u0440\u043f\u0441\u043a\u0435"],"inLanguage":"de"},{"@type":"WebPage","@id":"https:\/\/dijasporars.com\/u-uzicu-otvoren-18-medjunarodni-djecji-festival-folklora-licidersko-srce\/","url":"https:\/\/dijasporars.com\/u-uzicu-otvoren-18-medjunarodni-djecji-festival-folklora-licidersko-srce\/","name":"\u0423 \u0423\u0436\u0438\u0446\u0443 \u043e\u0442\u0432\u043e\u0440\u0435\u043d 18. \u041c\u0435\u0452\u0443\u043d\u0430\u0440\u043e\u0434\u043d\u0438 \u0434\u0458\u0435\u0447\u0458\u0438 \u0444\u0435\u0441\u0442\u0438\u0432\u0430\u043b \u0444\u043e\u043b\u043a\u043b\u043e\u0440\u0430 \u201e\u041b\u0438\u0446\u0438\u0434\u0435\u0440\u0441\u043a\u043e \u0441\u0440\u0446\u0435\u201c - \u0420\u0435\u043f\u0443\u0431\u043b\u0438\u043a\u0430 \u0421\u0440\u043f\u0441\u043a\u0430 \u0438 \u0434\u0438\u0458\u0430\u0441\u043f\u043e\u0440\u0430","isPartOf":{"@id":"https:\/\/dijasporars.com\/#website"},"primaryImageOfPage":{"@id":"https:\/\/dijasporars.com\/u-uzicu-otvoren-18-medjunarodni-djecji-festival-folklora-licidersko-srce\/#primaryimage"},"image":{"@id":"https:\/\/dijasporars.com\/u-uzicu-otvoren-18-medjunarodni-djecji-festival-folklora-licidersko-srce\/#primaryimage"},"thumbnailUrl":"https:\/\/dijasporars.com\/wp-content\/uploads\/2026\/08\/\u0424\u043e\u0442\u043e-\u041f\u0440\u0435\u0434\u0441\u0442\u0430\u0432\u043d\u0438\u0448\u0442\u0432\u043e-\u0420\u0435\u043f\u0443\u0431\u043b\u0438\u043a\u0435-\u0421\u0440\u043f\u0441\u043a\u0435-\u0443-\u0421\u0440\u0431\u0438\u0458\u0438.jpg","datePublished":"2026-08-17T09:26:16+00:00","dateModified":"2026-08-18T11:37:03+00:00","author":{"@id":"https:\/\/dijasporars.com\/#\/schema\/person\/1dec0e3a93fda1a15e8ec16f596c615f"},"description":"Stranica za dijasporu RS, ovdje mo\u017eete prona\u0107i sve informacije, pomo\u0107 i savjete na jednom mjestu.","breadcrumb":{"@id":"https:\/\/dijasporars.com\/u-uzicu-otvoren-18-medjunarodni-djecji-festival-folklora-licidersko-srce\/#breadcrumb"},"inLanguage":"de","potentialAction":[{"@type":"ReadAction","target":["https:\/\/dijasporars.com\/u-uzicu-otvoren-18-medjunarodni-djecji-festival-folklora-licidersko-srce\/"]}]},{"@type":"ImageObject","inLanguage":"de","@id":"https:\/\/dijasporars.com\/u-uzicu-otvoren-18-medjunarodni-djecji-festival-folklora-licidersko-srce\/#primaryimage","url":"https:\/\/dijasporars.com\/wp-content\/uploads\/2026\/08\/\u0424\u043e\u0442\u043e-\u041f\u0440\u0435\u0434\u0441\u0442\u0430\u0432\u043d\u0438\u0448\u0442\u0432\u043e-\u0420\u0435\u043f\u0443\u0431\u043b\u0438\u043a\u0435-\u0421\u0440\u043f\u0441\u043a\u0435-\u0443-\u0421\u0440\u0431\u0438\u0458\u0438.jpg","contentUrl":"https:\/\/dijasporars.com\/wp-content\/uploads\/2026\/08\/\u0424\u043e\u0442\u043e-\u041f\u0440\u0435\u0434\u0441\u0442\u0430\u0432\u043d\u0438\u0448\u0442\u0432\u043e-\u0420\u0435\u043f\u0443\u0431\u043b\u0438\u043a\u0435-\u0421\u0440\u043f\u0441\u043a\u0435-\u0443-\u0421\u0440\u0431\u0438\u0458\u0438.jpg","width":1440,"height":1918},{"@type":"BreadcrumbList","@id":"https:\/\/dijasporars.com\/u-uzicu-otvoren-18-medjunarodni-djecji-festival-folklora-licidersko-srce\/#breadcrumb","itemListElement":[{"@type":"ListItem","position":1,"name":"\u041f\u043e\u0447\u0435\u0442\u043d\u0430","item":"https:\/\/dijasporars.com\/"},{"@type":"ListItem","position":2,"name":"\u0423 \u0423\u0436\u0438\u0446\u0443 \u043e\u0442\u0432\u043e\u0440\u0435\u043d 18. \u041c\u0435\u0452\u0443\u043d\u0430\u0440\u043e\u0434\u043d\u0438 \u0434\u0458\u0435\u0447\u0458\u0438 \u0444\u0435\u0441\u0442\u0438\u0432\u0430\u043b \u0444\u043e\u043b\u043a\u043b\u043e\u0440\u0430 \u201e\u041b\u0438\u0446\u0438\u0434\u0435\u0440\u0441\u043a\u043e \u0441\u0440\u0446\u0435\u201c"}]},{"@type":"WebSite","@id":"https:\/\/dijasporars.com\/#website","url":"https:\/\/dijasporars.com\/","name":"\u0420\u0435\u043f\u0443\u0431\u043b\u0438\u043a\u0430 \u0421\u0440\u043f\u0441\u043a\u0430 \u0438 \u0434\u0438\u0458\u0430\u0441\u043f\u043e\u0440\u0430","description":"","potentialAction":[{"@type":"SearchAction","target":{"@type":"EntryPoint","urlTemplate":"https:\/\/dijasporars.com\/?s={search_term_string}"},"query-input":{"@type":"PropertyValueSpecification","valueRequired":true,"valueName":"search_term_string"}}],"inLanguage":"de"},{"@type":"Person","@id":"https:\/\/dijasporars.com\/#\/schema\/person\/1dec0e3a93fda1a15e8ec16f596c615f","name":"dijasporars","image":{"@type":"ImageObject","inLanguage":"de","@id":"https:\/\/secure.gravatar.com\/avatar\/759212a69df0744fb2be03efd361239831e31095061dacc7496bdf8524e0daf7?s=96&d=mm&r=g","url":"https:\/\/secure.gravatar.com\/avatar\/759212a69df0744fb2be03efd361239831e31095061dacc7496bdf8524e0daf7?s=96&d=mm&r=g","contentUrl":"https:\/\/secure.gravatar.com\/avatar\/759212a69df0744fb2be03efd361239831e31095061dacc7496bdf8524e0daf7?s=96&d=mm&r=g","caption":"dijasporars"},"url":"https:\/\/dijasporars.com\/de\/author\/dijasporars\/"}]}},"_links":{"self":[{"href":"https:\/\/dijasporars.com\/de\/wp-json\/wp\/v2\/posts\/8824","targetHints":{"allow":["GET"]}}],"collection":[{"href":"https:\/\/dijasporars.com\/de\/wp-json\/wp\/v2\/posts"}],"about":[{"href":"https:\/\/dijasporars.com\/de\/wp-json\/wp\/v2\/types\/post"}],"author":[{"embeddable":true,"href":"https:\/\/dijasporars.com\/de\/wp-json\/wp\/v2\/users\/1"}],"replies":[{"embeddable":true,"href":"https:\/\/dijasporars.com\/de\/wp-json\/wp\/v2\/comments?post=8824"}],"version-history":[{"count":1,"href":"https:\/\/dijasporars.com\/de\/wp-json\/wp\/v2\/posts\/8824\/revisions"}],"predecessor-version":[{"id":8826,"href":"https:\/\/dijasporars.com\/de\/wp-json\/wp\/v2\/posts\/8824\/revisions\/8826"}],"wp:featuredmedia":[{"embeddable":true,"href":"https:\/\/dijasporars.com\/de\/wp-json\/wp\/v2\/media\/8825"}],"wp:attachment":[{"href":"https:\/\/dijasporars.com\/de\/wp-json\/wp\/v2\/media?parent=8824"}],"wp:term":[{"taxonomy":"category","embeddable":true,"href":"https:\/\/dijasporars.com\/de\/wp-json\/wp\/v2\/categories?post=8824"},{"taxonomy":"post_tag","embeddable":true,"href":"https:\/\/dijasporars.com\/de\/wp-json\/wp\/v2\/tags?post=8824"}],"curies":[{"name":"wp","href":"https:\/\/api.w.org\/{rel}","templated":true}]}}