{"id":8483,"date":"2026-04-08T11:19:17","date_gmt":"2026-04-08T09:19:17","guid":{"rendered":"https:\/\/dijasporars.com\/?p=8483"},"modified":"2026-04-08T11:20:09","modified_gmt":"2026-04-08T09:20:09","slug":"ljetnji-kampovi-za-mlade-povezuju-dijasporu-i-maticu","status":"publish","type":"post","link":"https:\/\/dijasporars.com\/de\/ljetnji-kampovi-za-mlade-povezuju-dijasporu-i-maticu\/","title":{"rendered":"Sommercamps f\u00fcr junge Menschen verbinden die Diaspora mit dem Heimatland"},"content":{"rendered":"<p>Der Minister ohne Gesch\u00e4ftsbereich in der Regierung der Republik Serbien, zust\u00e4ndig f\u00fcr die Beobachtung der Lage, die Vorschlagserarbeitung von Ma\u00dfnahmen sowie die Koordinierung von Aktivit\u00e4ten im Bereich der Beziehungen zur Diaspora, \u0110or\u0111e Mili\u0107evi\u0107, besuchte gestern Topola, wo er mit der Leitung dieser Gemeinde \u00fcber Projekte des Kabinetts sowie \u00fcber die Organisation eines thematischen Sommercamps f\u00fcr junge Menschen aus der Diaspora und der Region sprach.<\/p>\n<p>Bei dieser Gelegenheit bekr\u00e4ftigte Mili\u0107evi\u0107 die Bedeutung dieses Projekts f\u00fcr junge Menschen und hob hervor, dass Kinder, die au\u00dferhalb des Heimatlandes aufwachsen, durch verschiedene kulturell-bildende sowie sportliche Inhalte die M\u00f6glichkeit haben, ihre Heimat besser kennenzulernen.<\/p>\n<p>Unser Ziel ist es, die Zusammenarbeit mit den lokalen Selbstverwaltungen von Jahr zu Jahr weiter zu verbessern, erkl\u00e4rte er und wies darauf hin, dass die diesj\u00e4hrigen thematischen Sommercamps inhaltlich noch umfangreicher sein werden. Das Kabinett hat Memoranden mit zahlreichen Organisationen unterzeichnet, wie etwa mit dem Sportverband Serbiens, und es werden auch Vereinbarungen mit Fachorganisationen geschlossen, um die Qualit\u00e4t der Sommercamps weiter zu steigern, so Mili\u0107evi\u0107.<\/p>\n<p>Der Minister erinnerte daran, dass die diesj\u00e4hrigen Camps im Juni und Juli stattfinden werden und dass erwartet wird, dass noch mehr junge Menschen nach Serbien kommen, um Geschichte und Kultur zu studieren und die serbische Sprache zu lernen, aber auch, um durch sportliche Aktivit\u00e4ten den Gemeinschaftsgeist mit Gleichaltrigen zu st\u00e4rken.<\/p>\n<p>Er k\u00fcndigte zudem an, dass in diesem Jahr ein Vidovdan-Treffen organisiert wird, das alle Vereinigungen und Dachorganisationen zusammenbringt, die Serben au\u00dferhalb Serbiens verbinden. Zudem werde eine Reihe von Veranstaltungen in 15 L\u00e4ndern weltweit stattfinden, um die Expo 2027 in Belgrad zu bewerben.<\/p>\n<p>Quelle: Regierung der Republik Serbien<\/p>\n<p>Foto: Denis \u017divkovi\u0107<\/p>","protected":false},"excerpt":{"rendered":"<p>Der Minister ohne Gesch\u00e4ftsbereich in der Regierung der Republik Serbien, zust\u00e4ndig f\u00fcr die Beobachtung der Lage, die Vorschlagserarbeitung von Ma\u00dfnahmen sowie die Koordinierung von Aktivit\u00e4ten im Bereich der Beziehungen zur Diaspora, \u0110or\u0111e Mili\u0107evi\u0107, besuchte gestern Topola, wo er mit der Leitung dieser Gemeinde \u00fcber Projekte des Kabinetts sowie \u00fcber die Organisation eines thematischen Sommercamps f\u00fcr junge Menschen aus der Diaspora und der Region sprach.\nBei dieser Gelegenheit bekr\u00e4ftigte Mili\u0107evi\u0107 ...<\/p>","protected":false},"author":1,"featured_media":8484,"comment_status":"closed","ping_status":"closed","sticky":false,"template":"","format":"standard","meta":{"footnotes":""},"categories":[52,76,77],"tags":[],"class_list":["post-8483","post","type-post","status-publish","format-standard","has-post-thumbnail","hentry","category-vijesti","category-vijesti-dijaspora","category-vijesti-republika-srpska"],"yoast_head":"<!-- This site is optimized with the Yoast SEO plugin v24.6 - https:\/\/yoast.com\/wordpress\/plugins\/seo\/ -->\n<title>\u0409\u0435\u0442\u045a\u0438 \u043a\u0430\u043c\u043f\u043e\u0432\u0438 \u0437\u0430 \u043c\u043b\u0430\u0434\u0435 \u043f\u043e\u0432\u0435\u0437\u0443\u0458\u0443 \u0434\u0438\u0458\u0430\u0441\u043f\u043e\u0440\u0443 \u0438 \u043c\u0430\u0442\u0438\u0446\u0443 - \u0420\u0435\u043f\u0443\u0431\u043b\u0438\u043a\u0430 \u0421\u0440\u043f\u0441\u043a\u0430 \u0438 \u0434\u0438\u0458\u0430\u0441\u043f\u043e\u0440\u0430<\/title>\n<meta name=\"description\" content=\"Stranica za dijasporu RS, ovdje mo\u017eete prona\u0107i sve informacije, pomo\u0107 i savjete na jednom mjestu.\" \/>\n<meta name=\"robots\" content=\"index, follow, max-snippet:-1, max-image-preview:large, max-video-preview:-1\" \/>\n<link rel=\"canonical\" href=\"https:\/\/dijasporars.com\/de\/ljetnji-kampovi-za-mlade-povezuju-dijasporu-i-maticu\/\" \/>\n<meta property=\"og:locale\" content=\"de_DE\" \/>\n<meta property=\"og:type\" content=\"article\" \/>\n<meta property=\"og:title\" content=\"\u0409\u0435\u0442\u045a\u0438 \u043a\u0430\u043c\u043f\u043e\u0432\u0438 \u0437\u0430 \u043c\u043b\u0430\u0434\u0435 \u043f\u043e\u0432\u0435\u0437\u0443\u0458\u0443 \u0434\u0438\u0458\u0430\u0441\u043f\u043e\u0440\u0443 \u0438 \u043c\u0430\u0442\u0438\u0446\u0443 - \u0420\u0435\u043f\u0443\u0431\u043b\u0438\u043a\u0430 \u0421\u0440\u043f\u0441\u043a\u0430 \u0438 \u0434\u0438\u0458\u0430\u0441\u043f\u043e\u0440\u0430\" \/>\n<meta property=\"og:description\" content=\"Stranica za dijasporu RS, ovdje mo\u017eete prona\u0107i sve informacije, pomo\u0107 i savjete na jednom mjestu.\" \/>\n<meta property=\"og:url\" content=\"https:\/\/dijasporars.com\/de\/ljetnji-kampovi-za-mlade-povezuju-dijasporu-i-maticu\/\" \/>\n<meta property=\"og:site_name\" content=\"\u0420\u0435\u043f\u0443\u0431\u043b\u0438\u043a\u0430 \u0421\u0440\u043f\u0441\u043a\u0430 \u0438 \u0434\u0438\u0458\u0430\u0441\u043f\u043e\u0440\u0430\" \/>\n<meta property=\"article:published_time\" content=\"2026-04-08T09:19:17+00:00\" \/>\n<meta property=\"article:modified_time\" content=\"2026-04-08T09:20:09+00:00\" \/>\n<meta property=\"og:image\" content=\"https:\/\/dijasporars.com\/wp-content\/uploads\/2026\/04\/\u0424\u043e\u0442\u043e-\u0414\u0435\u043d\u0438\u0441-\u0416\u0438\u0432\u043a\u043e\u0432\u0438\u045b.jpg\" \/>\n\t<meta property=\"og:image:width\" content=\"1024\" \/>\n\t<meta property=\"og:image:height\" content=\"672\" \/>\n\t<meta property=\"og:image:type\" content=\"image\/jpeg\" \/>\n<meta name=\"author\" content=\"dijasporars\" \/>\n<meta name=\"twitter:card\" content=\"summary_large_image\" \/>\n<meta name=\"twitter:label1\" content=\"Verfasst von\" \/>\n\t<meta name=\"twitter:data1\" content=\"dijasporars\" \/>\n<script type=\"application\/ld+json\" class=\"yoast-schema-graph\">{\"@context\":\"https:\/\/schema.org\",\"@graph\":[{\"@type\":\"WebPage\",\"@id\":\"https:\/\/dijasporars.com\/ljetnji-kampovi-za-mlade-povezuju-dijasporu-i-maticu\/\",\"url\":\"https:\/\/dijasporars.com\/ljetnji-kampovi-za-mlade-povezuju-dijasporu-i-maticu\/\",\"name\":\"\u0409\u0435\u0442\u045a\u0438 \u043a\u0430\u043c\u043f\u043e\u0432\u0438 \u0437\u0430 \u043c\u043b\u0430\u0434\u0435 \u043f\u043e\u0432\u0435\u0437\u0443\u0458\u0443 \u0434\u0438\u0458\u0430\u0441\u043f\u043e\u0440\u0443 \u0438 \u043c\u0430\u0442\u0438\u0446\u0443 - \u0420\u0435\u043f\u0443\u0431\u043b\u0438\u043a\u0430 \u0421\u0440\u043f\u0441\u043a\u0430 \u0438 \u0434\u0438\u0458\u0430\u0441\u043f\u043e\u0440\u0430\",\"isPartOf\":{\"@id\":\"https:\/\/dijasporars.com\/#website\"},\"primaryImageOfPage\":{\"@id\":\"https:\/\/dijasporars.com\/ljetnji-kampovi-za-mlade-povezuju-dijasporu-i-maticu\/#primaryimage\"},\"image\":{\"@id\":\"https:\/\/dijasporars.com\/ljetnji-kampovi-za-mlade-povezuju-dijasporu-i-maticu\/#primaryimage\"},\"thumbnailUrl\":\"https:\/\/dijasporars.com\/wp-content\/uploads\/2026\/04\/\u0424\u043e\u0442\u043e-\u0414\u0435\u043d\u0438\u0441-\u0416\u0438\u0432\u043a\u043e\u0432\u0438\u045b.jpg\",\"datePublished\":\"2026-04-08T09:19:17+00:00\",\"dateModified\":\"2026-04-08T09:20:09+00:00\",\"author\":{\"@id\":\"https:\/\/dijasporars.com\/#\/schema\/person\/f5052d53409aef50f7503bd1372c77ca\"},\"description\":\"Stranica za dijasporu RS, ovdje mo\u017eete prona\u0107i sve informacije, pomo\u0107 i savjete na jednom mjestu.\",\"breadcrumb\":{\"@id\":\"https:\/\/dijasporars.com\/ljetnji-kampovi-za-mlade-povezuju-dijasporu-i-maticu\/#breadcrumb\"},\"inLanguage\":\"de\",\"potentialAction\":[{\"@type\":\"ReadAction\",\"target\":[\"https:\/\/dijasporars.com\/ljetnji-kampovi-za-mlade-povezuju-dijasporu-i-maticu\/\"]}]},{\"@type\":\"ImageObject\",\"inLanguage\":\"de\",\"@id\":\"https:\/\/dijasporars.com\/ljetnji-kampovi-za-mlade-povezuju-dijasporu-i-maticu\/#primaryimage\",\"url\":\"https:\/\/dijasporars.com\/wp-content\/uploads\/2026\/04\/\u0424\u043e\u0442\u043e-\u0414\u0435\u043d\u0438\u0441-\u0416\u0438\u0432\u043a\u043e\u0432\u0438\u045b.jpg\",\"contentUrl\":\"https:\/\/dijasporars.com\/wp-content\/uploads\/2026\/04\/\u0424\u043e\u0442\u043e-\u0414\u0435\u043d\u0438\u0441-\u0416\u0438\u0432\u043a\u043e\u0432\u0438\u045b.jpg\",\"width\":1024,\"height\":672},{\"@type\":\"BreadcrumbList\",\"@id\":\"https:\/\/dijasporars.com\/ljetnji-kampovi-za-mlade-povezuju-dijasporu-i-maticu\/#breadcrumb\",\"itemListElement\":[{\"@type\":\"ListItem\",\"position\":1,\"name\":\"\u041f\u043e\u0447\u0435\u0442\u043d\u0430\",\"item\":\"https:\/\/dijasporars.com\/\"},{\"@type\":\"ListItem\",\"position\":2,\"name\":\"\u0409\u0435\u0442\u045a\u0438 \u043a\u0430\u043c\u043f\u043e\u0432\u0438 \u0437\u0430 \u043c\u043b\u0430\u0434\u0435 \u043f\u043e\u0432\u0435\u0437\u0443\u0458\u0443 \u0434\u0438\u0458\u0430\u0441\u043f\u043e\u0440\u0443 \u0438 \u043c\u0430\u0442\u0438\u0446\u0443\"}]},{\"@type\":\"WebSite\",\"@id\":\"https:\/\/dijasporars.com\/#website\",\"url\":\"https:\/\/dijasporars.com\/\",\"name\":\"\u0420\u0435\u043f\u0443\u0431\u043b\u0438\u043a\u0430 \u0421\u0440\u043f\u0441\u043a\u0430 \u0438 \u0434\u0438\u0458\u0430\u0441\u043f\u043e\u0440\u0430\",\"description\":\"\",\"potentialAction\":[{\"@type\":\"SearchAction\",\"target\":{\"@type\":\"EntryPoint\",\"urlTemplate\":\"https:\/\/dijasporars.com\/?s={search_term_string}\"},\"query-input\":{\"@type\":\"PropertyValueSpecification\",\"valueRequired\":true,\"valueName\":\"search_term_string\"}}],\"inLanguage\":\"de\"},{\"@type\":\"Person\",\"@id\":\"https:\/\/dijasporars.com\/#\/schema\/person\/f5052d53409aef50f7503bd1372c77ca\",\"name\":\"dijasporars\",\"image\":{\"@type\":\"ImageObject\",\"inLanguage\":\"de\",\"@id\":\"https:\/\/dijasporars.com\/#\/schema\/person\/image\/\",\"url\":\"https:\/\/secure.gravatar.com\/avatar\/759212a69df0744fb2be03efd361239831e31095061dacc7496bdf8524e0daf7?s=96&d=mm&r=g\",\"contentUrl\":\"https:\/\/secure.gravatar.com\/avatar\/759212a69df0744fb2be03efd361239831e31095061dacc7496bdf8524e0daf7?s=96&d=mm&r=g\",\"caption\":\"dijasporars\"},\"url\":\"https:\/\/dijasporars.com\/de\/author\/dijasporars\/\"}]}<\/script>\n<!-- \/ Yoast SEO plugin. -->","yoast_head_json":{"title":"\u0409\u0435\u0442\u045a\u0438 \u043a\u0430\u043c\u043f\u043e\u0432\u0438 \u0437\u0430 \u043c\u043b\u0430\u0434\u0435 \u043f\u043e\u0432\u0435\u0437\u0443\u0458\u0443 \u0434\u0438\u0458\u0430\u0441\u043f\u043e\u0440\u0443 \u0438 \u043c\u0430\u0442\u0438\u0446\u0443 - \u0420\u0435\u043f\u0443\u0431\u043b\u0438\u043a\u0430 \u0421\u0440\u043f\u0441\u043a\u0430 \u0438 \u0434\u0438\u0458\u0430\u0441\u043f\u043e\u0440\u0430","description":"Stranica za dijasporu RS, ovdje mo\u017eete prona\u0107i sve informacije, pomo\u0107 i savjete na jednom mjestu.","robots":{"index":"index","follow":"follow","max-snippet":"max-snippet:-1","max-image-preview":"max-image-preview:large","max-video-preview":"max-video-preview:-1"},"canonical":"https:\/\/dijasporars.com\/de\/ljetnji-kampovi-za-mlade-povezuju-dijasporu-i-maticu\/","og_locale":"de_DE","og_type":"article","og_title":"\u0409\u0435\u0442\u045a\u0438 \u043a\u0430\u043c\u043f\u043e\u0432\u0438 \u0437\u0430 \u043c\u043b\u0430\u0434\u0435 \u043f\u043e\u0432\u0435\u0437\u0443\u0458\u0443 \u0434\u0438\u0458\u0430\u0441\u043f\u043e\u0440\u0443 \u0438 \u043c\u0430\u0442\u0438\u0446\u0443 - \u0420\u0435\u043f\u0443\u0431\u043b\u0438\u043a\u0430 \u0421\u0440\u043f\u0441\u043a\u0430 \u0438 \u0434\u0438\u0458\u0430\u0441\u043f\u043e\u0440\u0430","og_description":"Stranica za dijasporu RS, ovdje mo\u017eete prona\u0107i sve informacije, pomo\u0107 i savjete na jednom mjestu.","og_url":"https:\/\/dijasporars.com\/de\/ljetnji-kampovi-za-mlade-povezuju-dijasporu-i-maticu\/","og_site_name":"\u0420\u0435\u043f\u0443\u0431\u043b\u0438\u043a\u0430 \u0421\u0440\u043f\u0441\u043a\u0430 \u0438 \u0434\u0438\u0458\u0430\u0441\u043f\u043e\u0440\u0430","article_published_time":"2026-04-08T09:19:17+00:00","article_modified_time":"2026-04-08T09:20:09+00:00","og_image":[{"width":1024,"height":672,"url":"https:\/\/dijasporars.com\/wp-content\/uploads\/2026\/04\/\u0424\u043e\u0442\u043e-\u0414\u0435\u043d\u0438\u0441-\u0416\u0438\u0432\u043a\u043e\u0432\u0438\u045b.jpg","type":"image\/jpeg"}],"author":"dijasporars","twitter_card":"summary_large_image","twitter_misc":{"Verfasst von":"dijasporars"},"schema":{"@context":"https:\/\/schema.org","@graph":[{"@type":"WebPage","@id":"https:\/\/dijasporars.com\/ljetnji-kampovi-za-mlade-povezuju-dijasporu-i-maticu\/","url":"https:\/\/dijasporars.com\/ljetnji-kampovi-za-mlade-povezuju-dijasporu-i-maticu\/","name":"\u0409\u0435\u0442\u045a\u0438 \u043a\u0430\u043c\u043f\u043e\u0432\u0438 \u0437\u0430 \u043c\u043b\u0430\u0434\u0435 \u043f\u043e\u0432\u0435\u0437\u0443\u0458\u0443 \u0434\u0438\u0458\u0430\u0441\u043f\u043e\u0440\u0443 \u0438 \u043c\u0430\u0442\u0438\u0446\u0443 - \u0420\u0435\u043f\u0443\u0431\u043b\u0438\u043a\u0430 \u0421\u0440\u043f\u0441\u043a\u0430 \u0438 \u0434\u0438\u0458\u0430\u0441\u043f\u043e\u0440\u0430","isPartOf":{"@id":"https:\/\/dijasporars.com\/#website"},"primaryImageOfPage":{"@id":"https:\/\/dijasporars.com\/ljetnji-kampovi-za-mlade-povezuju-dijasporu-i-maticu\/#primaryimage"},"image":{"@id":"https:\/\/dijasporars.com\/ljetnji-kampovi-za-mlade-povezuju-dijasporu-i-maticu\/#primaryimage"},"thumbnailUrl":"https:\/\/dijasporars.com\/wp-content\/uploads\/2026\/04\/\u0424\u043e\u0442\u043e-\u0414\u0435\u043d\u0438\u0441-\u0416\u0438\u0432\u043a\u043e\u0432\u0438\u045b.jpg","datePublished":"2026-04-08T09:19:17+00:00","dateModified":"2026-04-08T09:20:09+00:00","author":{"@id":"https:\/\/dijasporars.com\/#\/schema\/person\/f5052d53409aef50f7503bd1372c77ca"},"description":"Stranica za dijasporu RS, ovdje mo\u017eete prona\u0107i sve informacije, pomo\u0107 i savjete na jednom mjestu.","breadcrumb":{"@id":"https:\/\/dijasporars.com\/ljetnji-kampovi-za-mlade-povezuju-dijasporu-i-maticu\/#breadcrumb"},"inLanguage":"de","potentialAction":[{"@type":"ReadAction","target":["https:\/\/dijasporars.com\/ljetnji-kampovi-za-mlade-povezuju-dijasporu-i-maticu\/"]}]},{"@type":"ImageObject","inLanguage":"de","@id":"https:\/\/dijasporars.com\/ljetnji-kampovi-za-mlade-povezuju-dijasporu-i-maticu\/#primaryimage","url":"https:\/\/dijasporars.com\/wp-content\/uploads\/2026\/04\/\u0424\u043e\u0442\u043e-\u0414\u0435\u043d\u0438\u0441-\u0416\u0438\u0432\u043a\u043e\u0432\u0438\u045b.jpg","contentUrl":"https:\/\/dijasporars.com\/wp-content\/uploads\/2026\/04\/\u0424\u043e\u0442\u043e-\u0414\u0435\u043d\u0438\u0441-\u0416\u0438\u0432\u043a\u043e\u0432\u0438\u045b.jpg","width":1024,"height":672},{"@type":"BreadcrumbList","@id":"https:\/\/dijasporars.com\/ljetnji-kampovi-za-mlade-povezuju-dijasporu-i-maticu\/#breadcrumb","itemListElement":[{"@type":"ListItem","position":1,"name":"\u041f\u043e\u0447\u0435\u0442\u043d\u0430","item":"https:\/\/dijasporars.com\/"},{"@type":"ListItem","position":2,"name":"\u0409\u0435\u0442\u045a\u0438 \u043a\u0430\u043c\u043f\u043e\u0432\u0438 \u0437\u0430 \u043c\u043b\u0430\u0434\u0435 \u043f\u043e\u0432\u0435\u0437\u0443\u0458\u0443 \u0434\u0438\u0458\u0430\u0441\u043f\u043e\u0440\u0443 \u0438 \u043c\u0430\u0442\u0438\u0446\u0443"}]},{"@type":"WebSite","@id":"https:\/\/dijasporars.com\/#website","url":"https:\/\/dijasporars.com\/","name":"\u0420\u0435\u043f\u0443\u0431\u043b\u0438\u043a\u0430 \u0421\u0440\u043f\u0441\u043a\u0430 \u0438 \u0434\u0438\u0458\u0430\u0441\u043f\u043e\u0440\u0430","description":"","potentialAction":[{"@type":"SearchAction","target":{"@type":"EntryPoint","urlTemplate":"https:\/\/dijasporars.com\/?s={search_term_string}"},"query-input":{"@type":"PropertyValueSpecification","valueRequired":true,"valueName":"search_term_string"}}],"inLanguage":"de"},{"@type":"Person","@id":"https:\/\/dijasporars.com\/#\/schema\/person\/f5052d53409aef50f7503bd1372c77ca","name":"dijasporars","image":{"@type":"ImageObject","inLanguage":"de","@id":"https:\/\/dijasporars.com\/#\/schema\/person\/image\/","url":"https:\/\/secure.gravatar.com\/avatar\/759212a69df0744fb2be03efd361239831e31095061dacc7496bdf8524e0daf7?s=96&d=mm&r=g","contentUrl":"https:\/\/secure.gravatar.com\/avatar\/759212a69df0744fb2be03efd361239831e31095061dacc7496bdf8524e0daf7?s=96&d=mm&r=g","caption":"dijasporars"},"url":"https:\/\/dijasporars.com\/de\/author\/dijasporars\/"}]}},"_links":{"self":[{"href":"https:\/\/dijasporars.com\/de\/wp-json\/wp\/v2\/posts\/8483","targetHints":{"allow":["GET"]}}],"collection":[{"href":"https:\/\/dijasporars.com\/de\/wp-json\/wp\/v2\/posts"}],"about":[{"href":"https:\/\/dijasporars.com\/de\/wp-json\/wp\/v2\/types\/post"}],"author":[{"embeddable":true,"href":"https:\/\/dijasporars.com\/de\/wp-json\/wp\/v2\/users\/1"}],"replies":[{"embeddable":true,"href":"https:\/\/dijasporars.com\/de\/wp-json\/wp\/v2\/comments?post=8483"}],"version-history":[{"count":1,"href":"https:\/\/dijasporars.com\/de\/wp-json\/wp\/v2\/posts\/8483\/revisions"}],"predecessor-version":[{"id":8485,"href":"https:\/\/dijasporars.com\/de\/wp-json\/wp\/v2\/posts\/8483\/revisions\/8485"}],"wp:featuredmedia":[{"embeddable":true,"href":"https:\/\/dijasporars.com\/de\/wp-json\/wp\/v2\/media\/8484"}],"wp:attachment":[{"href":"https:\/\/dijasporars.com\/de\/wp-json\/wp\/v2\/media?parent=8483"}],"wp:term":[{"taxonomy":"category","embeddable":true,"href":"https:\/\/dijasporars.com\/de\/wp-json\/wp\/v2\/categories?post=8483"},{"taxonomy":"post_tag","embeddable":true,"href":"https:\/\/dijasporars.com\/de\/wp-json\/wp\/v2\/tags?post=8483"}],"curies":[{"name":"wp","href":"https:\/\/api.w.org\/{rel}","templated":true}]}}