{"id":8093,"date":"2025-10-23T11:26:25","date_gmt":"2025-10-23T09:26:25","guid":{"rendered":"https:\/\/dijasporars.com\/?p=8093"},"modified":"2025-10-23T11:27:00","modified_gmt":"2025-10-23T09:27:00","slug":"ministarstvo-ce-podrzati-privredne-i-turisticke-projekte-u-derventi","status":"publish","type":"post","link":"https:\/\/dijasporars.com\/de\/ministarstvo-ce-podrzati-privredne-i-turisticke-projekte-u-derventi\/","title":{"rendered":"Das Ministerium wird Wirtschafts- und Tourismusprojekte in Derventa unterst\u00fctzen"},"content":{"rendered":"<p>W\u00e4hrend seines Besuchs in Derventa erkl\u00e4rte Zlatan Kloki\u0107, Minister f\u00fcr europ\u00e4ische Integration und internationale Zusammenarbeit, dass das Ministerium die Wirtschafts- und Tourismusprojekte dieser lokalen Gemeinschaft finanzieren und unterst\u00fctzen werde, einschlie\u00dflich des Unternehmens \u201eGatari\u0107 Group\u201c, das eine bedeutende Produktion und Absatzm\u00e4rkte in Europa hat.<\/p>\n<p>Minister Kloki\u0107 besuchte gestern gemeinsam mit dem B\u00fcrgermeister Igor \u017duni\u0107 und dem stellvertretenden B\u00fcrgermeister Slaven Gojkovi\u0107 die Firma \u201eGatari\u0107 Group\u201c in Derventa.<\/p>\n<p>W\u00e4hrend der Besichtigung sprach Minister Kloki\u0107 mit der Unternehmensleitung \u00fcber M\u00f6glichkeiten, das Gesch\u00e4ft auf ausl\u00e4ndische M\u00e4rkte auszuweiten, sowie \u00fcber die Unterst\u00fctzung, die das zust\u00e4ndige Ministerium \u00fcber die Vertretungen der Republika Srpska im Ausland leisten kann.<\/p>\n<p>\u201eIch m\u00f6chte Herrn Gatari\u0107 und dem Team gratulieren, das dieses Unternehmen so erfolgreich positioniert hat. Wir haben \u00fcber ihre Auftritte und die Ausweitung der Aktivit\u00e4ten \u00fcber die Grenzen Bosniens und Herzegowinas hinaus gesprochen. Das Ministerium wird \u00fcber die Vertretungen der Republika Srpska ihren Auftritt auf internationalen Messen, insbesondere in \u00d6sterreich und Deutschland, unterst\u00fctzen\u201c, betonte Kloki\u0107 und f\u00fcgte hinzu, dass Unternehmen wie die \u201eGatari\u0107 Group\u201c wahre Botschafter der Republika Srpska seien.<\/p>\n<p>Er hob hervor, dass eine kontinuierliche Pr\u00e4senz auf internationalen Messen entscheidend f\u00fcr langfristige Erfolge sei, und k\u00fcndigte zudem Unterst\u00fctzung f\u00fcr die Mitarbeiter der Stadtverwaltung Derventa an, damit sie im kommenden Jahr leichter F\u00f6rderantr\u00e4ge f\u00fcr die Organisation der Wirtschaftsmesse stellen k\u00f6nnen.<\/p>\n<p>Nenad Ratkovac, Vertriebsleiter der Firma, stellte dem Minister die Gesch\u00e4ftsergebnisse und die Entwicklung des Unternehmens vor, das seit mehr als 30 Jahren auf dem Markt von Bosnien und Herzegowina sowie der Region t\u00e4tig ist.<\/p>\n<p>\u201eUnser Sortiment umfasst B\u00fcro- und Schulbedarf, Werbeartikel, professionelle Hygieneprodukte und Modeartikel. Wir sind in ganz Bosnien und Herzegowina pr\u00e4sent, aber auch in der Region \u2013 in Serbien, Kroatien, und wir exportieren in EU-L\u00e4nder wie \u00d6sterreich, Deutschland, Bulgarien und die Slowakei. Heute erreichen unsere Produkte mehr als 30 L\u00e4nder weltweit\u201c, sagte Ratkovac.<strong>,<\/strong>\u00a0\u0440\u0435\u043a\u0430\u043e \u0458\u0435 \u0420\u0430\u0442\u043a\u043e\u0432\u0430\u0446.<\/p>\n<p>Er betonte, dass der Erfolg des Unternehmens auf Enthusiasmus, Engagement und der Vision des Gr\u00fcnders Bojko Gatari\u0107 sowie des gesamten Teams beruhe, das 220 Mitarbeiter z\u00e4hlt \u2013 davon 160 in Bosnien und Herzegowina, 50 in Serbien und 10 in Kroatien.<\/p>\n<p>B\u00fcrgermeister Igor \u017duni\u0107 zeigte sich stolz, dass sich in Derventa ein Unternehmen entwickelt hat, das ein wahrer Botschafter der Stadt ist.<\/p>\n<p>\u201eDie \u201aGatari\u0107 Group\u2018 ist der Stolz von Derventa, ein Beispiel f\u00fcr ein erfolgreiches Unternehmen, das in unserer Stadt entstanden ist und sich zu einem bedeutenden regionalen und europ\u00e4ischen Akteur entwickelt hat. Herr Gatari\u0107 und sein Team haben zahlreiche ausl\u00e4ndische Gesch\u00e4ftsleute nach Derventa gebracht, sie lieben ihre Stadt \u2013 und das zeigt sich in allem, was sie tun. Als lokale Verwaltung stehen wir ihnen stets zur Verf\u00fcgung und sprechen derzeit \u00fcber die Erweiterung ihrer Kapazit\u00e4ten an einem neuen Standort\u201c, sagte \u017duni\u0107.<\/p>\n<p>Er dankte Minister Kloki\u0107 f\u00fcr seine Unterst\u00fctzung und die Anerkennung der Bedeutung dieses Unternehmens f\u00fcr Derventa und die Republika Srpska.<\/p>\n<p>Der Besuch endete mit einer Besichtigung der Produktions- und Lagerkapazit\u00e4ten des Unternehmens.<\/p>\n<p>Bei einem Treffen mit B\u00fcrgermeister Igor \u017duni\u0107 wurde \u00fcber die wirtschaftliche Entwicklung von Derventa und der weiteren Region gesprochen. Der Minister betonte, dass das Ministerium die Schulung der Mitarbeiter der Stadtverwaltung Derventa und die Ausarbeitung von Projekten, die aus Mitteln ausl\u00e4ndischer Geber und der EU finanziert werden k\u00f6nnten, unterst\u00fctzen werde.<\/p>\n<p>Minister Kloki\u0107 erkl\u00e4rte, dass die bei dem Treffen besprochenen Themen einen erheblichen Beitrag zur wirtschaftlichen Entwicklung der Republika Srpska leisten k\u00f6nnten.<\/p>\n<p>Mehrere Minister der Regierung der Republika Srpska besuchen derzeit Brod, Vukosavlje, Derventa, \u0160amac und Modri\u010da, um mit den lokalen Gemeinschaften \u00fcber Entwicklungspl\u00e4ne und Unterst\u00fctzung f\u00fcr weiteres Wachstum zu sprechen.<\/p>\n<p>Quelle: Ministerium f\u00fcr europ\u00e4ische Integration und internationale Zusammenarbeit \u2013 SRNA \u2013 Derventa Cafe<\/p>\n<p>Foto: Ministerium f\u00fcr europ\u00e4ische Integration und internationale Zusammenarbeit<\/p>","protected":false},"excerpt":{"rendered":"<p>W\u00e4hrend seines Besuchs in Derventa erkl\u00e4rte Zlatan Kloki\u0107, Minister f\u00fcr europ\u00e4ische Integration und internationale Zusammenarbeit, dass das Ministerium die Wirtschafts- und Tourismusprojekte dieser lokalen Gemeinschaft finanzieren und unterst\u00fctzen werde, einschlie\u00dflich des Unternehmens \u201eGatari\u0107 Group\u201c, das eine bedeutende Produktion und Absatzm\u00e4rkte in Europa hat.\nMinister Kloki\u0107 besuchte gestern gemeinsam mit dem B\u00fcrgermeister ...<\/p>","protected":false},"author":1,"featured_media":6642,"comment_status":"closed","ping_status":"closed","sticky":false,"template":"","format":"standard","meta":{"footnotes":""},"categories":[52,77],"tags":[],"class_list":["post-8093","post","type-post","status-publish","format-standard","has-post-thumbnail","hentry","category-vijesti","category-vijesti-republika-srpska"],"yoast_head":"<!-- This site is optimized with the Yoast SEO plugin v24.6 - https:\/\/yoast.com\/wordpress\/plugins\/seo\/ -->\n<title>\u041c\u0438\u043d\u0438\u0441\u0442\u0430\u0440\u0441\u0442\u0432\u043e \u045b\u0435 \u043f\u043e\u0434\u0440\u0436\u0430\u0442\u0438 \u043f\u0440\u0438\u0432\u0440\u0435\u0434\u043d\u0435 \u0438 \u0442\u0443\u0440\u0438\u0441\u0442\u0438\u0447\u043a\u0435 \u043f\u0440\u043e\u0458\u0435\u043a\u0442\u0435 \u0443 \u0414\u0435\u0440\u0432\u0435\u043d\u0442\u0438 - \u0420\u0435\u043f\u0443\u0431\u043b\u0438\u043a\u0430 \u0421\u0440\u043f\u0441\u043a\u0430 \u0438 \u0434\u0438\u0458\u0430\u0441\u043f\u043e\u0440\u0430<\/title>\n<meta name=\"description\" content=\"Stranica za dijasporu RS, ovdje mo\u017eete prona\u0107i sve informacije, pomo\u0107 i savjete na jednom mjestu.\" \/>\n<meta name=\"robots\" content=\"index, follow, max-snippet:-1, max-image-preview:large, max-video-preview:-1\" \/>\n<link rel=\"canonical\" href=\"https:\/\/dijasporars.com\/de\/ministarstvo-ce-podrzati-privredne-i-turisticke-projekte-u-derventi\/\" \/>\n<meta property=\"og:locale\" content=\"de_DE\" \/>\n<meta property=\"og:type\" content=\"article\" \/>\n<meta property=\"og:title\" content=\"\u041c\u0438\u043d\u0438\u0441\u0442\u0430\u0440\u0441\u0442\u0432\u043e \u045b\u0435 \u043f\u043e\u0434\u0440\u0436\u0430\u0442\u0438 \u043f\u0440\u0438\u0432\u0440\u0435\u0434\u043d\u0435 \u0438 \u0442\u0443\u0440\u0438\u0441\u0442\u0438\u0447\u043a\u0435 \u043f\u0440\u043e\u0458\u0435\u043a\u0442\u0435 \u0443 \u0414\u0435\u0440\u0432\u0435\u043d\u0442\u0438 - \u0420\u0435\u043f\u0443\u0431\u043b\u0438\u043a\u0430 \u0421\u0440\u043f\u0441\u043a\u0430 \u0438 \u0434\u0438\u0458\u0430\u0441\u043f\u043e\u0440\u0430\" \/>\n<meta property=\"og:description\" content=\"Stranica za dijasporu RS, ovdje mo\u017eete prona\u0107i sve informacije, pomo\u0107 i savjete na jednom mjestu.\" \/>\n<meta property=\"og:url\" content=\"https:\/\/dijasporars.com\/de\/ministarstvo-ce-podrzati-privredne-i-turisticke-projekte-u-derventi\/\" \/>\n<meta property=\"og:site_name\" content=\"\u0420\u0435\u043f\u0443\u0431\u043b\u0438\u043a\u0430 \u0421\u0440\u043f\u0441\u043a\u0430 \u0438 \u0434\u0438\u0458\u0430\u0441\u043f\u043e\u0440\u0430\" \/>\n<meta property=\"article:published_time\" content=\"2025-10-23T09:26:25+00:00\" \/>\n<meta property=\"article:modified_time\" content=\"2025-10-23T09:27:00+00:00\" \/>\n<meta property=\"og:image\" content=\"https:\/\/dijasporars.com\/wp-content\/uploads\/2024\/03\/\u0424\u043e\u0442\u043e-\u041c\u0438\u043d\u0438\u0441\u0442\u0430\u0440\u0441\u0442\u0432\u043e-\u0437\u0430-\u0435\u0432\u0440\u043e\u043f\u0441\u043a\u0435-\u0438\u043d\u0442\u0435\u0433\u0440\u0430\u0446\u0438\u0458\u0435-\u0438-\u043c\u0435\u0452\u0443\u043d\u0430\u0440\u043e\u0434\u043d\u0443-\u0441\u0430\u0440\u0430\u0434\u045a\u0443-1.jpg\" \/>\n\t<meta property=\"og:image:width\" content=\"1600\" \/>\n\t<meta property=\"og:image:height\" content=\"969\" \/>\n\t<meta property=\"og:image:type\" content=\"image\/jpeg\" \/>\n<meta name=\"author\" content=\"dijasporars\" \/>\n<meta name=\"twitter:card\" content=\"summary_large_image\" \/>\n<meta name=\"twitter:label1\" content=\"Verfasst von\" \/>\n\t<meta name=\"twitter:data1\" content=\"dijasporars\" \/>\n<script type=\"application\/ld+json\" class=\"yoast-schema-graph\">{\"@context\":\"https:\/\/schema.org\",\"@graph\":[{\"@type\":\"WebPage\",\"@id\":\"https:\/\/dijasporars.com\/ministarstvo-ce-podrzati-privredne-i-turisticke-projekte-u-derventi\/\",\"url\":\"https:\/\/dijasporars.com\/ministarstvo-ce-podrzati-privredne-i-turisticke-projekte-u-derventi\/\",\"name\":\"\u041c\u0438\u043d\u0438\u0441\u0442\u0430\u0440\u0441\u0442\u0432\u043e \u045b\u0435 \u043f\u043e\u0434\u0440\u0436\u0430\u0442\u0438 \u043f\u0440\u0438\u0432\u0440\u0435\u0434\u043d\u0435 \u0438 \u0442\u0443\u0440\u0438\u0441\u0442\u0438\u0447\u043a\u0435 \u043f\u0440\u043e\u0458\u0435\u043a\u0442\u0435 \u0443 \u0414\u0435\u0440\u0432\u0435\u043d\u0442\u0438 - \u0420\u0435\u043f\u0443\u0431\u043b\u0438\u043a\u0430 \u0421\u0440\u043f\u0441\u043a\u0430 \u0438 \u0434\u0438\u0458\u0430\u0441\u043f\u043e\u0440\u0430\",\"isPartOf\":{\"@id\":\"https:\/\/dijasporars.com\/#website\"},\"primaryImageOfPage\":{\"@id\":\"https:\/\/dijasporars.com\/ministarstvo-ce-podrzati-privredne-i-turisticke-projekte-u-derventi\/#primaryimage\"},\"image\":{\"@id\":\"https:\/\/dijasporars.com\/ministarstvo-ce-podrzati-privredne-i-turisticke-projekte-u-derventi\/#primaryimage\"},\"thumbnailUrl\":\"https:\/\/dijasporars.com\/wp-content\/uploads\/2024\/03\/\u0424\u043e\u0442\u043e-\u041c\u0438\u043d\u0438\u0441\u0442\u0430\u0440\u0441\u0442\u0432\u043e-\u0437\u0430-\u0435\u0432\u0440\u043e\u043f\u0441\u043a\u0435-\u0438\u043d\u0442\u0435\u0433\u0440\u0430\u0446\u0438\u0458\u0435-\u0438-\u043c\u0435\u0452\u0443\u043d\u0430\u0440\u043e\u0434\u043d\u0443-\u0441\u0430\u0440\u0430\u0434\u045a\u0443-1.jpg\",\"datePublished\":\"2025-10-23T09:26:25+00:00\",\"dateModified\":\"2025-10-23T09:27:00+00:00\",\"author\":{\"@id\":\"https:\/\/dijasporars.com\/#\/schema\/person\/f5052d53409aef50f7503bd1372c77ca\"},\"description\":\"Stranica za dijasporu RS, ovdje mo\u017eete prona\u0107i sve informacije, pomo\u0107 i savjete na jednom mjestu.\",\"breadcrumb\":{\"@id\":\"https:\/\/dijasporars.com\/ministarstvo-ce-podrzati-privredne-i-turisticke-projekte-u-derventi\/#breadcrumb\"},\"inLanguage\":\"de\",\"potentialAction\":[{\"@type\":\"ReadAction\",\"target\":[\"https:\/\/dijasporars.com\/ministarstvo-ce-podrzati-privredne-i-turisticke-projekte-u-derventi\/\"]}]},{\"@type\":\"ImageObject\",\"inLanguage\":\"de\",\"@id\":\"https:\/\/dijasporars.com\/ministarstvo-ce-podrzati-privredne-i-turisticke-projekte-u-derventi\/#primaryimage\",\"url\":\"https:\/\/dijasporars.com\/wp-content\/uploads\/2024\/03\/\u0424\u043e\u0442\u043e-\u041c\u0438\u043d\u0438\u0441\u0442\u0430\u0440\u0441\u0442\u0432\u043e-\u0437\u0430-\u0435\u0432\u0440\u043e\u043f\u0441\u043a\u0435-\u0438\u043d\u0442\u0435\u0433\u0440\u0430\u0446\u0438\u0458\u0435-\u0438-\u043c\u0435\u0452\u0443\u043d\u0430\u0440\u043e\u0434\u043d\u0443-\u0441\u0430\u0440\u0430\u0434\u045a\u0443-1.jpg\",\"contentUrl\":\"https:\/\/dijasporars.com\/wp-content\/uploads\/2024\/03\/\u0424\u043e\u0442\u043e-\u041c\u0438\u043d\u0438\u0441\u0442\u0430\u0440\u0441\u0442\u0432\u043e-\u0437\u0430-\u0435\u0432\u0440\u043e\u043f\u0441\u043a\u0435-\u0438\u043d\u0442\u0435\u0433\u0440\u0430\u0446\u0438\u0458\u0435-\u0438-\u043c\u0435\u0452\u0443\u043d\u0430\u0440\u043e\u0434\u043d\u0443-\u0441\u0430\u0440\u0430\u0434\u045a\u0443-1.jpg\",\"width\":1600,\"height\":969},{\"@type\":\"BreadcrumbList\",\"@id\":\"https:\/\/dijasporars.com\/ministarstvo-ce-podrzati-privredne-i-turisticke-projekte-u-derventi\/#breadcrumb\",\"itemListElement\":[{\"@type\":\"ListItem\",\"position\":1,\"name\":\"\u041f\u043e\u0447\u0435\u0442\u043d\u0430\",\"item\":\"https:\/\/dijasporars.com\/\"},{\"@type\":\"ListItem\",\"position\":2,\"name\":\"\u041c\u0438\u043d\u0438\u0441\u0442\u0430\u0440\u0441\u0442\u0432\u043e \u045b\u0435 \u043f\u043e\u0434\u0440\u0436\u0430\u0442\u0438 \u043f\u0440\u0438\u0432\u0440\u0435\u0434\u043d\u0435 \u0438 \u0442\u0443\u0440\u0438\u0441\u0442\u0438\u0447\u043a\u0435 \u043f\u0440\u043e\u0458\u0435\u043a\u0442\u0435 \u0443 \u0414\u0435\u0440\u0432\u0435\u043d\u0442\u0438\"}]},{\"@type\":\"WebSite\",\"@id\":\"https:\/\/dijasporars.com\/#website\",\"url\":\"https:\/\/dijasporars.com\/\",\"name\":\"\u0420\u0435\u043f\u0443\u0431\u043b\u0438\u043a\u0430 \u0421\u0440\u043f\u0441\u043a\u0430 \u0438 \u0434\u0438\u0458\u0430\u0441\u043f\u043e\u0440\u0430\",\"description\":\"\",\"potentialAction\":[{\"@type\":\"SearchAction\",\"target\":{\"@type\":\"EntryPoint\",\"urlTemplate\":\"https:\/\/dijasporars.com\/?s={search_term_string}\"},\"query-input\":{\"@type\":\"PropertyValueSpecification\",\"valueRequired\":true,\"valueName\":\"search_term_string\"}}],\"inLanguage\":\"de\"},{\"@type\":\"Person\",\"@id\":\"https:\/\/dijasporars.com\/#\/schema\/person\/f5052d53409aef50f7503bd1372c77ca\",\"name\":\"dijasporars\",\"image\":{\"@type\":\"ImageObject\",\"inLanguage\":\"de\",\"@id\":\"https:\/\/dijasporars.com\/#\/schema\/person\/image\/\",\"url\":\"https:\/\/secure.gravatar.com\/avatar\/759212a69df0744fb2be03efd361239831e31095061dacc7496bdf8524e0daf7?s=96&d=mm&r=g\",\"contentUrl\":\"https:\/\/secure.gravatar.com\/avatar\/759212a69df0744fb2be03efd361239831e31095061dacc7496bdf8524e0daf7?s=96&d=mm&r=g\",\"caption\":\"dijasporars\"},\"url\":\"https:\/\/dijasporars.com\/de\/author\/dijasporars\/\"}]}<\/script>\n<!-- \/ Yoast SEO plugin. -->","yoast_head_json":{"title":"\u041c\u0438\u043d\u0438\u0441\u0442\u0430\u0440\u0441\u0442\u0432\u043e \u045b\u0435 \u043f\u043e\u0434\u0440\u0436\u0430\u0442\u0438 \u043f\u0440\u0438\u0432\u0440\u0435\u0434\u043d\u0435 \u0438 \u0442\u0443\u0440\u0438\u0441\u0442\u0438\u0447\u043a\u0435 \u043f\u0440\u043e\u0458\u0435\u043a\u0442\u0435 \u0443 \u0414\u0435\u0440\u0432\u0435\u043d\u0442\u0438 - \u0420\u0435\u043f\u0443\u0431\u043b\u0438\u043a\u0430 \u0421\u0440\u043f\u0441\u043a\u0430 \u0438 \u0434\u0438\u0458\u0430\u0441\u043f\u043e\u0440\u0430","description":"Stranica za dijasporu RS, ovdje mo\u017eete prona\u0107i sve informacije, pomo\u0107 i savjete na jednom mjestu.","robots":{"index":"index","follow":"follow","max-snippet":"max-snippet:-1","max-image-preview":"max-image-preview:large","max-video-preview":"max-video-preview:-1"},"canonical":"https:\/\/dijasporars.com\/de\/ministarstvo-ce-podrzati-privredne-i-turisticke-projekte-u-derventi\/","og_locale":"de_DE","og_type":"article","og_title":"\u041c\u0438\u043d\u0438\u0441\u0442\u0430\u0440\u0441\u0442\u0432\u043e \u045b\u0435 \u043f\u043e\u0434\u0440\u0436\u0430\u0442\u0438 \u043f\u0440\u0438\u0432\u0440\u0435\u0434\u043d\u0435 \u0438 \u0442\u0443\u0440\u0438\u0441\u0442\u0438\u0447\u043a\u0435 \u043f\u0440\u043e\u0458\u0435\u043a\u0442\u0435 \u0443 \u0414\u0435\u0440\u0432\u0435\u043d\u0442\u0438 - \u0420\u0435\u043f\u0443\u0431\u043b\u0438\u043a\u0430 \u0421\u0440\u043f\u0441\u043a\u0430 \u0438 \u0434\u0438\u0458\u0430\u0441\u043f\u043e\u0440\u0430","og_description":"Stranica za dijasporu RS, ovdje mo\u017eete prona\u0107i sve informacije, pomo\u0107 i savjete na jednom mjestu.","og_url":"https:\/\/dijasporars.com\/de\/ministarstvo-ce-podrzati-privredne-i-turisticke-projekte-u-derventi\/","og_site_name":"\u0420\u0435\u043f\u0443\u0431\u043b\u0438\u043a\u0430 \u0421\u0440\u043f\u0441\u043a\u0430 \u0438 \u0434\u0438\u0458\u0430\u0441\u043f\u043e\u0440\u0430","article_published_time":"2025-10-23T09:26:25+00:00","article_modified_time":"2025-10-23T09:27:00+00:00","og_image":[{"width":1600,"height":969,"url":"https:\/\/dijasporars.com\/wp-content\/uploads\/2024\/03\/\u0424\u043e\u0442\u043e-\u041c\u0438\u043d\u0438\u0441\u0442\u0430\u0440\u0441\u0442\u0432\u043e-\u0437\u0430-\u0435\u0432\u0440\u043e\u043f\u0441\u043a\u0435-\u0438\u043d\u0442\u0435\u0433\u0440\u0430\u0446\u0438\u0458\u0435-\u0438-\u043c\u0435\u0452\u0443\u043d\u0430\u0440\u043e\u0434\u043d\u0443-\u0441\u0430\u0440\u0430\u0434\u045a\u0443-1.jpg","type":"image\/jpeg"}],"author":"dijasporars","twitter_card":"summary_large_image","twitter_misc":{"Verfasst von":"dijasporars"},"schema":{"@context":"https:\/\/schema.org","@graph":[{"@type":"WebPage","@id":"https:\/\/dijasporars.com\/ministarstvo-ce-podrzati-privredne-i-turisticke-projekte-u-derventi\/","url":"https:\/\/dijasporars.com\/ministarstvo-ce-podrzati-privredne-i-turisticke-projekte-u-derventi\/","name":"\u041c\u0438\u043d\u0438\u0441\u0442\u0430\u0440\u0441\u0442\u0432\u043e \u045b\u0435 \u043f\u043e\u0434\u0440\u0436\u0430\u0442\u0438 \u043f\u0440\u0438\u0432\u0440\u0435\u0434\u043d\u0435 \u0438 \u0442\u0443\u0440\u0438\u0441\u0442\u0438\u0447\u043a\u0435 \u043f\u0440\u043e\u0458\u0435\u043a\u0442\u0435 \u0443 \u0414\u0435\u0440\u0432\u0435\u043d\u0442\u0438 - \u0420\u0435\u043f\u0443\u0431\u043b\u0438\u043a\u0430 \u0421\u0440\u043f\u0441\u043a\u0430 \u0438 \u0434\u0438\u0458\u0430\u0441\u043f\u043e\u0440\u0430","isPartOf":{"@id":"https:\/\/dijasporars.com\/#website"},"primaryImageOfPage":{"@id":"https:\/\/dijasporars.com\/ministarstvo-ce-podrzati-privredne-i-turisticke-projekte-u-derventi\/#primaryimage"},"image":{"@id":"https:\/\/dijasporars.com\/ministarstvo-ce-podrzati-privredne-i-turisticke-projekte-u-derventi\/#primaryimage"},"thumbnailUrl":"https:\/\/dijasporars.com\/wp-content\/uploads\/2024\/03\/\u0424\u043e\u0442\u043e-\u041c\u0438\u043d\u0438\u0441\u0442\u0430\u0440\u0441\u0442\u0432\u043e-\u0437\u0430-\u0435\u0432\u0440\u043e\u043f\u0441\u043a\u0435-\u0438\u043d\u0442\u0435\u0433\u0440\u0430\u0446\u0438\u0458\u0435-\u0438-\u043c\u0435\u0452\u0443\u043d\u0430\u0440\u043e\u0434\u043d\u0443-\u0441\u0430\u0440\u0430\u0434\u045a\u0443-1.jpg","datePublished":"2025-10-23T09:26:25+00:00","dateModified":"2025-10-23T09:27:00+00:00","author":{"@id":"https:\/\/dijasporars.com\/#\/schema\/person\/f5052d53409aef50f7503bd1372c77ca"},"description":"Stranica za dijasporu RS, ovdje mo\u017eete prona\u0107i sve informacije, pomo\u0107 i savjete na jednom mjestu.","breadcrumb":{"@id":"https:\/\/dijasporars.com\/ministarstvo-ce-podrzati-privredne-i-turisticke-projekte-u-derventi\/#breadcrumb"},"inLanguage":"de","potentialAction":[{"@type":"ReadAction","target":["https:\/\/dijasporars.com\/ministarstvo-ce-podrzati-privredne-i-turisticke-projekte-u-derventi\/"]}]},{"@type":"ImageObject","inLanguage":"de","@id":"https:\/\/dijasporars.com\/ministarstvo-ce-podrzati-privredne-i-turisticke-projekte-u-derventi\/#primaryimage","url":"https:\/\/dijasporars.com\/wp-content\/uploads\/2024\/03\/\u0424\u043e\u0442\u043e-\u041c\u0438\u043d\u0438\u0441\u0442\u0430\u0440\u0441\u0442\u0432\u043e-\u0437\u0430-\u0435\u0432\u0440\u043e\u043f\u0441\u043a\u0435-\u0438\u043d\u0442\u0435\u0433\u0440\u0430\u0446\u0438\u0458\u0435-\u0438-\u043c\u0435\u0452\u0443\u043d\u0430\u0440\u043e\u0434\u043d\u0443-\u0441\u0430\u0440\u0430\u0434\u045a\u0443-1.jpg","contentUrl":"https:\/\/dijasporars.com\/wp-content\/uploads\/2024\/03\/\u0424\u043e\u0442\u043e-\u041c\u0438\u043d\u0438\u0441\u0442\u0430\u0440\u0441\u0442\u0432\u043e-\u0437\u0430-\u0435\u0432\u0440\u043e\u043f\u0441\u043a\u0435-\u0438\u043d\u0442\u0435\u0433\u0440\u0430\u0446\u0438\u0458\u0435-\u0438-\u043c\u0435\u0452\u0443\u043d\u0430\u0440\u043e\u0434\u043d\u0443-\u0441\u0430\u0440\u0430\u0434\u045a\u0443-1.jpg","width":1600,"height":969},{"@type":"BreadcrumbList","@id":"https:\/\/dijasporars.com\/ministarstvo-ce-podrzati-privredne-i-turisticke-projekte-u-derventi\/#breadcrumb","itemListElement":[{"@type":"ListItem","position":1,"name":"\u041f\u043e\u0447\u0435\u0442\u043d\u0430","item":"https:\/\/dijasporars.com\/"},{"@type":"ListItem","position":2,"name":"\u041c\u0438\u043d\u0438\u0441\u0442\u0430\u0440\u0441\u0442\u0432\u043e \u045b\u0435 \u043f\u043e\u0434\u0440\u0436\u0430\u0442\u0438 \u043f\u0440\u0438\u0432\u0440\u0435\u0434\u043d\u0435 \u0438 \u0442\u0443\u0440\u0438\u0441\u0442\u0438\u0447\u043a\u0435 \u043f\u0440\u043e\u0458\u0435\u043a\u0442\u0435 \u0443 \u0414\u0435\u0440\u0432\u0435\u043d\u0442\u0438"}]},{"@type":"WebSite","@id":"https:\/\/dijasporars.com\/#website","url":"https:\/\/dijasporars.com\/","name":"\u0420\u0435\u043f\u0443\u0431\u043b\u0438\u043a\u0430 \u0421\u0440\u043f\u0441\u043a\u0430 \u0438 \u0434\u0438\u0458\u0430\u0441\u043f\u043e\u0440\u0430","description":"","potentialAction":[{"@type":"SearchAction","target":{"@type":"EntryPoint","urlTemplate":"https:\/\/dijasporars.com\/?s={search_term_string}"},"query-input":{"@type":"PropertyValueSpecification","valueRequired":true,"valueName":"search_term_string"}}],"inLanguage":"de"},{"@type":"Person","@id":"https:\/\/dijasporars.com\/#\/schema\/person\/f5052d53409aef50f7503bd1372c77ca","name":"dijasporars","image":{"@type":"ImageObject","inLanguage":"de","@id":"https:\/\/dijasporars.com\/#\/schema\/person\/image\/","url":"https:\/\/secure.gravatar.com\/avatar\/759212a69df0744fb2be03efd361239831e31095061dacc7496bdf8524e0daf7?s=96&d=mm&r=g","contentUrl":"https:\/\/secure.gravatar.com\/avatar\/759212a69df0744fb2be03efd361239831e31095061dacc7496bdf8524e0daf7?s=96&d=mm&r=g","caption":"dijasporars"},"url":"https:\/\/dijasporars.com\/de\/author\/dijasporars\/"}]}},"_links":{"self":[{"href":"https:\/\/dijasporars.com\/de\/wp-json\/wp\/v2\/posts\/8093","targetHints":{"allow":["GET"]}}],"collection":[{"href":"https:\/\/dijasporars.com\/de\/wp-json\/wp\/v2\/posts"}],"about":[{"href":"https:\/\/dijasporars.com\/de\/wp-json\/wp\/v2\/types\/post"}],"author":[{"embeddable":true,"href":"https:\/\/dijasporars.com\/de\/wp-json\/wp\/v2\/users\/1"}],"replies":[{"embeddable":true,"href":"https:\/\/dijasporars.com\/de\/wp-json\/wp\/v2\/comments?post=8093"}],"version-history":[{"count":1,"href":"https:\/\/dijasporars.com\/de\/wp-json\/wp\/v2\/posts\/8093\/revisions"}],"predecessor-version":[{"id":8094,"href":"https:\/\/dijasporars.com\/de\/wp-json\/wp\/v2\/posts\/8093\/revisions\/8094"}],"wp:featuredmedia":[{"embeddable":true,"href":"https:\/\/dijasporars.com\/de\/wp-json\/wp\/v2\/media\/6642"}],"wp:attachment":[{"href":"https:\/\/dijasporars.com\/de\/wp-json\/wp\/v2\/media?parent=8093"}],"wp:term":[{"taxonomy":"category","embeddable":true,"href":"https:\/\/dijasporars.com\/de\/wp-json\/wp\/v2\/categories?post=8093"},{"taxonomy":"post_tag","embeddable":true,"href":"https:\/\/dijasporars.com\/de\/wp-json\/wp\/v2\/tags?post=8093"}],"curies":[{"name":"wp","href":"https:\/\/api.w.org\/{rel}","templated":true}]}}