{"id":5969,"date":"2023-09-20T10:56:51","date_gmt":"2023-09-20T08:56:51","guid":{"rendered":"https:\/\/dijasporars.com\/?p=5969"},"modified":"2023-09-20T12:09:38","modified_gmt":"2023-09-20T10:09:38","slug":"dani-srpske-u-srbiji-pocinju-u-srijedu-20-septembra-u-beogradu","status":"publish","type":"post","link":"https:\/\/dijasporars.com\/de\/dani-srpske-u-srbiji-pocinju-u-srijedu-20-septembra-u-beogradu\/","title":{"rendered":"\u201eSrpska-Tage in Serbien\u201c \u2013 Beginn am Mittwoch, 20. September, in Belgrad"},"content":{"rendered":"<p>Die offizielle Er\u00f6ffnung der elften Veranstaltung \u201eSrpska-Tage in Serbien\u201c, organisiert von der Vertretung der Republik Srpska in Serbien, findet am 20. September um 20 Uhr im Volkstheater in Belgrad mit Live\u00fcbertragung im Rundfunk und Fernsehen der Republika Srpska statt.<\/p>\n<p>Als Gastgeber der Veranstaltung wird zun\u00e4chst der Leiter der Vertretung der Republika Srpska in Serbien, Herr Mla\u0111en Cicovi\u0107, sprechen. Im Namen Seiner Heiligkeit des serbischen Patriarchen Herrn Porfirije Treffen im Volkstheater wird vom Bischofsvikar von Egar, Herrn Nektarije, gesegnet. Frau Ana Brnabi\u0107, Ministerpr\u00e4sidentin von Serbien, wird im Namen der Republik Serbien sprechen, und Frau \u017deljka Cvijanovi\u0107, das serbische Mitglied der Pr\u00e4sidentschaft von Bosnien und Herzegowina, wird im Namen der Republika Srpska sprechen, die dieses Jahr die Veranstaltung \u201eSrpska-Tage in Serbien\u201c offiziell er\u00f6ffnen wird.<\/p>\n<p>Es wird erwartet, dass an der Zeremonie die h\u00f6chsten Vertreter von Srpska und Serbien, Minister in den Regierungen von Serbien und der Republika Srpska, Vertreter der Provinzregierung, Armee- und Polizeigener\u00e4le beider L\u00e4nder, Akademiker, prominente K\u00fcnstler, Gesch\u00e4ftsleute und andere Ehreng\u00e4ste teilnehmen werden.<\/p>\n<p>Im k\u00fcnstlerischen Teil der feierlichen Er\u00f6ffnung der Veranstaltung \u201eSrpska-Tage in Serbien\u201c wird mit dem Ensemble \u201eVenac\u201c aus Kosovo und Metochien, aus Gra\u010danica, das Nationalensemble \u201eKolo\u201c, das Tanzstudio \u201eUna saga Serbica\u201c und der Chor des \u201eKinderkulturzentrums\u201c Belgrad die Bedeutung und Sch\u00f6nheit der serbischen nationalen Identit\u00e4t anhand von Geschichte, Poesie und vor allem Volksmusik und Tanz dargestellt.<\/p>\n<p>Die Programme der elften Veranstaltung \u201eSrpska-Tage in Serbien\u201c werden am Donnerstag, dem 21. September, in Belgrad und Novi Sad und in den folgenden Tagen in Kragujevac, Kraljevo, Zrenjanin, Kru\u0161evac, Subotica, Sombor, \u010ca\u010dak und Bajina Ba\u0161ta fortgesetzt. Die Abschlusszeremonie der Veranstaltung findet am Dienstag, 26. September, im Volkstheater in Ni\u0161 statt.<\/p>\n<p>Das vollst\u00e4ndige Programm der Veranstaltung \u201eSrpska-Tage in Serbien\u201c sehen Sie\u00a0<a href=\"http:\/\/predstavnistvorsbg.rs\/pdf_dokumenti\/2023\/dani_srpske_program_2023.pdf\" target=\"_blank\" rel=\"noopener\"><strong>HIER<\/strong>.<\/a><\/p>\n<p>Quelle und Foto: Vertretung der Republika Srpska in Serbien<\/p>","protected":false},"excerpt":{"rendered":"<p>Die offizielle Er\u00f6ffnung der elften Veranstaltung \u201eSrpska-Tage in Serbien\u201c, organisiert von der Vertretung der Republik Srpska in Serbien, findet am 20. September um 20 Uhr im Volkstheater in Belgrad mit Live\u00fcbertragung im Rundfunk und Fernsehen der Republika Srpska statt.\nAls Gastgeber der Veranstaltung wird zun\u00e4chst der Leiter der Vertretung der Republika Srpska in Serbien, Herr Mla\u0111en Cicovi\u0107, sich anwenden. Im Namen Seiner Heiligkeit des serbischen Patriarchen Herrn Porfirije ...<\/p>","protected":false},"author":1,"featured_media":5902,"comment_status":"closed","ping_status":"closed","sticky":false,"template":"","format":"standard","meta":{"footnotes":""},"categories":[52,76,77],"tags":[],"class_list":["post-5969","post","type-post","status-publish","format-standard","has-post-thumbnail","hentry","category-vijesti","category-vijesti-dijaspora","category-vijesti-republika-srpska"],"yoast_head":"<!-- This site is optimized with the Yoast SEO plugin v24.6 - https:\/\/yoast.com\/wordpress\/plugins\/seo\/ -->\n<title>\u201e\u0414\u0430\u043d\u0438 \u0421\u0440\u043f\u0441\u043a\u0435 \u0443 \u0421\u0440\u0431\u0438\u0458\u0438\u201c - \u043f\u043e\u0447\u0438\u045a\u0443 \u0443 \u0441\u0440\u0438\u0458\u0435\u0434\u0443 20. \u0441\u0435\u043f\u0442\u0435\u043c\u0431\u0440\u0430 \u0443 \u0411\u0435\u043e\u0433\u0440\u0430\u0434\u0443 - \u0420\u0435\u043f\u0443\u0431\u043b\u0438\u043a\u0430 \u0421\u0440\u043f\u0441\u043a\u0430 \u0438 \u0434\u0438\u0458\u0430\u0441\u043f\u043e\u0440\u0430<\/title>\n<meta name=\"description\" content=\"Stranica za dijasporu RS, ovdje mo\u017eete prona\u0107i sve informacije, pomo\u0107 i savjete na jednom mjestu.\" \/>\n<meta name=\"robots\" content=\"index, follow, max-snippet:-1, max-image-preview:large, max-video-preview:-1\" \/>\n<link rel=\"canonical\" href=\"https:\/\/dijasporars.com\/de\/dani-srpske-u-srbiji-pocinju-u-srijedu-20-septembra-u-beogradu\/\" \/>\n<meta property=\"og:locale\" content=\"de_DE\" \/>\n<meta property=\"og:type\" content=\"article\" \/>\n<meta property=\"og:title\" content=\"\u201e\u0414\u0430\u043d\u0438 \u0421\u0440\u043f\u0441\u043a\u0435 \u0443 \u0421\u0440\u0431\u0438\u0458\u0438\u201c - \u043f\u043e\u0447\u0438\u045a\u0443 \u0443 \u0441\u0440\u0438\u0458\u0435\u0434\u0443 20. \u0441\u0435\u043f\u0442\u0435\u043c\u0431\u0440\u0430 \u0443 \u0411\u0435\u043e\u0433\u0440\u0430\u0434\u0443 - \u0420\u0435\u043f\u0443\u0431\u043b\u0438\u043a\u0430 \u0421\u0440\u043f\u0441\u043a\u0430 \u0438 \u0434\u0438\u0458\u0430\u0441\u043f\u043e\u0440\u0430\" \/>\n<meta property=\"og:description\" content=\"Stranica za dijasporu RS, ovdje mo\u017eete prona\u0107i sve informacije, pomo\u0107 i savjete na jednom mjestu.\" \/>\n<meta property=\"og:url\" content=\"https:\/\/dijasporars.com\/de\/dani-srpske-u-srbiji-pocinju-u-srijedu-20-septembra-u-beogradu\/\" \/>\n<meta property=\"og:site_name\" content=\"\u0420\u0435\u043f\u0443\u0431\u043b\u0438\u043a\u0430 \u0421\u0440\u043f\u0441\u043a\u0430 \u0438 \u0434\u0438\u0458\u0430\u0441\u043f\u043e\u0440\u0430\" \/>\n<meta property=\"article:published_time\" content=\"2023-09-20T08:56:51+00:00\" \/>\n<meta property=\"article:modified_time\" content=\"2023-09-20T10:09:38+00:00\" \/>\n<meta property=\"og:image\" content=\"https:\/\/dijasporars.com\/wp-content\/uploads\/2023\/09\/\u0424\u043e\u0442\u043e-\u041f\u0440\u0435\u0434\u0441\u0442\u0430\u0432\u043d\u0438\u0448\u0442\u0432\u043e-\u0420\u0435\u043f\u0443\u0431\u043b\u0438\u043a\u0435-\u0421\u0440\u043f\u0441\u043a\u0435-\u0443-\u0421\u0440\u0431\u0438\u0458\u0438.jpg\" \/>\n\t<meta property=\"og:image:width\" content=\"500\" \/>\n\t<meta property=\"og:image:height\" content=\"355\" \/>\n\t<meta property=\"og:image:type\" content=\"image\/jpeg\" \/>\n<meta name=\"author\" content=\"dijasporars\" \/>\n<meta name=\"twitter:card\" content=\"summary_large_image\" \/>\n<meta name=\"twitter:label1\" content=\"Verfasst von\" \/>\n\t<meta name=\"twitter:data1\" content=\"dijasporars\" \/>\n<script type=\"application\/ld+json\" class=\"yoast-schema-graph\">{\"@context\":\"https:\/\/schema.org\",\"@graph\":[{\"@type\":\"WebPage\",\"@id\":\"https:\/\/dijasporars.com\/dani-srpske-u-srbiji-pocinju-u-srijedu-20-septembra-u-beogradu\/\",\"url\":\"https:\/\/dijasporars.com\/dani-srpske-u-srbiji-pocinju-u-srijedu-20-septembra-u-beogradu\/\",\"name\":\"\u201e\u0414\u0430\u043d\u0438 \u0421\u0440\u043f\u0441\u043a\u0435 \u0443 \u0421\u0440\u0431\u0438\u0458\u0438\u201c - \u043f\u043e\u0447\u0438\u045a\u0443 \u0443 \u0441\u0440\u0438\u0458\u0435\u0434\u0443 20. \u0441\u0435\u043f\u0442\u0435\u043c\u0431\u0440\u0430 \u0443 \u0411\u0435\u043e\u0433\u0440\u0430\u0434\u0443 - \u0420\u0435\u043f\u0443\u0431\u043b\u0438\u043a\u0430 \u0421\u0440\u043f\u0441\u043a\u0430 \u0438 \u0434\u0438\u0458\u0430\u0441\u043f\u043e\u0440\u0430\",\"isPartOf\":{\"@id\":\"https:\/\/dijasporars.com\/#website\"},\"primaryImageOfPage\":{\"@id\":\"https:\/\/dijasporars.com\/dani-srpske-u-srbiji-pocinju-u-srijedu-20-septembra-u-beogradu\/#primaryimage\"},\"image\":{\"@id\":\"https:\/\/dijasporars.com\/dani-srpske-u-srbiji-pocinju-u-srijedu-20-septembra-u-beogradu\/#primaryimage\"},\"thumbnailUrl\":\"https:\/\/dijasporars.com\/wp-content\/uploads\/2023\/09\/\u0424\u043e\u0442\u043e-\u041f\u0440\u0435\u0434\u0441\u0442\u0430\u0432\u043d\u0438\u0448\u0442\u0432\u043e-\u0420\u0435\u043f\u0443\u0431\u043b\u0438\u043a\u0435-\u0421\u0440\u043f\u0441\u043a\u0435-\u0443-\u0421\u0440\u0431\u0438\u0458\u0438.jpg\",\"datePublished\":\"2023-09-20T08:56:51+00:00\",\"dateModified\":\"2023-09-20T10:09:38+00:00\",\"author\":{\"@id\":\"https:\/\/dijasporars.com\/#\/schema\/person\/f5052d53409aef50f7503bd1372c77ca\"},\"description\":\"Stranica za dijasporu RS, ovdje mo\u017eete prona\u0107i sve informacije, pomo\u0107 i savjete na jednom mjestu.\",\"breadcrumb\":{\"@id\":\"https:\/\/dijasporars.com\/dani-srpske-u-srbiji-pocinju-u-srijedu-20-septembra-u-beogradu\/#breadcrumb\"},\"inLanguage\":\"de\",\"potentialAction\":[{\"@type\":\"ReadAction\",\"target\":[\"https:\/\/dijasporars.com\/dani-srpske-u-srbiji-pocinju-u-srijedu-20-septembra-u-beogradu\/\"]}]},{\"@type\":\"ImageObject\",\"inLanguage\":\"de\",\"@id\":\"https:\/\/dijasporars.com\/dani-srpske-u-srbiji-pocinju-u-srijedu-20-septembra-u-beogradu\/#primaryimage\",\"url\":\"https:\/\/dijasporars.com\/wp-content\/uploads\/2023\/09\/\u0424\u043e\u0442\u043e-\u041f\u0440\u0435\u0434\u0441\u0442\u0430\u0432\u043d\u0438\u0448\u0442\u0432\u043e-\u0420\u0435\u043f\u0443\u0431\u043b\u0438\u043a\u0435-\u0421\u0440\u043f\u0441\u043a\u0435-\u0443-\u0421\u0440\u0431\u0438\u0458\u0438.jpg\",\"contentUrl\":\"https:\/\/dijasporars.com\/wp-content\/uploads\/2023\/09\/\u0424\u043e\u0442\u043e-\u041f\u0440\u0435\u0434\u0441\u0442\u0430\u0432\u043d\u0438\u0448\u0442\u0432\u043e-\u0420\u0435\u043f\u0443\u0431\u043b\u0438\u043a\u0435-\u0421\u0440\u043f\u0441\u043a\u0435-\u0443-\u0421\u0440\u0431\u0438\u0458\u0438.jpg\",\"width\":500,\"height\":355},{\"@type\":\"BreadcrumbList\",\"@id\":\"https:\/\/dijasporars.com\/dani-srpske-u-srbiji-pocinju-u-srijedu-20-septembra-u-beogradu\/#breadcrumb\",\"itemListElement\":[{\"@type\":\"ListItem\",\"position\":1,\"name\":\"\u041f\u043e\u0447\u0435\u0442\u043d\u0430\",\"item\":\"https:\/\/dijasporars.com\/\"},{\"@type\":\"ListItem\",\"position\":2,\"name\":\"\u201e\u0414\u0430\u043d\u0438 \u0421\u0440\u043f\u0441\u043a\u0435 \u0443 \u0421\u0440\u0431\u0438\u0458\u0438\u201c &#8211; \u043f\u043e\u0447\u0438\u045a\u0443 \u0443 \u0441\u0440\u0438\u0458\u0435\u0434\u0443 20. \u0441\u0435\u043f\u0442\u0435\u043c\u0431\u0440\u0430 \u0443 \u0411\u0435\u043e\u0433\u0440\u0430\u0434\u0443\"}]},{\"@type\":\"WebSite\",\"@id\":\"https:\/\/dijasporars.com\/#website\",\"url\":\"https:\/\/dijasporars.com\/\",\"name\":\"\u0420\u0435\u043f\u0443\u0431\u043b\u0438\u043a\u0430 \u0421\u0440\u043f\u0441\u043a\u0430 \u0438 \u0434\u0438\u0458\u0430\u0441\u043f\u043e\u0440\u0430\",\"description\":\"\",\"potentialAction\":[{\"@type\":\"SearchAction\",\"target\":{\"@type\":\"EntryPoint\",\"urlTemplate\":\"https:\/\/dijasporars.com\/?s={search_term_string}\"},\"query-input\":{\"@type\":\"PropertyValueSpecification\",\"valueRequired\":true,\"valueName\":\"search_term_string\"}}],\"inLanguage\":\"de\"},{\"@type\":\"Person\",\"@id\":\"https:\/\/dijasporars.com\/#\/schema\/person\/f5052d53409aef50f7503bd1372c77ca\",\"name\":\"dijasporars\",\"image\":{\"@type\":\"ImageObject\",\"inLanguage\":\"de\",\"@id\":\"https:\/\/dijasporars.com\/#\/schema\/person\/image\/\",\"url\":\"https:\/\/secure.gravatar.com\/avatar\/759212a69df0744fb2be03efd361239831e31095061dacc7496bdf8524e0daf7?s=96&d=mm&r=g\",\"contentUrl\":\"https:\/\/secure.gravatar.com\/avatar\/759212a69df0744fb2be03efd361239831e31095061dacc7496bdf8524e0daf7?s=96&d=mm&r=g\",\"caption\":\"dijasporars\"},\"url\":\"https:\/\/dijasporars.com\/de\/author\/dijasporars\/\"}]}<\/script>\n<!-- \/ Yoast SEO plugin. -->","yoast_head_json":{"title":"\u201e\u0414\u0430\u043d\u0438 \u0421\u0440\u043f\u0441\u043a\u0435 \u0443 \u0421\u0440\u0431\u0438\u0458\u0438\u201c - \u043f\u043e\u0447\u0438\u045a\u0443 \u0443 \u0441\u0440\u0438\u0458\u0435\u0434\u0443 20. \u0441\u0435\u043f\u0442\u0435\u043c\u0431\u0440\u0430 \u0443 \u0411\u0435\u043e\u0433\u0440\u0430\u0434\u0443 - \u0420\u0435\u043f\u0443\u0431\u043b\u0438\u043a\u0430 \u0421\u0440\u043f\u0441\u043a\u0430 \u0438 \u0434\u0438\u0458\u0430\u0441\u043f\u043e\u0440\u0430","description":"Stranica za dijasporu RS, ovdje mo\u017eete prona\u0107i sve informacije, pomo\u0107 i savjete na jednom mjestu.","robots":{"index":"index","follow":"follow","max-snippet":"max-snippet:-1","max-image-preview":"max-image-preview:large","max-video-preview":"max-video-preview:-1"},"canonical":"https:\/\/dijasporars.com\/de\/dani-srpske-u-srbiji-pocinju-u-srijedu-20-septembra-u-beogradu\/","og_locale":"de_DE","og_type":"article","og_title":"\u201e\u0414\u0430\u043d\u0438 \u0421\u0440\u043f\u0441\u043a\u0435 \u0443 \u0421\u0440\u0431\u0438\u0458\u0438\u201c - \u043f\u043e\u0447\u0438\u045a\u0443 \u0443 \u0441\u0440\u0438\u0458\u0435\u0434\u0443 20. \u0441\u0435\u043f\u0442\u0435\u043c\u0431\u0440\u0430 \u0443 \u0411\u0435\u043e\u0433\u0440\u0430\u0434\u0443 - \u0420\u0435\u043f\u0443\u0431\u043b\u0438\u043a\u0430 \u0421\u0440\u043f\u0441\u043a\u0430 \u0438 \u0434\u0438\u0458\u0430\u0441\u043f\u043e\u0440\u0430","og_description":"Stranica za dijasporu RS, ovdje mo\u017eete prona\u0107i sve informacije, pomo\u0107 i savjete na jednom mjestu.","og_url":"https:\/\/dijasporars.com\/de\/dani-srpske-u-srbiji-pocinju-u-srijedu-20-septembra-u-beogradu\/","og_site_name":"\u0420\u0435\u043f\u0443\u0431\u043b\u0438\u043a\u0430 \u0421\u0440\u043f\u0441\u043a\u0430 \u0438 \u0434\u0438\u0458\u0430\u0441\u043f\u043e\u0440\u0430","article_published_time":"2023-09-20T08:56:51+00:00","article_modified_time":"2023-09-20T10:09:38+00:00","og_image":[{"width":500,"height":355,"url":"https:\/\/dijasporars.com\/wp-content\/uploads\/2023\/09\/\u0424\u043e\u0442\u043e-\u041f\u0440\u0435\u0434\u0441\u0442\u0430\u0432\u043d\u0438\u0448\u0442\u0432\u043e-\u0420\u0435\u043f\u0443\u0431\u043b\u0438\u043a\u0435-\u0421\u0440\u043f\u0441\u043a\u0435-\u0443-\u0421\u0440\u0431\u0438\u0458\u0438.jpg","type":"image\/jpeg"}],"author":"dijasporars","twitter_card":"summary_large_image","twitter_misc":{"Verfasst von":"dijasporars"},"schema":{"@context":"https:\/\/schema.org","@graph":[{"@type":"WebPage","@id":"https:\/\/dijasporars.com\/dani-srpske-u-srbiji-pocinju-u-srijedu-20-septembra-u-beogradu\/","url":"https:\/\/dijasporars.com\/dani-srpske-u-srbiji-pocinju-u-srijedu-20-septembra-u-beogradu\/","name":"\u201e\u0414\u0430\u043d\u0438 \u0421\u0440\u043f\u0441\u043a\u0435 \u0443 \u0421\u0440\u0431\u0438\u0458\u0438\u201c - \u043f\u043e\u0447\u0438\u045a\u0443 \u0443 \u0441\u0440\u0438\u0458\u0435\u0434\u0443 20. \u0441\u0435\u043f\u0442\u0435\u043c\u0431\u0440\u0430 \u0443 \u0411\u0435\u043e\u0433\u0440\u0430\u0434\u0443 - \u0420\u0435\u043f\u0443\u0431\u043b\u0438\u043a\u0430 \u0421\u0440\u043f\u0441\u043a\u0430 \u0438 \u0434\u0438\u0458\u0430\u0441\u043f\u043e\u0440\u0430","isPartOf":{"@id":"https:\/\/dijasporars.com\/#website"},"primaryImageOfPage":{"@id":"https:\/\/dijasporars.com\/dani-srpske-u-srbiji-pocinju-u-srijedu-20-septembra-u-beogradu\/#primaryimage"},"image":{"@id":"https:\/\/dijasporars.com\/dani-srpske-u-srbiji-pocinju-u-srijedu-20-septembra-u-beogradu\/#primaryimage"},"thumbnailUrl":"https:\/\/dijasporars.com\/wp-content\/uploads\/2023\/09\/\u0424\u043e\u0442\u043e-\u041f\u0440\u0435\u0434\u0441\u0442\u0430\u0432\u043d\u0438\u0448\u0442\u0432\u043e-\u0420\u0435\u043f\u0443\u0431\u043b\u0438\u043a\u0435-\u0421\u0440\u043f\u0441\u043a\u0435-\u0443-\u0421\u0440\u0431\u0438\u0458\u0438.jpg","datePublished":"2023-09-20T08:56:51+00:00","dateModified":"2023-09-20T10:09:38+00:00","author":{"@id":"https:\/\/dijasporars.com\/#\/schema\/person\/f5052d53409aef50f7503bd1372c77ca"},"description":"Stranica za dijasporu RS, ovdje mo\u017eete prona\u0107i sve informacije, pomo\u0107 i savjete na jednom mjestu.","breadcrumb":{"@id":"https:\/\/dijasporars.com\/dani-srpske-u-srbiji-pocinju-u-srijedu-20-septembra-u-beogradu\/#breadcrumb"},"inLanguage":"de","potentialAction":[{"@type":"ReadAction","target":["https:\/\/dijasporars.com\/dani-srpske-u-srbiji-pocinju-u-srijedu-20-septembra-u-beogradu\/"]}]},{"@type":"ImageObject","inLanguage":"de","@id":"https:\/\/dijasporars.com\/dani-srpske-u-srbiji-pocinju-u-srijedu-20-septembra-u-beogradu\/#primaryimage","url":"https:\/\/dijasporars.com\/wp-content\/uploads\/2023\/09\/\u0424\u043e\u0442\u043e-\u041f\u0440\u0435\u0434\u0441\u0442\u0430\u0432\u043d\u0438\u0448\u0442\u0432\u043e-\u0420\u0435\u043f\u0443\u0431\u043b\u0438\u043a\u0435-\u0421\u0440\u043f\u0441\u043a\u0435-\u0443-\u0421\u0440\u0431\u0438\u0458\u0438.jpg","contentUrl":"https:\/\/dijasporars.com\/wp-content\/uploads\/2023\/09\/\u0424\u043e\u0442\u043e-\u041f\u0440\u0435\u0434\u0441\u0442\u0430\u0432\u043d\u0438\u0448\u0442\u0432\u043e-\u0420\u0435\u043f\u0443\u0431\u043b\u0438\u043a\u0435-\u0421\u0440\u043f\u0441\u043a\u0435-\u0443-\u0421\u0440\u0431\u0438\u0458\u0438.jpg","width":500,"height":355},{"@type":"BreadcrumbList","@id":"https:\/\/dijasporars.com\/dani-srpske-u-srbiji-pocinju-u-srijedu-20-septembra-u-beogradu\/#breadcrumb","itemListElement":[{"@type":"ListItem","position":1,"name":"\u041f\u043e\u0447\u0435\u0442\u043d\u0430","item":"https:\/\/dijasporars.com\/"},{"@type":"ListItem","position":2,"name":"\u201e\u0414\u0430\u043d\u0438 \u0421\u0440\u043f\u0441\u043a\u0435 \u0443 \u0421\u0440\u0431\u0438\u0458\u0438\u201c &#8211; \u043f\u043e\u0447\u0438\u045a\u0443 \u0443 \u0441\u0440\u0438\u0458\u0435\u0434\u0443 20. \u0441\u0435\u043f\u0442\u0435\u043c\u0431\u0440\u0430 \u0443 \u0411\u0435\u043e\u0433\u0440\u0430\u0434\u0443"}]},{"@type":"WebSite","@id":"https:\/\/dijasporars.com\/#website","url":"https:\/\/dijasporars.com\/","name":"\u0420\u0435\u043f\u0443\u0431\u043b\u0438\u043a\u0430 \u0421\u0440\u043f\u0441\u043a\u0430 \u0438 \u0434\u0438\u0458\u0430\u0441\u043f\u043e\u0440\u0430","description":"","potentialAction":[{"@type":"SearchAction","target":{"@type":"EntryPoint","urlTemplate":"https:\/\/dijasporars.com\/?s={search_term_string}"},"query-input":{"@type":"PropertyValueSpecification","valueRequired":true,"valueName":"search_term_string"}}],"inLanguage":"de"},{"@type":"Person","@id":"https:\/\/dijasporars.com\/#\/schema\/person\/f5052d53409aef50f7503bd1372c77ca","name":"dijasporars","image":{"@type":"ImageObject","inLanguage":"de","@id":"https:\/\/dijasporars.com\/#\/schema\/person\/image\/","url":"https:\/\/secure.gravatar.com\/avatar\/759212a69df0744fb2be03efd361239831e31095061dacc7496bdf8524e0daf7?s=96&d=mm&r=g","contentUrl":"https:\/\/secure.gravatar.com\/avatar\/759212a69df0744fb2be03efd361239831e31095061dacc7496bdf8524e0daf7?s=96&d=mm&r=g","caption":"dijasporars"},"url":"https:\/\/dijasporars.com\/de\/author\/dijasporars\/"}]}},"_links":{"self":[{"href":"https:\/\/dijasporars.com\/de\/wp-json\/wp\/v2\/posts\/5969","targetHints":{"allow":["GET"]}}],"collection":[{"href":"https:\/\/dijasporars.com\/de\/wp-json\/wp\/v2\/posts"}],"about":[{"href":"https:\/\/dijasporars.com\/de\/wp-json\/wp\/v2\/types\/post"}],"author":[{"embeddable":true,"href":"https:\/\/dijasporars.com\/de\/wp-json\/wp\/v2\/users\/1"}],"replies":[{"embeddable":true,"href":"https:\/\/dijasporars.com\/de\/wp-json\/wp\/v2\/comments?post=5969"}],"version-history":[{"count":3,"href":"https:\/\/dijasporars.com\/de\/wp-json\/wp\/v2\/posts\/5969\/revisions"}],"predecessor-version":[{"id":5973,"href":"https:\/\/dijasporars.com\/de\/wp-json\/wp\/v2\/posts\/5969\/revisions\/5973"}],"wp:featuredmedia":[{"embeddable":true,"href":"https:\/\/dijasporars.com\/de\/wp-json\/wp\/v2\/media\/5902"}],"wp:attachment":[{"href":"https:\/\/dijasporars.com\/de\/wp-json\/wp\/v2\/media?parent=5969"}],"wp:term":[{"taxonomy":"category","embeddable":true,"href":"https:\/\/dijasporars.com\/de\/wp-json\/wp\/v2\/categories?post=5969"},{"taxonomy":"post_tag","embeddable":true,"href":"https:\/\/dijasporars.com\/de\/wp-json\/wp\/v2\/tags?post=5969"}],"curies":[{"name":"wp","href":"https:\/\/api.w.org\/{rel}","templated":true}]}}