{"id":5557,"date":"2023-05-24T11:10:31","date_gmt":"2023-05-24T09:10:31","guid":{"rendered":"https:\/\/dijasporars.com\/?p=5557"},"modified":"2023-05-24T11:11:07","modified_gmt":"2023-05-24T09:11:07","slug":"dani-cirila-i-metodija-u-beogradu-prijem-u-predstavnistvu-republike-srpske","status":"publish","type":"post","link":"https:\/\/dijasporars.com\/de\/dani-cirila-i-metodija-u-beogradu-prijem-u-predstavnistvu-republike-srpske\/","title":{"rendered":"Tage von Kyrill und Method in Belgrad, Empfang in der Vertretung der Republika Srpska"},"content":{"rendered":"<p>Anl\u00e4sslich der Manifestation \u201eTage von Kyrill und Method\u201c, die der Schriftstellerverband Serbiens seit zw\u00f6lf Jahren in Zusammenarbeit mit der Vertretung der Republika Srpska in Serbien organisiert, fand f\u00fcr die Teilnehmer des diesj\u00e4hrigen Festivals ein Empfang am 23. Mai in den R\u00e4umlichkeiten der Vertretung in Belgrad statt. Die Vuk-Stiftung in Belgrad war dieses Jahr an der Organisation der Veranstaltung beteiligt.<\/p>\n<p>Die Begr\u00fc\u00dfung und kurze Einf\u00fchrung hielt Prof. Dr. Bo\u0161ko Suvajd\u017ei\u0107, ordentlicher Professor an der Abteilung f\u00fcr serbische Literatur der Philologischen Fakult\u00e4t der Universit\u00e4t Belgrad und Pr\u00e4sident der Versammlung der Vuk-Stiftung in der Rolle des Koordinators des Veranstaltungsprogramms, der betonte, dass die Veranstaltung die \u201eTage von Kyrill und Method\u201c drei Tage dauert. Professor Suvajd\u017ei\u0107 bedankte sich bei der Vertretung und betonte die Bedeutung des heutigen Treffens als Gelegenheit zum Meinungsaustausch und zur Pr\u00fcfung von M\u00f6glichkeiten zur Verbesserung der Zusammenarbeit in dem Sinne, dass ein Teil des Veranstaltungsprogramms in der Republika Srpska organisiert wird.<\/p>\n<p>An dem Empfang bei Mla\u0111en Cicovi\u0107, Leiter der Vertretung, nahmen G\u00e4ste aus der Slowakei, Bulgarien und dem Schriftstellerverband Serbiens teil.<\/p>\n<p>In seiner Rede stellte der Leiter der Vertretung Mla\u0111en Cicovi\u0107 kurz die Arbeit der Vertretung vor und stellte den Teilnehmern die gr\u00f6\u00dften Veranstaltungen vor, die die Vertretung mit dem Ziel organisiert, die Beziehungen zwischen der Republika Srpska und Serbien zu st\u00e4rken. Cicovi\u0107 betonte, wie wichtig es sei, alles zu pr\u00e4sentieren, was das serbische Volk auf beiden Seiten der Drina verbindet, und dass wir unser Volk nur bewahren k\u00f6nnen, wenn wir geeint und vereint sind und in Identit\u00e4tsfragen zusammenarbeiten. Serbien und die Republika Srpska begehen gemeinsam alle wichtigen Daten und haben sich zum Ziel gesetzt, slawische Landsleute und Nachbarn zusammenzubringen, um die Identit\u00e4t, Tradition und Kultur des slawischen Volkes zu bewahren. In den vergangenen Jahren wurde ein Teil des Veranstaltungsprogramms \u201eTage von Kyrill und Method\u201c in Mili\u0107i, Andri\u0107grad und Ost-Sarajevo organisiert. Der gemeinsame Beschluss des heutigen Empfangs besteht darin, mit den Vorbereitungen f\u00fcr n\u00e4chstes Jahr fr\u00fcher zu beginnen, damit diese Veranstaltung weiterhin in der Republika Srpska stattfinden kann.<\/p>\n<p>Am diesj\u00e4hrigen Programm nahmen auch G\u00e4ste aus Mazedonien und Montenegro teil, die im Rahmen dieser Veranstaltung in Mr\u010dajevci waren.<\/p>\n<p>Am 22. Mai fand ein runder Tisch zum Thema der serbischen Sprache und des kyrillischen Alphabets statt, nach dem Besuch in der Vertretung, einem literarischen Abend im Verband der Schriftsteller Serbiens und heute um 10 Uhr die Verlegung von Kr\u00e4nzen aus frischen Blumen am Denkmal der heiligen slawischen Br\u00fcder im Kyrill-und-Method-Park und um 19 Uhr im Festsaal des Schriftstellerverbandes Serbiens der Internationale Poesieabend, der Kyrill und Method gewidmet ist.<\/p>\n<p>Quelle und Foto: Vertretung der Republika Srpska in Serbien<\/p>","protected":false},"excerpt":{"rendered":"<p>Anl\u00e4sslich der Manifestation \u201eTage von Kyrill und Method\u201c, die der Schriftstellerverband Serbiens seit zw\u00f6lf Jahren in Zusammenarbeit mit der Vertretung der Republika Srpska in Serbien organisiert, fand f\u00fcr die Teilnehmer des diesj\u00e4hrigen Festivals ein Empfang am 23. Mai in den R\u00e4umlichkeiten der Vertretung in Belgrad statt. Die Vuk-Stiftung in Belgrad war dieses Jahr an der Organisation der Veranstaltung beteiligt. Die Begr\u00fc\u00dfung und kurze Einf\u00fchrung hielt ...<\/p>","protected":false},"author":1,"featured_media":5558,"comment_status":"closed","ping_status":"closed","sticky":false,"template":"","format":"standard","meta":{"footnotes":""},"categories":[52,76,77],"tags":[],"class_list":["post-5557","post","type-post","status-publish","format-standard","has-post-thumbnail","hentry","category-vijesti","category-vijesti-dijaspora","category-vijesti-republika-srpska"],"yoast_head":"<!-- This site is optimized with the Yoast SEO plugin v24.6 - https:\/\/yoast.com\/wordpress\/plugins\/seo\/ -->\n<title>\u0414\u0430\u043d\u0438 \u040b\u0438\u0440\u0438\u043b\u0430 \u0438 \u041c\u0435\u0442\u043e\u0434\u0438\u0458\u0430 \u0443 \u0411\u0435\u043e\u0433\u0440\u0430\u0434\u0443, \u043f\u0440\u0438\u0458\u0435\u043c \u0443 \u041f\u0440\u0435\u0434\u0441\u0442\u0430\u0432\u043d\u0438\u0448\u0442\u0432\u0443 \u0420\u0435\u043f\u0443\u0431\u043b\u0438\u043a\u0435 \u0421\u0440\u043f\u0441\u043a\u0435 - \u0420\u0435\u043f\u0443\u0431\u043b\u0438\u043a\u0430 \u0421\u0440\u043f\u0441\u043a\u0430 \u0438 \u0434\u0438\u0458\u0430\u0441\u043f\u043e\u0440\u0430<\/title>\n<meta name=\"description\" content=\"Stranica za dijasporu RS, ovdje mo\u017eete prona\u0107i sve informacije, pomo\u0107 i savjete na jednom mjestu.\" \/>\n<meta name=\"robots\" content=\"index, follow, max-snippet:-1, max-image-preview:large, max-video-preview:-1\" \/>\n<link rel=\"canonical\" href=\"https:\/\/dijasporars.com\/de\/dani-cirila-i-metodija-u-beogradu-prijem-u-predstavnistvu-republike-srpske\/\" \/>\n<meta property=\"og:locale\" content=\"de_DE\" \/>\n<meta property=\"og:type\" content=\"article\" \/>\n<meta property=\"og:title\" content=\"\u0414\u0430\u043d\u0438 \u040b\u0438\u0440\u0438\u043b\u0430 \u0438 \u041c\u0435\u0442\u043e\u0434\u0438\u0458\u0430 \u0443 \u0411\u0435\u043e\u0433\u0440\u0430\u0434\u0443, \u043f\u0440\u0438\u0458\u0435\u043c \u0443 \u041f\u0440\u0435\u0434\u0441\u0442\u0430\u0432\u043d\u0438\u0448\u0442\u0432\u0443 \u0420\u0435\u043f\u0443\u0431\u043b\u0438\u043a\u0435 \u0421\u0440\u043f\u0441\u043a\u0435 - \u0420\u0435\u043f\u0443\u0431\u043b\u0438\u043a\u0430 \u0421\u0440\u043f\u0441\u043a\u0430 \u0438 \u0434\u0438\u0458\u0430\u0441\u043f\u043e\u0440\u0430\" \/>\n<meta property=\"og:description\" content=\"Stranica za dijasporu RS, ovdje mo\u017eete prona\u0107i sve informacije, pomo\u0107 i savjete na jednom mjestu.\" \/>\n<meta property=\"og:url\" content=\"https:\/\/dijasporars.com\/de\/dani-cirila-i-metodija-u-beogradu-prijem-u-predstavnistvu-republike-srpske\/\" \/>\n<meta property=\"og:site_name\" content=\"\u0420\u0435\u043f\u0443\u0431\u043b\u0438\u043a\u0430 \u0421\u0440\u043f\u0441\u043a\u0430 \u0438 \u0434\u0438\u0458\u0430\u0441\u043f\u043e\u0440\u0430\" \/>\n<meta property=\"article:published_time\" content=\"2023-05-24T09:10:31+00:00\" \/>\n<meta property=\"article:modified_time\" content=\"2023-05-24T09:11:07+00:00\" \/>\n<meta property=\"og:image\" content=\"https:\/\/dijasporars.com\/wp-content\/uploads\/2023\/05\/\u0424\u043e\u0442\u043e-\u041f\u0440\u0435\u0434\u0441\u0442\u0430\u0432\u043d\u0438\u0448\u0442\u0432\u043e-\u0420\u0435\u043f\u0443\u0431\u043b\u0438\u043a\u0435-\u0421\u0440\u043f\u0441\u043a\u0435-\u0443-\u0421\u0440\u0431\u0438\u0458\u0438.jpg\" \/>\n\t<meta property=\"og:image:width\" content=\"500\" \/>\n\t<meta property=\"og:image:height\" content=\"375\" \/>\n\t<meta property=\"og:image:type\" content=\"image\/jpeg\" \/>\n<meta name=\"author\" content=\"dijasporars\" \/>\n<meta name=\"twitter:card\" content=\"summary_large_image\" \/>\n<meta name=\"twitter:label1\" content=\"Verfasst von\" \/>\n\t<meta name=\"twitter:data1\" content=\"dijasporars\" \/>\n<script type=\"application\/ld+json\" class=\"yoast-schema-graph\">{\"@context\":\"https:\/\/schema.org\",\"@graph\":[{\"@type\":\"WebPage\",\"@id\":\"https:\/\/dijasporars.com\/dani-cirila-i-metodija-u-beogradu-prijem-u-predstavnistvu-republike-srpske\/\",\"url\":\"https:\/\/dijasporars.com\/dani-cirila-i-metodija-u-beogradu-prijem-u-predstavnistvu-republike-srpske\/\",\"name\":\"\u0414\u0430\u043d\u0438 \u040b\u0438\u0440\u0438\u043b\u0430 \u0438 \u041c\u0435\u0442\u043e\u0434\u0438\u0458\u0430 \u0443 \u0411\u0435\u043e\u0433\u0440\u0430\u0434\u0443, \u043f\u0440\u0438\u0458\u0435\u043c \u0443 \u041f\u0440\u0435\u0434\u0441\u0442\u0430\u0432\u043d\u0438\u0448\u0442\u0432\u0443 \u0420\u0435\u043f\u0443\u0431\u043b\u0438\u043a\u0435 \u0421\u0440\u043f\u0441\u043a\u0435 - \u0420\u0435\u043f\u0443\u0431\u043b\u0438\u043a\u0430 \u0421\u0440\u043f\u0441\u043a\u0430 \u0438 \u0434\u0438\u0458\u0430\u0441\u043f\u043e\u0440\u0430\",\"isPartOf\":{\"@id\":\"https:\/\/dijasporars.com\/#website\"},\"primaryImageOfPage\":{\"@id\":\"https:\/\/dijasporars.com\/dani-cirila-i-metodija-u-beogradu-prijem-u-predstavnistvu-republike-srpske\/#primaryimage\"},\"image\":{\"@id\":\"https:\/\/dijasporars.com\/dani-cirila-i-metodija-u-beogradu-prijem-u-predstavnistvu-republike-srpske\/#primaryimage\"},\"thumbnailUrl\":\"https:\/\/dijasporars.com\/wp-content\/uploads\/2023\/05\/\u0424\u043e\u0442\u043e-\u041f\u0440\u0435\u0434\u0441\u0442\u0430\u0432\u043d\u0438\u0448\u0442\u0432\u043e-\u0420\u0435\u043f\u0443\u0431\u043b\u0438\u043a\u0435-\u0421\u0440\u043f\u0441\u043a\u0435-\u0443-\u0421\u0440\u0431\u0438\u0458\u0438.jpg\",\"datePublished\":\"2023-05-24T09:10:31+00:00\",\"dateModified\":\"2023-05-24T09:11:07+00:00\",\"author\":{\"@id\":\"https:\/\/dijasporars.com\/#\/schema\/person\/f5052d53409aef50f7503bd1372c77ca\"},\"description\":\"Stranica za dijasporu RS, ovdje mo\u017eete prona\u0107i sve informacije, pomo\u0107 i savjete na jednom mjestu.\",\"breadcrumb\":{\"@id\":\"https:\/\/dijasporars.com\/dani-cirila-i-metodija-u-beogradu-prijem-u-predstavnistvu-republike-srpske\/#breadcrumb\"},\"inLanguage\":\"de\",\"potentialAction\":[{\"@type\":\"ReadAction\",\"target\":[\"https:\/\/dijasporars.com\/dani-cirila-i-metodija-u-beogradu-prijem-u-predstavnistvu-republike-srpske\/\"]}]},{\"@type\":\"ImageObject\",\"inLanguage\":\"de\",\"@id\":\"https:\/\/dijasporars.com\/dani-cirila-i-metodija-u-beogradu-prijem-u-predstavnistvu-republike-srpske\/#primaryimage\",\"url\":\"https:\/\/dijasporars.com\/wp-content\/uploads\/2023\/05\/\u0424\u043e\u0442\u043e-\u041f\u0440\u0435\u0434\u0441\u0442\u0430\u0432\u043d\u0438\u0448\u0442\u0432\u043e-\u0420\u0435\u043f\u0443\u0431\u043b\u0438\u043a\u0435-\u0421\u0440\u043f\u0441\u043a\u0435-\u0443-\u0421\u0440\u0431\u0438\u0458\u0438.jpg\",\"contentUrl\":\"https:\/\/dijasporars.com\/wp-content\/uploads\/2023\/05\/\u0424\u043e\u0442\u043e-\u041f\u0440\u0435\u0434\u0441\u0442\u0430\u0432\u043d\u0438\u0448\u0442\u0432\u043e-\u0420\u0435\u043f\u0443\u0431\u043b\u0438\u043a\u0435-\u0421\u0440\u043f\u0441\u043a\u0435-\u0443-\u0421\u0440\u0431\u0438\u0458\u0438.jpg\",\"width\":500,\"height\":375},{\"@type\":\"BreadcrumbList\",\"@id\":\"https:\/\/dijasporars.com\/dani-cirila-i-metodija-u-beogradu-prijem-u-predstavnistvu-republike-srpske\/#breadcrumb\",\"itemListElement\":[{\"@type\":\"ListItem\",\"position\":1,\"name\":\"\u041f\u043e\u0447\u0435\u0442\u043d\u0430\",\"item\":\"https:\/\/dijasporars.com\/\"},{\"@type\":\"ListItem\",\"position\":2,\"name\":\"\u0414\u0430\u043d\u0438 \u040b\u0438\u0440\u0438\u043b\u0430 \u0438 \u041c\u0435\u0442\u043e\u0434\u0438\u0458\u0430 \u0443 \u0411\u0435\u043e\u0433\u0440\u0430\u0434\u0443, \u043f\u0440\u0438\u0458\u0435\u043c \u0443 \u041f\u0440\u0435\u0434\u0441\u0442\u0430\u0432\u043d\u0438\u0448\u0442\u0432\u0443 \u0420\u0435\u043f\u0443\u0431\u043b\u0438\u043a\u0435 \u0421\u0440\u043f\u0441\u043a\u0435\"}]},{\"@type\":\"WebSite\",\"@id\":\"https:\/\/dijasporars.com\/#website\",\"url\":\"https:\/\/dijasporars.com\/\",\"name\":\"\u0420\u0435\u043f\u0443\u0431\u043b\u0438\u043a\u0430 \u0421\u0440\u043f\u0441\u043a\u0430 \u0438 \u0434\u0438\u0458\u0430\u0441\u043f\u043e\u0440\u0430\",\"description\":\"\",\"potentialAction\":[{\"@type\":\"SearchAction\",\"target\":{\"@type\":\"EntryPoint\",\"urlTemplate\":\"https:\/\/dijasporars.com\/?s={search_term_string}\"},\"query-input\":{\"@type\":\"PropertyValueSpecification\",\"valueRequired\":true,\"valueName\":\"search_term_string\"}}],\"inLanguage\":\"de\"},{\"@type\":\"Person\",\"@id\":\"https:\/\/dijasporars.com\/#\/schema\/person\/f5052d53409aef50f7503bd1372c77ca\",\"name\":\"dijasporars\",\"image\":{\"@type\":\"ImageObject\",\"inLanguage\":\"de\",\"@id\":\"https:\/\/dijasporars.com\/#\/schema\/person\/image\/\",\"url\":\"https:\/\/secure.gravatar.com\/avatar\/759212a69df0744fb2be03efd361239831e31095061dacc7496bdf8524e0daf7?s=96&d=mm&r=g\",\"contentUrl\":\"https:\/\/secure.gravatar.com\/avatar\/759212a69df0744fb2be03efd361239831e31095061dacc7496bdf8524e0daf7?s=96&d=mm&r=g\",\"caption\":\"dijasporars\"},\"url\":\"https:\/\/dijasporars.com\/de\/author\/dijasporars\/\"}]}<\/script>\n<!-- \/ Yoast SEO plugin. -->","yoast_head_json":{"title":"\u0414\u0430\u043d\u0438 \u040b\u0438\u0440\u0438\u043b\u0430 \u0438 \u041c\u0435\u0442\u043e\u0434\u0438\u0458\u0430 \u0443 \u0411\u0435\u043e\u0433\u0440\u0430\u0434\u0443, \u043f\u0440\u0438\u0458\u0435\u043c \u0443 \u041f\u0440\u0435\u0434\u0441\u0442\u0430\u0432\u043d\u0438\u0448\u0442\u0432\u0443 \u0420\u0435\u043f\u0443\u0431\u043b\u0438\u043a\u0435 \u0421\u0440\u043f\u0441\u043a\u0435 - \u0420\u0435\u043f\u0443\u0431\u043b\u0438\u043a\u0430 \u0421\u0440\u043f\u0441\u043a\u0430 \u0438 \u0434\u0438\u0458\u0430\u0441\u043f\u043e\u0440\u0430","description":"Stranica za dijasporu RS, ovdje mo\u017eete prona\u0107i sve informacije, pomo\u0107 i savjete na jednom mjestu.","robots":{"index":"index","follow":"follow","max-snippet":"max-snippet:-1","max-image-preview":"max-image-preview:large","max-video-preview":"max-video-preview:-1"},"canonical":"https:\/\/dijasporars.com\/de\/dani-cirila-i-metodija-u-beogradu-prijem-u-predstavnistvu-republike-srpske\/","og_locale":"de_DE","og_type":"article","og_title":"\u0414\u0430\u043d\u0438 \u040b\u0438\u0440\u0438\u043b\u0430 \u0438 \u041c\u0435\u0442\u043e\u0434\u0438\u0458\u0430 \u0443 \u0411\u0435\u043e\u0433\u0440\u0430\u0434\u0443, \u043f\u0440\u0438\u0458\u0435\u043c \u0443 \u041f\u0440\u0435\u0434\u0441\u0442\u0430\u0432\u043d\u0438\u0448\u0442\u0432\u0443 \u0420\u0435\u043f\u0443\u0431\u043b\u0438\u043a\u0435 \u0421\u0440\u043f\u0441\u043a\u0435 - \u0420\u0435\u043f\u0443\u0431\u043b\u0438\u043a\u0430 \u0421\u0440\u043f\u0441\u043a\u0430 \u0438 \u0434\u0438\u0458\u0430\u0441\u043f\u043e\u0440\u0430","og_description":"Stranica za dijasporu RS, ovdje mo\u017eete prona\u0107i sve informacije, pomo\u0107 i savjete na jednom mjestu.","og_url":"https:\/\/dijasporars.com\/de\/dani-cirila-i-metodija-u-beogradu-prijem-u-predstavnistvu-republike-srpske\/","og_site_name":"\u0420\u0435\u043f\u0443\u0431\u043b\u0438\u043a\u0430 \u0421\u0440\u043f\u0441\u043a\u0430 \u0438 \u0434\u0438\u0458\u0430\u0441\u043f\u043e\u0440\u0430","article_published_time":"2023-05-24T09:10:31+00:00","article_modified_time":"2023-05-24T09:11:07+00:00","og_image":[{"width":500,"height":375,"url":"https:\/\/dijasporars.com\/wp-content\/uploads\/2023\/05\/\u0424\u043e\u0442\u043e-\u041f\u0440\u0435\u0434\u0441\u0442\u0430\u0432\u043d\u0438\u0448\u0442\u0432\u043e-\u0420\u0435\u043f\u0443\u0431\u043b\u0438\u043a\u0435-\u0421\u0440\u043f\u0441\u043a\u0435-\u0443-\u0421\u0440\u0431\u0438\u0458\u0438.jpg","type":"image\/jpeg"}],"author":"dijasporars","twitter_card":"summary_large_image","twitter_misc":{"Verfasst von":"dijasporars"},"schema":{"@context":"https:\/\/schema.org","@graph":[{"@type":"WebPage","@id":"https:\/\/dijasporars.com\/dani-cirila-i-metodija-u-beogradu-prijem-u-predstavnistvu-republike-srpske\/","url":"https:\/\/dijasporars.com\/dani-cirila-i-metodija-u-beogradu-prijem-u-predstavnistvu-republike-srpske\/","name":"\u0414\u0430\u043d\u0438 \u040b\u0438\u0440\u0438\u043b\u0430 \u0438 \u041c\u0435\u0442\u043e\u0434\u0438\u0458\u0430 \u0443 \u0411\u0435\u043e\u0433\u0440\u0430\u0434\u0443, \u043f\u0440\u0438\u0458\u0435\u043c \u0443 \u041f\u0440\u0435\u0434\u0441\u0442\u0430\u0432\u043d\u0438\u0448\u0442\u0432\u0443 \u0420\u0435\u043f\u0443\u0431\u043b\u0438\u043a\u0435 \u0421\u0440\u043f\u0441\u043a\u0435 - \u0420\u0435\u043f\u0443\u0431\u043b\u0438\u043a\u0430 \u0421\u0440\u043f\u0441\u043a\u0430 \u0438 \u0434\u0438\u0458\u0430\u0441\u043f\u043e\u0440\u0430","isPartOf":{"@id":"https:\/\/dijasporars.com\/#website"},"primaryImageOfPage":{"@id":"https:\/\/dijasporars.com\/dani-cirila-i-metodija-u-beogradu-prijem-u-predstavnistvu-republike-srpske\/#primaryimage"},"image":{"@id":"https:\/\/dijasporars.com\/dani-cirila-i-metodija-u-beogradu-prijem-u-predstavnistvu-republike-srpske\/#primaryimage"},"thumbnailUrl":"https:\/\/dijasporars.com\/wp-content\/uploads\/2023\/05\/\u0424\u043e\u0442\u043e-\u041f\u0440\u0435\u0434\u0441\u0442\u0430\u0432\u043d\u0438\u0448\u0442\u0432\u043e-\u0420\u0435\u043f\u0443\u0431\u043b\u0438\u043a\u0435-\u0421\u0440\u043f\u0441\u043a\u0435-\u0443-\u0421\u0440\u0431\u0438\u0458\u0438.jpg","datePublished":"2023-05-24T09:10:31+00:00","dateModified":"2023-05-24T09:11:07+00:00","author":{"@id":"https:\/\/dijasporars.com\/#\/schema\/person\/f5052d53409aef50f7503bd1372c77ca"},"description":"Stranica za dijasporu RS, ovdje mo\u017eete prona\u0107i sve informacije, pomo\u0107 i savjete na jednom mjestu.","breadcrumb":{"@id":"https:\/\/dijasporars.com\/dani-cirila-i-metodija-u-beogradu-prijem-u-predstavnistvu-republike-srpske\/#breadcrumb"},"inLanguage":"de","potentialAction":[{"@type":"ReadAction","target":["https:\/\/dijasporars.com\/dani-cirila-i-metodija-u-beogradu-prijem-u-predstavnistvu-republike-srpske\/"]}]},{"@type":"ImageObject","inLanguage":"de","@id":"https:\/\/dijasporars.com\/dani-cirila-i-metodija-u-beogradu-prijem-u-predstavnistvu-republike-srpske\/#primaryimage","url":"https:\/\/dijasporars.com\/wp-content\/uploads\/2023\/05\/\u0424\u043e\u0442\u043e-\u041f\u0440\u0435\u0434\u0441\u0442\u0430\u0432\u043d\u0438\u0448\u0442\u0432\u043e-\u0420\u0435\u043f\u0443\u0431\u043b\u0438\u043a\u0435-\u0421\u0440\u043f\u0441\u043a\u0435-\u0443-\u0421\u0440\u0431\u0438\u0458\u0438.jpg","contentUrl":"https:\/\/dijasporars.com\/wp-content\/uploads\/2023\/05\/\u0424\u043e\u0442\u043e-\u041f\u0440\u0435\u0434\u0441\u0442\u0430\u0432\u043d\u0438\u0448\u0442\u0432\u043e-\u0420\u0435\u043f\u0443\u0431\u043b\u0438\u043a\u0435-\u0421\u0440\u043f\u0441\u043a\u0435-\u0443-\u0421\u0440\u0431\u0438\u0458\u0438.jpg","width":500,"height":375},{"@type":"BreadcrumbList","@id":"https:\/\/dijasporars.com\/dani-cirila-i-metodija-u-beogradu-prijem-u-predstavnistvu-republike-srpske\/#breadcrumb","itemListElement":[{"@type":"ListItem","position":1,"name":"\u041f\u043e\u0447\u0435\u0442\u043d\u0430","item":"https:\/\/dijasporars.com\/"},{"@type":"ListItem","position":2,"name":"\u0414\u0430\u043d\u0438 \u040b\u0438\u0440\u0438\u043b\u0430 \u0438 \u041c\u0435\u0442\u043e\u0434\u0438\u0458\u0430 \u0443 \u0411\u0435\u043e\u0433\u0440\u0430\u0434\u0443, \u043f\u0440\u0438\u0458\u0435\u043c \u0443 \u041f\u0440\u0435\u0434\u0441\u0442\u0430\u0432\u043d\u0438\u0448\u0442\u0432\u0443 \u0420\u0435\u043f\u0443\u0431\u043b\u0438\u043a\u0435 \u0421\u0440\u043f\u0441\u043a\u0435"}]},{"@type":"WebSite","@id":"https:\/\/dijasporars.com\/#website","url":"https:\/\/dijasporars.com\/","name":"\u0420\u0435\u043f\u0443\u0431\u043b\u0438\u043a\u0430 \u0421\u0440\u043f\u0441\u043a\u0430 \u0438 \u0434\u0438\u0458\u0430\u0441\u043f\u043e\u0440\u0430","description":"","potentialAction":[{"@type":"SearchAction","target":{"@type":"EntryPoint","urlTemplate":"https:\/\/dijasporars.com\/?s={search_term_string}"},"query-input":{"@type":"PropertyValueSpecification","valueRequired":true,"valueName":"search_term_string"}}],"inLanguage":"de"},{"@type":"Person","@id":"https:\/\/dijasporars.com\/#\/schema\/person\/f5052d53409aef50f7503bd1372c77ca","name":"dijasporars","image":{"@type":"ImageObject","inLanguage":"de","@id":"https:\/\/dijasporars.com\/#\/schema\/person\/image\/","url":"https:\/\/secure.gravatar.com\/avatar\/759212a69df0744fb2be03efd361239831e31095061dacc7496bdf8524e0daf7?s=96&d=mm&r=g","contentUrl":"https:\/\/secure.gravatar.com\/avatar\/759212a69df0744fb2be03efd361239831e31095061dacc7496bdf8524e0daf7?s=96&d=mm&r=g","caption":"dijasporars"},"url":"https:\/\/dijasporars.com\/de\/author\/dijasporars\/"}]}},"_links":{"self":[{"href":"https:\/\/dijasporars.com\/de\/wp-json\/wp\/v2\/posts\/5557","targetHints":{"allow":["GET"]}}],"collection":[{"href":"https:\/\/dijasporars.com\/de\/wp-json\/wp\/v2\/posts"}],"about":[{"href":"https:\/\/dijasporars.com\/de\/wp-json\/wp\/v2\/types\/post"}],"author":[{"embeddable":true,"href":"https:\/\/dijasporars.com\/de\/wp-json\/wp\/v2\/users\/1"}],"replies":[{"embeddable":true,"href":"https:\/\/dijasporars.com\/de\/wp-json\/wp\/v2\/comments?post=5557"}],"version-history":[{"count":1,"href":"https:\/\/dijasporars.com\/de\/wp-json\/wp\/v2\/posts\/5557\/revisions"}],"predecessor-version":[{"id":5559,"href":"https:\/\/dijasporars.com\/de\/wp-json\/wp\/v2\/posts\/5557\/revisions\/5559"}],"wp:featuredmedia":[{"embeddable":true,"href":"https:\/\/dijasporars.com\/de\/wp-json\/wp\/v2\/media\/5558"}],"wp:attachment":[{"href":"https:\/\/dijasporars.com\/de\/wp-json\/wp\/v2\/media?parent=5557"}],"wp:term":[{"taxonomy":"category","embeddable":true,"href":"https:\/\/dijasporars.com\/de\/wp-json\/wp\/v2\/categories?post=5557"},{"taxonomy":"post_tag","embeddable":true,"href":"https:\/\/dijasporars.com\/de\/wp-json\/wp\/v2\/tags?post=5557"}],"curies":[{"name":"wp","href":"https:\/\/api.w.org\/{rel}","templated":true}]}}